
{"id":2033,"date":"2026-04-28T08:46:54","date_gmt":"2026-04-28T06:46:54","guid":{"rendered":"https:\/\/www.habitat-design.net\/blog\/deco-salon-gris-blanc\/"},"modified":"2026-04-28T08:46:54","modified_gmt":"2026-04-28T06:46:54","slug":"deco-salon-gris-blanc","status":"publish","type":"post","link":"https:\/\/www.habitat-design.net\/blog\/deco-salon-gris-blanc\/","title":{"rendered":"D\u00e9co salon gris et blanc tendance : comment cr\u00e9er un espace \u00e9l\u00e9gant et moderne"},"content":{"rendered":"<ul class=\"wp-block-list\"><li><strong>Ambiance<\/strong> : le duo <strong>gris et blanc<\/strong> cr\u00e9e un <strong>espace \u00e9l\u00e9gant<\/strong> et lumineux, id\u00e9al pour la <strong>d\u00e9coration contemporaine<\/strong>.<\/li><li><strong>Fonction<\/strong> : jouer sur les textures et le mobilier pour transformer un salon neutre en <strong>espace moderne<\/strong>.<\/li><li><strong>Budget<\/strong> : des solutions <strong>mobilier design<\/strong> abordables existent pour un rendu tendance sans tout changer.<\/li><li><strong>Astuce<\/strong> : privil\u00e9gier les <strong>couleurs neutres<\/strong> et un <strong>style minimaliste<\/strong> pour un am\u00e9nagement int\u00e9rieur p\u00e9renne.<\/li><\/ul>\n\n<p>Vous envisagez une <strong>d\u00e9coration contemporaine<\/strong> pour votre salon et h\u00e9sitez entre audace et sobri\u00e9t\u00e9 ? Le mariage du <strong>gris et blanc<\/strong> est l\u2019une des r\u00e9ponses les plus s\u00fbres pour obtenir \u00e0 la fois une atmosph\u00e8re moderne et un <strong>espace \u00e9l\u00e9gant<\/strong>. Cet article vous guide pas \u00e0 pas : pourquoi choisir ces teintes, comment r\u00e9partir les nuances, quelles textures privil\u00e9gier et comment int\u00e9grer du <strong>mobilier design<\/strong> sans sacrifier le confort. Vous d\u00e9couvrirez des solutions adapt\u00e9es aux petits espaces, aux familles et aux adeptes du <strong>style minimaliste<\/strong>, avec des rep\u00e8res concrets pour l\u2019\u00e9clairage, les rev\u00eatements et les accessoires.<\/p>\n\n<p>Pour rendre le propos concret, suivez Claire, d\u00e9coratrice amateur qui transforme son salon en un salon lumineux, fonctionnel et tr\u00e8s tendance. Claire opte pour des murs blanc cass\u00e9, un canap\u00e9 gris perle et des touches de noir et de bois clair. Chaque \u00e9tape de son projet illustre une r\u00e8gle simple d\u2019<strong>am\u00e9nagement int\u00e9rieur<\/strong> : \u00e9quilibre des contrastes, hi\u00e9rarchie des volumes et coh\u00e9rence des mat\u00e9riaux. \u00c0 la fin, vous aurez une m\u00e9thode claire pour cr\u00e9er un <strong>espace moderne<\/strong> qui vous ressemble, sans id\u00e9es re\u00e7ues ni d\u00e9penses excessives.<\/p>\n\n<h2 class=\"wp-block-heading\">Comprendre la d\u00e9co salon gris et blanc tendance : d\u00e9finition et enjeux<\/h2>\n\n<p>Le combo <strong>gris et blanc<\/strong> combine luminosit\u00e9 et profondeur. Le blanc agrandit visuellement, le gris apporte caract\u00e8re et chaleur. Ensemble, ils servent de toile neutre pour int\u00e9grer des \u00e9l\u00e9ments forts comme un fauteuil color\u00e9 ou une \u0153uvre murale.<\/p>\n\n<p>Le v\u00e9ritable enjeu est l\u2019\u00e9quilibre : trop de blanc donne une impression froide, trop de gris rend la pi\u00e8ce lourde. La cl\u00e9 r\u00e9side dans la variation des nuances et l\u2019usage de textures (lin, velours, m\u00e9tal). Cela facilite un rendu \u00e0 la fois chic et accueillant.<\/p>\n\n<p>Insight : la r\u00e9ussite tient souvent \u00e0 un d\u00e9tail bien choisi, comme un luminaire ou un tapis textur\u00e9, qui scelle l\u2019harmonie.<\/p>\n\n<h2 class=\"wp-block-heading\">Public cible et situations pertinentes pour un espace \u00e9l\u00e9gant et moderne<\/h2>\n\n<p>Ce style s\u2019adresse \u00e0 plusieurs profils : couples urbains, familles recherchant la simplicit\u00e9, propri\u00e9taires souhaitant un salon polyvalent pour travailler et recevoir. Il fonctionne aussi tr\u00e8s bien dans des appartements haussmanniens comme dans des lofts contemporains.<\/p>\n\n<p>Fil conducteur : Claire vit en ville et re\u00e7oit souvent. Elle avait besoin d\u2019un salon esth\u00e9tique mais pratique. En choisissant des teintes <strong>gris et blanc<\/strong>, elle a obtenu un <strong>espace moderne<\/strong> facile \u00e0 entretenir et modulable selon les besoins.<\/p>\n\n<p>R\u00e8gle pratique : identifiez d\u2019abord votre usage principal (lecture, r\u00e9ception, TV, t\u00e9l\u00e9travail) avant d\u2019acheter le mobilier.<\/p>\n\n<h2 class=\"wp-block-heading\">Avantages, limites et points d\u2019attention du gris et blanc en am\u00e9nagement int\u00e9rieur<\/h2>\n\n<p>Le choix de ces <strong>couleurs neutres<\/strong> offre de nombreux atouts : polyvalence, long\u00e9vit\u00e9 esth\u00e9tique et facilit\u00e9 \u00e0 mixer avec d\u2019autres teintes. Cependant, quelques limites existent si l\u2019on n\u00e9glige l\u2019\u00e9clairage ou les textures.<\/p>\n\n<ul class=\"wp-block-list\"><li><strong>Avantages<\/strong> : sobri\u00e9t\u00e9, adaptabilit\u00e9, mise en valeur du mobilier design.<\/li><li><strong>Limites<\/strong> : risque de monotonie si textures et contrastes sont absents.<\/li><li><strong>Points d\u2019attention<\/strong> : qualit\u00e9 d\u2019\u00e9clairage, choix du gris (chaud vs froid), entretien des surfaces claires.<\/li><\/ul>\n\n<p>Claire a \u00e9vit\u00e9 la monotonie en ajoutant des coussins velours et une table basse en bois clair : cela a amplifi\u00e9 le confort visuel sans alt\u00e9rer le c\u00f4t\u00e9 <strong>\u00e9l\u00e9gant<\/strong>.<\/p>\n\n<h2 class=\"wp-block-heading\">Modalit\u00e9s pratiques : comment composer un salon gris et blanc \u2014 \u00e9tapes et mobilier design<\/h2>\n\n<p>Proc\u00e9dez en \u00e9tapes pour s\u00e9curiser votre projet : 1) d\u00e9finir la palette; 2) choisir les pi\u00e8ces ma\u00eetresses; 3) travailler les textures; 4) finaliser par les accessoires. Cette m\u00e9thode r\u00e9duit les erreurs et facilite les achats.<\/p>\n\n<p>Le mobilier doit respecter deux principes : confort et lignes \u00e9pur\u00e9es. Un canap\u00e9 beige-gris, une biblioth\u00e8que blanche et des luminaires graphiques suffisent souvent \u00e0 cr\u00e9er un <strong>espace moderne<\/strong> coh\u00e9rent.<\/p>\n\n<figure class=\"wp-block-table\"><table>\n<thead>\n<tr>\n<th>\u00c9l\u00e9ment<\/th>\n<th>R\u00f4le<\/th>\n<th>Conseil pratique<\/th>\n<\/tr>\n<\/thead>\n<tbody>\n<tr>\n<td>Canap\u00e9<\/td>\n<td>Point focal \/ confort<\/td>\n<td>Privil\u00e9giez un gris chaud pour plus d\u2019accueil<\/td>\n<\/tr>\n<tr>\n<td>Rev\u00eatement mural<\/td>\n<td>Luminosit\u00e9 et fond<\/td>\n<td>Blanc cass\u00e9 sur 2 murs, accent sur un mur gris textur\u00e9<\/td>\n<\/tr>\n<tr>\n<td>\u00c9clairage<\/td>\n<td>Ambiance et volumes<\/td>\n<td>Multiples sources : lampadaire, suspension, appliques<\/td>\n<\/tr>\n<tr>\n<td>Accessoires<\/td>\n<td>Personnalisation<\/td>\n<td>Coussins, tapis, \u0153uvres : osez la texture plut\u00f4t que la couleur satur\u00e9e<\/td>\n<\/tr>\n<\/tbody>\n<\/table><\/figure>\n\n<p>Astuce finale : investissez dans des pi\u00e8ces modulables pour suivre l\u2019\u00e9volution de vos besoins.<\/p>\n\n<h3 class=\"wp-block-heading\">Exemples concrets et cas pratiques : petit salon, grand s\u00e9jour et salon familial<\/h3>\n\n<p>Cas 1 \u2014 Petit salon : Claire a opt\u00e9 pour un canap\u00e9 compact et des \u00e9tag\u00e8res murales blanches. Le gris clair au sol apporte profondeur sans alourdir.<\/p>\n\n<p>Cas 2 \u2014 Grand s\u00e9jour : une zone salon distincte avec tapis textur\u00e9 et rideaux gris anthracite pour cadrer l\u2019espace cr\u00e9e un coin cosy et un coin repas s\u00e9par\u00e9.<\/p>\n\n<p>Cas 3 \u2014 Salon familial : textiles lavables et un meuble TV bas blanc permettent d\u2019allier <strong>mobilier design<\/strong> et praticit\u00e9 quotidienne.<\/p>\n\n<p>Ces exemples montrent qu\u2019un m\u00eame duo chromatique s\u2019adapte aux contraintes spatiales avec quelques r\u00e8gles simples.<\/p>\n\n<h2 class=\"wp-block-heading\">Conseils pratiques et erreurs \u00e0 \u00e9viter pour une d\u00e9coration contemporaine r\u00e9ussie<\/h2>\n\n<p>Voici une checklist op\u00e9rationnelle pour r\u00e9ussir votre <strong>d\u00e9coration contemporaine<\/strong> sans faux pas.<\/p>\n\n<ul class=\"wp-block-list\"><li>Ne peignez pas tout en blanc pur : variez les nuances pour cr\u00e9er des plans visuels.<\/li><li>\u00c9quilibrez mat\u00e9riaux chauds (bois, rotin) et froids (m\u00e9tal, b\u00e9ton) pour \u00e9viter une ambiance clinique.<\/li><li>Optez pour des rideaux ou stores pour adoucir le contraste entre <strong>gris et blanc<\/strong>.<\/li><li>Choisissez un tapis aux fibres textur\u00e9es pour ancrer l\u2019espace et limiter l\u2019\u00e9cho.<\/li><li>Testez toujours les couleurs en situation r\u00e9elle, \u00e0 diff\u00e9rentes heures de la journ\u00e9e.<\/li><\/ul>\n\n<p>Erreur fr\u00e9quente : accumuler des accessoires gris sans variation \u2014 cela tue la dynamique. Pr\u00e9f\u00e9rez une palette limit\u00e9e mais riche en mati\u00e8res.<\/p>\n\n<h2 class=\"wp-block-heading\">Ressources et inspirations pour aller plus loin<\/h2>\n\n<p>Pour des id\u00e9es murales contemporaines et des astuces de mise en sc\u00e8ne, consultez des s\u00e9lections sp\u00e9cialis\u00e9es qui pr\u00e9sentent des alternatives cr\u00e9atives \u00e0 la traditionnelle d\u00e9co grise.<\/p>\n\n<p>Par exemple, pour choisir une d\u00e9coration murale adapt\u00e9e \u00e0 2025, ce guide propose des options actuelles et p\u00e9rennes : <a href=\"https:\/\/www.habitat-design.net\/blog\/choisir-deco-murale-salon-2025\/\" rel=\"nofollow\">conseils pour la d\u00e9co murale<\/a>.<\/p>\n\n<p>Si vous cherchez des solutions \u00e9conomiques pour un salon moderne, ce dossier compile des options esth\u00e9tiques et bon march\u00e9 : <a href=\"https:\/\/www.habitat-design.net\/blog\/deco-salon-moderne-pas-cher\/\" rel=\"nofollow\">id\u00e9es pour un salon moderne pas cher<\/a>.<\/p>\n\n<p>Ces ressources compl\u00e8tent la m\u00e9thode pr\u00e9sent\u00e9e et donnent des pistes concr\u00e8tes pour sourcing et achats.<\/p>\n\n<script type=\"application\/ld+json\">\n{\"@context\":\"https:\/\/schema.org\",\"@type\":\"FAQPage\",\"mainEntity\":[{\"@type\":\"Question\",\"name\":\"Quelle nuance de gris choisir pour un petit salon ?\",\"acceptedAnswer\":{\"@type\":\"Answer\",\"text\":\"Pour un petit salon, privilu00e9giez un gris clair u00e0 base chaude (gris perle) pour conserver de la profondeur sans assombrir lu2019espace. Testez toujours un u00e9chantillon en lumiu00e8re naturelle avant de peindre.\"}},{\"@type\":\"Question\",\"name\":\"Comment u00e9viter un rendu trop froid avec du blanc et du gris ?\",\"acceptedAnswer\":{\"@type\":\"Answer\",\"text\":\"Ajoutez des textures chaleureuses (bois, rotin, laine) et des u00e9lu00e9ments aux tons chauds comme un tapis beige ou des coussins terracotta pour u00e9quilibrer la sensation froide.\"}},{\"@type\":\"Question\",\"name\":\"Le style minimaliste convient-il u00e0 une famille ?\",\"acceptedAnswer\":{\"@type\":\"Answer\",\"text\":\"Oui, u00e0 condition du2019intu00e9grer des rangements fermu00e9s et des textiles faciles u00e0 entretenir. Le minimalisme pratique mise sur des meubles multifonctions et un entretien simplifiu00e9.\"}},{\"@type\":\"Question\",\"name\":\"Quels luminaires privilu00e9gier pour un espace moderne gris et blanc ?\",\"acceptedAnswer\":{\"@type\":\"Answer\",\"text\":\"Optez pour des luminaires u00e0 plusieurs sources : suspension centrale, lampadaires du2019appoint et appliques murales. Les finitions en mu00e9tal noir ou laiton contrastent bien avec le duo gris\/blanc.\"}}]}\n<\/script>\n<h3>Quelle nuance de gris choisir pour un petit salon ?<\/h3>\n<p>Pour un petit salon, privil\u00e9giez un gris clair \u00e0 base chaude (gris perle) pour conserver de la profondeur sans assombrir l\u2019espace. Testez toujours un \u00e9chantillon en lumi\u00e8re naturelle avant de peindre.<\/p>\n<h3>Comment \u00e9viter un rendu trop froid avec du blanc et du gris ?<\/h3>\n<p>Ajoutez des textures chaleureuses (bois, rotin, laine) et des \u00e9l\u00e9ments aux tons chauds comme un tapis beige ou des coussins terracotta pour \u00e9quilibrer la sensation froide.<\/p>\n<h3>Le style minimaliste convient-il \u00e0 une famille ?<\/h3>\n<p>Oui, \u00e0 condition d\u2019int\u00e9grer des rangements ferm\u00e9s et des textiles faciles \u00e0 entretenir. Le minimalisme pratique mise sur des meubles multifonctions et un entretien simplifi\u00e9.<\/p>\n<h3>Quels luminaires privil\u00e9gier pour un espace moderne gris et blanc ?<\/h3>\n<p>Optez pour des luminaires \u00e0 plusieurs sources : suspension centrale, lampadaires d\u2019appoint et appliques murales. Les finitions en m\u00e9tal noir ou laiton contrastent bien avec le duo gris\/blanc.<\/p>\n\n","protected":false},"excerpt":{"rendered":"<p>Vous envisagez une d\u00e9coration contemporaine pour votre salon et h\u00e9sitez entre audace et sobri\u00e9t\u00e9 ? Le mariage du gris et blanc est l\u2019une des r\u00e9ponses les plus s\u00fbres pour obtenir \u00e0 la fois une atmosph\u00e8re moderne et un espace \u00e9l\u00e9gant. Cet article vous guide pas \u00e0 pas : pourquoi choisir ces teintes, comment r\u00e9partir les &#8230; <a title=\"D\u00e9co salon gris et blanc tendance : comment cr\u00e9er un espace \u00e9l\u00e9gant et moderne\" class=\"read-more\" href=\"https:\/\/www.habitat-design.net\/blog\/deco-salon-gris-blanc\/\" aria-label=\"En savoir plus sur D\u00e9co salon gris et blanc tendance : comment cr\u00e9er un espace \u00e9l\u00e9gant et moderne\">Lire plus<\/a><\/p>\n","protected":false},"author":1,"featured_media":2032,"comment_status":"","ping_status":"","sticky":false,"template":"","format":"standard","meta":{"footnotes":""},"categories":[1],"tags":[],"class_list":["post-2033","post","type-post","status-publish","format-standard","has-post-thumbnail","hentry","category-maison"],"yoast_head":"<!-- This site is optimized with the Yoast SEO plugin v26.8 - https:\/\/yoast.com\/product\/yoast-seo-wordpress\/ -->\n<title>Salon gris et blanc : \u00e9l\u00e9gance et modernit\u00e9 tendance<\/title>\n<meta name=\"description\" content=\"D\u00e9couvrez comment r\u00e9ussir une d\u00e9co salon gris et blanc tendance pour un espace \u00e9l\u00e9gant et moderne alliant style et confort avec nos conseils pratiques.\" \/>\n<meta name=\"robots\" content=\"index, follow, max-snippet:-1, max-image-preview:large, max-video-preview:-1\" \/>\n<link rel=\"canonical\" href=\"https:\/\/www.habitat-design.net\/blog\/deco-salon-gris-blanc\/\" \/>\n<meta property=\"og:locale\" content=\"fr_FR\" \/>\n<meta property=\"og:type\" content=\"article\" \/>\n<meta property=\"og:title\" content=\"Salon gris et blanc : \u00e9l\u00e9gance et modernit\u00e9 tendance\" \/>\n<meta property=\"og:description\" content=\"D\u00e9couvrez comment r\u00e9ussir une d\u00e9co salon gris et blanc tendance pour un espace \u00e9l\u00e9gant et moderne alliant style et confort avec nos conseils pratiques.\" \/>\n<meta property=\"og:url\" content=\"https:\/\/www.habitat-design.net\/blog\/deco-salon-gris-blanc\/\" \/>\n<meta property=\"article:published_time\" content=\"2026-04-28T06:46:54+00:00\" \/>\n<meta property=\"og:image\" content=\"https:\/\/www.habitat-design.net\/blog\/wp-content\/uploads\/2026\/04\/Deco-salon-gris-et-blanc-tendance-comment-creer-un-espace-elegant-et-moderne.jpg\" \/>\n\t<meta property=\"og:image:width\" content=\"1344\" \/>\n\t<meta property=\"og:image:height\" content=\"768\" \/>\n\t<meta property=\"og:image:type\" content=\"image\/jpeg\" \/>\n<meta name=\"author\" content=\"Julien Laurent\" \/>\n<meta name=\"twitter:card\" content=\"summary_large_image\" \/>\n<meta name=\"twitter:label1\" content=\"\u00c9crit par\" \/>\n\t<meta name=\"twitter:data1\" content=\"Julien Laurent\" \/>\n\t<meta name=\"twitter:label2\" content=\"Dur\u00e9e de lecture estim\u00e9e\" \/>\n\t<meta name=\"twitter:data2\" content=\"6 minutes\" \/>\n<script type=\"application\/ld+json\" class=\"yoast-schema-graph\">{\"@context\":\"https:\/\/schema.org\",\"@graph\":[{\"@type\":\"Article\",\"@id\":\"https:\/\/www.habitat-design.net\/blog\/deco-salon-gris-blanc\/#article\",\"isPartOf\":{\"@id\":\"https:\/\/www.habitat-design.net\/blog\/deco-salon-gris-blanc\/\"},\"author\":{\"name\":\"Julien Laurent\",\"@id\":\"https:\/\/www.habitat-design.net\/blog\/#\/schema\/person\/f81363ecfab7ff0bfb976328793ce2e5\"},\"headline\":\"D\u00e9co salon gris et blanc tendance : comment cr\u00e9er un espace \u00e9l\u00e9gant et moderne\",\"datePublished\":\"2026-04-28T06:46:54+00:00\",\"mainEntityOfPage\":{\"@id\":\"https:\/\/www.habitat-design.net\/blog\/deco-salon-gris-blanc\/\"},\"wordCount\":1300,\"image\":{\"@id\":\"https:\/\/www.habitat-design.net\/blog\/deco-salon-gris-blanc\/#primaryimage\"},\"thumbnailUrl\":\"https:\/\/www.habitat-design.net\/blog\/wp-content\/uploads\/2026\/04\/Deco-salon-gris-et-blanc-tendance-comment-creer-un-espace-elegant-et-moderne.jpg\",\"articleSection\":[\"Maison &amp; d\u00e9coration\"],\"inLanguage\":\"fr-FR\"},{\"@type\":\"WebPage\",\"@id\":\"https:\/\/www.habitat-design.net\/blog\/deco-salon-gris-blanc\/\",\"url\":\"https:\/\/www.habitat-design.net\/blog\/deco-salon-gris-blanc\/\",\"name\":\"Salon gris et blanc : \u00e9l\u00e9gance et modernit\u00e9 tendance\",\"isPartOf\":{\"@id\":\"https:\/\/www.habitat-design.net\/blog\/#website\"},\"primaryImageOfPage\":{\"@id\":\"https:\/\/www.habitat-design.net\/blog\/deco-salon-gris-blanc\/#primaryimage\"},\"image\":{\"@id\":\"https:\/\/www.habitat-design.net\/blog\/deco-salon-gris-blanc\/#primaryimage\"},\"thumbnailUrl\":\"https:\/\/www.habitat-design.net\/blog\/wp-content\/uploads\/2026\/04\/Deco-salon-gris-et-blanc-tendance-comment-creer-un-espace-elegant-et-moderne.jpg\",\"datePublished\":\"2026-04-28T06:46:54+00:00\",\"author\":{\"@id\":\"https:\/\/www.habitat-design.net\/blog\/#\/schema\/person\/f81363ecfab7ff0bfb976328793ce2e5\"},\"description\":\"D\u00e9couvrez comment r\u00e9ussir une d\u00e9co salon gris et blanc tendance pour un espace \u00e9l\u00e9gant et moderne alliant style et confort avec nos conseils pratiques.\",\"breadcrumb\":{\"@id\":\"https:\/\/www.habitat-design.net\/blog\/deco-salon-gris-blanc\/#breadcrumb\"},\"inLanguage\":\"fr-FR\",\"potentialAction\":[{\"@type\":\"ReadAction\",\"target\":[\"https:\/\/www.habitat-design.net\/blog\/deco-salon-gris-blanc\/\"]}]},{\"@type\":\"ImageObject\",\"inLanguage\":\"fr-FR\",\"@id\":\"https:\/\/www.habitat-design.net\/blog\/deco-salon-gris-blanc\/#primaryimage\",\"url\":\"https:\/\/www.habitat-design.net\/blog\/wp-content\/uploads\/2026\/04\/Deco-salon-gris-et-blanc-tendance-comment-creer-un-espace-elegant-et-moderne.jpg\",\"contentUrl\":\"https:\/\/www.habitat-design.net\/blog\/wp-content\/uploads\/2026\/04\/Deco-salon-gris-et-blanc-tendance-comment-creer-un-espace-elegant-et-moderne.jpg\",\"width\":1344,\"height\":768,\"caption\":\"d\u00e9couvrez comment am\u00e9nager un salon gris et blanc tendance pour un espace \u00e9l\u00e9gant et moderne, alliant style, confort et d\u00e9coration harmonieuse.\"},{\"@type\":\"BreadcrumbList\",\"@id\":\"https:\/\/www.habitat-design.net\/blog\/deco-salon-gris-blanc\/#breadcrumb\",\"itemListElement\":[{\"@type\":\"ListItem\",\"position\":1,\"name\":\"Accueil\",\"item\":\"https:\/\/www.habitat-design.net\/blog\/\"},{\"@type\":\"ListItem\",\"position\":2,\"name\":\"D\u00e9co salon gris et blanc tendance : comment cr\u00e9er un espace \u00e9l\u00e9gant et moderne\"}]},{\"@type\":\"WebSite\",\"@id\":\"https:\/\/www.habitat-design.net\/blog\/#website\",\"url\":\"https:\/\/www.habitat-design.net\/blog\/\",\"name\":\"\",\"description\":\"\",\"potentialAction\":[{\"@type\":\"SearchAction\",\"target\":{\"@type\":\"EntryPoint\",\"urlTemplate\":\"https:\/\/www.habitat-design.net\/blog\/?s={search_term_string}\"},\"query-input\":{\"@type\":\"PropertyValueSpecification\",\"valueRequired\":true,\"valueName\":\"search_term_string\"}}],\"inLanguage\":\"fr-FR\"},{\"@type\":\"Person\",\"@id\":\"https:\/\/www.habitat-design.net\/blog\/#\/schema\/person\/f81363ecfab7ff0bfb976328793ce2e5\",\"name\":\"Julien Laurent\",\"image\":{\"@type\":\"ImageObject\",\"inLanguage\":\"fr-FR\",\"@id\":\"https:\/\/www.habitat-design.net\/blog\/#\/schema\/person\/image\/\",\"url\":\"https:\/\/secure.gravatar.com\/avatar\/36c5f08b15b2f828b41156cb6e69b449?s=96&d=mm&r=g\",\"contentUrl\":\"https:\/\/secure.gravatar.com\/avatar\/36c5f08b15b2f828b41156cb6e69b449?s=96&d=mm&r=g\",\"caption\":\"Julien Laurent\"},\"description\":\"Julien Laurent est un blogueur passionn\u00e9 par le domaine de la d\u00e9coration int\u00e9rieure et du design. Avec un dipl\u00f4me en design d'int\u00e9rieur et plusieurs ann\u00e9es d'exp\u00e9rience en tant que d\u00e9corateur, il partage des conseils pratiques pour embellir et optimiser les espaces de vie. Ses articles inspirants et informatifs visent \u00e0 aider ses lecteurs \u00e0 cr\u00e9er des int\u00e9rieurs harmonieux et esth\u00e9tiques, refl\u00e9tant leur personnalit\u00e9 et leur style.\",\"sameAs\":[\"http:\/\/www.habitat-design.net\/blog\"],\"url\":\"https:\/\/www.habitat-design.net\/blog\/author\/contacthabitat-design-net\/\"}]}<\/script>\n<!-- \/ Yoast SEO plugin. -->","yoast_head_json":{"title":"Salon gris et blanc : \u00e9l\u00e9gance et modernit\u00e9 tendance","description":"D\u00e9couvrez comment r\u00e9ussir une d\u00e9co salon gris et blanc tendance pour un espace \u00e9l\u00e9gant et moderne alliant style et confort avec nos conseils pratiques.","robots":{"index":"index","follow":"follow","max-snippet":"max-snippet:-1","max-image-preview":"max-image-preview:large","max-video-preview":"max-video-preview:-1"},"canonical":"https:\/\/www.habitat-design.net\/blog\/deco-salon-gris-blanc\/","og_locale":"fr_FR","og_type":"article","og_title":"Salon gris et blanc : \u00e9l\u00e9gance et modernit\u00e9 tendance","og_description":"D\u00e9couvrez comment r\u00e9ussir une d\u00e9co salon gris et blanc tendance pour un espace \u00e9l\u00e9gant et moderne alliant style et confort avec nos conseils pratiques.","og_url":"https:\/\/www.habitat-design.net\/blog\/deco-salon-gris-blanc\/","article_published_time":"2026-04-28T06:46:54+00:00","og_image":[{"width":1344,"height":768,"url":"https:\/\/www.habitat-design.net\/blog\/wp-content\/uploads\/2026\/04\/Deco-salon-gris-et-blanc-tendance-comment-creer-un-espace-elegant-et-moderne.jpg","type":"image\/jpeg"}],"author":"Julien Laurent","twitter_card":"summary_large_image","twitter_misc":{"\u00c9crit par":"Julien Laurent","Dur\u00e9e de lecture estim\u00e9e":"6 minutes"},"schema":{"@context":"https:\/\/schema.org","@graph":[{"@type":"Article","@id":"https:\/\/www.habitat-design.net\/blog\/deco-salon-gris-blanc\/#article","isPartOf":{"@id":"https:\/\/www.habitat-design.net\/blog\/deco-salon-gris-blanc\/"},"author":{"name":"Julien Laurent","@id":"https:\/\/www.habitat-design.net\/blog\/#\/schema\/person\/f81363ecfab7ff0bfb976328793ce2e5"},"headline":"D\u00e9co salon gris et blanc tendance : comment cr\u00e9er un espace \u00e9l\u00e9gant et moderne","datePublished":"2026-04-28T06:46:54+00:00","mainEntityOfPage":{"@id":"https:\/\/www.habitat-design.net\/blog\/deco-salon-gris-blanc\/"},"wordCount":1300,"image":{"@id":"https:\/\/www.habitat-design.net\/blog\/deco-salon-gris-blanc\/#primaryimage"},"thumbnailUrl":"https:\/\/www.habitat-design.net\/blog\/wp-content\/uploads\/2026\/04\/Deco-salon-gris-et-blanc-tendance-comment-creer-un-espace-elegant-et-moderne.jpg","articleSection":["Maison &amp; d\u00e9coration"],"inLanguage":"fr-FR"},{"@type":"WebPage","@id":"https:\/\/www.habitat-design.net\/blog\/deco-salon-gris-blanc\/","url":"https:\/\/www.habitat-design.net\/blog\/deco-salon-gris-blanc\/","name":"Salon gris et blanc : \u00e9l\u00e9gance et modernit\u00e9 tendance","isPartOf":{"@id":"https:\/\/www.habitat-design.net\/blog\/#website"},"primaryImageOfPage":{"@id":"https:\/\/www.habitat-design.net\/blog\/deco-salon-gris-blanc\/#primaryimage"},"image":{"@id":"https:\/\/www.habitat-design.net\/blog\/deco-salon-gris-blanc\/#primaryimage"},"thumbnailUrl":"https:\/\/www.habitat-design.net\/blog\/wp-content\/uploads\/2026\/04\/Deco-salon-gris-et-blanc-tendance-comment-creer-un-espace-elegant-et-moderne.jpg","datePublished":"2026-04-28T06:46:54+00:00","author":{"@id":"https:\/\/www.habitat-design.net\/blog\/#\/schema\/person\/f81363ecfab7ff0bfb976328793ce2e5"},"description":"D\u00e9couvrez comment r\u00e9ussir une d\u00e9co salon gris et blanc tendance pour un espace \u00e9l\u00e9gant et moderne alliant style et confort avec nos conseils pratiques.","breadcrumb":{"@id":"https:\/\/www.habitat-design.net\/blog\/deco-salon-gris-blanc\/#breadcrumb"},"inLanguage":"fr-FR","potentialAction":[{"@type":"ReadAction","target":["https:\/\/www.habitat-design.net\/blog\/deco-salon-gris-blanc\/"]}]},{"@type":"ImageObject","inLanguage":"fr-FR","@id":"https:\/\/www.habitat-design.net\/blog\/deco-salon-gris-blanc\/#primaryimage","url":"https:\/\/www.habitat-design.net\/blog\/wp-content\/uploads\/2026\/04\/Deco-salon-gris-et-blanc-tendance-comment-creer-un-espace-elegant-et-moderne.jpg","contentUrl":"https:\/\/www.habitat-design.net\/blog\/wp-content\/uploads\/2026\/04\/Deco-salon-gris-et-blanc-tendance-comment-creer-un-espace-elegant-et-moderne.jpg","width":1344,"height":768,"caption":"d\u00e9couvrez comment am\u00e9nager un salon gris et blanc tendance pour un espace \u00e9l\u00e9gant et moderne, alliant style, confort et d\u00e9coration harmonieuse."},{"@type":"BreadcrumbList","@id":"https:\/\/www.habitat-design.net\/blog\/deco-salon-gris-blanc\/#breadcrumb","itemListElement":[{"@type":"ListItem","position":1,"name":"Accueil","item":"https:\/\/www.habitat-design.net\/blog\/"},{"@type":"ListItem","position":2,"name":"D\u00e9co salon gris et blanc tendance : comment cr\u00e9er un espace \u00e9l\u00e9gant et moderne"}]},{"@type":"WebSite","@id":"https:\/\/www.habitat-design.net\/blog\/#website","url":"https:\/\/www.habitat-design.net\/blog\/","name":"","description":"","potentialAction":[{"@type":"SearchAction","target":{"@type":"EntryPoint","urlTemplate":"https:\/\/www.habitat-design.net\/blog\/?s={search_term_string}"},"query-input":{"@type":"PropertyValueSpecification","valueRequired":true,"valueName":"search_term_string"}}],"inLanguage":"fr-FR"},{"@type":"Person","@id":"https:\/\/www.habitat-design.net\/blog\/#\/schema\/person\/f81363ecfab7ff0bfb976328793ce2e5","name":"Julien Laurent","image":{"@type":"ImageObject","inLanguage":"fr-FR","@id":"https:\/\/www.habitat-design.net\/blog\/#\/schema\/person\/image\/","url":"https:\/\/secure.gravatar.com\/avatar\/36c5f08b15b2f828b41156cb6e69b449?s=96&d=mm&r=g","contentUrl":"https:\/\/secure.gravatar.com\/avatar\/36c5f08b15b2f828b41156cb6e69b449?s=96&d=mm&r=g","caption":"Julien Laurent"},"description":"Julien Laurent est un blogueur passionn\u00e9 par le domaine de la d\u00e9coration int\u00e9rieure et du design. Avec un dipl\u00f4me en design d'int\u00e9rieur et plusieurs ann\u00e9es d'exp\u00e9rience en tant que d\u00e9corateur, il partage des conseils pratiques pour embellir et optimiser les espaces de vie. Ses articles inspirants et informatifs visent \u00e0 aider ses lecteurs \u00e0 cr\u00e9er des int\u00e9rieurs harmonieux et esth\u00e9tiques, refl\u00e9tant leur personnalit\u00e9 et leur style.","sameAs":["http:\/\/www.habitat-design.net\/blog"],"url":"https:\/\/www.habitat-design.net\/blog\/author\/contacthabitat-design-net\/"}]}},"views":3,"_links":{"self":[{"href":"https:\/\/www.habitat-design.net\/blog\/wp-json\/wp\/v2\/posts\/2033","targetHints":{"allow":["GET"]}}],"collection":[{"href":"https:\/\/www.habitat-design.net\/blog\/wp-json\/wp\/v2\/posts"}],"about":[{"href":"https:\/\/www.habitat-design.net\/blog\/wp-json\/wp\/v2\/types\/post"}],"author":[{"embeddable":true,"href":"https:\/\/www.habitat-design.net\/blog\/wp-json\/wp\/v2\/users\/1"}],"replies":[{"embeddable":true,"href":"https:\/\/www.habitat-design.net\/blog\/wp-json\/wp\/v2\/comments?post=2033"}],"version-history":[{"count":0,"href":"https:\/\/www.habitat-design.net\/blog\/wp-json\/wp\/v2\/posts\/2033\/revisions"}],"wp:featuredmedia":[{"embeddable":true,"href":"https:\/\/www.habitat-design.net\/blog\/wp-json\/wp\/v2\/media\/2032"}],"wp:attachment":[{"href":"https:\/\/www.habitat-design.net\/blog\/wp-json\/wp\/v2\/media?parent=2033"}],"wp:term":[{"taxonomy":"category","embeddable":true,"href":"https:\/\/www.habitat-design.net\/blog\/wp-json\/wp\/v2\/categories?post=2033"},{"taxonomy":"post_tag","embeddable":true,"href":"https:\/\/www.habitat-design.net\/blog\/wp-json\/wp\/v2\/tags?post=2033"}],"curies":[{"name":"wp","href":"https:\/\/api.w.org\/{rel}","templated":true}]}}