
{"id":2031,"date":"2026-04-21T08:43:04","date_gmt":"2026-04-21T06:43:04","guid":{"rendered":"https:\/\/www.habitat-design.net\/blog\/decorer-petit-salon\/"},"modified":"2026-04-21T08:43:04","modified_gmt":"2026-04-21T06:43:04","slug":"decorer-petit-salon","status":"publish","type":"post","link":"https:\/\/www.habitat-design.net\/blog\/decorer-petit-salon\/","title":{"rendered":"Comment d\u00e9corer un petit salon pour optimiser l&rsquo;espace et le style"},"content":{"rendered":"<p>Votre salon est petit, mais il m\u00e9rite d\u2019\u00eatre pens\u00e9 comme un atout. Dans cet article pratique et technique, vous trouverez des solutions concr\u00e8tes pour transformer un espace r\u00e9duit en un lieu fonctionnel, lumineux et plein de style. Nous suivons Clara, une jeune propri\u00e9taire qui doit am\u00e9nager un salon de 12 m\u00b2 : chaque id\u00e9e est test\u00e9e sur son plan, avec choix de mobilier, agencement et astuces d\u00e9co qui tiennent compte de la circulation, du rangement et de l\u2019\u00e9clairage. Vous apprendrez comment cr\u00e9er un <strong>d\u00e9coration petit salon<\/strong> coh\u00e9rente, maximiser la <strong>optimisation espace<\/strong> sans gros travaux, et choisir des pi\u00e8ces adapt\u00e9es comme le <strong>mobilier multifonction<\/strong> et les <strong>meubles compacts<\/strong>. Les propositions couvrent la palette des <strong>couleurs claires<\/strong>, le r\u00f4le du <strong>rangement intelligent<\/strong> et l\u2019importance d\u2019un <strong>\u00e9clairage adapt\u00e9<\/strong> pour gagner de la profondeur. \u00c0 la fin, vous disposerez d\u2019un plan d\u2019action concret : prioriser l\u2019assise, lib\u00e9rer le sol, jouer sur la hauteur et int\u00e9grer des accessoires qui donnent du caract\u00e8re sans encombrer. Ces solutions fonctionnent pour les appartements contemporains, les studios ou les pi\u00e8ces ouvertes sur la cuisine.<\/p>\n\n<ul class=\"wp-block-list\"><li><strong>Optimisation imm\u00e9diate :<\/strong> lib\u00e9rer le sol et choisir des meubles sur pieds.<\/li><li><strong>Agencement efficace :<\/strong> cr\u00e9er un point focal et faciliter la circulation.<\/li><li><strong>Rangements malins :<\/strong> privil\u00e9gier meubles int\u00e9gr\u00e9s et banquettes \u00e0 coffre.<\/li><li><strong>Ambiance lumineuse :<\/strong> maximiser lumi\u00e8re naturelle et ajouter couches d\u2019\u00e9clairage.<\/li><li><strong>Style ma\u00eetris\u00e9 :<\/strong> palette neutre avec touches color\u00e9es et accessoires d\u00e9co cibl\u00e9s.<\/li><\/ul>\n\n<h2 class=\"wp-block-heading\">Comprendre la <strong>d\u00e9coration petit salon<\/strong> : principes et enjeux<\/h2>\n\n<p>Un petit salon n\u2019est pas une contrainte, c\u2019est un terrain d\u2019exp\u00e9rimentation. L\u2019objectif est clair : transformer la perception de l\u2019espace par l\u2019\u00e9clairage, les mat\u00e9riaux et l\u2019agencement.<\/p>\n\n<p>Clara commence par mesurer sa pi\u00e8ce et rep\u00e9rer les zones de passage. Elle d\u00e9finit un point focal (une grande fen\u00eatre) puis pose des r\u00e8gles simples : priorit\u00e9 aux <strong>couleurs claires<\/strong>, mobilier aux lignes l\u00e9g\u00e8res et circulation libre de 60\u201380 cm devant les assises. Insight : la perception gagne 20 \u00e0 30 % simplement en optimisant la lumi\u00e8re et en r\u00e9duisant l\u2019encombrement visuel.<\/p>\n\n<h2 class=\"wp-block-heading\">Publics et situations propices \u00e0 ces solutions d\u2019<strong>am\u00e9nagement salon<\/strong><\/h2>\n\n<p>Ces techniques s\u2019adressent aux personnes qui vivent en appartement, aux couples avec un espace limit\u00e9, et aux familles souhaitant maximiser chaque m\u00e8tre carr\u00e9. Elles conviennent aussi aux espaces ouverts o\u00f9 le salon doit se diff\u00e9rencier sans cloisonner.<\/p>\n\n<p>Exemple concret : pour Clara, qui re\u00e7oit souvent deux amis, un canap\u00e9 compact mais modulable et des si\u00e8ges d\u2019appoint empilables ont suffi pour garder confort et flexibilit\u00e9. Si vous poss\u00e9dez une grande fen\u00eatre, jouez-la comme point de ralliement visuel ; sinon, cr\u00e9ez un coin focal avec une \u0153uvre ou une biblioth\u00e8que int\u00e9gr\u00e9e. Insight : adaptez la solution au mode de vie, pas l\u2019inverse.<\/p>\n\n<h2 class=\"wp-block-heading\">Avantages, limites et points d\u2019attention pour l\u2019<strong>optimisation espace<\/strong><\/h2>\n\n<p>Les gains sont imm\u00e9diats : meilleure circulation, sensation d\u2019espace, mobilier plus fonctionnel. Mais il faut \u00e9viter quelques pi\u00e8ges classiques.<\/p>\n\n<ul class=\"wp-block-list\"><li><strong>Avantage :<\/strong> un <strong>mobilier multifonction<\/strong> r\u00e9duit le besoin d\u2019assises suppl\u00e9mentaires.<\/li><li><strong>Limite :<\/strong> sur-utiliser les couleurs sombres peut comprimer la pi\u00e8ce.<\/li><li><strong>Point d\u2019attention :<\/strong> conserver des passages logiques ; \u00e9vitez de traverser l\u2019espace de conversation.<\/li><\/ul>\n\n<p>Clara a d\u2019abord voulu tout ranger dans des \u00e9tag\u00e8res ouvertes : r\u00e9sultat, sensation de fouillis. Elle a vite compris la n\u00e9cessit\u00e9 d\u2019un mix de <strong>rangement intelligent<\/strong> ferm\u00e9 et d\u2019\u00e9tag\u00e8res cibl\u00e9es pour exposer quelques objets. Insight : privil\u00e9giez la qualit\u00e9 d\u2019usage plut\u00f4t que la quantit\u00e9 d\u2019objets expos\u00e9s.<\/p>\n\n<h2 class=\"wp-block-heading\">\u00c9tapes pratiques pour un <strong>am\u00e9nagement salon<\/strong> optimis\u00e9<\/h2>\n\n<h3 class=\"wp-block-heading\">1 \u2014 Diagnostiquer l\u2019espace et d\u00e9finir un point focal<\/h3>\n\n<p>Mesurez, notez les ouvertures et les zones de passage. Choisissez un point focal (TV, chemin\u00e9e ou grand tableau) et organisez les assises autour. Clara a choisi la fen\u00eatre et a orient\u00e9 le canap\u00e9 pour profiter de la lumi\u00e8re naturelle.<\/p>\n\n<h3 class=\"wp-block-heading\">2 \u2014 Choisir du <strong>mobilier multifonction<\/strong> et des <strong>meubles compacts<\/strong><\/h3>\n\n<p>Privil\u00e9giez les canap\u00e9s-lits, poufs-coffres et tables basses avec rangement. Pour Clara, un pouf coffre sert de repose-pieds, de rangement et d\u2019assise d\u2019appoint.<\/p>\n\n<p>Astuce : pr\u00e9f\u00e9rez meubles sur pieds pour all\u00e9ger le sol visuellement et faciliter le nettoyage. Insight : un meuble multifonction bien choisi remplace souvent deux meubles classiques.<\/p>\n\n<h3 class=\"wp-block-heading\">3 \u2014 Jouer sur les <strong>couleurs claires<\/strong> et les textures<\/h3>\n\n<p>Les teintes claires r\u00e9fl\u00e9chissent la lumi\u00e8re et agrandissent visuellement l\u2019espace. Associez-les \u00e0 des mati\u00e8res naturelles (bois clair, jute) pour garder chaleur et caract\u00e8re.<\/p>\n\n<p>Clara a opt\u00e9 pour un mur vert sauge discret et du mobilier beige : contraste doux, ambiance apaisante. Insight : une touche color\u00e9e suffit, \u00e9vitez la saturation.<\/p>\n\n<p>La vid\u00e9o ci-dessus illustre l\u2019usage de meubles compacts et d\u2019un point focal pour maximiser la fonctionnalit\u00e9.<\/p>\n\n<h3 class=\"wp-block-heading\">4 \u2014 Maximiser la lumi\u00e8re et installer un <strong>\u00e9clairage adapt\u00e9<\/strong><\/h3>\n\n<p>Combinez lumi\u00e8re naturelle, lampadaires d\u2019appoint et appliques murales. Les appliques d\u00e9gagent le sol et ajoutent de la profondeur sans encombrement.<\/p>\n\n<p>Clara a plac\u00e9 un lampadaire arc derri\u00e8re le canap\u00e9 et des appliques au-dessus des \u00e9tag\u00e8res pour cr\u00e9er des zones. Insight : multipliez les sources pour moduler l\u2019ambiance selon l\u2019usage.<\/p>\n\n<p>Cette seconde vid\u00e9o montre comment superposer les \u00e9clairages pour cr\u00e9er une atmosph\u00e8re cosy et fonctionnelle.<\/p>\n\n<h2 class=\"wp-block-heading\">Id\u00e9es concr\u00e8tes et <strong>accessoires d\u00e9co<\/strong> \u00e0 copier<\/h2>\n\n<p>Voici une s\u00e9lection d\u2019id\u00e9es test\u00e9es sur le cas de Clara, avec des variantes selon votre budget et style. Chacune apporte un b\u00e9n\u00e9fice pr\u00e9cis : gain d\u2019espace, confort ou esth\u00e9tique.<\/p>\n\n<ul class=\"wp-block-list\"><li>Cr\u00e9er un point focal : grande plante, tableau ou meuble t\u00e9l\u00e9 int\u00e9gr\u00e9.<\/li><li>\u00c9loigner les meubles des murs pour former un coin convivial.<\/li><li>Table basse en verre pour r\u00e9duire l\u2019impact visuel.<\/li><li>Banc sous la fen\u00eatre pour doublure d\u2019assise + rangement.<\/li><li>\u00c9tag\u00e8res murales fines et rangements ferm\u00e9s pour d\u00e9sencombrer.<\/li><li>R\u00e9p\u00e9ter des tons neutres et ajouter une couleur vive en petites touches.<\/li><\/ul>\n\n<p>Insight : une poign\u00e9e d\u2019objets bien choisis cr\u00e9e plus d\u2019impact que de multiples petits accessoires.<\/p>\n\n<h2 class=\"wp-block-heading\">Exemples de styles adapt\u00e9s au petit salon (<strong>style moderne<\/strong> et variantes)<\/h2>\n\n<p>Le style moderne s\u2019appuie sur des lignes \u00e9pur\u00e9es, des mat\u00e9riaux nobles et une palette r\u00e9duite. Il facilite la gestion visuelle du petit salon.<\/p>\n\n<p>Clara a test\u00e9 le mix scandinave-Japandi : lignes simples, bois clair et textile neutre. Le r\u00e9sultat est apaisant et facile \u00e0 reproduire. Insight : choisissez un fil conducteur et restez coh\u00e9rent.<\/p>\n\n<h2 class=\"wp-block-heading\">Rangements intelligents : solutions et comparatif<\/h2>\n\n<p>Les rangements font la diff\u00e9rence. Voici un tableau synth\u00e9tique pour choisir selon votre besoin : stockage quotidien, exposition ou optimisation sol.<\/p>\n\n<figure class=\"wp-block-table\"><table>\n<thead>\n<tr>\n<th>Solution<\/th>\n<th>Avantage<\/th>\n<th>Id\u00e9al pour<\/th>\n<\/tr>\n<\/thead>\n<tbody>\n<tr>\n<td>Banquette coffre<\/td>\n<td>Double fonction assise + rangement<\/td>\n<td>Studios et familles<\/td>\n<\/tr>\n<tr>\n<td>Meuble TV suspendu<\/td>\n<td>Lib\u00e8re le sol, look \u00e9pur\u00e9<\/td>\n<td>Salon ouvert et petit appartement<\/td>\n<\/tr>\n<tr>\n<td>\u00c9tag\u00e8res murales + caissons ferm\u00e9s<\/td>\n<td>M\u00e9lange exposition et stockage discret<\/td>\n<td>Bibliophiles et objets d\u00e9co<\/td>\n<\/tr>\n<tr>\n<td>Pouf-coffre<\/td>\n<td>Polyvalent, mobile<\/td>\n<td>Espaces flexibles et invit\u00e9s<\/td>\n<\/tr>\n<\/tbody>\n<\/table><\/figure>\n\n<h2 class=\"wp-block-heading\">Erreurs fr\u00e9quentes \u00e0 \u00e9viter et bonnes pratiques<\/h2>\n\n<p>\u00c9vitez d\u2019aligner tout le mobilier contre les murs, d\u2019accumuler des objets d\u00e9coratifs et d\u2019acheter des pi\u00e8ces disproportionn\u00e9es. Ces trois erreurs r\u00e9duisent imm\u00e9diatement la lisibilit\u00e9 de l\u2019espace.<\/p>\n\n<p>Bonne pratique : testez d\u2019abord la circulation \u00e0 vide, puis placez les meubles en respectant des chemins clairs. Clara a test\u00e9 plusieurs configurations \u00e0 l\u2019\u00e9chelle 1\/20 sur papier avant d\u2019acheter. Insight : l\u2019essai sur papier ou avec une application de plan vous fera \u00e9conomiser du temps et de l\u2019argent.<\/p>\n\n<h2 class=\"wp-block-heading\">Ressources et inspirations compl\u00e9mentaires<\/h2>\n\n<p>Pour compl\u00e9ter votre r\u00e9flexion, consultez des guides d\u2019am\u00e9nagement et des galeries d\u2019images qui offrent des mises en situation pratiques.<\/p>\n\n<p>Inspirez-vous des id\u00e9es pr\u00eates \u00e0 copier sur <a href=\"https:\/\/www.aprifox.fr\/16-idees-damenagement-pretes-a-copier-pour-les-petits-salons\/\">16 id\u00e9es d\u2019am\u00e9nagement pr\u00eates \u00e0 copier<\/a> et explorez d\u2019autres propositions visuelles sur <a href=\"https:\/\/inspivie.com\/idees-deco-petit-salon\/\">inspirations pour petit salon<\/a>. Pour des astuces techniques d\u2019agrandissement visuel, voyez aussi des m\u00e9thodes recommand\u00e9es ici : <a href=\"https:\/\/designix.fr\/blogs\/infos\/petits-espaces-10-astuces-pour-agrandir-visuellement-une-piece\">petits espaces : 10 astuces<\/a>.<\/p>\n\n<p>Conseil pratique suppl\u00e9mentaire : pour des suggestions d\u2019am\u00e9nagement \u00e9conomique, lisez ces astuces cibl\u00e9es sur <a href=\"http:\/\/www.habitat-design.net\/blog\/astuces-salon-petit-espace\/\">am\u00e9nagement petit espace<\/a> et d\u00e9couvrez des solutions pour dissimuler les c\u00e2bles TV sur <a href=\"http:\/\/www.habitat-design.net\/blog\/salon-tv-cacher-cables\/\">cacher les c\u00e2bles<\/a>. Insight : conjuguez inspiration et pragmatisme pour un r\u00e9sultat durable.<\/p>\n\n<h2 class=\"wp-block-heading\">Checklist actionnable pour am\u00e9nager votre petit salon<\/h2>\n\n<ul class=\"wp-block-list\"><li>Mesurez et notez zones de passage. <strong>Optimisation espace<\/strong> commence par la mesure.<\/li><li>D\u00e9finissez un point focal et organisez les assises autour.<\/li><li>Remplacez un meuble par une version <strong>multifonction<\/strong>.<\/li><li>Choisissez <strong>couleurs claires<\/strong> et surfaces r\u00e9fl\u00e9chissantes.<\/li><li>Ajoutez rangements ferm\u00e9s et quelques <strong>accessoires d\u00e9co<\/strong> choisis.<\/li><li>Testez l\u2019\u00e9clairage en couches : ambiant, fonctionnel et d\u00e9coratif.<\/li><\/ul>\n\n<p>Insight : appliquez une \u00e9tape \u00e0 la fois et v\u00e9rifiez l\u2019usage r\u00e9el avant d\u2019acheter d\u2019autres pi\u00e8ces.<\/p>\n\n<script type=\"application\/ld+json\">\n{\"@context\":\"https:\/\/schema.org\",\"@type\":\"FAQPage\",\"mainEntity\":[{\"@type\":\"Question\",\"name\":\"Comment choisir la bonne taille de canapu00e9 pour un petit salon ?\",\"acceptedAnswer\":{\"@type\":\"Answer\",\"text\":\"Mesurez lu2019espace disponible en tenant compte des passages. Privilu00e9giez un canapu00e9 compact avec pieds apparents pour allu00e9ger le visuel, ou deux fauteuils pour plus de modularitu00e9. Testez la disposition avec du ruban adhu00e9sif au sol avant du2019acheter.\"}},{\"@type\":\"Question\",\"name\":\"Quels meubles multifonctions sont ru00e9ellement utiles ?\",\"acceptedAnswer\":{\"@type\":\"Answer\",\"text\":\"Les banquettes-coffres, poufs-coffres, tables basses avec rangement et canapu00e9s-lits offrent la meilleure valeur. Ils ru00e9duisent le besoin en rangements supplu00e9mentaires et restent polyvalents au quotidien.\"}},{\"@type\":\"Question\",\"name\":\"Comment maximiser la lumiu00e8re naturelle dans un petit salon ?\",\"acceptedAnswer\":{\"@type\":\"Answer\",\"text\":\"Du00e9gagez les fenu00eatres, utilisez des voilages lu00e9gers et des <strong>couleurs claires<\/strong> sur les murs. Placez des miroirs face aux sources de lumiu00e8re et limitez les meubles haut devant les fenu00eatres.\"}},{\"@type\":\"Question\",\"name\":\"Quels accessoires privilu00e9gier pour un style moderne sans encombrer ?\",\"acceptedAnswer\":{\"@type\":\"Answer\",\"text\":\"Optez pour quelques piu00e8ces fortes : un grand tableau, un tapis bien proportionnu00e9 et des coussins ciblu00e9s. Privilu00e9giez les accessoires fonctionnels (plateaux, paniers) qui allient esthu00e9tique et rangement.\"}}]}\n<\/script>\n<h3>Comment choisir la bonne taille de canap\u00e9 pour un petit salon ?<\/h3>\n<p>Mesurez l\u2019espace disponible en tenant compte des passages. Privil\u00e9giez un canap\u00e9 compact avec pieds apparents pour all\u00e9ger le visuel, ou deux fauteuils pour plus de modularit\u00e9. Testez la disposition avec du ruban adh\u00e9sif au sol avant d\u2019acheter.<\/p>\n<h3>Quels meubles multifonctions sont r\u00e9ellement utiles ?<\/h3>\n<p>Les banquettes-coffres, poufs-coffres, tables basses avec rangement et canap\u00e9s-lits offrent la meilleure valeur. Ils r\u00e9duisent le besoin en rangements suppl\u00e9mentaires et restent polyvalents au quotidien.<\/p>\n<h3>Comment maximiser la lumi\u00e8re naturelle dans un petit salon ?<\/h3>\n<p>D\u00e9gagez les fen\u00eatres, utilisez des voilages l\u00e9gers et des <strong>couleurs claires<\/strong> sur les murs. Placez des miroirs face aux sources de lumi\u00e8re et limitez les meubles haut devant les fen\u00eatres.<\/p>\n<h3>Quels accessoires privil\u00e9gier pour un style moderne sans encombrer ?<\/h3>\n<p>Optez pour quelques pi\u00e8ces fortes : un grand tableau, un tapis bien proportionn\u00e9 et des coussins cibl\u00e9s. Privil\u00e9giez les accessoires fonctionnels (plateaux, paniers) qui allient esth\u00e9tique et rangement.<\/p>\n\n","protected":false},"excerpt":{"rendered":"<p>Votre salon est petit, mais il m\u00e9rite d\u2019\u00eatre pens\u00e9 comme un atout. Dans cet article pratique et technique, vous trouverez des solutions concr\u00e8tes pour transformer un espace r\u00e9duit en un lieu fonctionnel, lumineux et plein de style. Nous suivons Clara, une jeune propri\u00e9taire qui doit am\u00e9nager un salon de 12 m\u00b2 : chaque id\u00e9e est &#8230; <a title=\"Comment d\u00e9corer un petit salon pour optimiser l&rsquo;espace et le style\" class=\"read-more\" href=\"https:\/\/www.habitat-design.net\/blog\/decorer-petit-salon\/\" aria-label=\"En savoir plus sur Comment d\u00e9corer un petit salon pour optimiser l&rsquo;espace et le style\">Lire plus<\/a><\/p>\n","protected":false},"author":1,"featured_media":2030,"comment_status":"","ping_status":"","sticky":false,"template":"","format":"standard","meta":{"footnotes":""},"categories":[1],"tags":[],"class_list":["post-2031","post","type-post","status-publish","format-standard","has-post-thumbnail","hentry","category-maison"],"yoast_head":"<!-- This site is optimized with the Yoast SEO plugin v26.8 - https:\/\/yoast.com\/product\/yoast-seo-wordpress\/ -->\n<title>Optimiser style et espace dans un petit salon<\/title>\n<meta name=\"description\" content=\"D\u00e9couvrez nos astuces pour d\u00e9corer un petit salon, optimiser l&#039;espace et allier style et fonctionnalit\u00e9 pour un int\u00e9rieur harmonieux et chaleureux.\" \/>\n<meta name=\"robots\" content=\"index, follow, max-snippet:-1, max-image-preview:large, max-video-preview:-1\" \/>\n<link rel=\"canonical\" href=\"https:\/\/www.habitat-design.net\/blog\/decorer-petit-salon\/\" \/>\n<meta property=\"og:locale\" content=\"fr_FR\" \/>\n<meta property=\"og:type\" content=\"article\" \/>\n<meta property=\"og:title\" content=\"Optimiser style et espace dans un petit salon\" \/>\n<meta property=\"og:description\" content=\"D\u00e9couvrez nos astuces pour d\u00e9corer un petit salon, optimiser l&#039;espace et allier style et fonctionnalit\u00e9 pour un int\u00e9rieur harmonieux et chaleureux.\" \/>\n<meta property=\"og:url\" content=\"https:\/\/www.habitat-design.net\/blog\/decorer-petit-salon\/\" \/>\n<meta property=\"article:published_time\" content=\"2026-04-21T06:43:04+00:00\" \/>\n<meta property=\"og:image\" content=\"https:\/\/www.habitat-design.net\/blog\/wp-content\/uploads\/2026\/04\/Comment-decorer-un-petit-salon-pour-optimiser-lespace-et-le-style.jpg\" \/>\n\t<meta property=\"og:image:width\" content=\"1344\" \/>\n\t<meta property=\"og:image:height\" content=\"768\" \/>\n\t<meta property=\"og:image:type\" content=\"image\/jpeg\" \/>\n<meta name=\"author\" content=\"Julien Laurent\" \/>\n<meta name=\"twitter:card\" content=\"summary_large_image\" \/>\n<meta name=\"twitter:label1\" content=\"\u00c9crit par\" \/>\n\t<meta name=\"twitter:data1\" content=\"Julien Laurent\" \/>\n\t<meta name=\"twitter:label2\" content=\"Dur\u00e9e de lecture estim\u00e9e\" \/>\n\t<meta name=\"twitter:data2\" content=\"8 minutes\" \/>\n<script type=\"application\/ld+json\" class=\"yoast-schema-graph\">{\"@context\":\"https:\/\/schema.org\",\"@graph\":[{\"@type\":\"Article\",\"@id\":\"https:\/\/www.habitat-design.net\/blog\/decorer-petit-salon\/#article\",\"isPartOf\":{\"@id\":\"https:\/\/www.habitat-design.net\/blog\/decorer-petit-salon\/\"},\"author\":{\"name\":\"Julien Laurent\",\"@id\":\"https:\/\/www.habitat-design.net\/blog\/#\/schema\/person\/f81363ecfab7ff0bfb976328793ce2e5\"},\"headline\":\"Comment d\u00e9corer un petit salon pour optimiser l&rsquo;espace et le style\",\"datePublished\":\"2026-04-21T06:43:04+00:00\",\"mainEntityOfPage\":{\"@id\":\"https:\/\/www.habitat-design.net\/blog\/decorer-petit-salon\/\"},\"wordCount\":1659,\"image\":{\"@id\":\"https:\/\/www.habitat-design.net\/blog\/decorer-petit-salon\/#primaryimage\"},\"thumbnailUrl\":\"https:\/\/www.habitat-design.net\/blog\/wp-content\/uploads\/2026\/04\/Comment-decorer-un-petit-salon-pour-optimiser-lespace-et-le-style.jpg\",\"articleSection\":[\"Maison &amp; d\u00e9coration\"],\"inLanguage\":\"fr-FR\"},{\"@type\":\"WebPage\",\"@id\":\"https:\/\/www.habitat-design.net\/blog\/decorer-petit-salon\/\",\"url\":\"https:\/\/www.habitat-design.net\/blog\/decorer-petit-salon\/\",\"name\":\"Optimiser style et espace dans un petit salon\",\"isPartOf\":{\"@id\":\"https:\/\/www.habitat-design.net\/blog\/#website\"},\"primaryImageOfPage\":{\"@id\":\"https:\/\/www.habitat-design.net\/blog\/decorer-petit-salon\/#primaryimage\"},\"image\":{\"@id\":\"https:\/\/www.habitat-design.net\/blog\/decorer-petit-salon\/#primaryimage\"},\"thumbnailUrl\":\"https:\/\/www.habitat-design.net\/blog\/wp-content\/uploads\/2026\/04\/Comment-decorer-un-petit-salon-pour-optimiser-lespace-et-le-style.jpg\",\"datePublished\":\"2026-04-21T06:43:04+00:00\",\"author\":{\"@id\":\"https:\/\/www.habitat-design.net\/blog\/#\/schema\/person\/f81363ecfab7ff0bfb976328793ce2e5\"},\"description\":\"D\u00e9couvrez nos astuces pour d\u00e9corer un petit salon, optimiser l'espace et allier style et fonctionnalit\u00e9 pour un int\u00e9rieur harmonieux et chaleureux.\",\"breadcrumb\":{\"@id\":\"https:\/\/www.habitat-design.net\/blog\/decorer-petit-salon\/#breadcrumb\"},\"inLanguage\":\"fr-FR\",\"potentialAction\":[{\"@type\":\"ReadAction\",\"target\":[\"https:\/\/www.habitat-design.net\/blog\/decorer-petit-salon\/\"]}]},{\"@type\":\"ImageObject\",\"inLanguage\":\"fr-FR\",\"@id\":\"https:\/\/www.habitat-design.net\/blog\/decorer-petit-salon\/#primaryimage\",\"url\":\"https:\/\/www.habitat-design.net\/blog\/wp-content\/uploads\/2026\/04\/Comment-decorer-un-petit-salon-pour-optimiser-lespace-et-le-style.jpg\",\"contentUrl\":\"https:\/\/www.habitat-design.net\/blog\/wp-content\/uploads\/2026\/04\/Comment-decorer-un-petit-salon-pour-optimiser-lespace-et-le-style.jpg\",\"width\":1344,\"height\":768,\"caption\":\"d\u00e9couvrez des astuces pratiques pour d\u00e9corer un petit salon en alliant optimisation de l'espace et style \u00e9l\u00e9gant. transformez votre int\u00e9rieur avec des id\u00e9es simples et efficaces.\"},{\"@type\":\"BreadcrumbList\",\"@id\":\"https:\/\/www.habitat-design.net\/blog\/decorer-petit-salon\/#breadcrumb\",\"itemListElement\":[{\"@type\":\"ListItem\",\"position\":1,\"name\":\"Accueil\",\"item\":\"https:\/\/www.habitat-design.net\/blog\/\"},{\"@type\":\"ListItem\",\"position\":2,\"name\":\"Comment d\u00e9corer un petit salon pour optimiser l&rsquo;espace et le style\"}]},{\"@type\":\"WebSite\",\"@id\":\"https:\/\/www.habitat-design.net\/blog\/#website\",\"url\":\"https:\/\/www.habitat-design.net\/blog\/\",\"name\":\"\",\"description\":\"\",\"potentialAction\":[{\"@type\":\"SearchAction\",\"target\":{\"@type\":\"EntryPoint\",\"urlTemplate\":\"https:\/\/www.habitat-design.net\/blog\/?s={search_term_string}\"},\"query-input\":{\"@type\":\"PropertyValueSpecification\",\"valueRequired\":true,\"valueName\":\"search_term_string\"}}],\"inLanguage\":\"fr-FR\"},{\"@type\":\"Person\",\"@id\":\"https:\/\/www.habitat-design.net\/blog\/#\/schema\/person\/f81363ecfab7ff0bfb976328793ce2e5\",\"name\":\"Julien Laurent\",\"image\":{\"@type\":\"ImageObject\",\"inLanguage\":\"fr-FR\",\"@id\":\"https:\/\/www.habitat-design.net\/blog\/#\/schema\/person\/image\/\",\"url\":\"https:\/\/secure.gravatar.com\/avatar\/36c5f08b15b2f828b41156cb6e69b449?s=96&d=mm&r=g\",\"contentUrl\":\"https:\/\/secure.gravatar.com\/avatar\/36c5f08b15b2f828b41156cb6e69b449?s=96&d=mm&r=g\",\"caption\":\"Julien Laurent\"},\"description\":\"Julien Laurent est un blogueur passionn\u00e9 par le domaine de la d\u00e9coration int\u00e9rieure et du design. Avec un dipl\u00f4me en design d'int\u00e9rieur et plusieurs ann\u00e9es d'exp\u00e9rience en tant que d\u00e9corateur, il partage des conseils pratiques pour embellir et optimiser les espaces de vie. Ses articles inspirants et informatifs visent \u00e0 aider ses lecteurs \u00e0 cr\u00e9er des int\u00e9rieurs harmonieux et esth\u00e9tiques, refl\u00e9tant leur personnalit\u00e9 et leur style.\",\"sameAs\":[\"http:\/\/www.habitat-design.net\/blog\"],\"url\":\"https:\/\/www.habitat-design.net\/blog\/author\/contacthabitat-design-net\/\"}]}<\/script>\n<!-- \/ Yoast SEO plugin. -->","yoast_head_json":{"title":"Optimiser style et espace dans un petit salon","description":"D\u00e9couvrez nos astuces pour d\u00e9corer un petit salon, optimiser l'espace et allier style et fonctionnalit\u00e9 pour un int\u00e9rieur harmonieux et chaleureux.","robots":{"index":"index","follow":"follow","max-snippet":"max-snippet:-1","max-image-preview":"max-image-preview:large","max-video-preview":"max-video-preview:-1"},"canonical":"https:\/\/www.habitat-design.net\/blog\/decorer-petit-salon\/","og_locale":"fr_FR","og_type":"article","og_title":"Optimiser style et espace dans un petit salon","og_description":"D\u00e9couvrez nos astuces pour d\u00e9corer un petit salon, optimiser l'espace et allier style et fonctionnalit\u00e9 pour un int\u00e9rieur harmonieux et chaleureux.","og_url":"https:\/\/www.habitat-design.net\/blog\/decorer-petit-salon\/","article_published_time":"2026-04-21T06:43:04+00:00","og_image":[{"width":1344,"height":768,"url":"https:\/\/www.habitat-design.net\/blog\/wp-content\/uploads\/2026\/04\/Comment-decorer-un-petit-salon-pour-optimiser-lespace-et-le-style.jpg","type":"image\/jpeg"}],"author":"Julien Laurent","twitter_card":"summary_large_image","twitter_misc":{"\u00c9crit par":"Julien Laurent","Dur\u00e9e de lecture estim\u00e9e":"8 minutes"},"schema":{"@context":"https:\/\/schema.org","@graph":[{"@type":"Article","@id":"https:\/\/www.habitat-design.net\/blog\/decorer-petit-salon\/#article","isPartOf":{"@id":"https:\/\/www.habitat-design.net\/blog\/decorer-petit-salon\/"},"author":{"name":"Julien Laurent","@id":"https:\/\/www.habitat-design.net\/blog\/#\/schema\/person\/f81363ecfab7ff0bfb976328793ce2e5"},"headline":"Comment d\u00e9corer un petit salon pour optimiser l&rsquo;espace et le style","datePublished":"2026-04-21T06:43:04+00:00","mainEntityOfPage":{"@id":"https:\/\/www.habitat-design.net\/blog\/decorer-petit-salon\/"},"wordCount":1659,"image":{"@id":"https:\/\/www.habitat-design.net\/blog\/decorer-petit-salon\/#primaryimage"},"thumbnailUrl":"https:\/\/www.habitat-design.net\/blog\/wp-content\/uploads\/2026\/04\/Comment-decorer-un-petit-salon-pour-optimiser-lespace-et-le-style.jpg","articleSection":["Maison &amp; d\u00e9coration"],"inLanguage":"fr-FR"},{"@type":"WebPage","@id":"https:\/\/www.habitat-design.net\/blog\/decorer-petit-salon\/","url":"https:\/\/www.habitat-design.net\/blog\/decorer-petit-salon\/","name":"Optimiser style et espace dans un petit salon","isPartOf":{"@id":"https:\/\/www.habitat-design.net\/blog\/#website"},"primaryImageOfPage":{"@id":"https:\/\/www.habitat-design.net\/blog\/decorer-petit-salon\/#primaryimage"},"image":{"@id":"https:\/\/www.habitat-design.net\/blog\/decorer-petit-salon\/#primaryimage"},"thumbnailUrl":"https:\/\/www.habitat-design.net\/blog\/wp-content\/uploads\/2026\/04\/Comment-decorer-un-petit-salon-pour-optimiser-lespace-et-le-style.jpg","datePublished":"2026-04-21T06:43:04+00:00","author":{"@id":"https:\/\/www.habitat-design.net\/blog\/#\/schema\/person\/f81363ecfab7ff0bfb976328793ce2e5"},"description":"D\u00e9couvrez nos astuces pour d\u00e9corer un petit salon, optimiser l'espace et allier style et fonctionnalit\u00e9 pour un int\u00e9rieur harmonieux et chaleureux.","breadcrumb":{"@id":"https:\/\/www.habitat-design.net\/blog\/decorer-petit-salon\/#breadcrumb"},"inLanguage":"fr-FR","potentialAction":[{"@type":"ReadAction","target":["https:\/\/www.habitat-design.net\/blog\/decorer-petit-salon\/"]}]},{"@type":"ImageObject","inLanguage":"fr-FR","@id":"https:\/\/www.habitat-design.net\/blog\/decorer-petit-salon\/#primaryimage","url":"https:\/\/www.habitat-design.net\/blog\/wp-content\/uploads\/2026\/04\/Comment-decorer-un-petit-salon-pour-optimiser-lespace-et-le-style.jpg","contentUrl":"https:\/\/www.habitat-design.net\/blog\/wp-content\/uploads\/2026\/04\/Comment-decorer-un-petit-salon-pour-optimiser-lespace-et-le-style.jpg","width":1344,"height":768,"caption":"d\u00e9couvrez des astuces pratiques pour d\u00e9corer un petit salon en alliant optimisation de l'espace et style \u00e9l\u00e9gant. transformez votre int\u00e9rieur avec des id\u00e9es simples et efficaces."},{"@type":"BreadcrumbList","@id":"https:\/\/www.habitat-design.net\/blog\/decorer-petit-salon\/#breadcrumb","itemListElement":[{"@type":"ListItem","position":1,"name":"Accueil","item":"https:\/\/www.habitat-design.net\/blog\/"},{"@type":"ListItem","position":2,"name":"Comment d\u00e9corer un petit salon pour optimiser l&rsquo;espace et le style"}]},{"@type":"WebSite","@id":"https:\/\/www.habitat-design.net\/blog\/#website","url":"https:\/\/www.habitat-design.net\/blog\/","name":"","description":"","potentialAction":[{"@type":"SearchAction","target":{"@type":"EntryPoint","urlTemplate":"https:\/\/www.habitat-design.net\/blog\/?s={search_term_string}"},"query-input":{"@type":"PropertyValueSpecification","valueRequired":true,"valueName":"search_term_string"}}],"inLanguage":"fr-FR"},{"@type":"Person","@id":"https:\/\/www.habitat-design.net\/blog\/#\/schema\/person\/f81363ecfab7ff0bfb976328793ce2e5","name":"Julien Laurent","image":{"@type":"ImageObject","inLanguage":"fr-FR","@id":"https:\/\/www.habitat-design.net\/blog\/#\/schema\/person\/image\/","url":"https:\/\/secure.gravatar.com\/avatar\/36c5f08b15b2f828b41156cb6e69b449?s=96&d=mm&r=g","contentUrl":"https:\/\/secure.gravatar.com\/avatar\/36c5f08b15b2f828b41156cb6e69b449?s=96&d=mm&r=g","caption":"Julien Laurent"},"description":"Julien Laurent est un blogueur passionn\u00e9 par le domaine de la d\u00e9coration int\u00e9rieure et du design. Avec un dipl\u00f4me en design d'int\u00e9rieur et plusieurs ann\u00e9es d'exp\u00e9rience en tant que d\u00e9corateur, il partage des conseils pratiques pour embellir et optimiser les espaces de vie. Ses articles inspirants et informatifs visent \u00e0 aider ses lecteurs \u00e0 cr\u00e9er des int\u00e9rieurs harmonieux et esth\u00e9tiques, refl\u00e9tant leur personnalit\u00e9 et leur style.","sameAs":["http:\/\/www.habitat-design.net\/blog"],"url":"https:\/\/www.habitat-design.net\/blog\/author\/contacthabitat-design-net\/"}]}},"views":6,"_links":{"self":[{"href":"https:\/\/www.habitat-design.net\/blog\/wp-json\/wp\/v2\/posts\/2031","targetHints":{"allow":["GET"]}}],"collection":[{"href":"https:\/\/www.habitat-design.net\/blog\/wp-json\/wp\/v2\/posts"}],"about":[{"href":"https:\/\/www.habitat-design.net\/blog\/wp-json\/wp\/v2\/types\/post"}],"author":[{"embeddable":true,"href":"https:\/\/www.habitat-design.net\/blog\/wp-json\/wp\/v2\/users\/1"}],"replies":[{"embeddable":true,"href":"https:\/\/www.habitat-design.net\/blog\/wp-json\/wp\/v2\/comments?post=2031"}],"version-history":[{"count":0,"href":"https:\/\/www.habitat-design.net\/blog\/wp-json\/wp\/v2\/posts\/2031\/revisions"}],"wp:featuredmedia":[{"embeddable":true,"href":"https:\/\/www.habitat-design.net\/blog\/wp-json\/wp\/v2\/media\/2030"}],"wp:attachment":[{"href":"https:\/\/www.habitat-design.net\/blog\/wp-json\/wp\/v2\/media?parent=2031"}],"wp:term":[{"taxonomy":"category","embeddable":true,"href":"https:\/\/www.habitat-design.net\/blog\/wp-json\/wp\/v2\/categories?post=2031"},{"taxonomy":"post_tag","embeddable":true,"href":"https:\/\/www.habitat-design.net\/blog\/wp-json\/wp\/v2\/tags?post=2031"}],"curies":[{"name":"wp","href":"https:\/\/api.w.org\/{rel}","templated":true}]}}