
{"id":1998,"date":"2026-01-05T10:22:19","date_gmt":"2026-01-05T09:22:19","guid":{"rendered":"https:\/\/www.habitat-design.net\/blog\/?p=1998"},"modified":"2026-01-19T17:39:13","modified_gmt":"2026-01-19T16:39:13","slug":"auto-entrepreneur-comment-bien-choisir-son-assurance-decennale","status":"publish","type":"post","link":"https:\/\/www.habitat-design.net\/blog\/auto-entrepreneur-comment-bien-choisir-son-assurance-decennale\/","title":{"rendered":"Auto-entrepreneur : comment bien choisir son assurance d\u00e9cennale"},"content":{"rendered":"\n<p>Travailler \u00e0 son compte dans le b\u00e2timent ou la r\u00e9novation offre une grande autonomie. Cela implique aussi des responsabilit\u00e9s de type juridique ou financier. L&rsquo;une d&rsquo;entre elles se distingue par sa port\u00e9e \u00e0 long terme : l&rsquo;obligation de souscrire une assurance d\u00e9cennale. Souvent per\u00e7ue comme une formalit\u00e9, cette couverture est en r\u00e9alit\u00e9 un \u00e9l\u00e9ment d\u00e9terminant afin de s\u00e9curiser son activit\u00e9, rassurer ses clients et obtenir une reconnaissance de son savoir-faire. Encore faut-il savoir choisir une police adapt\u00e9e \u00e0 son m\u00e9tier, \u00e0 ses risques et \u00e0 ses ambitions.<\/p>\n\n\n\n<h2 class=\"wp-block-heading\">Une garantie obligatoire pour s\u00e9curiser ses travaux \u00e0 long terme<\/h2>\n\n\n\n<p>L&rsquo;assurance responsabilit\u00e9 civile (RC) d\u00e9cennale s&rsquo;inscrit dans le cadre strict de la loi Spinetta de 1978, pilier du droit de la construction en France. Elle engage la responsabilit\u00e9 du professionnel pendant dix ans \u00e0 compter de la r\u00e9ception des travaux. Cette p\u00e9riode traduit l&rsquo;importance accord\u00e9e \u00e0 la durabilit\u00e9 des b\u00e2timents et \u00e0 la protection des ma\u00eetres d&rsquo;ouvrage.<\/p>\n\n\n\n<p>La RC d\u00e9cennale couvre les dommages graves compromettant la solidit\u00e9 d&rsquo;un \u00e9difice ou le rendant impropre \u00e0 son usage. Il peut s&rsquo;agir de fissures structurelles, de d\u00e9fauts d&rsquo;\u00e9tanch\u00e9it\u00e9 majeurs ou de dysfonctionnements affectant des installations techniques.<\/p>\n\n\n\n<p>Dans ce contexte, l&rsquo;<a href=\"https:\/\/pro.april.fr\/guide\/garantie-decennale-auto-entrepreneur\">assurance d\u00e9cennale pour auto-entrepreneur<\/a> est une exigence l\u00e9gale d\u00e8s lors que l&rsquo;activit\u00e9 du professionnel peut affecter la stabilit\u00e9 ou l&rsquo;usage d&rsquo;un b\u00e2timent. Des professionnels de l\u2019assurance, comme APRIL Construction, proposent des contrats adapt\u00e9s pour les artisans ind\u00e9pendants, quel que soit leur niveau d&rsquo;expertise.<\/p>\n\n\n\n<h2 class=\"wp-block-heading\">Qui est concern\u00e9 par l&rsquo;obligation d&rsquo;assurance et dans quels cas ?<\/h2>\n\n\n\n<p>La loi impose la souscription d&rsquo;une assurance d\u00e9cennale \u00e0 toute entreprise ou \u00e0 tout professionnel ind\u00e9pendant intervenant dans la construction ou la r\u00e9novation structurelle. Cela inclut les auto-entrepreneurs, micro-entreprises et tr\u00e8s petites entreprises (TPE) du secteur.<\/p>\n\n\n\n<p>Les travaux concern\u00e9s sont ceux qui touchent \u00e0 la structure de l&rsquo;\u00e9difice, \u00e0 son \u00e9tanch\u00e9it\u00e9 ou \u00e0 ses \u00e9quipements indissociables (chauffage, canalisations encastr\u00e9es, etc.). En revanche, les prestations purement <a href=\"https:\/\/www.habitat-design.net\/blog\/decoration-facade-moderne\/\">esth\u00e9tiques ou d\u00e9coratives<\/a> n&rsquo;y sont soumises qu&rsquo;en cas d&rsquo;interf\u00e9rence avec des \u00e9l\u00e9ments porteurs ou techniques.<\/p>\n\n\n\n<p>Le non-respect de cette exigence expose \u00e0 des sanctions s\u00e9v\u00e8res. Amendes, mise en cause de la responsabilit\u00e9 civile personnelle en cas de sinistre et interdiction d&rsquo;exercer constituent des risques bien r\u00e9els. \u00c0 long terme, l&rsquo;absence d&rsquo;assurance d\u00e9cennale fragilise toute strat\u00e9gie de d\u00e9veloppement et compromet l&rsquo;acc\u00e8s \u00e0 tout march\u00e9.<\/p>\n\n\n\n<h2 class=\"wp-block-heading\">Adapter sa couverture \u00e0 son m\u00e9tier<\/h2>\n\n\n\n<p>Chaque activit\u00e9 pr\u00e9sente des risques sp\u00e9cifiques et une assurance d\u00e9cennale n&rsquo;offre de r\u00e9elle s\u00e9curit\u00e9 que si elle refl\u00e8te pr\u00e9cis\u00e9ment la nature des travaux r\u00e9alis\u00e9s. Les risques auxquels s&rsquo;expose un chauffagiste sp\u00e9cialis\u00e9 en <a href=\"https:\/\/www.habitat-design.net\/blog\/chauffage-deco-et-ecologie-et-si-tu-passais-au-poele-a-bois-a-la-rochelle\/\">\u00e9nergies renouvelables<\/a> ne sont pas identiques \u00e0 ceux encourus par un chauffagiste traditionnel manipulant du gaz ou du fioul.<\/p>\n\n\n\n<p>Il est donc essentiel de d\u00e9clarer avec pr\u00e9cision toutes les activit\u00e9s exerc\u00e9es, y compris les interventions ponctuelles ou innovantes (toitures v\u00e9g\u00e9talis\u00e9es, chemin\u00e9es bio\u00e9thanol, etc.).<\/p>\n\n\n\n<p>La certification \u00ab reconnu garant de l&rsquo;environnement \u00bb (RGE) joue ici un r\u00f4le d\u00e9terminant. Elle facilite l&rsquo;acc\u00e8s \u00e0 certaines assurances, renforce la cr\u00e9dibilit\u00e9 aupr\u00e8s des clients et ouvre la voie \u00e0 des projets subventionn\u00e9s.<\/p>\n\n\n\n<h2 class=\"wp-block-heading\">Comparer les offres et \u00e9viter les pi\u00e8ges classiques<\/h2>\n\n\n\n<p>Effectuer une comparaison des offres d&rsquo;assurance d\u00e9cennale demande plus qu&rsquo;un simple examen des cotisations. L&rsquo;\u00e9tendue des garanties, les exclusions et les modalit\u00e9s d&rsquo;accompagnement en cas de litige m\u00e9ritent une attention approfondie. Une couverture insuffisante peut co\u00fbter bien plus cher qu&rsquo;une prime l\u00e9g\u00e8rement plus \u00e9lev\u00e9e.<\/p>\n\n\n\n<p>APRIL propose une approche transparente : devis en ligne rapide, accompagnement personnalis\u00e9 et lisibilit\u00e9 des garanties. Dans une logique de protection globale, sa gamme \u00ab PROBAT \u00bb combine :<\/p>\n\n\n\n<ul class=\"wp-block-list\">\n<li>l&rsquo;assurance responsabilit\u00e9 civile professionnelle (RC Pro) ;<\/li>\n\n\n\n<li>la responsabilit\u00e9 d\u00e9cennale ;<\/li>\n\n\n\n<li>les dommages en cours de chantier ;<\/li>\n\n\n\n<li>les dommages interm\u00e9diaires ;<\/li>\n\n\n\n<li>la d\u00e9fense et le recours.<\/li>\n<\/ul>\n\n\n\n<p>Ce type d&rsquo;offre int\u00e9gr\u00e9e facilite la gestion administrative, en plus de renforcer la s\u00e9curit\u00e9 juridique du professionnel. La v\u00e9rification de l&rsquo;attestation d&rsquo;assurance constitue une \u00e9tape incontournable. Elle doit mentionner avec exactitude les activit\u00e9s couvertes et rester op\u00e9rationnelle sur toute la dur\u00e9e du chantier. Enfin, les offres anormalement bon march\u00e9 cachent parfois des franchises \u00e9lev\u00e9es ou des exclusions \u00e9tendues, sources de d\u00e9convenues majeures.<\/p>\n\n\n\n<p>L&rsquo;assurance d\u00e9cennale constitue bien plus qu&rsquo;un passage oblig\u00e9 pour les ind\u00e9pendants du b\u00e2timent. Elle garantit une pratique responsable, orient\u00e9e vers la durabilit\u00e9 et la confiance entre les prestataires et leurs clients. Pour tout travailleur ind\u00e9pendant du b\u00e2timent, choisir une couverture adapt\u00e9e revient \u00e0 prot\u00e9ger son savoir-faire, ses clients et son avenir \u00e9conomique.<\/p>\n\n\n\n<figure class=\"wp-block-embed\"><div class=\"wp-block-embed__wrapper\">\nhttps:\/\/unsplash.com\/fr\/photos\/une-maison-de-dessin-anime-rose-avec-un-toit-sombre-qnW1T1VOsDA\n<\/div><\/figure>\n\n\n\n<figure class=\"wp-block-embed\"><div class=\"wp-block-embed__wrapper\">\nhttps:\/\/unsplash.com\/fr\/photos\/une-personne-tenant-une-petite-maison-dans-sa-main-I31tYRbVP4w\n<\/div><\/figure>\n","protected":false},"excerpt":{"rendered":"<p>Travailler \u00e0 son compte dans le b\u00e2timent ou la r\u00e9novation offre une grande autonomie. Cela implique aussi des responsabilit\u00e9s de type juridique ou financier. L&rsquo;une d&rsquo;entre elles se distingue par sa port\u00e9e \u00e0 long terme : l&rsquo;obligation de souscrire une assurance d\u00e9cennale. Souvent per\u00e7ue comme une formalit\u00e9, cette couverture est en r\u00e9alit\u00e9 un \u00e9l\u00e9ment d\u00e9terminant &#8230; <a title=\"Auto-entrepreneur : comment bien choisir son assurance d\u00e9cennale\" class=\"read-more\" href=\"https:\/\/www.habitat-design.net\/blog\/auto-entrepreneur-comment-bien-choisir-son-assurance-decennale\/\" aria-label=\"En savoir plus sur Auto-entrepreneur : comment bien choisir son assurance d\u00e9cennale\">Lire plus<\/a><\/p>\n","protected":false},"author":1,"featured_media":1999,"comment_status":"closed","ping_status":"closed","sticky":false,"template":"","format":"standard","meta":{"footnotes":""},"categories":[31],"tags":[],"class_list":["post-1998","post","type-post","status-publish","format-standard","has-post-thumbnail","hentry","category-entreprise"],"yoast_head":"<!-- This site is optimized with the Yoast SEO plugin v26.8 - https:\/\/yoast.com\/product\/yoast-seo-wordpress\/ -->\n<title>Auto-entrepreneur : comment bien choisir son assurance d\u00e9cennale -<\/title>\n<meta name=\"description\" content=\"Auto-entrepreneur : comment bien choisir son assurance d\u00e9cennale - Entreprise\" \/>\n<meta name=\"robots\" content=\"index, follow, max-snippet:-1, max-image-preview:large, max-video-preview:-1\" \/>\n<link rel=\"canonical\" href=\"https:\/\/www.habitat-design.net\/blog\/auto-entrepreneur-comment-bien-choisir-son-assurance-decennale\/\" \/>\n<meta property=\"og:locale\" content=\"fr_FR\" \/>\n<meta property=\"og:type\" content=\"article\" \/>\n<meta property=\"og:title\" content=\"Auto-entrepreneur : comment bien choisir son assurance d\u00e9cennale -\" \/>\n<meta property=\"og:description\" content=\"Auto-entrepreneur : comment bien choisir son assurance d\u00e9cennale - Entreprise\" \/>\n<meta property=\"og:url\" content=\"https:\/\/www.habitat-design.net\/blog\/auto-entrepreneur-comment-bien-choisir-son-assurance-decennale\/\" \/>\n<meta property=\"article:published_time\" content=\"2026-01-05T09:22:19+00:00\" \/>\n<meta property=\"article:modified_time\" content=\"2026-01-19T16:39:13+00:00\" \/>\n<meta property=\"og:image\" content=\"https:\/\/www.habitat-design.net\/blog\/wp-content\/uploads\/2026\/01\/6952f7de21bcd-a-rahmat-mn-qnW1T1VOsDA-unsplash.jpg\" \/>\n\t<meta property=\"og:image:width\" content=\"2560\" \/>\n\t<meta property=\"og:image:height\" content=\"1920\" \/>\n\t<meta property=\"og:image:type\" content=\"image\/jpeg\" \/>\n<meta name=\"author\" content=\"Julien Laurent\" \/>\n<meta name=\"twitter:card\" content=\"summary_large_image\" \/>\n<meta name=\"twitter:label1\" content=\"\u00c9crit par\" \/>\n\t<meta name=\"twitter:data1\" content=\"Julien Laurent\" \/>\n\t<meta name=\"twitter:label2\" content=\"Dur\u00e9e de lecture estim\u00e9e\" \/>\n\t<meta name=\"twitter:data2\" content=\"4 minutes\" \/>\n<script type=\"application\/ld+json\" class=\"yoast-schema-graph\">{\"@context\":\"https:\/\/schema.org\",\"@graph\":[{\"@type\":\"Article\",\"@id\":\"https:\/\/www.habitat-design.net\/blog\/auto-entrepreneur-comment-bien-choisir-son-assurance-decennale\/#article\",\"isPartOf\":{\"@id\":\"https:\/\/www.habitat-design.net\/blog\/auto-entrepreneur-comment-bien-choisir-son-assurance-decennale\/\"},\"author\":{\"name\":\"Julien Laurent\",\"@id\":\"https:\/\/www.habitat-design.net\/blog\/#\/schema\/person\/f81363ecfab7ff0bfb976328793ce2e5\"},\"headline\":\"Auto-entrepreneur : comment bien choisir son assurance d\u00e9cennale\",\"datePublished\":\"2026-01-05T09:22:19+00:00\",\"dateModified\":\"2026-01-19T16:39:13+00:00\",\"mainEntityOfPage\":{\"@id\":\"https:\/\/www.habitat-design.net\/blog\/auto-entrepreneur-comment-bien-choisir-son-assurance-decennale\/\"},\"wordCount\":805,\"image\":{\"@id\":\"https:\/\/www.habitat-design.net\/blog\/auto-entrepreneur-comment-bien-choisir-son-assurance-decennale\/#primaryimage\"},\"thumbnailUrl\":\"https:\/\/www.habitat-design.net\/blog\/wp-content\/uploads\/2026\/01\/6952f7de21bcd-a-rahmat-mn-qnW1T1VOsDA-unsplash.jpg\",\"articleSection\":[\"Entreprise\"],\"inLanguage\":\"fr-FR\"},{\"@type\":\"WebPage\",\"@id\":\"https:\/\/www.habitat-design.net\/blog\/auto-entrepreneur-comment-bien-choisir-son-assurance-decennale\/\",\"url\":\"https:\/\/www.habitat-design.net\/blog\/auto-entrepreneur-comment-bien-choisir-son-assurance-decennale\/\",\"name\":\"Auto-entrepreneur : comment bien choisir son assurance d\u00e9cennale -\",\"isPartOf\":{\"@id\":\"https:\/\/www.habitat-design.net\/blog\/#website\"},\"primaryImageOfPage\":{\"@id\":\"https:\/\/www.habitat-design.net\/blog\/auto-entrepreneur-comment-bien-choisir-son-assurance-decennale\/#primaryimage\"},\"image\":{\"@id\":\"https:\/\/www.habitat-design.net\/blog\/auto-entrepreneur-comment-bien-choisir-son-assurance-decennale\/#primaryimage\"},\"thumbnailUrl\":\"https:\/\/www.habitat-design.net\/blog\/wp-content\/uploads\/2026\/01\/6952f7de21bcd-a-rahmat-mn-qnW1T1VOsDA-unsplash.jpg\",\"datePublished\":\"2026-01-05T09:22:19+00:00\",\"dateModified\":\"2026-01-19T16:39:13+00:00\",\"author\":{\"@id\":\"https:\/\/www.habitat-design.net\/blog\/#\/schema\/person\/f81363ecfab7ff0bfb976328793ce2e5\"},\"description\":\"Auto-entrepreneur : comment bien choisir son assurance d\u00e9cennale - Entreprise\",\"breadcrumb\":{\"@id\":\"https:\/\/www.habitat-design.net\/blog\/auto-entrepreneur-comment-bien-choisir-son-assurance-decennale\/#breadcrumb\"},\"inLanguage\":\"fr-FR\",\"potentialAction\":[{\"@type\":\"ReadAction\",\"target\":[\"https:\/\/www.habitat-design.net\/blog\/auto-entrepreneur-comment-bien-choisir-son-assurance-decennale\/\"]}]},{\"@type\":\"ImageObject\",\"inLanguage\":\"fr-FR\",\"@id\":\"https:\/\/www.habitat-design.net\/blog\/auto-entrepreneur-comment-bien-choisir-son-assurance-decennale\/#primaryimage\",\"url\":\"https:\/\/www.habitat-design.net\/blog\/wp-content\/uploads\/2026\/01\/6952f7de21bcd-a-rahmat-mn-qnW1T1VOsDA-unsplash.jpg\",\"contentUrl\":\"https:\/\/www.habitat-design.net\/blog\/wp-content\/uploads\/2026\/01\/6952f7de21bcd-a-rahmat-mn-qnW1T1VOsDA-unsplash.jpg\",\"width\":2560,\"height\":1920},{\"@type\":\"BreadcrumbList\",\"@id\":\"https:\/\/www.habitat-design.net\/blog\/auto-entrepreneur-comment-bien-choisir-son-assurance-decennale\/#breadcrumb\",\"itemListElement\":[{\"@type\":\"ListItem\",\"position\":1,\"name\":\"Accueil\",\"item\":\"https:\/\/www.habitat-design.net\/blog\/\"},{\"@type\":\"ListItem\",\"position\":2,\"name\":\"Auto-entrepreneur : comment bien choisir son assurance d\u00e9cennale\"}]},{\"@type\":\"WebSite\",\"@id\":\"https:\/\/www.habitat-design.net\/blog\/#website\",\"url\":\"https:\/\/www.habitat-design.net\/blog\/\",\"name\":\"\",\"description\":\"\",\"potentialAction\":[{\"@type\":\"SearchAction\",\"target\":{\"@type\":\"EntryPoint\",\"urlTemplate\":\"https:\/\/www.habitat-design.net\/blog\/?s={search_term_string}\"},\"query-input\":{\"@type\":\"PropertyValueSpecification\",\"valueRequired\":true,\"valueName\":\"search_term_string\"}}],\"inLanguage\":\"fr-FR\"},{\"@type\":\"Person\",\"@id\":\"https:\/\/www.habitat-design.net\/blog\/#\/schema\/person\/f81363ecfab7ff0bfb976328793ce2e5\",\"name\":\"Julien Laurent\",\"image\":{\"@type\":\"ImageObject\",\"inLanguage\":\"fr-FR\",\"@id\":\"https:\/\/www.habitat-design.net\/blog\/#\/schema\/person\/image\/\",\"url\":\"https:\/\/secure.gravatar.com\/avatar\/36c5f08b15b2f828b41156cb6e69b449?s=96&d=mm&r=g\",\"contentUrl\":\"https:\/\/secure.gravatar.com\/avatar\/36c5f08b15b2f828b41156cb6e69b449?s=96&d=mm&r=g\",\"caption\":\"Julien Laurent\"},\"description\":\"Julien Laurent est un blogueur passionn\u00e9 par le domaine de la d\u00e9coration int\u00e9rieure et du design. Avec un dipl\u00f4me en design d'int\u00e9rieur et plusieurs ann\u00e9es d'exp\u00e9rience en tant que d\u00e9corateur, il partage des conseils pratiques pour embellir et optimiser les espaces de vie. Ses articles inspirants et informatifs visent \u00e0 aider ses lecteurs \u00e0 cr\u00e9er des int\u00e9rieurs harmonieux et esth\u00e9tiques, refl\u00e9tant leur personnalit\u00e9 et leur style.\",\"sameAs\":[\"http:\/\/www.habitat-design.net\/blog\"],\"url\":\"https:\/\/www.habitat-design.net\/blog\/author\/contacthabitat-design-net\/\"}]}<\/script>\n<!-- \/ Yoast SEO plugin. -->","yoast_head_json":{"title":"Auto-entrepreneur : comment bien choisir son assurance d\u00e9cennale -","description":"Auto-entrepreneur : comment bien choisir son assurance d\u00e9cennale - Entreprise","robots":{"index":"index","follow":"follow","max-snippet":"max-snippet:-1","max-image-preview":"max-image-preview:large","max-video-preview":"max-video-preview:-1"},"canonical":"https:\/\/www.habitat-design.net\/blog\/auto-entrepreneur-comment-bien-choisir-son-assurance-decennale\/","og_locale":"fr_FR","og_type":"article","og_title":"Auto-entrepreneur : comment bien choisir son assurance d\u00e9cennale -","og_description":"Auto-entrepreneur : comment bien choisir son assurance d\u00e9cennale - Entreprise","og_url":"https:\/\/www.habitat-design.net\/blog\/auto-entrepreneur-comment-bien-choisir-son-assurance-decennale\/","article_published_time":"2026-01-05T09:22:19+00:00","article_modified_time":"2026-01-19T16:39:13+00:00","og_image":[{"width":2560,"height":1920,"url":"https:\/\/www.habitat-design.net\/blog\/wp-content\/uploads\/2026\/01\/6952f7de21bcd-a-rahmat-mn-qnW1T1VOsDA-unsplash.jpg","type":"image\/jpeg"}],"author":"Julien Laurent","twitter_card":"summary_large_image","twitter_misc":{"\u00c9crit par":"Julien Laurent","Dur\u00e9e de lecture estim\u00e9e":"4 minutes"},"schema":{"@context":"https:\/\/schema.org","@graph":[{"@type":"Article","@id":"https:\/\/www.habitat-design.net\/blog\/auto-entrepreneur-comment-bien-choisir-son-assurance-decennale\/#article","isPartOf":{"@id":"https:\/\/www.habitat-design.net\/blog\/auto-entrepreneur-comment-bien-choisir-son-assurance-decennale\/"},"author":{"name":"Julien Laurent","@id":"https:\/\/www.habitat-design.net\/blog\/#\/schema\/person\/f81363ecfab7ff0bfb976328793ce2e5"},"headline":"Auto-entrepreneur : comment bien choisir son assurance d\u00e9cennale","datePublished":"2026-01-05T09:22:19+00:00","dateModified":"2026-01-19T16:39:13+00:00","mainEntityOfPage":{"@id":"https:\/\/www.habitat-design.net\/blog\/auto-entrepreneur-comment-bien-choisir-son-assurance-decennale\/"},"wordCount":805,"image":{"@id":"https:\/\/www.habitat-design.net\/blog\/auto-entrepreneur-comment-bien-choisir-son-assurance-decennale\/#primaryimage"},"thumbnailUrl":"https:\/\/www.habitat-design.net\/blog\/wp-content\/uploads\/2026\/01\/6952f7de21bcd-a-rahmat-mn-qnW1T1VOsDA-unsplash.jpg","articleSection":["Entreprise"],"inLanguage":"fr-FR"},{"@type":"WebPage","@id":"https:\/\/www.habitat-design.net\/blog\/auto-entrepreneur-comment-bien-choisir-son-assurance-decennale\/","url":"https:\/\/www.habitat-design.net\/blog\/auto-entrepreneur-comment-bien-choisir-son-assurance-decennale\/","name":"Auto-entrepreneur : comment bien choisir son assurance d\u00e9cennale -","isPartOf":{"@id":"https:\/\/www.habitat-design.net\/blog\/#website"},"primaryImageOfPage":{"@id":"https:\/\/www.habitat-design.net\/blog\/auto-entrepreneur-comment-bien-choisir-son-assurance-decennale\/#primaryimage"},"image":{"@id":"https:\/\/www.habitat-design.net\/blog\/auto-entrepreneur-comment-bien-choisir-son-assurance-decennale\/#primaryimage"},"thumbnailUrl":"https:\/\/www.habitat-design.net\/blog\/wp-content\/uploads\/2026\/01\/6952f7de21bcd-a-rahmat-mn-qnW1T1VOsDA-unsplash.jpg","datePublished":"2026-01-05T09:22:19+00:00","dateModified":"2026-01-19T16:39:13+00:00","author":{"@id":"https:\/\/www.habitat-design.net\/blog\/#\/schema\/person\/f81363ecfab7ff0bfb976328793ce2e5"},"description":"Auto-entrepreneur : comment bien choisir son assurance d\u00e9cennale - Entreprise","breadcrumb":{"@id":"https:\/\/www.habitat-design.net\/blog\/auto-entrepreneur-comment-bien-choisir-son-assurance-decennale\/#breadcrumb"},"inLanguage":"fr-FR","potentialAction":[{"@type":"ReadAction","target":["https:\/\/www.habitat-design.net\/blog\/auto-entrepreneur-comment-bien-choisir-son-assurance-decennale\/"]}]},{"@type":"ImageObject","inLanguage":"fr-FR","@id":"https:\/\/www.habitat-design.net\/blog\/auto-entrepreneur-comment-bien-choisir-son-assurance-decennale\/#primaryimage","url":"https:\/\/www.habitat-design.net\/blog\/wp-content\/uploads\/2026\/01\/6952f7de21bcd-a-rahmat-mn-qnW1T1VOsDA-unsplash.jpg","contentUrl":"https:\/\/www.habitat-design.net\/blog\/wp-content\/uploads\/2026\/01\/6952f7de21bcd-a-rahmat-mn-qnW1T1VOsDA-unsplash.jpg","width":2560,"height":1920},{"@type":"BreadcrumbList","@id":"https:\/\/www.habitat-design.net\/blog\/auto-entrepreneur-comment-bien-choisir-son-assurance-decennale\/#breadcrumb","itemListElement":[{"@type":"ListItem","position":1,"name":"Accueil","item":"https:\/\/www.habitat-design.net\/blog\/"},{"@type":"ListItem","position":2,"name":"Auto-entrepreneur : comment bien choisir son assurance d\u00e9cennale"}]},{"@type":"WebSite","@id":"https:\/\/www.habitat-design.net\/blog\/#website","url":"https:\/\/www.habitat-design.net\/blog\/","name":"","description":"","potentialAction":[{"@type":"SearchAction","target":{"@type":"EntryPoint","urlTemplate":"https:\/\/www.habitat-design.net\/blog\/?s={search_term_string}"},"query-input":{"@type":"PropertyValueSpecification","valueRequired":true,"valueName":"search_term_string"}}],"inLanguage":"fr-FR"},{"@type":"Person","@id":"https:\/\/www.habitat-design.net\/blog\/#\/schema\/person\/f81363ecfab7ff0bfb976328793ce2e5","name":"Julien Laurent","image":{"@type":"ImageObject","inLanguage":"fr-FR","@id":"https:\/\/www.habitat-design.net\/blog\/#\/schema\/person\/image\/","url":"https:\/\/secure.gravatar.com\/avatar\/36c5f08b15b2f828b41156cb6e69b449?s=96&d=mm&r=g","contentUrl":"https:\/\/secure.gravatar.com\/avatar\/36c5f08b15b2f828b41156cb6e69b449?s=96&d=mm&r=g","caption":"Julien Laurent"},"description":"Julien Laurent est un blogueur passionn\u00e9 par le domaine de la d\u00e9coration int\u00e9rieure et du design. Avec un dipl\u00f4me en design d'int\u00e9rieur et plusieurs ann\u00e9es d'exp\u00e9rience en tant que d\u00e9corateur, il partage des conseils pratiques pour embellir et optimiser les espaces de vie. Ses articles inspirants et informatifs visent \u00e0 aider ses lecteurs \u00e0 cr\u00e9er des int\u00e9rieurs harmonieux et esth\u00e9tiques, refl\u00e9tant leur personnalit\u00e9 et leur style.","sameAs":["http:\/\/www.habitat-design.net\/blog"],"url":"https:\/\/www.habitat-design.net\/blog\/author\/contacthabitat-design-net\/"}]}},"views":30,"_links":{"self":[{"href":"https:\/\/www.habitat-design.net\/blog\/wp-json\/wp\/v2\/posts\/1998","targetHints":{"allow":["GET"]}}],"collection":[{"href":"https:\/\/www.habitat-design.net\/blog\/wp-json\/wp\/v2\/posts"}],"about":[{"href":"https:\/\/www.habitat-design.net\/blog\/wp-json\/wp\/v2\/types\/post"}],"author":[{"embeddable":true,"href":"https:\/\/www.habitat-design.net\/blog\/wp-json\/wp\/v2\/users\/1"}],"replies":[{"embeddable":true,"href":"https:\/\/www.habitat-design.net\/blog\/wp-json\/wp\/v2\/comments?post=1998"}],"version-history":[{"count":1,"href":"https:\/\/www.habitat-design.net\/blog\/wp-json\/wp\/v2\/posts\/1998\/revisions"}],"predecessor-version":[{"id":2000,"href":"https:\/\/www.habitat-design.net\/blog\/wp-json\/wp\/v2\/posts\/1998\/revisions\/2000"}],"wp:featuredmedia":[{"embeddable":true,"href":"https:\/\/www.habitat-design.net\/blog\/wp-json\/wp\/v2\/media\/1999"}],"wp:attachment":[{"href":"https:\/\/www.habitat-design.net\/blog\/wp-json\/wp\/v2\/media?parent=1998"}],"wp:term":[{"taxonomy":"category","embeddable":true,"href":"https:\/\/www.habitat-design.net\/blog\/wp-json\/wp\/v2\/categories?post=1998"},{"taxonomy":"post_tag","embeddable":true,"href":"https:\/\/www.habitat-design.net\/blog\/wp-json\/wp\/v2\/tags?post=1998"}],"curies":[{"name":"wp","href":"https:\/\/api.w.org\/{rel}","templated":true}]}}