
{"id":1968,"date":"2025-12-15T07:31:09","date_gmt":"2025-12-15T06:31:09","guid":{"rendered":"http:\/\/www.habitat-design.net\/blog\/decoration-facade-moderne\/"},"modified":"2025-12-15T07:31:09","modified_gmt":"2025-12-15T06:31:09","slug":"decoration-facade-moderne","status":"publish","type":"post","link":"https:\/\/www.habitat-design.net\/blog\/decoration-facade-moderne\/","title":{"rendered":"D\u00e9corer sa fa\u00e7ade ext\u00e9rieure : id\u00e9es inspirantes pour une allure moderne"},"content":{"rendered":"<p>\u00c9pater vos visiteurs d\u00e8s leur arriv\u00e9e chez vous, c\u2019est un peu le r\u00eave de tout propri\u00e9taire. Qui ne r\u00eaverait pas d\u2019une fa\u00e7ade aussi accueillante qu&rsquo;\u00e9l\u00e9gante, capable de raconter une histoire, de montrer votre personnalit\u00e9 et de faire bonne impression ? Les nouvelles tendances de <strong>la d\u00e9coration ext\u00e9rieure<\/strong> en 2025 ont encore plus \u00e0 offrir, et il est temps de jouer avec les couleurs, les mat\u00e9riaux et les id\u00e9es astucieuses pour donner une nouvelle vie \u00e0 votre habitation. Suivez le guide pour transformer votre fa\u00e7ade et faire de votre maison un v\u00e9ritable chef-d&rsquo;\u0153uvre architectural.<\/p>\n\n<h2 class=\"wp-block-heading\">Les mat\u00e9riaux et rev\u00eatements pour une fa\u00e7ade moderne<\/h2>\n\n<p>Le choix des mat\u00e9riaux est crucial lorsqu\u2019il s\u2019agit de transformer l\u2019aspect de votre fa\u00e7ade. En 2025, les tendances \u00e9voluent vers des <strong>mat\u00e9riaux contemporains<\/strong> qui allient esth\u00e9tique et fonctionnalit\u00e9. Voici quelques options qui pourraient te s\u00e9duire :<\/p>\n\n<ul class=\"wp-block-list\"><li>La <strong>fa\u00e7ade en pierre<\/strong> \ud83c\udf04 : Authentique et p\u00e9renne, elle \u00e9voque un caract\u00e8re robuste et chaleureux. Elle s&rsquo;int\u00e8gre parfaitement dans des environnements naturels.<\/li><li>Le <strong>rev\u00eatement en bois<\/strong> \ud83c\udf33 : Un ind\u00e9modable qui apporte une touche chaleureuse. Que ce soit un style contemporain ou traditionnel, le bois sait s\u2019adapter.<\/li><li>Le <strong>cr\u00e9pi<\/strong> \ud83c\udfa8 : Pratique et facile \u00e0 entretenir, il te permet de jouer sur les couleurs pour donner du relief \u00e0 ta fa\u00e7ade. Avec une bonne application, il peut cr\u00e9er des effets incroyables.<\/li><li>Les <strong>mat\u00e9riaux vitreux<\/strong> \ud83c\udf1f : Pour un look r\u00e9solument moderne, envisage des panneaux en verre qui refl\u00e8tent la lumi\u00e8re. Ce choix n\u2019est pas seulement esth\u00e9tique; il contribue \u00e9galement \u00e0 cr\u00e9er des espaces lumineux.<\/li><\/ul>\n\n<p>En associant ces mat\u00e9riaux, tu peux cr\u00e9er un ensemble harmonieux et surtout personnalis\u00e9. C\u2019est l\u00e0 tout l\u2019int\u00e9r\u00eat : chaque d\u00e9tail compte pour faire de ta fa\u00e7ade une \u0153uvre unique qui respire le style.<\/p>\n\n<h3 class=\"wp-block-heading\">Des rev\u00eatements muraux qui font la diff\u00e9rence<\/h3>\n\n<p>Les rev\u00eatements muraux peuvent r\u00e9ellement dynamiser ton espace. Exploiter la dualit\u00e9 entre le bois et la pierre, par exemple, permet d\u2019incorporer \u00e0 la fois de la chaleur et de la robustesse. Une teinte brune pour le bois et un gris doux pour la pierre cr\u00e9ent un contraste sublime et chaleureux. C\u2019est un peu comme marier des saveurs audacieuses dans une recette surprenante.<\/p>\n\n<p>De m\u00eame, n\u2019h\u00e9site pas \u00e0 marier le rev\u00eatement mural avec des \u00e9l\u00e9ments d\u00e9coratifs comme des jardini\u00e8res en bois ou des structures en m\u00e9tal, pour une fa\u00e7ade qui respire l\u2019harmonie. La cl\u00e9 r\u00e9side dans l\u2019\u00e9quilibre : un m\u00e9lange trop charg\u00e9 peut rapidement donner un aspect cacophonique. Opte plut\u00f4t pour une approche minimaliste tout en \u00e9tant audacieuse.<\/p>\n\n<h2 class=\"wp-block-heading\">\u00c9l\u00e9ments d\u00e9coratifs pour une fa\u00e7ade personnalis\u00e9e<\/h2>\n\n<p>Int\u00e9grer des \u00e9l\u00e9ments d\u00e9coratifs est une autre fa\u00e7on de pimper ta fa\u00e7ade. Qu\u2019il s\u2019agisse de mat\u00e9riaux malins, de couleurs tendances ou m\u00eame de motifs audacieux, il existe de nombreuses fa\u00e7ons d\u2019y parvenir.<\/p>\n\n<h3 class=\"wp-block-heading\">Les plantes grimpantes comme atouts d\u00e9coratifs<\/h3>\n\n<p>Les <strong>plantes grimpantes<\/strong> \ud83c\udf31 sont un excellent moyen d\u2019ajouter une touche de verdure tout en embellissant votre espace. Que tu choisisses du lierre pour un look classique ou de la vigne vierge pour une ambiance plus champ\u00eatre, les options sont multiples. En orientant soigneusement ces plantes autour de tes ouvertures, tu pourras cr\u00e9er une fa\u00e7ade respirant la vie.<\/p>\n\n<h3 class=\"wp-block-heading\">Les d\u00e9tails architecturaux<\/h3>\n\n<p>Pense \u00e0 ajouter quelques <strong>d\u00e9tails architecturaux<\/strong> \ud83c\udfdb\ufe0f, comme des corniches d\u00e9coratives ou des motifs g\u00e9om\u00e9triques peints. Ces \u00e9l\u00e9ments ne servent pas seulement \u00e0 embellir, mais apportent aussi une dimension suppl\u00e9mentaire \u00e0 votre fa\u00e7ade. Parfois, un simple ajout peut faire toute la diff\u00e9rence.<\/p>\n\n<h3 class=\"wp-block-heading\">Les volets et ouvertures<\/h3>\n\n<p>Les volets en bois color\u00e9s sont \u00e9galement un choix judicieux. Ils ajoutent non seulement une touche chaleureuse, mais aussi un jeu de contraste avec la fa\u00e7ade principale. Choisir une couleur joyeuse peut cr\u00e9er un effet de surprise et renforcer le caract\u00e8re de ta maison. Tu peux m\u00eame envisager des fen\u00eatres en m\u00e9tal pour un look plus contemporain qui rehausse l\u2019ensemble.<\/p>\n\n<h2 class=\"wp-block-heading\">Les couleurs tendances pour une fa\u00e7ade \u00e9clatante<\/h2>\n\n<p>La couleur joue un r\u00f4le primordial dans l&rsquo;harmonie g\u00e9n\u00e9rale de ta fa\u00e7ade. Pour choisir des teintes adapt\u00e9es, soigner son choix peut ouvrir de nombreuses possibilit\u00e9s. Voici quelques suggestions pour donner du pep \u00e0 ta fa\u00e7ade :<\/p>\n\n<ul class=\"wp-block-list\"><li><strong>Les teintes neutres<\/strong> \u26aa : Blanc, beige ou gris sont des classiques qui apportent dignit\u00e9 et sophistication. Elles permettent aussi de faire ressortir d&rsquo;autres \u00e9l\u00e9ments de d\u00e9coration.<\/li><li><strong>Les couleurs vives<\/strong> \ud83c\udf08 : Pour une touche dynamique, ose des teintes comme le bleu, le rouge ou le vert. Ces couleurs audacieuses insufflent de la joie et ajoutent une note unique \u00e0 ta maison.<\/li><\/ul>\n\n<p>L\u2019important est de respecter l&rsquo;univers architectural de ton environnement. Une fa\u00e7ade en couleurs ne doit pas d\u00e9toner ; elle doit plut\u00f4t s\u2019int\u00e9grer harmonieusement dans son cadre. Pense \u00e0 prendre un moment pour observer les fa\u00e7ades historiques environnantes et esp\u00e9rer trouver l\u2019inspiration.<\/p>\n\n<h2 class=\"wp-block-heading\">L&rsquo;illumination ext\u00e9rieure pour un effet spectaculaire<\/h2>\n\n<p>L\u2019\u00e9clairage joue un r\u00f4le fondamental dans la mise en valeur de la fa\u00e7ade. Un bon <strong>\u00e9clairage ext\u00e9rieur<\/strong> \ud83d\udca1 pourra faire \u00e9tonnamment vibrer votre fa\u00e7ade le soir, transformant ainsi son allure. Voici quelques id\u00e9es :<\/p>\n\n<ul class=\"wp-block-list\"><li><strong>Les appliques murales<\/strong> \ud83d\udd6f\ufe0f : Utilise-les pour \u00e9clairer des zones sp\u00e9cifiques et cr\u00e9er une ambiance chaleureuse. Ces d\u00e9tails ajoutent \u00e9galement de la dimension \u00e0 l\u2019architecture de ton espace.<\/li><li><strong>Les spots encastr\u00e9s<\/strong> \ud83c\udf0c : Int\u00e8gre-les dans le sol ou autour de la toiture pour un \u00e9clairage discret mais efficace.<\/li><li><strong>Les lampadaires de jardin<\/strong> \ud83c\udfee : Ils peuvent embellir les all\u00e9es et offrir une plus-value esth\u00e9tique \u00e0 ton jardin. Pense \u00e0 des mod\u00e8les harmonieux, qui se marient bien avec ta fa\u00e7ade.<\/li><\/ul>\n\n<p>Ces \u00e9l\u00e9ments, pris ensemble, permettent d&rsquo;arriver \u00e0 un r\u00e9sultat harmonieux, et rien de tel qu\u2019une belle illumination pour clore une belle journ\u00e9e d&rsquo;\u00e9t\u00e9, non ?<\/p>\n\n<h2 class=\"wp-block-heading\">Optimiser et entretenir votre espace ext\u00e9rieur<\/h2>\n\n<p>Une fois ta fa\u00e7ade optimis\u00e9e et embellie, l&rsquo;entretien devient crucial. Sans un bon entretien, m\u00eame les plus belles cr\u00e9ations peuvent perdre leur \u00e9clat. En 2025, l\u2019accent est mis sur des solutions durables qui allient esth\u00e9tique et facilit\u00e9 d\u2019entretien. Voici quelques conseils pratiques :<\/p>\n\n<ul class=\"wp-block-list\"><li><strong>Un nettoyage r\u00e9gulier<\/strong> \ud83d\udca6 pour pr\u00e9server la beaut\u00e9 de ta fa\u00e7ade. Faire appel \u00e0 des services innovants comme le <a href=\"http:\/\/www.habitat-design.net\/blog\/nettoyage-de-facade-avec-drone\/\">nettoyage par drone<\/a> pourrait \u00eatre une option \u00e0 envisager.<\/li><li><strong>Une bonne gestion des plantes<\/strong> \ud83c\udf3b : \u00c9viter qu\u2019elles n\u2019envahissent tout l\u2019espace en les taillant r\u00e9guli\u00e8rement maintiendra une certaine structure.<\/li><li><strong>V\u00e9rifier les installations<\/strong> \ud83d\udee0\ufe0f : Il est important de s\u2019assurer que tous les \u00e9l\u00e9ments d\u00e9coratifs sont bien fix\u00e9s. Cela \u00e9vitera des accidents et des d\u00e9sagr\u00e9ments.<\/li><\/ul>\n\n<p>Enfin, n\u2019oublie pas que chaque maison a une histoire. En cr\u00e9ant un ext\u00e9rieur qui te ressemble, tu renforces la personnalit\u00e9 de ton espace de vie. N&rsquo;h\u00e9site pas \u00e0 te lancer dans les projets DIY pour rendre cet espace encore plus personnel.<\/p>\n\n<script type=\"application\/ld+json\">\n{\"@context\":\"https:\/\/schema.org\",\"@type\":\"FAQPage\",\"mainEntity\":[{\"@type\":\"Question\",\"name\":\"Comment choisir les couleurs pour ma fau00e7ade ?\",\"acceptedAnswer\":{\"@type\":\"Answer\",\"text\":\"Optez pour des couleurs qui s'harmonisent avec votre environnement tout en intu00e9grant des teintes qui vous plaisent. Pensez aussi aux effets de contraste.\"}},{\"@type\":\"Question\",\"name\":\"Quels types de matu00e9riaux sont les plus durables ?\",\"acceptedAnswer\":{\"@type\":\"Answer\",\"text\":\"Les matu00e9riaux comme la pierre et le bois traitu00e9s sont u00e0 la fois esthu00e9tiques et ru00e9sistant aux intempu00e9ries. Ils peuvent parcourir le temps sans perdre de leur u00e9clat.\"}},{\"@type\":\"Question\",\"name\":\"Comment intu00e9grer des plantes grimpantes efficacement ?\",\"acceptedAnswer\":{\"@type\":\"Answer\",\"text\":\"Choisissez des plantes adaptu00e9es au climat local et placez-les de maniu00e8re u00e0 ce qu'elles n'endommagent pas la fau00e7ade. L'entrau00eenement ru00e9gulier est u00e9galement crucial.\"}},{\"@type\":\"Question\",\"name\":\"Quel u00e9clairage choisir pour valoriser ma fau00e7ade ?\",\"acceptedAnswer\":{\"@type\":\"Answer\",\"text\":\"Envisagez des appliques murales et des spots encastru00e9s pour un u00e9clairage subtil, tout en faisant attention u00e0 ne pas rendre votre fau00e7ade trop u00e9clairu00e9e.\"}},{\"@type\":\"Question\",\"name\":\"Comment effectuer l'entretien de ma fau00e7ade ?\",\"acceptedAnswer\":{\"@type\":\"Answer\",\"text\":\"Un nettoyage ru00e9gulier et des vu00e9rifications des installations garantissent une fau00e7ade impeccable. Envisagez de faire appel u00e0 des professionnels pour un entretien pu00e9riodique.\"}}]}\n<\/script>\n<h3>Comment choisir les couleurs pour ma fa\u00e7ade ?<\/h3>\n<p>Optez pour des couleurs qui s&rsquo;harmonisent avec votre environnement tout en int\u00e9grant des teintes qui vous plaisent. Pensez aussi aux effets de contraste.<\/p>\n<h3>Quels types de mat\u00e9riaux sont les plus durables ?<\/h3>\n<p>Les mat\u00e9riaux comme la pierre et le bois trait\u00e9s sont \u00e0 la fois esth\u00e9tiques et r\u00e9sistant aux intemp\u00e9ries. Ils peuvent parcourir le temps sans perdre de leur \u00e9clat.<\/p>\n<h3>Comment int\u00e9grer des plantes grimpantes efficacement ?<\/h3>\n<p>Choisissez des plantes adapt\u00e9es au climat local et placez-les de mani\u00e8re \u00e0 ce qu&rsquo;elles n&rsquo;endommagent pas la fa\u00e7ade. L&rsquo;entra\u00eenement r\u00e9gulier est \u00e9galement crucial.<\/p>\n<h3>Quel \u00e9clairage choisir pour valoriser ma fa\u00e7ade ?<\/h3>\n<p>Envisagez des appliques murales et des spots encastr\u00e9s pour un \u00e9clairage subtil, tout en faisant attention \u00e0 ne pas rendre votre fa\u00e7ade trop \u00e9clair\u00e9e.<\/p>\n<h3>Comment effectuer l&rsquo;entretien de ma fa\u00e7ade ?<\/h3>\n<p>Un nettoyage r\u00e9gulier et des v\u00e9rifications des installations garantissent une fa\u00e7ade impeccable. Envisagez de faire appel \u00e0 des professionnels pour un entretien p\u00e9riodique.<\/p>\n\n","protected":false},"excerpt":{"rendered":"<p>\u00c9pater vos visiteurs d\u00e8s leur arriv\u00e9e chez vous, c\u2019est un peu le r\u00eave de tout propri\u00e9taire. Qui ne r\u00eaverait pas d\u2019une fa\u00e7ade aussi accueillante qu&rsquo;\u00e9l\u00e9gante, capable de raconter une histoire, de montrer votre personnalit\u00e9 et de faire bonne impression ? Les nouvelles tendances de la d\u00e9coration ext\u00e9rieure en 2025 ont encore plus \u00e0 offrir, et &#8230; <a title=\"D\u00e9corer sa fa\u00e7ade ext\u00e9rieure : id\u00e9es inspirantes pour une allure moderne\" class=\"read-more\" href=\"https:\/\/www.habitat-design.net\/blog\/decoration-facade-moderne\/\" aria-label=\"En savoir plus sur D\u00e9corer sa fa\u00e7ade ext\u00e9rieure : id\u00e9es inspirantes pour une allure moderne\">Lire plus<\/a><\/p>\n","protected":false},"author":1,"featured_media":1967,"comment_status":"","ping_status":"","sticky":false,"template":"","format":"standard","meta":{"footnotes":""},"categories":[1],"tags":[739,737,151,738,339],"class_list":["post-1968","post","type-post","status-publish","format-standard","has-post-thumbnail","hentry","category-maison","tag-allure-moderne","tag-decoration-facade","tag-design-exterieur","tag-facade-exterieure","tag-idees-deco"],"yoast_head":"<!-- This site is optimized with the Yoast SEO plugin v26.8 - https:\/\/yoast.com\/product\/yoast-seo-wordpress\/ -->\n<title>Fa\u00e7ades Modernes : Inspirations et Astuces D\u00e9co<\/title>\n<meta name=\"description\" content=\"D\u00e9couvrez des id\u00e9es inspirantes pour d\u00e9corer votre fa\u00e7ade ext\u00e9rieure et offrir une allure moderne \u00e0 votre maison. Conseils faciles et tendances.\" \/>\n<meta name=\"robots\" content=\"index, follow, max-snippet:-1, max-image-preview:large, max-video-preview:-1\" \/>\n<link rel=\"canonical\" href=\"https:\/\/www.habitat-design.net\/blog\/decoration-facade-moderne\/\" \/>\n<meta property=\"og:locale\" content=\"fr_FR\" \/>\n<meta property=\"og:type\" content=\"article\" \/>\n<meta property=\"og:title\" content=\"Fa\u00e7ades Modernes : Inspirations et Astuces D\u00e9co\" \/>\n<meta property=\"og:description\" content=\"D\u00e9couvrez des id\u00e9es inspirantes pour d\u00e9corer votre fa\u00e7ade ext\u00e9rieure et offrir une allure moderne \u00e0 votre maison. Conseils faciles et tendances.\" \/>\n<meta property=\"og:url\" content=\"https:\/\/www.habitat-design.net\/blog\/decoration-facade-moderne\/\" \/>\n<meta property=\"article:published_time\" content=\"2025-12-15T06:31:09+00:00\" \/>\n<meta property=\"og:image\" content=\"https:\/\/www.habitat-design.net\/blog\/wp-content\/uploads\/2025\/12\/Decorer-sa-facade-exterieure-idees-inspirantes-pour-une-allure-moderne.jpg\" \/>\n\t<meta property=\"og:image:width\" content=\"1344\" \/>\n\t<meta property=\"og:image:height\" content=\"768\" \/>\n\t<meta property=\"og:image:type\" content=\"image\/jpeg\" \/>\n<meta name=\"author\" content=\"Julien Laurent\" \/>\n<meta name=\"twitter:card\" content=\"summary_large_image\" \/>\n<meta name=\"twitter:label1\" content=\"\u00c9crit par\" \/>\n\t<meta name=\"twitter:data1\" content=\"Julien Laurent\" \/>\n\t<meta name=\"twitter:label2\" content=\"Dur\u00e9e de lecture estim\u00e9e\" \/>\n\t<meta name=\"twitter:data2\" content=\"7 minutes\" \/>\n<script type=\"application\/ld+json\" class=\"yoast-schema-graph\">{\"@context\":\"https:\/\/schema.org\",\"@graph\":[{\"@type\":\"Article\",\"@id\":\"https:\/\/www.habitat-design.net\/blog\/decoration-facade-moderne\/#article\",\"isPartOf\":{\"@id\":\"https:\/\/www.habitat-design.net\/blog\/decoration-facade-moderne\/\"},\"author\":{\"name\":\"Julien Laurent\",\"@id\":\"https:\/\/www.habitat-design.net\/blog\/#\/schema\/person\/f81363ecfab7ff0bfb976328793ce2e5\"},\"headline\":\"D\u00e9corer sa fa\u00e7ade ext\u00e9rieure : id\u00e9es inspirantes pour une allure moderne\",\"datePublished\":\"2025-12-15T06:31:09+00:00\",\"mainEntityOfPage\":{\"@id\":\"https:\/\/www.habitat-design.net\/blog\/decoration-facade-moderne\/\"},\"wordCount\":1382,\"image\":{\"@id\":\"https:\/\/www.habitat-design.net\/blog\/decoration-facade-moderne\/#primaryimage\"},\"thumbnailUrl\":\"https:\/\/www.habitat-design.net\/blog\/wp-content\/uploads\/2025\/12\/Decorer-sa-facade-exterieure-idees-inspirantes-pour-une-allure-moderne.jpg\",\"keywords\":[\"allure moderne\",\"d\u00e9coration fa\u00e7ade\",\"design ext\u00e9rieur\",\"fa\u00e7ade ext\u00e9rieure\",\"id\u00e9es d\u00e9co\"],\"articleSection\":[\"Maison &amp; d\u00e9coration\"],\"inLanguage\":\"fr-FR\"},{\"@type\":\"WebPage\",\"@id\":\"https:\/\/www.habitat-design.net\/blog\/decoration-facade-moderne\/\",\"url\":\"https:\/\/www.habitat-design.net\/blog\/decoration-facade-moderne\/\",\"name\":\"Fa\u00e7ades Modernes : Inspirations et Astuces D\u00e9co\",\"isPartOf\":{\"@id\":\"https:\/\/www.habitat-design.net\/blog\/#website\"},\"primaryImageOfPage\":{\"@id\":\"https:\/\/www.habitat-design.net\/blog\/decoration-facade-moderne\/#primaryimage\"},\"image\":{\"@id\":\"https:\/\/www.habitat-design.net\/blog\/decoration-facade-moderne\/#primaryimage\"},\"thumbnailUrl\":\"https:\/\/www.habitat-design.net\/blog\/wp-content\/uploads\/2025\/12\/Decorer-sa-facade-exterieure-idees-inspirantes-pour-une-allure-moderne.jpg\",\"datePublished\":\"2025-12-15T06:31:09+00:00\",\"author\":{\"@id\":\"https:\/\/www.habitat-design.net\/blog\/#\/schema\/person\/f81363ecfab7ff0bfb976328793ce2e5\"},\"description\":\"D\u00e9couvrez des id\u00e9es inspirantes pour d\u00e9corer votre fa\u00e7ade ext\u00e9rieure et offrir une allure moderne \u00e0 votre maison. Conseils faciles et tendances.\",\"breadcrumb\":{\"@id\":\"https:\/\/www.habitat-design.net\/blog\/decoration-facade-moderne\/#breadcrumb\"},\"inLanguage\":\"fr-FR\",\"potentialAction\":[{\"@type\":\"ReadAction\",\"target\":[\"https:\/\/www.habitat-design.net\/blog\/decoration-facade-moderne\/\"]}]},{\"@type\":\"ImageObject\",\"inLanguage\":\"fr-FR\",\"@id\":\"https:\/\/www.habitat-design.net\/blog\/decoration-facade-moderne\/#primaryimage\",\"url\":\"https:\/\/www.habitat-design.net\/blog\/wp-content\/uploads\/2025\/12\/Decorer-sa-facade-exterieure-idees-inspirantes-pour-une-allure-moderne.jpg\",\"contentUrl\":\"https:\/\/www.habitat-design.net\/blog\/wp-content\/uploads\/2025\/12\/Decorer-sa-facade-exterieure-idees-inspirantes-pour-une-allure-moderne.jpg\",\"width\":1344,\"height\":768,\"caption\":\"d\u00e9couvrez des id\u00e9es inspirantes pour d\u00e9corer votre fa\u00e7ade ext\u00e9rieure et lui donner une allure moderne et \u00e9l\u00e9gante. transformez votre maison avec des conseils de design innovants et tendances.\"},{\"@type\":\"BreadcrumbList\",\"@id\":\"https:\/\/www.habitat-design.net\/blog\/decoration-facade-moderne\/#breadcrumb\",\"itemListElement\":[{\"@type\":\"ListItem\",\"position\":1,\"name\":\"Accueil\",\"item\":\"https:\/\/www.habitat-design.net\/blog\/\"},{\"@type\":\"ListItem\",\"position\":2,\"name\":\"D\u00e9corer sa fa\u00e7ade ext\u00e9rieure : id\u00e9es inspirantes pour une allure moderne\"}]},{\"@type\":\"WebSite\",\"@id\":\"https:\/\/www.habitat-design.net\/blog\/#website\",\"url\":\"https:\/\/www.habitat-design.net\/blog\/\",\"name\":\"\",\"description\":\"\",\"potentialAction\":[{\"@type\":\"SearchAction\",\"target\":{\"@type\":\"EntryPoint\",\"urlTemplate\":\"https:\/\/www.habitat-design.net\/blog\/?s={search_term_string}\"},\"query-input\":{\"@type\":\"PropertyValueSpecification\",\"valueRequired\":true,\"valueName\":\"search_term_string\"}}],\"inLanguage\":\"fr-FR\"},{\"@type\":\"Person\",\"@id\":\"https:\/\/www.habitat-design.net\/blog\/#\/schema\/person\/f81363ecfab7ff0bfb976328793ce2e5\",\"name\":\"Julien Laurent\",\"image\":{\"@type\":\"ImageObject\",\"inLanguage\":\"fr-FR\",\"@id\":\"https:\/\/www.habitat-design.net\/blog\/#\/schema\/person\/image\/\",\"url\":\"https:\/\/secure.gravatar.com\/avatar\/36c5f08b15b2f828b41156cb6e69b449?s=96&d=mm&r=g\",\"contentUrl\":\"https:\/\/secure.gravatar.com\/avatar\/36c5f08b15b2f828b41156cb6e69b449?s=96&d=mm&r=g\",\"caption\":\"Julien Laurent\"},\"description\":\"Julien Laurent est un blogueur passionn\u00e9 par le domaine de la d\u00e9coration int\u00e9rieure et du design. Avec un dipl\u00f4me en design d'int\u00e9rieur et plusieurs ann\u00e9es d'exp\u00e9rience en tant que d\u00e9corateur, il partage des conseils pratiques pour embellir et optimiser les espaces de vie. Ses articles inspirants et informatifs visent \u00e0 aider ses lecteurs \u00e0 cr\u00e9er des int\u00e9rieurs harmonieux et esth\u00e9tiques, refl\u00e9tant leur personnalit\u00e9 et leur style.\",\"sameAs\":[\"http:\/\/www.habitat-design.net\/blog\"],\"url\":\"https:\/\/www.habitat-design.net\/blog\/author\/contacthabitat-design-net\/\"}]}<\/script>\n<!-- \/ Yoast SEO plugin. -->","yoast_head_json":{"title":"Fa\u00e7ades Modernes : Inspirations et Astuces D\u00e9co","description":"D\u00e9couvrez des id\u00e9es inspirantes pour d\u00e9corer votre fa\u00e7ade ext\u00e9rieure et offrir une allure moderne \u00e0 votre maison. Conseils faciles et tendances.","robots":{"index":"index","follow":"follow","max-snippet":"max-snippet:-1","max-image-preview":"max-image-preview:large","max-video-preview":"max-video-preview:-1"},"canonical":"https:\/\/www.habitat-design.net\/blog\/decoration-facade-moderne\/","og_locale":"fr_FR","og_type":"article","og_title":"Fa\u00e7ades Modernes : Inspirations et Astuces D\u00e9co","og_description":"D\u00e9couvrez des id\u00e9es inspirantes pour d\u00e9corer votre fa\u00e7ade ext\u00e9rieure et offrir une allure moderne \u00e0 votre maison. Conseils faciles et tendances.","og_url":"https:\/\/www.habitat-design.net\/blog\/decoration-facade-moderne\/","article_published_time":"2025-12-15T06:31:09+00:00","og_image":[{"width":1344,"height":768,"url":"https:\/\/www.habitat-design.net\/blog\/wp-content\/uploads\/2025\/12\/Decorer-sa-facade-exterieure-idees-inspirantes-pour-une-allure-moderne.jpg","type":"image\/jpeg"}],"author":"Julien Laurent","twitter_card":"summary_large_image","twitter_misc":{"\u00c9crit par":"Julien Laurent","Dur\u00e9e de lecture estim\u00e9e":"7 minutes"},"schema":{"@context":"https:\/\/schema.org","@graph":[{"@type":"Article","@id":"https:\/\/www.habitat-design.net\/blog\/decoration-facade-moderne\/#article","isPartOf":{"@id":"https:\/\/www.habitat-design.net\/blog\/decoration-facade-moderne\/"},"author":{"name":"Julien Laurent","@id":"https:\/\/www.habitat-design.net\/blog\/#\/schema\/person\/f81363ecfab7ff0bfb976328793ce2e5"},"headline":"D\u00e9corer sa fa\u00e7ade ext\u00e9rieure : id\u00e9es inspirantes pour une allure moderne","datePublished":"2025-12-15T06:31:09+00:00","mainEntityOfPage":{"@id":"https:\/\/www.habitat-design.net\/blog\/decoration-facade-moderne\/"},"wordCount":1382,"image":{"@id":"https:\/\/www.habitat-design.net\/blog\/decoration-facade-moderne\/#primaryimage"},"thumbnailUrl":"https:\/\/www.habitat-design.net\/blog\/wp-content\/uploads\/2025\/12\/Decorer-sa-facade-exterieure-idees-inspirantes-pour-une-allure-moderne.jpg","keywords":["allure moderne","d\u00e9coration fa\u00e7ade","design ext\u00e9rieur","fa\u00e7ade ext\u00e9rieure","id\u00e9es d\u00e9co"],"articleSection":["Maison &amp; d\u00e9coration"],"inLanguage":"fr-FR"},{"@type":"WebPage","@id":"https:\/\/www.habitat-design.net\/blog\/decoration-facade-moderne\/","url":"https:\/\/www.habitat-design.net\/blog\/decoration-facade-moderne\/","name":"Fa\u00e7ades Modernes : Inspirations et Astuces D\u00e9co","isPartOf":{"@id":"https:\/\/www.habitat-design.net\/blog\/#website"},"primaryImageOfPage":{"@id":"https:\/\/www.habitat-design.net\/blog\/decoration-facade-moderne\/#primaryimage"},"image":{"@id":"https:\/\/www.habitat-design.net\/blog\/decoration-facade-moderne\/#primaryimage"},"thumbnailUrl":"https:\/\/www.habitat-design.net\/blog\/wp-content\/uploads\/2025\/12\/Decorer-sa-facade-exterieure-idees-inspirantes-pour-une-allure-moderne.jpg","datePublished":"2025-12-15T06:31:09+00:00","author":{"@id":"https:\/\/www.habitat-design.net\/blog\/#\/schema\/person\/f81363ecfab7ff0bfb976328793ce2e5"},"description":"D\u00e9couvrez des id\u00e9es inspirantes pour d\u00e9corer votre fa\u00e7ade ext\u00e9rieure et offrir une allure moderne \u00e0 votre maison. Conseils faciles et tendances.","breadcrumb":{"@id":"https:\/\/www.habitat-design.net\/blog\/decoration-facade-moderne\/#breadcrumb"},"inLanguage":"fr-FR","potentialAction":[{"@type":"ReadAction","target":["https:\/\/www.habitat-design.net\/blog\/decoration-facade-moderne\/"]}]},{"@type":"ImageObject","inLanguage":"fr-FR","@id":"https:\/\/www.habitat-design.net\/blog\/decoration-facade-moderne\/#primaryimage","url":"https:\/\/www.habitat-design.net\/blog\/wp-content\/uploads\/2025\/12\/Decorer-sa-facade-exterieure-idees-inspirantes-pour-une-allure-moderne.jpg","contentUrl":"https:\/\/www.habitat-design.net\/blog\/wp-content\/uploads\/2025\/12\/Decorer-sa-facade-exterieure-idees-inspirantes-pour-une-allure-moderne.jpg","width":1344,"height":768,"caption":"d\u00e9couvrez des id\u00e9es inspirantes pour d\u00e9corer votre fa\u00e7ade ext\u00e9rieure et lui donner une allure moderne et \u00e9l\u00e9gante. transformez votre maison avec des conseils de design innovants et tendances."},{"@type":"BreadcrumbList","@id":"https:\/\/www.habitat-design.net\/blog\/decoration-facade-moderne\/#breadcrumb","itemListElement":[{"@type":"ListItem","position":1,"name":"Accueil","item":"https:\/\/www.habitat-design.net\/blog\/"},{"@type":"ListItem","position":2,"name":"D\u00e9corer sa fa\u00e7ade ext\u00e9rieure : id\u00e9es inspirantes pour une allure moderne"}]},{"@type":"WebSite","@id":"https:\/\/www.habitat-design.net\/blog\/#website","url":"https:\/\/www.habitat-design.net\/blog\/","name":"","description":"","potentialAction":[{"@type":"SearchAction","target":{"@type":"EntryPoint","urlTemplate":"https:\/\/www.habitat-design.net\/blog\/?s={search_term_string}"},"query-input":{"@type":"PropertyValueSpecification","valueRequired":true,"valueName":"search_term_string"}}],"inLanguage":"fr-FR"},{"@type":"Person","@id":"https:\/\/www.habitat-design.net\/blog\/#\/schema\/person\/f81363ecfab7ff0bfb976328793ce2e5","name":"Julien Laurent","image":{"@type":"ImageObject","inLanguage":"fr-FR","@id":"https:\/\/www.habitat-design.net\/blog\/#\/schema\/person\/image\/","url":"https:\/\/secure.gravatar.com\/avatar\/36c5f08b15b2f828b41156cb6e69b449?s=96&d=mm&r=g","contentUrl":"https:\/\/secure.gravatar.com\/avatar\/36c5f08b15b2f828b41156cb6e69b449?s=96&d=mm&r=g","caption":"Julien Laurent"},"description":"Julien Laurent est un blogueur passionn\u00e9 par le domaine de la d\u00e9coration int\u00e9rieure et du design. Avec un dipl\u00f4me en design d'int\u00e9rieur et plusieurs ann\u00e9es d'exp\u00e9rience en tant que d\u00e9corateur, il partage des conseils pratiques pour embellir et optimiser les espaces de vie. Ses articles inspirants et informatifs visent \u00e0 aider ses lecteurs \u00e0 cr\u00e9er des int\u00e9rieurs harmonieux et esth\u00e9tiques, refl\u00e9tant leur personnalit\u00e9 et leur style.","sameAs":["http:\/\/www.habitat-design.net\/blog"],"url":"https:\/\/www.habitat-design.net\/blog\/author\/contacthabitat-design-net\/"}]}},"views":3,"_links":{"self":[{"href":"https:\/\/www.habitat-design.net\/blog\/wp-json\/wp\/v2\/posts\/1968","targetHints":{"allow":["GET"]}}],"collection":[{"href":"https:\/\/www.habitat-design.net\/blog\/wp-json\/wp\/v2\/posts"}],"about":[{"href":"https:\/\/www.habitat-design.net\/blog\/wp-json\/wp\/v2\/types\/post"}],"author":[{"embeddable":true,"href":"https:\/\/www.habitat-design.net\/blog\/wp-json\/wp\/v2\/users\/1"}],"replies":[{"embeddable":true,"href":"https:\/\/www.habitat-design.net\/blog\/wp-json\/wp\/v2\/comments?post=1968"}],"version-history":[{"count":0,"href":"https:\/\/www.habitat-design.net\/blog\/wp-json\/wp\/v2\/posts\/1968\/revisions"}],"wp:featuredmedia":[{"embeddable":true,"href":"https:\/\/www.habitat-design.net\/blog\/wp-json\/wp\/v2\/media\/1967"}],"wp:attachment":[{"href":"https:\/\/www.habitat-design.net\/blog\/wp-json\/wp\/v2\/media?parent=1968"}],"wp:term":[{"taxonomy":"category","embeddable":true,"href":"https:\/\/www.habitat-design.net\/blog\/wp-json\/wp\/v2\/categories?post=1968"},{"taxonomy":"post_tag","embeddable":true,"href":"https:\/\/www.habitat-design.net\/blog\/wp-json\/wp\/v2\/tags?post=1968"}],"curies":[{"name":"wp","href":"https:\/\/api.w.org\/{rel}","templated":true}]}}