
{"id":1876,"date":"2025-11-05T07:43:57","date_gmt":"2025-11-05T06:43:57","guid":{"rendered":"https:\/\/www.habitat-design.net\/blog\/minimalisme-chaleureux-essence\/"},"modified":"2025-11-05T07:43:57","modified_gmt":"2025-11-05T06:43:57","slug":"minimalisme-chaleureux-essence","status":"publish","type":"post","link":"https:\/\/www.habitat-design.net\/blog\/minimalisme-chaleureux-essence\/","title":{"rendered":"Minimalisme chaleureux : garder l\u2019\u00e2me sans accumuler"},"content":{"rendered":"<p>Dans nos vies satur\u00e9es d\u2019objets et d\u2019informations, trouver un havre de paix chez soi devient un vrai d\u00e9fi. Le <strong>minimalisme chaleureux<\/strong> propose une alternative s\u00e9duisante : un int\u00e9rieur \u00e9pur\u00e9 mais qui ne sacrifie pas le confort ni la convivialit\u00e9. Loin de l\u2019image froide du simple minimalisme, cette tendance combine des mat\u00e9riaux naturels, une palette douce et un agencement r\u00e9fl\u00e9chi pour cr\u00e9er un espace \u00e0 la fois clair et accueillant. Tu vas d\u00e9couvrir comment utiliser le bois, le lin et la laine pour insuffler douceur et authenticit\u00e9, quelles couleurs privil\u00e9gier pour \u00e9viter la froideur et comment organiser tes meubles pour que ton logement reste fonctionnel tout en respirant la s\u00e9r\u00e9nit\u00e9.<\/p>\n\n<ul class=\"wp-block-list\"><li><strong>Utiliser des mat\u00e9riaux naturels<\/strong> comme le bois massif et la laine pour une ambiance tactile et chaleureuse.<\/li><li><strong>Opter pour une palette neutre avec des touches color\u00e9es<\/strong> telles que terracotta ou bleu nuit pour ancrer la pi\u00e8ce sans surcharger.<\/li><li><strong>Favoriser un \u00e9clairage modulable<\/strong> doux qui varie selon les heures pour un effet cosy et vivant.<\/li><li><strong>Choisir un mobilier fonctionnel et \u00e9pur\u00e9<\/strong>, \u00e0 l\u2019image des collections l\u00e9g\u00e8res de <a href=\"https:\/\/www.habitat-design.net\/blog\/le-minimalisme-dans-la-decoration-moins-cest-plus\/\">Ligne Roset<\/a> ou <a href=\"https:\/\/www.habitat-design.net\/blog\/decoration-japandi-simplicite-elegance\/\">Muji<\/a>, pour fluidifier les espaces.<\/li><li><strong>Accessoiriser avec mod\u00e9ration<\/strong>, en s\u00e9lectionnant des pi\u00e8ces artisanales ou design qui apportent une vraie personnalit\u00e9.<\/li><\/ul>\n\n<h2 class=\"wp-block-heading\">Des mat\u00e9riaux qui insufflent chaleur et naturel<\/h2>\n\n<p>Pour que ton int\u00e9rieur minimaliste d\u00e9gage une atmosph\u00e8re enveloppante, le choix des mat\u00e9riaux est primordial. Le bois massif, notamment en ch\u00eane ou noyer, impose une pr\u00e9sence noble tout en \u00e9tant doux au toucher. Il structure l\u2019espace sans lourdeur, que ce soit sur les meubles ou les rev\u00eatements. Les marques comme <a href=\"https:\/\/www.habitat-design.net\/blog\/tendances-deco-deco38-2025\/\">Merci<\/a> et Maison Sarah Lavoine brillent par leurs collections o\u00f9 le bois naturel s\u2019harmonise \u00e0 des lignes \u00e9pur\u00e9es.<\/p>\n\n<p>Les textiles jouent aussi leur r\u00f4le avec les tapis en laine \u00e9paisse ou les rideaux en lin lav\u00e9. Ces textures vari\u00e9es combinent confort et design, comme chez Caravane qui propose des tissus artisanaux, parfaits pour \u00e9viter la sensation de froideur souvent reproch\u00e9e aux d\u00e9cors minimalistes. Evite les surfaces brillantes et favorise les finitions mates : c\u00e9ramiques douces de Tiptoe ou accessoires en terracotta compl\u00e8tent cette base chaleureuse.<\/p>\n\n<figure class=\"wp-block-image size-full\"><img decoding=\"async\" width=\"1344\" height=\"768\" src=\"https:\/\/www.habitat-design.net\/blog\/wp-content\/uploads\/2025\/11\/Minimalisme-chaleureux-garder-lame-sans-accumuler-1.jpg\" alt=\"d\u00e9couvrez le minimalisme chaleureux : une approche pour conserver l&#039;\u00e2me et l&#039;authenticit\u00e9 de votre int\u00e9rieur sans accumuler inutilement.\" class=\"wp-image-1875\" srcset=\"https:\/\/www.habitat-design.net\/blog\/wp-content\/uploads\/2025\/11\/Minimalisme-chaleureux-garder-lame-sans-accumuler-1.jpg 1344w, https:\/\/www.habitat-design.net\/blog\/wp-content\/uploads\/2025\/11\/Minimalisme-chaleureux-garder-lame-sans-accumuler-1-300x171.jpg 300w, https:\/\/www.habitat-design.net\/blog\/wp-content\/uploads\/2025\/11\/Minimalisme-chaleureux-garder-lame-sans-accumuler-1-1024x585.jpg 1024w, https:\/\/www.habitat-design.net\/blog\/wp-content\/uploads\/2025\/11\/Minimalisme-chaleureux-garder-lame-sans-accumuler-1-768x439.jpg 768w\" sizes=\"(max-width: 1344px) 100vw, 1344px\" \/><\/figure>\n\n<h3 class=\"wp-block-heading\">Les cl\u00e9s pour int\u00e9grer ces mat\u00e9riaux chez toi<\/h3>\n\n<ol class=\"wp-block-list\"><li>Choisis un meuble phare en bois massif, comme une table ou un buffet, id\u00e9alement chez <a href=\"https:\/\/www.habitat-design.net\/blog\/deco-interieur-astuces-ikea\/\">La Redoute Int\u00e9rieurs<\/a>.<\/li><li>Pense aux textiles pour cr\u00e9er des zones confort avec un tapis ou des coussins en laine naturelle.<\/li><li>Utilise des rideaux en lin lav\u00e9 pour adoucir la lumi\u00e8re et cr\u00e9er une ambiance l\u00e9g\u00e8re.<\/li><li>Mixe assortiment en c\u00e9ramique mate et accessoires en terracotta pour ponctuer avec subtilit\u00e9.<\/li><li>Evite les surfaces brillantes qui refroidissent l\u2019ambiance, privil\u00e9gie la douceur au toucher et \u00e0 l\u2019\u0153il.<\/li><\/ol>\n\n<h2 class=\"wp-block-heading\">Une palette de couleurs pour mettre en valeur sobri\u00e9t\u00e9 et convivialit\u00e9<\/h2>\n\n<p>Le minimalisme chaleureux mise sur une base neutre, afin d\u2019ouvrir l\u2019espace, avec des blancs cass\u00e9s ou beiges sable en majorit\u00e9. Ces tons agissent comme un \u00e9crin lumineux, parfait pour magnifier les mat\u00e9riaux naturels. Pour ne pas sombrer dans l\u2019aust\u00e9rit\u00e9, ajoute des touches color\u00e9es avec des objets ou textiles terracotta, bleu nuit ou vert mousse. Ces couleurs organiques renforcent la sensation d\u2019accueil, \u00e0 l\u2019image des tendances propos\u00e9es par Hay ou Le Lab.<\/p>\n\n<p>Voici des id\u00e9es simples pour jouer avec la couleur :<\/p>\n\n<ul class=\"wp-block-list\"><li>Un coussin terracotta pos\u00e9 sur un canap\u00e9 clair cr\u00e9e un point chaud sans encombrement.<\/li><li>Un cadre bleu nuit accroch\u00e9 au mur apporte profondeur et \u00e9l\u00e9gance discr\u00e8te.<\/li><li>Des plantes en pot vert mousse ajoutent un souffle naturel et vivifiant.<\/li><li>Un tapis beige sable accentue la douceur en douceur, tout en harmonisant le mobilier.<\/li><li>Accessoires et luminaires jouent sur des variantes d\u2019ocre p\u00e2le pour diffuser une lumi\u00e8re douce.<\/li><\/ul>\n\n<h2 class=\"wp-block-heading\">Am\u00e9nagement : fluidit\u00e9, confort et fonctionnalit\u00e9<\/h2>\n\n<p>Un int\u00e9rieur minimaliste chaleureux privil\u00e9gie la circulation fluide et un mobilier simple mais pratique. L\u2019essentiel est d\u2019optimiser l\u2019espace avec des meubles multifonctions, comme les mod\u00e8les de <a href=\"https:\/\/www.habitat-design.net\/blog\/le-minimalisme-dans-la-decoration-moins-cest-plus\/\">Tiptoe<\/a> ou Ligne Roset, sign\u00e9s pour mixer esth\u00e9tique et utilit\u00e9. Le rangement est la cl\u00e9 : il faut pouvoir d\u00e9sencombrer pour que chaque objet ait sa place et que la pi\u00e8ce respire.<\/p>\n\n<p>L\u2019\u00e9clairage joue un r\u00f4le vital pour transmettre cette atmosph\u00e8re accueillante. Il faut multiplier les sources lumineuses, pr\u00e9f\u00e9rer une lumi\u00e8re chaude et modulable, avec des lampes \u00e0 intensit\u00e9 variable et des suspensions en mat\u00e9riaux naturels. Pablo Designs propose des luminaires \u00e9pur\u00e9s qui s\u2019adaptent parfaitement \u00e0 ce style. La lumi\u00e8re naturelle doit rester privil\u00e9gi\u00e9e pour ajuster les teintes et r\u00e9v\u00e9ler la texture des mati\u00e8res.<\/p>\n\n<h3 class=\"wp-block-heading\">Les \u00e9tapes pour agencer ton espace minimaliste chaleureux<\/h3>\n\n<ol class=\"wp-block-list\"><li>D\u00e9finis les zones de vie pour garantir aisance de mouvement et convivialit\u00e9.<\/li><li>S\u00e9lectionne des rangements discrets, int\u00e9gr\u00e9s ou multifonctions, pour \u00e9viter le chaos visuel.<\/li><li>Installe une vari\u00e9t\u00e9 de luminaires avec temp\u00e9rature chaude, accessible via variateurs d\u2019intensit\u00e9.<\/li><li>Choisis des meubles aux lignes \u00e9pur\u00e9es, avec des pieds fins pour all\u00e9ger l\u2019ensemble.<\/li><li>Dispose quelques accessoires choisis avec soin pour personnaliser sans surcharger.<\/li><\/ol>\n\n","protected":false},"excerpt":{"rendered":"<p>Dans nos vies satur\u00e9es d\u2019objets et d\u2019informations, trouver un havre de paix chez soi devient un vrai d\u00e9fi. Le minimalisme chaleureux propose une alternative s\u00e9duisante : un int\u00e9rieur \u00e9pur\u00e9 mais qui ne sacrifie pas le confort ni la convivialit\u00e9. Loin de l\u2019image froide du simple minimalisme, cette tendance combine des mat\u00e9riaux naturels, une palette douce &#8230; <a title=\"Minimalisme chaleureux : garder l\u2019\u00e2me sans accumuler\" class=\"read-more\" href=\"https:\/\/www.habitat-design.net\/blog\/minimalisme-chaleureux-essence\/\" aria-label=\"En savoir plus sur Minimalisme chaleureux : garder l\u2019\u00e2me sans accumuler\">Lire plus<\/a><\/p>\n","protected":false},"author":1,"featured_media":1874,"comment_status":"","ping_status":"","sticky":false,"template":"","format":"standard","meta":{"footnotes":""},"categories":[1],"tags":[47,598,595,596,597],"class_list":["post-1876","post","type-post","status-publish","format-standard","has-post-thumbnail","hentry","category-maison","tag-decoration-interieure","tag-desencombrement","tag-minimalisme","tag-style-chaleureux","tag-vie-minimaliste"],"yoast_head":"<!-- This site is optimized with the Yoast SEO plugin v26.8 - https:\/\/yoast.com\/product\/yoast-seo-wordpress\/ -->\n<title>Minimalisme chaleureux : \u00e9purer sans perdre l\u2019essentiel<\/title>\n<meta name=\"description\" content=\"Adoptez le minimalisme chaleureux : cr\u00e9ez un int\u00e9rieur \u00e9pur\u00e9 et accueillant tout en pr\u00e9servant l\u2019\u00e2me de votre espace, sans accumuler.\" \/>\n<meta name=\"robots\" content=\"index, follow, max-snippet:-1, max-image-preview:large, max-video-preview:-1\" \/>\n<link rel=\"canonical\" href=\"https:\/\/www.habitat-design.net\/blog\/minimalisme-chaleureux-essence\/\" \/>\n<meta property=\"og:locale\" content=\"fr_FR\" \/>\n<meta property=\"og:type\" content=\"article\" \/>\n<meta property=\"og:title\" content=\"Minimalisme chaleureux : \u00e9purer sans perdre l\u2019essentiel\" \/>\n<meta property=\"og:description\" content=\"Adoptez le minimalisme chaleureux : cr\u00e9ez un int\u00e9rieur \u00e9pur\u00e9 et accueillant tout en pr\u00e9servant l\u2019\u00e2me de votre espace, sans accumuler.\" \/>\n<meta property=\"og:url\" content=\"https:\/\/www.habitat-design.net\/blog\/minimalisme-chaleureux-essence\/\" \/>\n<meta property=\"article:published_time\" content=\"2025-11-05T06:43:57+00:00\" \/>\n<meta property=\"og:image\" content=\"https:\/\/www.habitat-design.net\/blog\/wp-content\/uploads\/2025\/11\/Minimalisme-chaleureux-garder-lame-sans-accumuler.jpg\" \/>\n\t<meta property=\"og:image:width\" content=\"1344\" \/>\n\t<meta property=\"og:image:height\" content=\"768\" \/>\n\t<meta property=\"og:image:type\" content=\"image\/jpeg\" \/>\n<meta name=\"author\" content=\"Julien Laurent\" \/>\n<meta name=\"twitter:card\" content=\"summary_large_image\" \/>\n<meta name=\"twitter:label1\" content=\"\u00c9crit par\" \/>\n\t<meta name=\"twitter:data1\" content=\"Julien Laurent\" \/>\n\t<meta name=\"twitter:label2\" content=\"Dur\u00e9e de lecture estim\u00e9e\" \/>\n\t<meta name=\"twitter:data2\" content=\"4 minutes\" \/>\n<script type=\"application\/ld+json\" class=\"yoast-schema-graph\">{\"@context\":\"https:\/\/schema.org\",\"@graph\":[{\"@type\":\"Article\",\"@id\":\"https:\/\/www.habitat-design.net\/blog\/minimalisme-chaleureux-essence\/#article\",\"isPartOf\":{\"@id\":\"https:\/\/www.habitat-design.net\/blog\/minimalisme-chaleureux-essence\/\"},\"author\":{\"name\":\"Julien Laurent\",\"@id\":\"https:\/\/www.habitat-design.net\/blog\/#\/schema\/person\/f81363ecfab7ff0bfb976328793ce2e5\"},\"headline\":\"Minimalisme chaleureux : garder l\u2019\u00e2me sans accumuler\",\"datePublished\":\"2025-11-05T06:43:57+00:00\",\"mainEntityOfPage\":{\"@id\":\"https:\/\/www.habitat-design.net\/blog\/minimalisme-chaleureux-essence\/\"},\"wordCount\":881,\"image\":{\"@id\":\"https:\/\/www.habitat-design.net\/blog\/minimalisme-chaleureux-essence\/#primaryimage\"},\"thumbnailUrl\":\"https:\/\/www.habitat-design.net\/blog\/wp-content\/uploads\/2025\/11\/Minimalisme-chaleureux-garder-lame-sans-accumuler.jpg\",\"keywords\":[\"d\u00e9coration int\u00e9rieure\",\"d\u00e9sencombrement\",\"minimalisme\",\"style chaleureux\",\"vie minimaliste\"],\"articleSection\":[\"Maison &amp; d\u00e9coration\"],\"inLanguage\":\"fr-FR\"},{\"@type\":\"WebPage\",\"@id\":\"https:\/\/www.habitat-design.net\/blog\/minimalisme-chaleureux-essence\/\",\"url\":\"https:\/\/www.habitat-design.net\/blog\/minimalisme-chaleureux-essence\/\",\"name\":\"Minimalisme chaleureux : \u00e9purer sans perdre l\u2019essentiel\",\"isPartOf\":{\"@id\":\"https:\/\/www.habitat-design.net\/blog\/#website\"},\"primaryImageOfPage\":{\"@id\":\"https:\/\/www.habitat-design.net\/blog\/minimalisme-chaleureux-essence\/#primaryimage\"},\"image\":{\"@id\":\"https:\/\/www.habitat-design.net\/blog\/minimalisme-chaleureux-essence\/#primaryimage\"},\"thumbnailUrl\":\"https:\/\/www.habitat-design.net\/blog\/wp-content\/uploads\/2025\/11\/Minimalisme-chaleureux-garder-lame-sans-accumuler.jpg\",\"datePublished\":\"2025-11-05T06:43:57+00:00\",\"author\":{\"@id\":\"https:\/\/www.habitat-design.net\/blog\/#\/schema\/person\/f81363ecfab7ff0bfb976328793ce2e5\"},\"description\":\"Adoptez le minimalisme chaleureux : cr\u00e9ez un int\u00e9rieur \u00e9pur\u00e9 et accueillant tout en pr\u00e9servant l\u2019\u00e2me de votre espace, sans accumuler.\",\"breadcrumb\":{\"@id\":\"https:\/\/www.habitat-design.net\/blog\/minimalisme-chaleureux-essence\/#breadcrumb\"},\"inLanguage\":\"fr-FR\",\"potentialAction\":[{\"@type\":\"ReadAction\",\"target\":[\"https:\/\/www.habitat-design.net\/blog\/minimalisme-chaleureux-essence\/\"]}]},{\"@type\":\"ImageObject\",\"inLanguage\":\"fr-FR\",\"@id\":\"https:\/\/www.habitat-design.net\/blog\/minimalisme-chaleureux-essence\/#primaryimage\",\"url\":\"https:\/\/www.habitat-design.net\/blog\/wp-content\/uploads\/2025\/11\/Minimalisme-chaleureux-garder-lame-sans-accumuler.jpg\",\"contentUrl\":\"https:\/\/www.habitat-design.net\/blog\/wp-content\/uploads\/2025\/11\/Minimalisme-chaleureux-garder-lame-sans-accumuler.jpg\",\"width\":1344,\"height\":768,\"caption\":\"d\u00e9couvrez comment allier minimalisme et chaleur pour conserver l\u2019\u00e2me de votre int\u00e9rieur sans accumuler.\"},{\"@type\":\"BreadcrumbList\",\"@id\":\"https:\/\/www.habitat-design.net\/blog\/minimalisme-chaleureux-essence\/#breadcrumb\",\"itemListElement\":[{\"@type\":\"ListItem\",\"position\":1,\"name\":\"Accueil\",\"item\":\"https:\/\/www.habitat-design.net\/blog\/\"},{\"@type\":\"ListItem\",\"position\":2,\"name\":\"Minimalisme chaleureux : garder l\u2019\u00e2me sans accumuler\"}]},{\"@type\":\"WebSite\",\"@id\":\"https:\/\/www.habitat-design.net\/blog\/#website\",\"url\":\"https:\/\/www.habitat-design.net\/blog\/\",\"name\":\"\",\"description\":\"\",\"potentialAction\":[{\"@type\":\"SearchAction\",\"target\":{\"@type\":\"EntryPoint\",\"urlTemplate\":\"https:\/\/www.habitat-design.net\/blog\/?s={search_term_string}\"},\"query-input\":{\"@type\":\"PropertyValueSpecification\",\"valueRequired\":true,\"valueName\":\"search_term_string\"}}],\"inLanguage\":\"fr-FR\"},{\"@type\":\"Person\",\"@id\":\"https:\/\/www.habitat-design.net\/blog\/#\/schema\/person\/f81363ecfab7ff0bfb976328793ce2e5\",\"name\":\"Julien Laurent\",\"image\":{\"@type\":\"ImageObject\",\"inLanguage\":\"fr-FR\",\"@id\":\"https:\/\/www.habitat-design.net\/blog\/#\/schema\/person\/image\/\",\"url\":\"https:\/\/secure.gravatar.com\/avatar\/36c5f08b15b2f828b41156cb6e69b449?s=96&d=mm&r=g\",\"contentUrl\":\"https:\/\/secure.gravatar.com\/avatar\/36c5f08b15b2f828b41156cb6e69b449?s=96&d=mm&r=g\",\"caption\":\"Julien Laurent\"},\"description\":\"Julien Laurent est un blogueur passionn\u00e9 par le domaine de la d\u00e9coration int\u00e9rieure et du design. Avec un dipl\u00f4me en design d'int\u00e9rieur et plusieurs ann\u00e9es d'exp\u00e9rience en tant que d\u00e9corateur, il partage des conseils pratiques pour embellir et optimiser les espaces de vie. Ses articles inspirants et informatifs visent \u00e0 aider ses lecteurs \u00e0 cr\u00e9er des int\u00e9rieurs harmonieux et esth\u00e9tiques, refl\u00e9tant leur personnalit\u00e9 et leur style.\",\"sameAs\":[\"http:\/\/www.habitat-design.net\/blog\"],\"url\":\"https:\/\/www.habitat-design.net\/blog\/author\/contacthabitat-design-net\/\"}]}<\/script>\n<!-- \/ Yoast SEO plugin. -->","yoast_head_json":{"title":"Minimalisme chaleureux : \u00e9purer sans perdre l\u2019essentiel","description":"Adoptez le minimalisme chaleureux : cr\u00e9ez un int\u00e9rieur \u00e9pur\u00e9 et accueillant tout en pr\u00e9servant l\u2019\u00e2me de votre espace, sans accumuler.","robots":{"index":"index","follow":"follow","max-snippet":"max-snippet:-1","max-image-preview":"max-image-preview:large","max-video-preview":"max-video-preview:-1"},"canonical":"https:\/\/www.habitat-design.net\/blog\/minimalisme-chaleureux-essence\/","og_locale":"fr_FR","og_type":"article","og_title":"Minimalisme chaleureux : \u00e9purer sans perdre l\u2019essentiel","og_description":"Adoptez le minimalisme chaleureux : cr\u00e9ez un int\u00e9rieur \u00e9pur\u00e9 et accueillant tout en pr\u00e9servant l\u2019\u00e2me de votre espace, sans accumuler.","og_url":"https:\/\/www.habitat-design.net\/blog\/minimalisme-chaleureux-essence\/","article_published_time":"2025-11-05T06:43:57+00:00","og_image":[{"width":1344,"height":768,"url":"https:\/\/www.habitat-design.net\/blog\/wp-content\/uploads\/2025\/11\/Minimalisme-chaleureux-garder-lame-sans-accumuler.jpg","type":"image\/jpeg"}],"author":"Julien Laurent","twitter_card":"summary_large_image","twitter_misc":{"\u00c9crit par":"Julien Laurent","Dur\u00e9e de lecture estim\u00e9e":"4 minutes"},"schema":{"@context":"https:\/\/schema.org","@graph":[{"@type":"Article","@id":"https:\/\/www.habitat-design.net\/blog\/minimalisme-chaleureux-essence\/#article","isPartOf":{"@id":"https:\/\/www.habitat-design.net\/blog\/minimalisme-chaleureux-essence\/"},"author":{"name":"Julien Laurent","@id":"https:\/\/www.habitat-design.net\/blog\/#\/schema\/person\/f81363ecfab7ff0bfb976328793ce2e5"},"headline":"Minimalisme chaleureux : garder l\u2019\u00e2me sans accumuler","datePublished":"2025-11-05T06:43:57+00:00","mainEntityOfPage":{"@id":"https:\/\/www.habitat-design.net\/blog\/minimalisme-chaleureux-essence\/"},"wordCount":881,"image":{"@id":"https:\/\/www.habitat-design.net\/blog\/minimalisme-chaleureux-essence\/#primaryimage"},"thumbnailUrl":"https:\/\/www.habitat-design.net\/blog\/wp-content\/uploads\/2025\/11\/Minimalisme-chaleureux-garder-lame-sans-accumuler.jpg","keywords":["d\u00e9coration int\u00e9rieure","d\u00e9sencombrement","minimalisme","style chaleureux","vie minimaliste"],"articleSection":["Maison &amp; d\u00e9coration"],"inLanguage":"fr-FR"},{"@type":"WebPage","@id":"https:\/\/www.habitat-design.net\/blog\/minimalisme-chaleureux-essence\/","url":"https:\/\/www.habitat-design.net\/blog\/minimalisme-chaleureux-essence\/","name":"Minimalisme chaleureux : \u00e9purer sans perdre l\u2019essentiel","isPartOf":{"@id":"https:\/\/www.habitat-design.net\/blog\/#website"},"primaryImageOfPage":{"@id":"https:\/\/www.habitat-design.net\/blog\/minimalisme-chaleureux-essence\/#primaryimage"},"image":{"@id":"https:\/\/www.habitat-design.net\/blog\/minimalisme-chaleureux-essence\/#primaryimage"},"thumbnailUrl":"https:\/\/www.habitat-design.net\/blog\/wp-content\/uploads\/2025\/11\/Minimalisme-chaleureux-garder-lame-sans-accumuler.jpg","datePublished":"2025-11-05T06:43:57+00:00","author":{"@id":"https:\/\/www.habitat-design.net\/blog\/#\/schema\/person\/f81363ecfab7ff0bfb976328793ce2e5"},"description":"Adoptez le minimalisme chaleureux : cr\u00e9ez un int\u00e9rieur \u00e9pur\u00e9 et accueillant tout en pr\u00e9servant l\u2019\u00e2me de votre espace, sans accumuler.","breadcrumb":{"@id":"https:\/\/www.habitat-design.net\/blog\/minimalisme-chaleureux-essence\/#breadcrumb"},"inLanguage":"fr-FR","potentialAction":[{"@type":"ReadAction","target":["https:\/\/www.habitat-design.net\/blog\/minimalisme-chaleureux-essence\/"]}]},{"@type":"ImageObject","inLanguage":"fr-FR","@id":"https:\/\/www.habitat-design.net\/blog\/minimalisme-chaleureux-essence\/#primaryimage","url":"https:\/\/www.habitat-design.net\/blog\/wp-content\/uploads\/2025\/11\/Minimalisme-chaleureux-garder-lame-sans-accumuler.jpg","contentUrl":"https:\/\/www.habitat-design.net\/blog\/wp-content\/uploads\/2025\/11\/Minimalisme-chaleureux-garder-lame-sans-accumuler.jpg","width":1344,"height":768,"caption":"d\u00e9couvrez comment allier minimalisme et chaleur pour conserver l\u2019\u00e2me de votre int\u00e9rieur sans accumuler."},{"@type":"BreadcrumbList","@id":"https:\/\/www.habitat-design.net\/blog\/minimalisme-chaleureux-essence\/#breadcrumb","itemListElement":[{"@type":"ListItem","position":1,"name":"Accueil","item":"https:\/\/www.habitat-design.net\/blog\/"},{"@type":"ListItem","position":2,"name":"Minimalisme chaleureux : garder l\u2019\u00e2me sans accumuler"}]},{"@type":"WebSite","@id":"https:\/\/www.habitat-design.net\/blog\/#website","url":"https:\/\/www.habitat-design.net\/blog\/","name":"","description":"","potentialAction":[{"@type":"SearchAction","target":{"@type":"EntryPoint","urlTemplate":"https:\/\/www.habitat-design.net\/blog\/?s={search_term_string}"},"query-input":{"@type":"PropertyValueSpecification","valueRequired":true,"valueName":"search_term_string"}}],"inLanguage":"fr-FR"},{"@type":"Person","@id":"https:\/\/www.habitat-design.net\/blog\/#\/schema\/person\/f81363ecfab7ff0bfb976328793ce2e5","name":"Julien Laurent","image":{"@type":"ImageObject","inLanguage":"fr-FR","@id":"https:\/\/www.habitat-design.net\/blog\/#\/schema\/person\/image\/","url":"https:\/\/secure.gravatar.com\/avatar\/36c5f08b15b2f828b41156cb6e69b449?s=96&d=mm&r=g","contentUrl":"https:\/\/secure.gravatar.com\/avatar\/36c5f08b15b2f828b41156cb6e69b449?s=96&d=mm&r=g","caption":"Julien Laurent"},"description":"Julien Laurent est un blogueur passionn\u00e9 par le domaine de la d\u00e9coration int\u00e9rieure et du design. Avec un dipl\u00f4me en design d'int\u00e9rieur et plusieurs ann\u00e9es d'exp\u00e9rience en tant que d\u00e9corateur, il partage des conseils pratiques pour embellir et optimiser les espaces de vie. Ses articles inspirants et informatifs visent \u00e0 aider ses lecteurs \u00e0 cr\u00e9er des int\u00e9rieurs harmonieux et esth\u00e9tiques, refl\u00e9tant leur personnalit\u00e9 et leur style.","sameAs":["http:\/\/www.habitat-design.net\/blog"],"url":"https:\/\/www.habitat-design.net\/blog\/author\/contacthabitat-design-net\/"}]}},"views":4,"_links":{"self":[{"href":"https:\/\/www.habitat-design.net\/blog\/wp-json\/wp\/v2\/posts\/1876","targetHints":{"allow":["GET"]}}],"collection":[{"href":"https:\/\/www.habitat-design.net\/blog\/wp-json\/wp\/v2\/posts"}],"about":[{"href":"https:\/\/www.habitat-design.net\/blog\/wp-json\/wp\/v2\/types\/post"}],"author":[{"embeddable":true,"href":"https:\/\/www.habitat-design.net\/blog\/wp-json\/wp\/v2\/users\/1"}],"replies":[{"embeddable":true,"href":"https:\/\/www.habitat-design.net\/blog\/wp-json\/wp\/v2\/comments?post=1876"}],"version-history":[{"count":0,"href":"https:\/\/www.habitat-design.net\/blog\/wp-json\/wp\/v2\/posts\/1876\/revisions"}],"wp:featuredmedia":[{"embeddable":true,"href":"https:\/\/www.habitat-design.net\/blog\/wp-json\/wp\/v2\/media\/1874"}],"wp:attachment":[{"href":"https:\/\/www.habitat-design.net\/blog\/wp-json\/wp\/v2\/media?parent=1876"}],"wp:term":[{"taxonomy":"category","embeddable":true,"href":"https:\/\/www.habitat-design.net\/blog\/wp-json\/wp\/v2\/categories?post=1876"},{"taxonomy":"post_tag","embeddable":true,"href":"https:\/\/www.habitat-design.net\/blog\/wp-json\/wp\/v2\/tags?post=1876"}],"curies":[{"name":"wp","href":"https:\/\/api.w.org\/{rel}","templated":true}]}}