
{"id":1829,"date":"2025-10-28T22:04:05","date_gmt":"2025-10-28T21:04:05","guid":{"rendered":"http:\/\/www.habitat-design.net\/blog\/rangement-vertical-salle-bain\/"},"modified":"2025-10-28T22:04:05","modified_gmt":"2025-10-28T21:04:05","slug":"rangement-vertical-salle-bain","status":"publish","type":"post","link":"https:\/\/www.habitat-design.net\/blog\/rangement-vertical-salle-bain\/","title":{"rendered":"Salle de bain : rangement vertical qui lib\u00e8re le plan vasque"},"content":{"rendered":"<p>Dans une salle de bain, chaque centim\u00e8tre compte. Vous r\u00eavez d\u2019un espace \u00e9pur\u00e9 o\u00f9 le plan vasque ne croule pas sous les objets ? Le rangement vertical est la cl\u00e9 pour lib\u00e9rer votre surface tout en boostant le style. Imaginez une colonne fine, suspendue, qui accueille vos serviettes, produits et accessoires sans encombrer le sol. Ensuite, on explorera ensemble les types de meubles sous vasque, leurs avantages concrets et comment optimiser ces solutions selon votre espace.<\/p>\n\n<p>Voici ce que vous allez d\u00e9couvrir :<\/p>\n\n<ul class=\"wp-block-list\"><li><strong>Le meuble sous vasque suspendu<\/strong> : un alli\u00e9 l\u00e9ger pour les petites salles de bain.<\/li><li><strong>Le meuble sur pieds<\/strong> : plus robuste, id\u00e9al pour les familles.<\/li><li><strong>Alternatives compactes<\/strong> comme le meuble d\u2019angle et le lave-mains.<\/li><li><strong>Le meuble double vasque<\/strong> : confort et rangement dans les grandes salles d\u2019eau.<\/li><li><strong>Conseils pratiques<\/strong> pour choisir et agencer votre mobilier avec style.<\/li><\/ul>\n\n<h2 class=\"wp-block-heading\">Le meuble sous vasque suspendu, votre secret pour une salle de bain a\u00e9r\u00e9e<\/h2>\n\n<p>Installer un <strong>meuble suspendu<\/strong> lib\u00e8re imm\u00e9diatement le sol.<\/p>\n\n<ul class=\"wp-block-list\"><li><strong>Gain d\u2019espace<\/strong> visible : fini les encombrements au sol, votre salle de bain para\u00eet plus vaste.<\/li><li><strong>Design moderne<\/strong> qui all\u00e8ge l\u2019atmosph\u00e8re.<\/li><li><strong>Entretien facilit\u00e9<\/strong> gr\u00e2ce \u00e0 l\u2019acc\u00e8s direct au sol.<\/li><\/ul>\n\n<p>La contrepartie ? Une capacit\u00e9 de rangement plus restreinte que les mod\u00e8les sur pieds. Les collections chez <a href=\"https:\/\/www.leroymerlin.fr\">Leroy Merlin<\/a> ou <a href=\"https:\/\/www.ikea.com\/fr\">IKEA<\/a> proposent justement des meubles suspendus compacts mais malins, parfaits pour exploiter cette verticalit\u00e9. Id\u00e9al pour un studio ou une salle d\u2019eau citadine.<\/p>\n\n\n\n<h3 class=\"wp-block-heading\">Robustesse et volume : le meuble sous vasque sur pieds<\/h3>\n\n<p>Pr\u00e9f\u00e9rez-vous la solidit\u00e9 et le rangement g\u00e9n\u00e9reux ? Le <strong>meuble sur pieds<\/strong> porte bien son nom.<\/p>\n\n<ul class=\"wp-block-list\"><li><strong>Stabilit\u00e9 renforc\u00e9e<\/strong> pour accueillir un usage familial intensif.<\/li><li><strong>Plus grand volume<\/strong> de stockage pour les produits de beaut\u00e9, serviettes et accessoires.<\/li><li><strong>Esth\u00e9tique adaptable<\/strong> : du classique au contemporain, comme chez <a href=\"https:\/\/www.castorama.fr\">Castorama<\/a> ou <a href=\"https:\/\/www.delpha.com\">Delpha<\/a>.<\/li><\/ul>\n\n<p>Son poids peut cependant limiter son installation dans certains murs fragiles, un point \u00e0 v\u00e9rifier avant l\u2019achat.<\/p>\n\n<h2 class=\"wp-block-heading\">Options compactes : meubles d\u2019angle et lave-mains pour optimiser les petits coins<\/h2>\n\n<p>Des espaces atypiques ou tr\u00e8s restreints ? Le <strong>meuble d\u2019angle<\/strong> et le <strong>lave-mains<\/strong> se faufilent o\u00f9 les meubles classiques butent.<\/p>\n\n<ul class=\"wp-block-list\"><li><strong>Compact mais fonctionnel<\/strong> : id\u00e9al pour WC ou studios.<\/li><li><strong>Installation discr\u00e8te<\/strong> qui lib\u00e8re la circulation.<\/li><li><strong>Gain d\u2019espace<\/strong> pr\u00e9cieux sans sacrifier le rangement d\u2019appoint.<\/li><\/ul>\n\n<p>Ces mod\u00e8les se retrouvent facilement en ligne ou dans des enseignes comme <a href=\"https:\/\/www.cedeo.fr\">Cedeo<\/a> ou <a href=\"https:\/\/www.brico-depot.fr\">Brico D\u00e9p\u00f4t<\/a>. Pensez \u00e0 accompagner votre meuble de solutions de rangement verticales pour maximiser encore l\u2019espace.<\/p>\n\n<h3 class=\"wp-block-heading\">Double vasque : quand confort rime avec espace<\/h3>\n\n<p>Pour les salles de bain spacieuses, le <strong>meuble double vasque<\/strong> transforme la routine quotidienne en confort partag\u00e9.<\/p>\n\n<ul class=\"wp-block-list\"><li><strong>Utilisation fluide \u00e0 deux<\/strong>, \u00e9vitant les embouteillages matinaux.<\/li><li><strong>Rangement optimis\u00e9<\/strong> pouvant remplacer d\u2019autres meubles.<\/li><li><strong>Design contemporain<\/strong> et finition soign\u00e9e, \u00e0 d\u00e9couvrir chez <a href=\"https:\/\/www.jacobdelafon.com\">Jacob Delafon<\/a> ou <a href=\"https:\/\/www.pointp.fr\">Point.P<\/a>.<\/li><\/ul>\n\n<p>Cependant, il faut une surface cons\u00e9quente, souvent absente dans les petits appartements.<\/p>\n\n<h2 class=\"wp-block-heading\">Comment choisir et installer un rangement vertical efficace ?<\/h2>\n\n<ol class=\"wp-block-list\"><li><strong>\u00c9valuer l\u2019espace disponible<\/strong> : murs libres, hauteur sous plafond, circulation.<\/li><li><strong>D\u00e9finir ses besoins<\/strong> : volume de rangement, nombre d\u2019utilisateurs.<\/li><li><strong>Choisir un style adapt\u00e9<\/strong> \u00e0 votre d\u00e9coration et la configuration.<\/li><li><strong>Opter pour des mat\u00e9riaux faciles d\u2019entretien<\/strong>, r\u00e9sistants \u00e0 l\u2019humidit\u00e9.<\/li><li><strong>Installer \u00e0 bonne hauteur<\/strong> pour acc\u00e9der ais\u00e9ment aux objets sans encombrer.<\/li><\/ol>\n\n<p>Retrouvez de nombreuses inspirations et conseils pour <a href=\"http:\/\/www.habitat-design.net\/blog\/les-meilleures-solutions-de-rangement-pour-une-maison-bien-organisee\/\">optimiser votre rangement maison<\/a> sur des sites d\u00e9di\u00e9s.<\/p>\n\n","protected":false},"excerpt":{"rendered":"<p>Dans une salle de bain, chaque centim\u00e8tre compte. Vous r\u00eavez d\u2019un espace \u00e9pur\u00e9 o\u00f9 le plan vasque ne croule pas sous les objets ? Le rangement vertical est la cl\u00e9 pour lib\u00e9rer votre surface tout en boostant le style. Imaginez une colonne fine, suspendue, qui accueille vos serviettes, produits et accessoires sans encombrer le sol. &#8230; <a title=\"Salle de bain : rangement vertical qui lib\u00e8re le plan vasque\" class=\"read-more\" href=\"https:\/\/www.habitat-design.net\/blog\/rangement-vertical-salle-bain\/\" aria-label=\"En savoir plus sur Salle de bain : rangement vertical qui lib\u00e8re le plan vasque\">Lire plus<\/a><\/p>\n","protected":false},"author":1,"featured_media":0,"comment_status":"","ping_status":"","sticky":false,"template":"","format":"standard","meta":{"footnotes":""},"categories":[1],"tags":[537,536,535,534,338],"class_list":["post-1829","post","type-post","status-publish","format-standard","hentry","category-maison","tag-astuces-de-rangement","tag-optimisation-de-lespace","tag-plan-vasque","tag-rangement-vertical","tag-salle-de-bain"],"yoast_head":"<!-- This site is optimized with the Yoast SEO plugin v26.8 - https:\/\/yoast.com\/product\/yoast-seo-wordpress\/ -->\n<title>Optimisez votre salle de bain : le rangement vertical pour un plan vasque d\u00e9gag\u00e9<\/title>\n<meta name=\"description\" content=\"Optimisez votre salle de bain avec un rangement vertical malin : lib\u00e9rez le plan vasque et gagnez de l&#039;espace facilement !\" \/>\n<meta name=\"robots\" content=\"index, follow, max-snippet:-1, max-image-preview:large, max-video-preview:-1\" \/>\n<link rel=\"canonical\" href=\"https:\/\/www.habitat-design.net\/blog\/rangement-vertical-salle-bain\/\" \/>\n<meta property=\"og:locale\" content=\"fr_FR\" \/>\n<meta property=\"og:type\" content=\"article\" \/>\n<meta property=\"og:title\" content=\"Optimisez votre salle de bain : le rangement vertical pour un plan vasque d\u00e9gag\u00e9\" \/>\n<meta property=\"og:description\" content=\"Optimisez votre salle de bain avec un rangement vertical malin : lib\u00e9rez le plan vasque et gagnez de l&#039;espace facilement !\" \/>\n<meta property=\"og:url\" content=\"https:\/\/www.habitat-design.net\/blog\/rangement-vertical-salle-bain\/\" \/>\n<meta property=\"article:published_time\" content=\"2025-10-28T21:04:05+00:00\" \/>\n<meta name=\"author\" content=\"Julien Laurent\" \/>\n<meta name=\"twitter:card\" content=\"summary_large_image\" \/>\n<meta name=\"twitter:label1\" content=\"\u00c9crit par\" \/>\n\t<meta name=\"twitter:data1\" content=\"Julien Laurent\" \/>\n\t<meta name=\"twitter:label2\" content=\"Dur\u00e9e de lecture estim\u00e9e\" \/>\n\t<meta name=\"twitter:data2\" content=\"3 minutes\" \/>\n<script type=\"application\/ld+json\" class=\"yoast-schema-graph\">{\"@context\":\"https:\/\/schema.org\",\"@graph\":[{\"@type\":\"Article\",\"@id\":\"https:\/\/www.habitat-design.net\/blog\/rangement-vertical-salle-bain\/#article\",\"isPartOf\":{\"@id\":\"https:\/\/www.habitat-design.net\/blog\/rangement-vertical-salle-bain\/\"},\"author\":{\"name\":\"Julien Laurent\",\"@id\":\"https:\/\/www.habitat-design.net\/blog\/#\/schema\/person\/f81363ecfab7ff0bfb976328793ce2e5\"},\"headline\":\"Salle de bain : rangement vertical qui lib\u00e8re le plan vasque\",\"datePublished\":\"2025-10-28T21:04:05+00:00\",\"mainEntityOfPage\":{\"@id\":\"https:\/\/www.habitat-design.net\/blog\/rangement-vertical-salle-bain\/\"},\"wordCount\":579,\"keywords\":[\"astuces de rangement\",\"optimisation de l'espace\",\"plan vasque\",\"rangement vertical\",\"salle de bain\"],\"articleSection\":[\"Maison &amp; d\u00e9coration\"],\"inLanguage\":\"fr-FR\"},{\"@type\":\"WebPage\",\"@id\":\"https:\/\/www.habitat-design.net\/blog\/rangement-vertical-salle-bain\/\",\"url\":\"https:\/\/www.habitat-design.net\/blog\/rangement-vertical-salle-bain\/\",\"name\":\"Optimisez votre salle de bain : le rangement vertical pour un plan vasque d\u00e9gag\u00e9\",\"isPartOf\":{\"@id\":\"https:\/\/www.habitat-design.net\/blog\/#website\"},\"datePublished\":\"2025-10-28T21:04:05+00:00\",\"author\":{\"@id\":\"https:\/\/www.habitat-design.net\/blog\/#\/schema\/person\/f81363ecfab7ff0bfb976328793ce2e5\"},\"description\":\"Optimisez votre salle de bain avec un rangement vertical malin : lib\u00e9rez le plan vasque et gagnez de l'espace facilement !\",\"breadcrumb\":{\"@id\":\"https:\/\/www.habitat-design.net\/blog\/rangement-vertical-salle-bain\/#breadcrumb\"},\"inLanguage\":\"fr-FR\",\"potentialAction\":[{\"@type\":\"ReadAction\",\"target\":[\"https:\/\/www.habitat-design.net\/blog\/rangement-vertical-salle-bain\/\"]}]},{\"@type\":\"BreadcrumbList\",\"@id\":\"https:\/\/www.habitat-design.net\/blog\/rangement-vertical-salle-bain\/#breadcrumb\",\"itemListElement\":[{\"@type\":\"ListItem\",\"position\":1,\"name\":\"Accueil\",\"item\":\"https:\/\/www.habitat-design.net\/blog\/\"},{\"@type\":\"ListItem\",\"position\":2,\"name\":\"Salle de bain : rangement vertical qui lib\u00e8re le plan vasque\"}]},{\"@type\":\"WebSite\",\"@id\":\"https:\/\/www.habitat-design.net\/blog\/#website\",\"url\":\"https:\/\/www.habitat-design.net\/blog\/\",\"name\":\"\",\"description\":\"\",\"potentialAction\":[{\"@type\":\"SearchAction\",\"target\":{\"@type\":\"EntryPoint\",\"urlTemplate\":\"https:\/\/www.habitat-design.net\/blog\/?s={search_term_string}\"},\"query-input\":{\"@type\":\"PropertyValueSpecification\",\"valueRequired\":true,\"valueName\":\"search_term_string\"}}],\"inLanguage\":\"fr-FR\"},{\"@type\":\"Person\",\"@id\":\"https:\/\/www.habitat-design.net\/blog\/#\/schema\/person\/f81363ecfab7ff0bfb976328793ce2e5\",\"name\":\"Julien Laurent\",\"image\":{\"@type\":\"ImageObject\",\"inLanguage\":\"fr-FR\",\"@id\":\"https:\/\/www.habitat-design.net\/blog\/#\/schema\/person\/image\/\",\"url\":\"https:\/\/secure.gravatar.com\/avatar\/36c5f08b15b2f828b41156cb6e69b449?s=96&d=mm&r=g\",\"contentUrl\":\"https:\/\/secure.gravatar.com\/avatar\/36c5f08b15b2f828b41156cb6e69b449?s=96&d=mm&r=g\",\"caption\":\"Julien Laurent\"},\"description\":\"Julien Laurent est un blogueur passionn\u00e9 par le domaine de la d\u00e9coration int\u00e9rieure et du design. Avec un dipl\u00f4me en design d'int\u00e9rieur et plusieurs ann\u00e9es d'exp\u00e9rience en tant que d\u00e9corateur, il partage des conseils pratiques pour embellir et optimiser les espaces de vie. Ses articles inspirants et informatifs visent \u00e0 aider ses lecteurs \u00e0 cr\u00e9er des int\u00e9rieurs harmonieux et esth\u00e9tiques, refl\u00e9tant leur personnalit\u00e9 et leur style.\",\"sameAs\":[\"http:\/\/www.habitat-design.net\/blog\"],\"url\":\"https:\/\/www.habitat-design.net\/blog\/author\/contacthabitat-design-net\/\"}]}<\/script>\n<!-- \/ Yoast SEO plugin. -->","yoast_head_json":{"title":"Optimisez votre salle de bain : le rangement vertical pour un plan vasque d\u00e9gag\u00e9","description":"Optimisez votre salle de bain avec un rangement vertical malin : lib\u00e9rez le plan vasque et gagnez de l'espace facilement !","robots":{"index":"index","follow":"follow","max-snippet":"max-snippet:-1","max-image-preview":"max-image-preview:large","max-video-preview":"max-video-preview:-1"},"canonical":"https:\/\/www.habitat-design.net\/blog\/rangement-vertical-salle-bain\/","og_locale":"fr_FR","og_type":"article","og_title":"Optimisez votre salle de bain : le rangement vertical pour un plan vasque d\u00e9gag\u00e9","og_description":"Optimisez votre salle de bain avec un rangement vertical malin : lib\u00e9rez le plan vasque et gagnez de l'espace facilement !","og_url":"https:\/\/www.habitat-design.net\/blog\/rangement-vertical-salle-bain\/","article_published_time":"2025-10-28T21:04:05+00:00","author":"Julien Laurent","twitter_card":"summary_large_image","twitter_misc":{"\u00c9crit par":"Julien Laurent","Dur\u00e9e de lecture estim\u00e9e":"3 minutes"},"schema":{"@context":"https:\/\/schema.org","@graph":[{"@type":"Article","@id":"https:\/\/www.habitat-design.net\/blog\/rangement-vertical-salle-bain\/#article","isPartOf":{"@id":"https:\/\/www.habitat-design.net\/blog\/rangement-vertical-salle-bain\/"},"author":{"name":"Julien Laurent","@id":"https:\/\/www.habitat-design.net\/blog\/#\/schema\/person\/f81363ecfab7ff0bfb976328793ce2e5"},"headline":"Salle de bain : rangement vertical qui lib\u00e8re le plan vasque","datePublished":"2025-10-28T21:04:05+00:00","mainEntityOfPage":{"@id":"https:\/\/www.habitat-design.net\/blog\/rangement-vertical-salle-bain\/"},"wordCount":579,"keywords":["astuces de rangement","optimisation de l'espace","plan vasque","rangement vertical","salle de bain"],"articleSection":["Maison &amp; d\u00e9coration"],"inLanguage":"fr-FR"},{"@type":"WebPage","@id":"https:\/\/www.habitat-design.net\/blog\/rangement-vertical-salle-bain\/","url":"https:\/\/www.habitat-design.net\/blog\/rangement-vertical-salle-bain\/","name":"Optimisez votre salle de bain : le rangement vertical pour un plan vasque d\u00e9gag\u00e9","isPartOf":{"@id":"https:\/\/www.habitat-design.net\/blog\/#website"},"datePublished":"2025-10-28T21:04:05+00:00","author":{"@id":"https:\/\/www.habitat-design.net\/blog\/#\/schema\/person\/f81363ecfab7ff0bfb976328793ce2e5"},"description":"Optimisez votre salle de bain avec un rangement vertical malin : lib\u00e9rez le plan vasque et gagnez de l'espace facilement !","breadcrumb":{"@id":"https:\/\/www.habitat-design.net\/blog\/rangement-vertical-salle-bain\/#breadcrumb"},"inLanguage":"fr-FR","potentialAction":[{"@type":"ReadAction","target":["https:\/\/www.habitat-design.net\/blog\/rangement-vertical-salle-bain\/"]}]},{"@type":"BreadcrumbList","@id":"https:\/\/www.habitat-design.net\/blog\/rangement-vertical-salle-bain\/#breadcrumb","itemListElement":[{"@type":"ListItem","position":1,"name":"Accueil","item":"https:\/\/www.habitat-design.net\/blog\/"},{"@type":"ListItem","position":2,"name":"Salle de bain : rangement vertical qui lib\u00e8re le plan vasque"}]},{"@type":"WebSite","@id":"https:\/\/www.habitat-design.net\/blog\/#website","url":"https:\/\/www.habitat-design.net\/blog\/","name":"","description":"","potentialAction":[{"@type":"SearchAction","target":{"@type":"EntryPoint","urlTemplate":"https:\/\/www.habitat-design.net\/blog\/?s={search_term_string}"},"query-input":{"@type":"PropertyValueSpecification","valueRequired":true,"valueName":"search_term_string"}}],"inLanguage":"fr-FR"},{"@type":"Person","@id":"https:\/\/www.habitat-design.net\/blog\/#\/schema\/person\/f81363ecfab7ff0bfb976328793ce2e5","name":"Julien Laurent","image":{"@type":"ImageObject","inLanguage":"fr-FR","@id":"https:\/\/www.habitat-design.net\/blog\/#\/schema\/person\/image\/","url":"https:\/\/secure.gravatar.com\/avatar\/36c5f08b15b2f828b41156cb6e69b449?s=96&d=mm&r=g","contentUrl":"https:\/\/secure.gravatar.com\/avatar\/36c5f08b15b2f828b41156cb6e69b449?s=96&d=mm&r=g","caption":"Julien Laurent"},"description":"Julien Laurent est un blogueur passionn\u00e9 par le domaine de la d\u00e9coration int\u00e9rieure et du design. Avec un dipl\u00f4me en design d'int\u00e9rieur et plusieurs ann\u00e9es d'exp\u00e9rience en tant que d\u00e9corateur, il partage des conseils pratiques pour embellir et optimiser les espaces de vie. Ses articles inspirants et informatifs visent \u00e0 aider ses lecteurs \u00e0 cr\u00e9er des int\u00e9rieurs harmonieux et esth\u00e9tiques, refl\u00e9tant leur personnalit\u00e9 et leur style.","sameAs":["http:\/\/www.habitat-design.net\/blog"],"url":"https:\/\/www.habitat-design.net\/blog\/author\/contacthabitat-design-net\/"}]}},"views":233,"_links":{"self":[{"href":"https:\/\/www.habitat-design.net\/blog\/wp-json\/wp\/v2\/posts\/1829","targetHints":{"allow":["GET"]}}],"collection":[{"href":"https:\/\/www.habitat-design.net\/blog\/wp-json\/wp\/v2\/posts"}],"about":[{"href":"https:\/\/www.habitat-design.net\/blog\/wp-json\/wp\/v2\/types\/post"}],"author":[{"embeddable":true,"href":"https:\/\/www.habitat-design.net\/blog\/wp-json\/wp\/v2\/users\/1"}],"replies":[{"embeddable":true,"href":"https:\/\/www.habitat-design.net\/blog\/wp-json\/wp\/v2\/comments?post=1829"}],"version-history":[{"count":0,"href":"https:\/\/www.habitat-design.net\/blog\/wp-json\/wp\/v2\/posts\/1829\/revisions"}],"wp:attachment":[{"href":"https:\/\/www.habitat-design.net\/blog\/wp-json\/wp\/v2\/media?parent=1829"}],"wp:term":[{"taxonomy":"category","embeddable":true,"href":"https:\/\/www.habitat-design.net\/blog\/wp-json\/wp\/v2\/categories?post=1829"},{"taxonomy":"post_tag","embeddable":true,"href":"https:\/\/www.habitat-design.net\/blog\/wp-json\/wp\/v2\/tags?post=1829"}],"curies":[{"name":"wp","href":"https:\/\/api.w.org\/{rel}","templated":true}]}}