
{"id":1811,"date":"2025-10-25T23:09:40","date_gmt":"2025-10-25T21:09:40","guid":{"rendered":"http:\/\/www.habitat-design.net\/blog\/entree-etroite-pateres-banc\/"},"modified":"2025-10-25T23:09:40","modified_gmt":"2025-10-25T21:09:40","slug":"entree-etroite-pateres-banc","status":"publish","type":"post","link":"https:\/\/www.habitat-design.net\/blog\/entree-etroite-pateres-banc\/","title":{"rendered":"Entr\u00e9e \u00e9troite : pat\u00e8res + banc \u2014 le duo qui met fin au bazar"},"content":{"rendered":"<p>Marre du d\u00e9sordre d\u00e8s l\u2019entr\u00e9e ? Une combinaison simple mais redoutablement efficace existe : des pat\u00e8res murales associ\u00e9es \u00e0 un banc. Ce duo malin s\u2019installe rapidement, m\u00eame dans les espaces les plus \u00e9troits, et transforme votre entr\u00e9e en un havre d\u2019organisation. D\u00e8s les premiers pas, vous pouvez accrocher manteaux, sacs et foulards en un clin d\u2019\u0153il, puis vous asseoir confortablement pour chausser vos baskets, tout en profitant d\u2019un espace de rangement cach\u00e9 sous le banc. Continue la lecture, on t\u2019explique comment optimiser ta petite entr\u00e9e avec style et fonction.<\/p>\n\n<p><strong>En bref<\/strong> :\n<\/p>\n\n<ul class=\"wp-block-list\"><li>Les pat\u00e8res lib\u00e8rent l\u2019espace au sol en accueillant manteaux et accessoires \u00e0 port\u00e9e de main.<\/li><li>Le banc joue plusieurs r\u00f4les : assise, rangement, \u00e9l\u00e9ment d\u00e9co.<\/li><li>Choisir un banc avec rangement int\u00e9gr\u00e9 amplifie la fonctionnalit\u00e9.<\/li><li>Les mat\u00e9riaux comme le bois massif et le rotin apportent chaleur et style.<\/li><li>Adapter le mobilier \u00e0 la surface disponible maximise le confort et l\u2019esth\u00e9tique.<\/li><\/ul>\n\n<h2 class=\"wp-block-heading\">Comment les pat\u00e8res transforment une petite entr\u00e9e<\/h2>\n\n<p>Incontournables, les <strong>pat\u00e8res murales<\/strong> prennent peu de place et permettent de suspendre manteaux, sacs et \u00e9charpes sans encombrer le sol. Opter pour des mod\u00e8les design de chez <a href=\"https:\/\/www.laredoute.fr\">La Redoute Int\u00e9rieurs<\/a> ou <a href=\"https:\/\/www.maisonsdumonde.com\">Maison du Monde<\/a> assure une touche d\u00e9co r\u00e9ussie. L\u2019id\u00e9e : installer plusieurs pat\u00e8res \u00e0 diff\u00e9rentes hauteurs pour accueillir tous les membres de la famille et leurs accessoires, ou m\u00eame des pat\u00e8res aux formes originales pour personnaliser l\u2019espace. Dans une entr\u00e9e \u00e9troite, privil\u00e9gie les pat\u00e8res plates ou discr\u00e8tes pour ne pas obstruer le passage.<\/p>\n\n<figure class=\"wp-block-image size-full\"><img decoding=\"async\" width=\"1344\" height=\"768\" src=\"http:\/\/www.habitat-design.net\/blog\/wp-content\/uploads\/2025\/10\/Entree-etroite-pateres-banc-\u2014-le-duo-qui-met-fin-au-bazar-1.jpg\" alt=\"optimisez votre entr\u00e9e \u00e9troite avec l\u2019association astucieuse pat\u00e8res + banc. d\u00e9couvrez comment ce duo pratique met fin au d\u00e9sordre et apporte style et organisation \u00e0 votre espace d\u2019accueil.\" class=\"wp-image-1810\" srcset=\"https:\/\/www.habitat-design.net\/blog\/wp-content\/uploads\/2025\/10\/Entree-etroite-pateres-banc-\u2014-le-duo-qui-met-fin-au-bazar-1.jpg 1344w, https:\/\/www.habitat-design.net\/blog\/wp-content\/uploads\/2025\/10\/Entree-etroite-pateres-banc-\u2014-le-duo-qui-met-fin-au-bazar-1-300x171.jpg 300w, https:\/\/www.habitat-design.net\/blog\/wp-content\/uploads\/2025\/10\/Entree-etroite-pateres-banc-\u2014-le-duo-qui-met-fin-au-bazar-1-1024x585.jpg 1024w, https:\/\/www.habitat-design.net\/blog\/wp-content\/uploads\/2025\/10\/Entree-etroite-pateres-banc-\u2014-le-duo-qui-met-fin-au-bazar-1-768x439.jpg 768w\" sizes=\"(max-width: 1344px) 100vw, 1344px\" \/><\/figure>\n\n<h3 class=\"wp-block-heading\">Le banc : un indispensable pratique et esth\u00e9tique<\/h3>\n\n<p>Un banc dans l\u2019entr\u00e9e n\u2019est pas qu\u2019un simple si\u00e8ge. Il sert aussi de rangement intelligent, surtout quand il int\u00e8gre des tiroirs ou des paniers amovibles. Ce type de banc multifonctionnel, propos\u00e9 par des marques comme <a href=\"https:\/\/www.muuto.com\">Muuto<\/a> ou <a href=\"https:\/\/www.ferm-living.com\">Ferm Living<\/a>, conjugue style scandinave et praticit\u00e9. Le mod\u00e8le en bois massif, quant \u00e0 lui, apporte un charme rustique et une robustesse qui durera dans le temps. Tu peux aussi jouer avec les textures en choisissant un banc en rotin, id\u00e9al pour une ambiance d\u00e9tente et naturelle.<\/p>\n\n<h2 class=\"wp-block-heading\">3 \u00e9tapes pour am\u00e9nager une entr\u00e9e \u00e9troite et ordonn\u00e9e<\/h2>\n\n<ol class=\"wp-block-list\"><li><strong>Installer des pat\u00e8res murales<\/strong>: Choisis des pat\u00e8res solides et au design \u00e9pur\u00e9. Positionne-les \u00e0 diff\u00e9rentes hauteurs selon les utilisateurs et assure-toi qu\u2019elles soient accessibles sans g\u00eaner le passage.<\/li><li><strong>Ajouter un banc adapt\u00e9 \u00e0 la configuration<\/strong>: Opte pour un banc gain de place avec rangement int\u00e9gr\u00e9. Encastr\u00e9, il exploitera chaque centim\u00e8tre de ta petite entr\u00e9e. Si l\u2019espace est vraiment r\u00e9duit, deux petits bancs modulables peuvent aussi faire l\u2019affaire.<\/li><li><strong>Soigner les accessoires<\/strong>: Ajoute des coussins color\u00e9s ou des paniers de rangement sous le banc pour rendre l\u2019espace accueillant et ordonn\u00e9. Le tissu doit \u00eatre facile \u00e0 nettoyer, surtout si l\u2019entr\u00e9e est tr\u00e8s fr\u00e9quent\u00e9e.<\/li><\/ol>\n\n<h2 class=\"wp-block-heading\">Alternatives et limites \u00e0 consid\u00e9rer pour ton entr\u00e9e<\/h2>\n\n<p>Le duo pat\u00e8res + banc reste id\u00e9al, mais quelques nuances s\u2019imposent. Si ton entr\u00e9e est vraiment minuscule, privil\u00e9gie des pat\u00e8res escamotables et un banc tr\u00e8s fin pour ne pas bloquer le passage. En absence de mur libre, une console \u00e9troite avec des crochets int\u00e9gr\u00e9s peut aussi d\u00e9panner. Attention : un banc trop volumineux ou un exc\u00e8s de pat\u00e8res peut vite encombrer l\u2019espace et nuire \u00e0 la circulation.<\/p>\n\n<p>Pour une touche suppl\u00e9mentaire, pense \u00e0 int\u00e9grer un miroir pour augmenter la luminosit\u00e9 et agrandir visuellement l\u2019espace \u2014 un conseil souvent mis en avant dans les tendances d\u00e9co 2025. Enfin, certaines marques comme <a href=\"https:\/\/www.ikea.com\">IKEA<\/a>, <a href=\"https:\/\/www.tikamoon.com\">Tikamoon<\/a> ou <a href=\"https:\/\/www.hartodesign.fr\">Hart\u00f4<\/a> proposent des solutions pratiques et abordables adapt\u00e9es aux espaces restreints.<\/p>\n\n<p>La cl\u00e9 d\u2019une entr\u00e9e \u00e9troite bien organis\u00e9e r\u00e9side dans la simplicit\u00e9 et l\u2019optimisation de chaque centim\u00e8tre. En combinant pat\u00e8res \u00e9l\u00e9gantes et banc fonctionnel, tu vas quitter le chaos pour une zone ordonn\u00e9e et accueillante. La prochaine \u00e9tape ? Choisir ton mod\u00e8le pr\u00e9f\u00e9r\u00e9 et oser l\u2019installation pour enfin dire adieu au bazar.<\/p>\n\n","protected":false},"excerpt":{"rendered":"<p>Marre du d\u00e9sordre d\u00e8s l\u2019entr\u00e9e ? Une combinaison simple mais redoutablement efficace existe : des pat\u00e8res murales associ\u00e9es \u00e0 un banc. Ce duo malin s\u2019installe rapidement, m\u00eame dans les espaces les plus \u00e9troits, et transforme votre entr\u00e9e en un havre d\u2019organisation. D\u00e8s les premiers pas, vous pouvez accrocher manteaux, sacs et foulards en un clin &#8230; <a title=\"Entr\u00e9e \u00e9troite : pat\u00e8res + banc \u2014 le duo qui met fin au bazar\" class=\"read-more\" href=\"https:\/\/www.habitat-design.net\/blog\/entree-etroite-pateres-banc\/\" aria-label=\"En savoir plus sur Entr\u00e9e \u00e9troite : pat\u00e8res + banc \u2014 le duo qui met fin au bazar\">Lire plus<\/a><\/p>\n","protected":false},"author":1,"featured_media":1809,"comment_status":"","ping_status":"","sticky":false,"template":"","format":"standard","meta":{"footnotes":""},"categories":[1],"tags":[508,55,324,507,509],"class_list":["post-1811","post","type-post","status-publish","format-standard","has-post-thumbnail","hentry","category-maison","tag-banc","tag-decoration","tag-organisation","tag-pateres","tag-rangement"],"yoast_head":"<!-- This site is optimized with the Yoast SEO plugin v26.8 - https:\/\/yoast.com\/product\/yoast-seo-wordpress\/ -->\n<title>Pat\u00e8res &amp; Banc : Le Duo Magique pour une Entr\u00e9e Nickel<\/title>\n<meta name=\"description\" content=\"Optimisez votre entr\u00e9e avec le duo pat\u00e8res + banc : une solution pratique et design pour un espace rang\u00e9 et sans d\u00e9sordre.\" \/>\n<meta name=\"robots\" content=\"index, follow, max-snippet:-1, max-image-preview:large, max-video-preview:-1\" \/>\n<link rel=\"canonical\" href=\"https:\/\/www.habitat-design.net\/blog\/entree-etroite-pateres-banc\/\" \/>\n<meta property=\"og:locale\" content=\"fr_FR\" \/>\n<meta property=\"og:type\" content=\"article\" \/>\n<meta property=\"og:title\" content=\"Pat\u00e8res &amp; Banc : Le Duo Magique pour une Entr\u00e9e Nickel\" \/>\n<meta property=\"og:description\" content=\"Optimisez votre entr\u00e9e avec le duo pat\u00e8res + banc : une solution pratique et design pour un espace rang\u00e9 et sans d\u00e9sordre.\" \/>\n<meta property=\"og:url\" content=\"https:\/\/www.habitat-design.net\/blog\/entree-etroite-pateres-banc\/\" \/>\n<meta property=\"article:published_time\" content=\"2025-10-25T21:09:40+00:00\" \/>\n<meta property=\"og:image\" content=\"https:\/\/www.habitat-design.net\/blog\/wp-content\/uploads\/2025\/10\/Entree-etroite-pateres-banc-\u2014-le-duo-qui-met-fin-au-bazar.jpg\" \/>\n\t<meta property=\"og:image:width\" content=\"1344\" \/>\n\t<meta property=\"og:image:height\" content=\"768\" \/>\n\t<meta property=\"og:image:type\" content=\"image\/jpeg\" \/>\n<meta name=\"author\" content=\"Julien Laurent\" \/>\n<meta name=\"twitter:card\" content=\"summary_large_image\" \/>\n<meta name=\"twitter:label1\" content=\"\u00c9crit par\" \/>\n\t<meta name=\"twitter:data1\" content=\"Julien Laurent\" \/>\n\t<meta name=\"twitter:label2\" content=\"Dur\u00e9e de lecture estim\u00e9e\" \/>\n\t<meta name=\"twitter:data2\" content=\"4 minutes\" \/>\n<script type=\"application\/ld+json\" class=\"yoast-schema-graph\">{\"@context\":\"https:\/\/schema.org\",\"@graph\":[{\"@type\":\"Article\",\"@id\":\"https:\/\/www.habitat-design.net\/blog\/entree-etroite-pateres-banc\/#article\",\"isPartOf\":{\"@id\":\"https:\/\/www.habitat-design.net\/blog\/entree-etroite-pateres-banc\/\"},\"author\":{\"name\":\"Julien Laurent\",\"@id\":\"https:\/\/www.habitat-design.net\/blog\/#\/schema\/person\/f81363ecfab7ff0bfb976328793ce2e5\"},\"headline\":\"Entr\u00e9e \u00e9troite : pat\u00e8res + banc \u2014 le duo qui met fin au bazar\",\"datePublished\":\"2025-10-25T21:09:40+00:00\",\"mainEntityOfPage\":{\"@id\":\"https:\/\/www.habitat-design.net\/blog\/entree-etroite-pateres-banc\/\"},\"wordCount\":715,\"image\":{\"@id\":\"https:\/\/www.habitat-design.net\/blog\/entree-etroite-pateres-banc\/#primaryimage\"},\"thumbnailUrl\":\"https:\/\/www.habitat-design.net\/blog\/wp-content\/uploads\/2025\/10\/Entree-etroite-pateres-banc-\u2014-le-duo-qui-met-fin-au-bazar.jpg\",\"keywords\":[\"banc\",\"d\u00e9coration\",\"organisation\",\"pat\u00e8res\",\"rangement\"],\"articleSection\":[\"Maison &amp; d\u00e9coration\"],\"inLanguage\":\"fr-FR\"},{\"@type\":\"WebPage\",\"@id\":\"https:\/\/www.habitat-design.net\/blog\/entree-etroite-pateres-banc\/\",\"url\":\"https:\/\/www.habitat-design.net\/blog\/entree-etroite-pateres-banc\/\",\"name\":\"Pat\u00e8res & Banc : Le Duo Magique pour une Entr\u00e9e Nickel\",\"isPartOf\":{\"@id\":\"https:\/\/www.habitat-design.net\/blog\/#website\"},\"primaryImageOfPage\":{\"@id\":\"https:\/\/www.habitat-design.net\/blog\/entree-etroite-pateres-banc\/#primaryimage\"},\"image\":{\"@id\":\"https:\/\/www.habitat-design.net\/blog\/entree-etroite-pateres-banc\/#primaryimage\"},\"thumbnailUrl\":\"https:\/\/www.habitat-design.net\/blog\/wp-content\/uploads\/2025\/10\/Entree-etroite-pateres-banc-\u2014-le-duo-qui-met-fin-au-bazar.jpg\",\"datePublished\":\"2025-10-25T21:09:40+00:00\",\"author\":{\"@id\":\"https:\/\/www.habitat-design.net\/blog\/#\/schema\/person\/f81363ecfab7ff0bfb976328793ce2e5\"},\"description\":\"Optimisez votre entr\u00e9e avec le duo pat\u00e8res + banc : une solution pratique et design pour un espace rang\u00e9 et sans d\u00e9sordre.\",\"breadcrumb\":{\"@id\":\"https:\/\/www.habitat-design.net\/blog\/entree-etroite-pateres-banc\/#breadcrumb\"},\"inLanguage\":\"fr-FR\",\"potentialAction\":[{\"@type\":\"ReadAction\",\"target\":[\"https:\/\/www.habitat-design.net\/blog\/entree-etroite-pateres-banc\/\"]}]},{\"@type\":\"ImageObject\",\"inLanguage\":\"fr-FR\",\"@id\":\"https:\/\/www.habitat-design.net\/blog\/entree-etroite-pateres-banc\/#primaryimage\",\"url\":\"https:\/\/www.habitat-design.net\/blog\/wp-content\/uploads\/2025\/10\/Entree-etroite-pateres-banc-\u2014-le-duo-qui-met-fin-au-bazar.jpg\",\"contentUrl\":\"https:\/\/www.habitat-design.net\/blog\/wp-content\/uploads\/2025\/10\/Entree-etroite-pateres-banc-\u2014-le-duo-qui-met-fin-au-bazar.jpg\",\"width\":1344,\"height\":768,\"caption\":\"optimisez votre entr\u00e9e \u00e9troite avec le duo malin pat\u00e8res + banc. une solution pratique et esth\u00e9tique pour organiser manteaux, sacs et chaussures en tout simplicit\u00e9 et dire adieu au bazar !\"},{\"@type\":\"BreadcrumbList\",\"@id\":\"https:\/\/www.habitat-design.net\/blog\/entree-etroite-pateres-banc\/#breadcrumb\",\"itemListElement\":[{\"@type\":\"ListItem\",\"position\":1,\"name\":\"Accueil\",\"item\":\"https:\/\/www.habitat-design.net\/blog\/\"},{\"@type\":\"ListItem\",\"position\":2,\"name\":\"Entr\u00e9e \u00e9troite : pat\u00e8res + banc \u2014 le duo qui met fin au bazar\"}]},{\"@type\":\"WebSite\",\"@id\":\"https:\/\/www.habitat-design.net\/blog\/#website\",\"url\":\"https:\/\/www.habitat-design.net\/blog\/\",\"name\":\"\",\"description\":\"\",\"potentialAction\":[{\"@type\":\"SearchAction\",\"target\":{\"@type\":\"EntryPoint\",\"urlTemplate\":\"https:\/\/www.habitat-design.net\/blog\/?s={search_term_string}\"},\"query-input\":{\"@type\":\"PropertyValueSpecification\",\"valueRequired\":true,\"valueName\":\"search_term_string\"}}],\"inLanguage\":\"fr-FR\"},{\"@type\":\"Person\",\"@id\":\"https:\/\/www.habitat-design.net\/blog\/#\/schema\/person\/f81363ecfab7ff0bfb976328793ce2e5\",\"name\":\"Julien Laurent\",\"image\":{\"@type\":\"ImageObject\",\"inLanguage\":\"fr-FR\",\"@id\":\"https:\/\/www.habitat-design.net\/blog\/#\/schema\/person\/image\/\",\"url\":\"https:\/\/secure.gravatar.com\/avatar\/36c5f08b15b2f828b41156cb6e69b449?s=96&d=mm&r=g\",\"contentUrl\":\"https:\/\/secure.gravatar.com\/avatar\/36c5f08b15b2f828b41156cb6e69b449?s=96&d=mm&r=g\",\"caption\":\"Julien Laurent\"},\"description\":\"Julien Laurent est un blogueur passionn\u00e9 par le domaine de la d\u00e9coration int\u00e9rieure et du design. Avec un dipl\u00f4me en design d'int\u00e9rieur et plusieurs ann\u00e9es d'exp\u00e9rience en tant que d\u00e9corateur, il partage des conseils pratiques pour embellir et optimiser les espaces de vie. Ses articles inspirants et informatifs visent \u00e0 aider ses lecteurs \u00e0 cr\u00e9er des int\u00e9rieurs harmonieux et esth\u00e9tiques, refl\u00e9tant leur personnalit\u00e9 et leur style.\",\"sameAs\":[\"http:\/\/www.habitat-design.net\/blog\"],\"url\":\"https:\/\/www.habitat-design.net\/blog\/author\/contacthabitat-design-net\/\"}]}<\/script>\n<!-- \/ Yoast SEO plugin. -->","yoast_head_json":{"title":"Pat\u00e8res & Banc : Le Duo Magique pour une Entr\u00e9e Nickel","description":"Optimisez votre entr\u00e9e avec le duo pat\u00e8res + banc : une solution pratique et design pour un espace rang\u00e9 et sans d\u00e9sordre.","robots":{"index":"index","follow":"follow","max-snippet":"max-snippet:-1","max-image-preview":"max-image-preview:large","max-video-preview":"max-video-preview:-1"},"canonical":"https:\/\/www.habitat-design.net\/blog\/entree-etroite-pateres-banc\/","og_locale":"fr_FR","og_type":"article","og_title":"Pat\u00e8res & Banc : Le Duo Magique pour une Entr\u00e9e Nickel","og_description":"Optimisez votre entr\u00e9e avec le duo pat\u00e8res + banc : une solution pratique et design pour un espace rang\u00e9 et sans d\u00e9sordre.","og_url":"https:\/\/www.habitat-design.net\/blog\/entree-etroite-pateres-banc\/","article_published_time":"2025-10-25T21:09:40+00:00","og_image":[{"width":1344,"height":768,"url":"https:\/\/www.habitat-design.net\/blog\/wp-content\/uploads\/2025\/10\/Entree-etroite-pateres-banc-\u2014-le-duo-qui-met-fin-au-bazar.jpg","type":"image\/jpeg"}],"author":"Julien Laurent","twitter_card":"summary_large_image","twitter_misc":{"\u00c9crit par":"Julien Laurent","Dur\u00e9e de lecture estim\u00e9e":"4 minutes"},"schema":{"@context":"https:\/\/schema.org","@graph":[{"@type":"Article","@id":"https:\/\/www.habitat-design.net\/blog\/entree-etroite-pateres-banc\/#article","isPartOf":{"@id":"https:\/\/www.habitat-design.net\/blog\/entree-etroite-pateres-banc\/"},"author":{"name":"Julien Laurent","@id":"https:\/\/www.habitat-design.net\/blog\/#\/schema\/person\/f81363ecfab7ff0bfb976328793ce2e5"},"headline":"Entr\u00e9e \u00e9troite : pat\u00e8res + banc \u2014 le duo qui met fin au bazar","datePublished":"2025-10-25T21:09:40+00:00","mainEntityOfPage":{"@id":"https:\/\/www.habitat-design.net\/blog\/entree-etroite-pateres-banc\/"},"wordCount":715,"image":{"@id":"https:\/\/www.habitat-design.net\/blog\/entree-etroite-pateres-banc\/#primaryimage"},"thumbnailUrl":"https:\/\/www.habitat-design.net\/blog\/wp-content\/uploads\/2025\/10\/Entree-etroite-pateres-banc-\u2014-le-duo-qui-met-fin-au-bazar.jpg","keywords":["banc","d\u00e9coration","organisation","pat\u00e8res","rangement"],"articleSection":["Maison &amp; d\u00e9coration"],"inLanguage":"fr-FR"},{"@type":"WebPage","@id":"https:\/\/www.habitat-design.net\/blog\/entree-etroite-pateres-banc\/","url":"https:\/\/www.habitat-design.net\/blog\/entree-etroite-pateres-banc\/","name":"Pat\u00e8res & Banc : Le Duo Magique pour une Entr\u00e9e Nickel","isPartOf":{"@id":"https:\/\/www.habitat-design.net\/blog\/#website"},"primaryImageOfPage":{"@id":"https:\/\/www.habitat-design.net\/blog\/entree-etroite-pateres-banc\/#primaryimage"},"image":{"@id":"https:\/\/www.habitat-design.net\/blog\/entree-etroite-pateres-banc\/#primaryimage"},"thumbnailUrl":"https:\/\/www.habitat-design.net\/blog\/wp-content\/uploads\/2025\/10\/Entree-etroite-pateres-banc-\u2014-le-duo-qui-met-fin-au-bazar.jpg","datePublished":"2025-10-25T21:09:40+00:00","author":{"@id":"https:\/\/www.habitat-design.net\/blog\/#\/schema\/person\/f81363ecfab7ff0bfb976328793ce2e5"},"description":"Optimisez votre entr\u00e9e avec le duo pat\u00e8res + banc : une solution pratique et design pour un espace rang\u00e9 et sans d\u00e9sordre.","breadcrumb":{"@id":"https:\/\/www.habitat-design.net\/blog\/entree-etroite-pateres-banc\/#breadcrumb"},"inLanguage":"fr-FR","potentialAction":[{"@type":"ReadAction","target":["https:\/\/www.habitat-design.net\/blog\/entree-etroite-pateres-banc\/"]}]},{"@type":"ImageObject","inLanguage":"fr-FR","@id":"https:\/\/www.habitat-design.net\/blog\/entree-etroite-pateres-banc\/#primaryimage","url":"https:\/\/www.habitat-design.net\/blog\/wp-content\/uploads\/2025\/10\/Entree-etroite-pateres-banc-\u2014-le-duo-qui-met-fin-au-bazar.jpg","contentUrl":"https:\/\/www.habitat-design.net\/blog\/wp-content\/uploads\/2025\/10\/Entree-etroite-pateres-banc-\u2014-le-duo-qui-met-fin-au-bazar.jpg","width":1344,"height":768,"caption":"optimisez votre entr\u00e9e \u00e9troite avec le duo malin pat\u00e8res + banc. une solution pratique et esth\u00e9tique pour organiser manteaux, sacs et chaussures en tout simplicit\u00e9 et dire adieu au bazar !"},{"@type":"BreadcrumbList","@id":"https:\/\/www.habitat-design.net\/blog\/entree-etroite-pateres-banc\/#breadcrumb","itemListElement":[{"@type":"ListItem","position":1,"name":"Accueil","item":"https:\/\/www.habitat-design.net\/blog\/"},{"@type":"ListItem","position":2,"name":"Entr\u00e9e \u00e9troite : pat\u00e8res + banc \u2014 le duo qui met fin au bazar"}]},{"@type":"WebSite","@id":"https:\/\/www.habitat-design.net\/blog\/#website","url":"https:\/\/www.habitat-design.net\/blog\/","name":"","description":"","potentialAction":[{"@type":"SearchAction","target":{"@type":"EntryPoint","urlTemplate":"https:\/\/www.habitat-design.net\/blog\/?s={search_term_string}"},"query-input":{"@type":"PropertyValueSpecification","valueRequired":true,"valueName":"search_term_string"}}],"inLanguage":"fr-FR"},{"@type":"Person","@id":"https:\/\/www.habitat-design.net\/blog\/#\/schema\/person\/f81363ecfab7ff0bfb976328793ce2e5","name":"Julien Laurent","image":{"@type":"ImageObject","inLanguage":"fr-FR","@id":"https:\/\/www.habitat-design.net\/blog\/#\/schema\/person\/image\/","url":"https:\/\/secure.gravatar.com\/avatar\/36c5f08b15b2f828b41156cb6e69b449?s=96&d=mm&r=g","contentUrl":"https:\/\/secure.gravatar.com\/avatar\/36c5f08b15b2f828b41156cb6e69b449?s=96&d=mm&r=g","caption":"Julien Laurent"},"description":"Julien Laurent est un blogueur passionn\u00e9 par le domaine de la d\u00e9coration int\u00e9rieure et du design. Avec un dipl\u00f4me en design d'int\u00e9rieur et plusieurs ann\u00e9es d'exp\u00e9rience en tant que d\u00e9corateur, il partage des conseils pratiques pour embellir et optimiser les espaces de vie. Ses articles inspirants et informatifs visent \u00e0 aider ses lecteurs \u00e0 cr\u00e9er des int\u00e9rieurs harmonieux et esth\u00e9tiques, refl\u00e9tant leur personnalit\u00e9 et leur style.","sameAs":["http:\/\/www.habitat-design.net\/blog"],"url":"https:\/\/www.habitat-design.net\/blog\/author\/contacthabitat-design-net\/"}]}},"views":3,"_links":{"self":[{"href":"https:\/\/www.habitat-design.net\/blog\/wp-json\/wp\/v2\/posts\/1811","targetHints":{"allow":["GET"]}}],"collection":[{"href":"https:\/\/www.habitat-design.net\/blog\/wp-json\/wp\/v2\/posts"}],"about":[{"href":"https:\/\/www.habitat-design.net\/blog\/wp-json\/wp\/v2\/types\/post"}],"author":[{"embeddable":true,"href":"https:\/\/www.habitat-design.net\/blog\/wp-json\/wp\/v2\/users\/1"}],"replies":[{"embeddable":true,"href":"https:\/\/www.habitat-design.net\/blog\/wp-json\/wp\/v2\/comments?post=1811"}],"version-history":[{"count":0,"href":"https:\/\/www.habitat-design.net\/blog\/wp-json\/wp\/v2\/posts\/1811\/revisions"}],"wp:featuredmedia":[{"embeddable":true,"href":"https:\/\/www.habitat-design.net\/blog\/wp-json\/wp\/v2\/media\/1809"}],"wp:attachment":[{"href":"https:\/\/www.habitat-design.net\/blog\/wp-json\/wp\/v2\/media?parent=1811"}],"wp:term":[{"taxonomy":"category","embeddable":true,"href":"https:\/\/www.habitat-design.net\/blog\/wp-json\/wp\/v2\/categories?post=1811"},{"taxonomy":"post_tag","embeddable":true,"href":"https:\/\/www.habitat-design.net\/blog\/wp-json\/wp\/v2\/tags?post=1811"}],"curies":[{"name":"wp","href":"https:\/\/api.w.org\/{rel}","templated":true}]}}