
{"id":1794,"date":"2025-10-23T08:41:46","date_gmt":"2025-10-23T06:41:46","guid":{"rendered":"https:\/\/www.habitat-design.net\/blog\/hauteur-largeur-rideaux\/"},"modified":"2025-10-23T08:41:46","modified_gmt":"2025-10-23T06:41:46","slug":"hauteur-largeur-rideaux","status":"publish","type":"post","link":"https:\/\/www.habitat-design.net\/blog\/hauteur-largeur-rideaux\/","title":{"rendered":"Rideaux : hauteur et largeur id\u00e9ales pour un effet \u201csur mesure\u201d"},"content":{"rendered":"<p>Tu veux des rideaux qui donnent vraiment le sentiment d\u2019avoir \u00e9t\u00e9 faits juste pour ta pi\u00e8ce ? Le secret r\u00e9side dans des mesures impeccables. Mal mesur\u00e9s, tes rideaux risquent soit d\u2019arriver trop courts, soit d\u2019\u00eatre trop larges, un vrai g\u00e2chis de tissu et d\u2019argent. Dans les premi\u00e8res phrases, d\u00e9couvre comment calculer sans peine la hauteur et la largeur parfaites, en tenant compte non seulement de la taille de ta fen\u00eatre, mais aussi du type de fixation et du tissu.<\/p>\n\n<p>Ensuite, tu verras des astuces pr\u00e9cises pour choisir la largeur en fonction du degr\u00e9 de fronces d\u00e9sir\u00e9, comment d\u00e9finir la hauteur id\u00e9ale pour un rendu \u00e9l\u00e9gant \u2014 que tu pr\u00e9f\u00e8res tes rideaux l\u00e9g\u00e8rement au-dessus du sol ou qui dessinent de jolies ondulations au sol. On parlera aussi des ourlets, des marges \u00e0 pr\u00e9voir, et des subtilit\u00e9s autour des tissus \u00e0 motifs. Bref, \u00e0 la fin, tu sauras passer commande chez Ikea, Heytens ou m\u00eame opter pour une r\u00e9alisation sur mesure tout en \u00e9vitant les pi\u00e8ges classiques.<\/p>\n\n<ul class=\"wp-block-list\"><li><strong>Largeur mesur\u00e9e avec un coefficient de fronces adapt\u00e9<\/strong> : prend en compte le tissu et le type d\u2019accroche.<\/li><li><strong>Hauteur fix\u00e9e 10 \u00e0 15 cm au-dessus de la fen\u00eatre<\/strong> : pour allonger visuellement la pi\u00e8ce et masquer l\u2019encadrement.<\/li><li><strong>Ourlets calcul\u00e9s pr\u00e9cis\u00e9ment<\/strong> : 10-15 cm en haut, 20-30 cm en bas, 5-10 cm sur les c\u00f4t\u00e9s.<\/li><li><strong>10 % de tissu suppl\u00e9mentaire<\/strong> : marge de s\u00e9curit\u00e9 pour erreurs et ajustements.<\/li><li><strong>Rideaux qui \u201ccassent\u201d au sol<\/strong> : ajoute 2 \u00e0 5 cm pour un effet chic et haut de gamme.<\/li><\/ul>\n\n<h2 class=\"wp-block-heading\">Calculer la largeur de rideaux pour un tomb\u00e9 parfait<\/h2>\n\n<p>Pour obtenir un rideau qui tombe naturellement et sans tension, la r\u00e8gle est simple : tu multiplies la longueur de ta tringle par un coefficient de fronces. Ce coefficient d\u00e9pend du poids et de la texture du tissu. Par exemple, un voile l\u00e9ger chez Blancheporte demande un coefficient entre 1,5 et 3, tandis qu\u2019un velours \u00e9pais de chez Maison du Monde se contentera d\u2019environ 2. Le type d\u2019attache modifiera \u00e9galement ce coefficient \u2014 les \u0153illets chez Saint Maclou demandent souvent un doublement de la largeur tandis que les pattes d\u2019accroche offrent un rendu plus plat avec un coefficient d\u20191,5 \u00e0 2.<\/p>\n\n<p>Pour un rideau double, divise la longueur de la tringle par deux, puis applique ce coefficient, en ajoutant 5 cm pour le chevauchement des pans. Par exemple, pour une tringle de 3 m\u00e8tres avec un tissu de poids moyen fix\u00e9 par \u0153illets (coefficient 2), il faudra pr\u00e9voir environ 3,05 m\u00e8tres de tissu par rideau.<\/p>\n\n<figure class=\"wp-block-image size-full\"><img decoding=\"async\" width=\"1344\" height=\"768\" src=\"https:\/\/www.habitat-design.net\/blog\/wp-content\/uploads\/2025\/10\/Rideaux-hauteur-et-largeur-ideales-pour-un-effet-sur-mesure-1.jpg\" alt=\"d\u00e9couvrez comment choisir la hauteur et la largeur id\u00e9ales de vos rideaux pour obtenir un effet sur mesure \u00e9l\u00e9gant et harmonieux dans votre int\u00e9rieur. suivez nos conseils pour un r\u00e9sultat parfait !\" class=\"wp-image-1793\" srcset=\"https:\/\/www.habitat-design.net\/blog\/wp-content\/uploads\/2025\/10\/Rideaux-hauteur-et-largeur-ideales-pour-un-effet-sur-mesure-1.jpg 1344w, https:\/\/www.habitat-design.net\/blog\/wp-content\/uploads\/2025\/10\/Rideaux-hauteur-et-largeur-ideales-pour-un-effet-sur-mesure-1-300x171.jpg 300w, https:\/\/www.habitat-design.net\/blog\/wp-content\/uploads\/2025\/10\/Rideaux-hauteur-et-largeur-ideales-pour-un-effet-sur-mesure-1-1024x585.jpg 1024w, https:\/\/www.habitat-design.net\/blog\/wp-content\/uploads\/2025\/10\/Rideaux-hauteur-et-largeur-ideales-pour-un-effet-sur-mesure-1-768x439.jpg 768w\" sizes=\"(max-width: 1344px) 100vw, 1344px\" \/><\/figure>\n\n<h3 class=\"wp-block-heading\">Mesurer la hauteur : la cl\u00e9 d\u2019un style ajust\u00e9 et \u00e9l\u00e9gant<\/h3>\n\n<p>La fixation du rideau influence la mesure. Pour un effet \u201csur mesure\u201d soign\u00e9, place la tringle <strong>10 \u00e0 15 cm au-dessus<\/strong> du montant de la fen\u00eatre, ce qui cr\u00e9e une vraie sensation d\u2019espace. Ensuite, mesure jusqu\u2019au sol et ajoute ou retire quelques centim\u00e8tres selon le style voulu :<\/p>\n\n<ul class=\"wp-block-list\"><li><strong>Au sol, sans pli :<\/strong> laisse un espace hygi\u00e9nique de 2 \u00e0 3 cm, id\u00e9al pour \u00e9viter que le tissu ne tra\u00eene et ramasse la poussi\u00e8re.<\/li><li><strong>Avec pli ou \u201ccass\u00e9\u201d au sol :<\/strong> allonge la mesure de 2 \u00e0 5 cm pour un joli drap\u00e9 luxueux.<\/li><li><strong>Rideaux courts :<\/strong> ajuste la longueur en fonction du rebord de la fen\u00eatre, mais \u00e9vite de tomber dans l\u2019effet vieillot.<\/li><\/ul>\n\n<p>Un rideau tombe parfaitement quand on tient compte de ces d\u00e9tails : tu ma\u00eetrises ainsi le style chic et moderne qu\u2019affectionnent les d\u00e9corateurs, notamment pour les tendances d\u00e9co 2025.<\/p>\n\n<h2 class=\"wp-block-heading\">Astuces pour un m\u00e9trage de tissu optimal<\/h2>\n\n<p>Avant de commander chez Leroy Merlin, La Redoute Int\u00e9rieurs, ou m\u00eame d\u2019oser un sur-mesure chez Madura, pense \u00e0 ces r\u00e8gles pour \u00e9viter toute mauvaise surprise :<\/p>\n\n<ol class=\"wp-block-list\"><li><strong>Pr\u00e9voyez 10 % de tissu suppl\u00e9mentaire<\/strong> pour gestion des erreurs de coupe et impr\u00e9vus.<\/li><li><strong>Int\u00e8gre les marges pour les ourlets<\/strong>: environ 10-15 cm en haut, 20-30 cm en bas, 5-10 cm sur les c\u00f4t\u00e9s.<\/li><li><strong>V\u00e9rifie le raccord<\/strong> sur les tissus \u00e0 motifs comme ceux que tu trouves chez Laur\u00e8l pour un alignement parfait.<\/li><li><strong>Choisis la laize adapt\u00e9e<\/strong> &#8211; plus large, moins de l\u00e9s n\u00e9cessaires \u2014 IKEA propose des tissus standards souvent optimis\u00e9s.<\/li><li><strong>Quand tu optes pour des rideaux \u00e0 \u0153illets,<\/strong> double la largeur de base pour un drap\u00e9 r\u00e9gulier.<\/li><\/ol>\n\n<h3 class=\"wp-block-heading\">Options et limites : choisir le bon syst\u00e8me de fixation<\/h3>\n\n<p>Chaque syst\u00e8me modifie les mesures et l\u2019effet final :<\/p>\n\n<ul class=\"wp-block-list\"><li><strong>Ruban fronceur<\/strong> : classique et polyvalent, s\u2019adapte \u00e0 plusieurs tringles. Id\u00e9al pour un style raffin\u00e9.<\/li><li><strong>\u0152illets<\/strong> : modernit\u00e9 et facilit\u00e9, mais demande plus de tissu pour les fronces.<\/li><li><strong>Pattes et nouettes<\/strong> : permettent un ajustement personnalis\u00e9 de la hauteur, parfait pour les fen\u00eatres atypiques.<\/li><li><strong>Rails discrets<\/strong> : pour un effet minimaliste et l\u00e9ger, souvent choisi chez Heytens.<\/li><\/ul>\n\n<p>Attention : certains tissus avec raccord peuvent exiger plus de m\u00e9trage et un professionnel comp\u00e9tent, notamment pour un r\u00e9sultat comme ceux observ\u00e9s dans la d\u00e9co japonais \u00e9pur\u00e9e ou le style nordique 2025.<\/p>\n\n<p>Tu as maintenant toutes les cartes en main pour mesurer tes rideaux comme un pro. Mets en \u0153uvre ces conseils et d\u00e9couvre l\u2019art subtil d\u2019habiller tes fen\u00eatres avec go\u00fbt et pr\u00e9cision. Pour aller plus loin, explore les tendances d\u00e9co 2025 et les astuces d\u2019am\u00e9nagement que proposent les experts.<\/p>\n\n","protected":false},"excerpt":{"rendered":"<p>Tu veux des rideaux qui donnent vraiment le sentiment d\u2019avoir \u00e9t\u00e9 faits juste pour ta pi\u00e8ce ? Le secret r\u00e9side dans des mesures impeccables. Mal mesur\u00e9s, tes rideaux risquent soit d\u2019arriver trop courts, soit d\u2019\u00eatre trop larges, un vrai g\u00e2chis de tissu et d\u2019argent. Dans les premi\u00e8res phrases, d\u00e9couvre comment calculer sans peine la hauteur &#8230; <a title=\"Rideaux : hauteur et largeur id\u00e9ales pour un effet \u201csur mesure\u201d\" class=\"read-more\" href=\"https:\/\/www.habitat-design.net\/blog\/hauteur-largeur-rideaux\/\" aria-label=\"En savoir plus sur Rideaux : hauteur et largeur id\u00e9ales pour un effet \u201csur mesure\u201d\">Lire plus<\/a><\/p>\n","protected":false},"author":1,"featured_media":1792,"comment_status":"","ping_status":"","sticky":false,"template":"","format":"standard","meta":{"footnotes":""},"categories":[1],"tags":[47,494,492,493,491],"class_list":["post-1794","post","type-post","status-publish","format-standard","has-post-thumbnail","hentry","category-maison","tag-decoration-interieure","tag-effet-sur-mesure","tag-hauteur-ideale","tag-largeur-ideale","tag-rideaux"],"yoast_head":"<!-- This site is optimized with the Yoast SEO plugin v26.8 - https:\/\/yoast.com\/product\/yoast-seo-wordpress\/ -->\n<title>Rideaux parfaits : Les dimensions cl\u00e9s pour un style sur mesure<\/title>\n<meta name=\"description\" content=\"D\u00e9couvrez les astuces pour choisir la hauteur et la largeur id\u00e9ales de vos rideaux et obtenir un effet sur mesure dans votre int\u00e9rieur.\" \/>\n<meta name=\"robots\" content=\"index, follow, max-snippet:-1, max-image-preview:large, max-video-preview:-1\" \/>\n<link rel=\"canonical\" href=\"https:\/\/www.habitat-design.net\/blog\/hauteur-largeur-rideaux\/\" \/>\n<meta property=\"og:locale\" content=\"fr_FR\" \/>\n<meta property=\"og:type\" content=\"article\" \/>\n<meta property=\"og:title\" content=\"Rideaux parfaits : Les dimensions cl\u00e9s pour un style sur mesure\" \/>\n<meta property=\"og:description\" content=\"D\u00e9couvrez les astuces pour choisir la hauteur et la largeur id\u00e9ales de vos rideaux et obtenir un effet sur mesure dans votre int\u00e9rieur.\" \/>\n<meta property=\"og:url\" content=\"https:\/\/www.habitat-design.net\/blog\/hauteur-largeur-rideaux\/\" \/>\n<meta property=\"article:published_time\" content=\"2025-10-23T06:41:46+00:00\" \/>\n<meta property=\"og:image\" content=\"https:\/\/www.habitat-design.net\/blog\/wp-content\/uploads\/2025\/10\/Rideaux-hauteur-et-largeur-ideales-pour-un-effet-sur-mesure.jpg\" \/>\n\t<meta property=\"og:image:width\" content=\"1344\" \/>\n\t<meta property=\"og:image:height\" content=\"768\" \/>\n\t<meta property=\"og:image:type\" content=\"image\/jpeg\" \/>\n<meta name=\"author\" content=\"Julien Laurent\" \/>\n<meta name=\"twitter:card\" content=\"summary_large_image\" \/>\n<meta name=\"twitter:label1\" content=\"\u00c9crit par\" \/>\n\t<meta name=\"twitter:data1\" content=\"Julien Laurent\" \/>\n\t<meta name=\"twitter:label2\" content=\"Dur\u00e9e de lecture estim\u00e9e\" \/>\n\t<meta name=\"twitter:data2\" content=\"4 minutes\" \/>\n<script type=\"application\/ld+json\" class=\"yoast-schema-graph\">{\"@context\":\"https:\/\/schema.org\",\"@graph\":[{\"@type\":\"Article\",\"@id\":\"https:\/\/www.habitat-design.net\/blog\/hauteur-largeur-rideaux\/#article\",\"isPartOf\":{\"@id\":\"https:\/\/www.habitat-design.net\/blog\/hauteur-largeur-rideaux\/\"},\"author\":{\"name\":\"Julien Laurent\",\"@id\":\"https:\/\/www.habitat-design.net\/blog\/#\/schema\/person\/f81363ecfab7ff0bfb976328793ce2e5\"},\"headline\":\"Rideaux : hauteur et largeur id\u00e9ales pour un effet \u201csur mesure\u201d\",\"datePublished\":\"2025-10-23T06:41:46+00:00\",\"mainEntityOfPage\":{\"@id\":\"https:\/\/www.habitat-design.net\/blog\/hauteur-largeur-rideaux\/\"},\"wordCount\":902,\"image\":{\"@id\":\"https:\/\/www.habitat-design.net\/blog\/hauteur-largeur-rideaux\/#primaryimage\"},\"thumbnailUrl\":\"https:\/\/www.habitat-design.net\/blog\/wp-content\/uploads\/2025\/10\/Rideaux-hauteur-et-largeur-ideales-pour-un-effet-sur-mesure.jpg\",\"keywords\":[\"d\u00e9coration int\u00e9rieure\",\"effet sur mesure\",\"hauteur id\u00e9ale\",\"largeur id\u00e9ale\",\"rideaux\"],\"articleSection\":[\"Maison &amp; d\u00e9coration\"],\"inLanguage\":\"fr-FR\"},{\"@type\":\"WebPage\",\"@id\":\"https:\/\/www.habitat-design.net\/blog\/hauteur-largeur-rideaux\/\",\"url\":\"https:\/\/www.habitat-design.net\/blog\/hauteur-largeur-rideaux\/\",\"name\":\"Rideaux parfaits : Les dimensions cl\u00e9s pour un style sur mesure\",\"isPartOf\":{\"@id\":\"https:\/\/www.habitat-design.net\/blog\/#website\"},\"primaryImageOfPage\":{\"@id\":\"https:\/\/www.habitat-design.net\/blog\/hauteur-largeur-rideaux\/#primaryimage\"},\"image\":{\"@id\":\"https:\/\/www.habitat-design.net\/blog\/hauteur-largeur-rideaux\/#primaryimage\"},\"thumbnailUrl\":\"https:\/\/www.habitat-design.net\/blog\/wp-content\/uploads\/2025\/10\/Rideaux-hauteur-et-largeur-ideales-pour-un-effet-sur-mesure.jpg\",\"datePublished\":\"2025-10-23T06:41:46+00:00\",\"author\":{\"@id\":\"https:\/\/www.habitat-design.net\/blog\/#\/schema\/person\/f81363ecfab7ff0bfb976328793ce2e5\"},\"description\":\"D\u00e9couvrez les astuces pour choisir la hauteur et la largeur id\u00e9ales de vos rideaux et obtenir un effet sur mesure dans votre int\u00e9rieur.\",\"breadcrumb\":{\"@id\":\"https:\/\/www.habitat-design.net\/blog\/hauteur-largeur-rideaux\/#breadcrumb\"},\"inLanguage\":\"fr-FR\",\"potentialAction\":[{\"@type\":\"ReadAction\",\"target\":[\"https:\/\/www.habitat-design.net\/blog\/hauteur-largeur-rideaux\/\"]}]},{\"@type\":\"ImageObject\",\"inLanguage\":\"fr-FR\",\"@id\":\"https:\/\/www.habitat-design.net\/blog\/hauteur-largeur-rideaux\/#primaryimage\",\"url\":\"https:\/\/www.habitat-design.net\/blog\/wp-content\/uploads\/2025\/10\/Rideaux-hauteur-et-largeur-ideales-pour-un-effet-sur-mesure.jpg\",\"contentUrl\":\"https:\/\/www.habitat-design.net\/blog\/wp-content\/uploads\/2025\/10\/Rideaux-hauteur-et-largeur-ideales-pour-un-effet-sur-mesure.jpg\",\"width\":1344,\"height\":768,\"caption\":\"d\u00e9couvrez comment choisir la hauteur et la largeur id\u00e9ales de vos rideaux pour un effet sur mesure \u00e9l\u00e9gant et adapt\u00e9 \u00e0 votre int\u00e9rieur. conseils pratiques et astuces d\u00e9co inclus !\"},{\"@type\":\"BreadcrumbList\",\"@id\":\"https:\/\/www.habitat-design.net\/blog\/hauteur-largeur-rideaux\/#breadcrumb\",\"itemListElement\":[{\"@type\":\"ListItem\",\"position\":1,\"name\":\"Accueil\",\"item\":\"https:\/\/www.habitat-design.net\/blog\/\"},{\"@type\":\"ListItem\",\"position\":2,\"name\":\"Rideaux : hauteur et largeur id\u00e9ales pour un effet \u201csur mesure\u201d\"}]},{\"@type\":\"WebSite\",\"@id\":\"https:\/\/www.habitat-design.net\/blog\/#website\",\"url\":\"https:\/\/www.habitat-design.net\/blog\/\",\"name\":\"\",\"description\":\"\",\"potentialAction\":[{\"@type\":\"SearchAction\",\"target\":{\"@type\":\"EntryPoint\",\"urlTemplate\":\"https:\/\/www.habitat-design.net\/blog\/?s={search_term_string}\"},\"query-input\":{\"@type\":\"PropertyValueSpecification\",\"valueRequired\":true,\"valueName\":\"search_term_string\"}}],\"inLanguage\":\"fr-FR\"},{\"@type\":\"Person\",\"@id\":\"https:\/\/www.habitat-design.net\/blog\/#\/schema\/person\/f81363ecfab7ff0bfb976328793ce2e5\",\"name\":\"Julien Laurent\",\"image\":{\"@type\":\"ImageObject\",\"inLanguage\":\"fr-FR\",\"@id\":\"https:\/\/www.habitat-design.net\/blog\/#\/schema\/person\/image\/\",\"url\":\"https:\/\/secure.gravatar.com\/avatar\/36c5f08b15b2f828b41156cb6e69b449?s=96&d=mm&r=g\",\"contentUrl\":\"https:\/\/secure.gravatar.com\/avatar\/36c5f08b15b2f828b41156cb6e69b449?s=96&d=mm&r=g\",\"caption\":\"Julien Laurent\"},\"description\":\"Julien Laurent est un blogueur passionn\u00e9 par le domaine de la d\u00e9coration int\u00e9rieure et du design. Avec un dipl\u00f4me en design d'int\u00e9rieur et plusieurs ann\u00e9es d'exp\u00e9rience en tant que d\u00e9corateur, il partage des conseils pratiques pour embellir et optimiser les espaces de vie. Ses articles inspirants et informatifs visent \u00e0 aider ses lecteurs \u00e0 cr\u00e9er des int\u00e9rieurs harmonieux et esth\u00e9tiques, refl\u00e9tant leur personnalit\u00e9 et leur style.\",\"sameAs\":[\"http:\/\/www.habitat-design.net\/blog\"],\"url\":\"https:\/\/www.habitat-design.net\/blog\/author\/contacthabitat-design-net\/\"}]}<\/script>\n<!-- \/ Yoast SEO plugin. -->","yoast_head_json":{"title":"Rideaux parfaits : Les dimensions cl\u00e9s pour un style sur mesure","description":"D\u00e9couvrez les astuces pour choisir la hauteur et la largeur id\u00e9ales de vos rideaux et obtenir un effet sur mesure dans votre int\u00e9rieur.","robots":{"index":"index","follow":"follow","max-snippet":"max-snippet:-1","max-image-preview":"max-image-preview:large","max-video-preview":"max-video-preview:-1"},"canonical":"https:\/\/www.habitat-design.net\/blog\/hauteur-largeur-rideaux\/","og_locale":"fr_FR","og_type":"article","og_title":"Rideaux parfaits : Les dimensions cl\u00e9s pour un style sur mesure","og_description":"D\u00e9couvrez les astuces pour choisir la hauteur et la largeur id\u00e9ales de vos rideaux et obtenir un effet sur mesure dans votre int\u00e9rieur.","og_url":"https:\/\/www.habitat-design.net\/blog\/hauteur-largeur-rideaux\/","article_published_time":"2025-10-23T06:41:46+00:00","og_image":[{"width":1344,"height":768,"url":"https:\/\/www.habitat-design.net\/blog\/wp-content\/uploads\/2025\/10\/Rideaux-hauteur-et-largeur-ideales-pour-un-effet-sur-mesure.jpg","type":"image\/jpeg"}],"author":"Julien Laurent","twitter_card":"summary_large_image","twitter_misc":{"\u00c9crit par":"Julien Laurent","Dur\u00e9e de lecture estim\u00e9e":"4 minutes"},"schema":{"@context":"https:\/\/schema.org","@graph":[{"@type":"Article","@id":"https:\/\/www.habitat-design.net\/blog\/hauteur-largeur-rideaux\/#article","isPartOf":{"@id":"https:\/\/www.habitat-design.net\/blog\/hauteur-largeur-rideaux\/"},"author":{"name":"Julien Laurent","@id":"https:\/\/www.habitat-design.net\/blog\/#\/schema\/person\/f81363ecfab7ff0bfb976328793ce2e5"},"headline":"Rideaux : hauteur et largeur id\u00e9ales pour un effet \u201csur mesure\u201d","datePublished":"2025-10-23T06:41:46+00:00","mainEntityOfPage":{"@id":"https:\/\/www.habitat-design.net\/blog\/hauteur-largeur-rideaux\/"},"wordCount":902,"image":{"@id":"https:\/\/www.habitat-design.net\/blog\/hauteur-largeur-rideaux\/#primaryimage"},"thumbnailUrl":"https:\/\/www.habitat-design.net\/blog\/wp-content\/uploads\/2025\/10\/Rideaux-hauteur-et-largeur-ideales-pour-un-effet-sur-mesure.jpg","keywords":["d\u00e9coration int\u00e9rieure","effet sur mesure","hauteur id\u00e9ale","largeur id\u00e9ale","rideaux"],"articleSection":["Maison &amp; d\u00e9coration"],"inLanguage":"fr-FR"},{"@type":"WebPage","@id":"https:\/\/www.habitat-design.net\/blog\/hauteur-largeur-rideaux\/","url":"https:\/\/www.habitat-design.net\/blog\/hauteur-largeur-rideaux\/","name":"Rideaux parfaits : Les dimensions cl\u00e9s pour un style sur mesure","isPartOf":{"@id":"https:\/\/www.habitat-design.net\/blog\/#website"},"primaryImageOfPage":{"@id":"https:\/\/www.habitat-design.net\/blog\/hauteur-largeur-rideaux\/#primaryimage"},"image":{"@id":"https:\/\/www.habitat-design.net\/blog\/hauteur-largeur-rideaux\/#primaryimage"},"thumbnailUrl":"https:\/\/www.habitat-design.net\/blog\/wp-content\/uploads\/2025\/10\/Rideaux-hauteur-et-largeur-ideales-pour-un-effet-sur-mesure.jpg","datePublished":"2025-10-23T06:41:46+00:00","author":{"@id":"https:\/\/www.habitat-design.net\/blog\/#\/schema\/person\/f81363ecfab7ff0bfb976328793ce2e5"},"description":"D\u00e9couvrez les astuces pour choisir la hauteur et la largeur id\u00e9ales de vos rideaux et obtenir un effet sur mesure dans votre int\u00e9rieur.","breadcrumb":{"@id":"https:\/\/www.habitat-design.net\/blog\/hauteur-largeur-rideaux\/#breadcrumb"},"inLanguage":"fr-FR","potentialAction":[{"@type":"ReadAction","target":["https:\/\/www.habitat-design.net\/blog\/hauteur-largeur-rideaux\/"]}]},{"@type":"ImageObject","inLanguage":"fr-FR","@id":"https:\/\/www.habitat-design.net\/blog\/hauteur-largeur-rideaux\/#primaryimage","url":"https:\/\/www.habitat-design.net\/blog\/wp-content\/uploads\/2025\/10\/Rideaux-hauteur-et-largeur-ideales-pour-un-effet-sur-mesure.jpg","contentUrl":"https:\/\/www.habitat-design.net\/blog\/wp-content\/uploads\/2025\/10\/Rideaux-hauteur-et-largeur-ideales-pour-un-effet-sur-mesure.jpg","width":1344,"height":768,"caption":"d\u00e9couvrez comment choisir la hauteur et la largeur id\u00e9ales de vos rideaux pour un effet sur mesure \u00e9l\u00e9gant et adapt\u00e9 \u00e0 votre int\u00e9rieur. conseils pratiques et astuces d\u00e9co inclus !"},{"@type":"BreadcrumbList","@id":"https:\/\/www.habitat-design.net\/blog\/hauteur-largeur-rideaux\/#breadcrumb","itemListElement":[{"@type":"ListItem","position":1,"name":"Accueil","item":"https:\/\/www.habitat-design.net\/blog\/"},{"@type":"ListItem","position":2,"name":"Rideaux : hauteur et largeur id\u00e9ales pour un effet \u201csur mesure\u201d"}]},{"@type":"WebSite","@id":"https:\/\/www.habitat-design.net\/blog\/#website","url":"https:\/\/www.habitat-design.net\/blog\/","name":"","description":"","potentialAction":[{"@type":"SearchAction","target":{"@type":"EntryPoint","urlTemplate":"https:\/\/www.habitat-design.net\/blog\/?s={search_term_string}"},"query-input":{"@type":"PropertyValueSpecification","valueRequired":true,"valueName":"search_term_string"}}],"inLanguage":"fr-FR"},{"@type":"Person","@id":"https:\/\/www.habitat-design.net\/blog\/#\/schema\/person\/f81363ecfab7ff0bfb976328793ce2e5","name":"Julien Laurent","image":{"@type":"ImageObject","inLanguage":"fr-FR","@id":"https:\/\/www.habitat-design.net\/blog\/#\/schema\/person\/image\/","url":"https:\/\/secure.gravatar.com\/avatar\/36c5f08b15b2f828b41156cb6e69b449?s=96&d=mm&r=g","contentUrl":"https:\/\/secure.gravatar.com\/avatar\/36c5f08b15b2f828b41156cb6e69b449?s=96&d=mm&r=g","caption":"Julien Laurent"},"description":"Julien Laurent est un blogueur passionn\u00e9 par le domaine de la d\u00e9coration int\u00e9rieure et du design. Avec un dipl\u00f4me en design d'int\u00e9rieur et plusieurs ann\u00e9es d'exp\u00e9rience en tant que d\u00e9corateur, il partage des conseils pratiques pour embellir et optimiser les espaces de vie. Ses articles inspirants et informatifs visent \u00e0 aider ses lecteurs \u00e0 cr\u00e9er des int\u00e9rieurs harmonieux et esth\u00e9tiques, refl\u00e9tant leur personnalit\u00e9 et leur style.","sameAs":["http:\/\/www.habitat-design.net\/blog"],"url":"https:\/\/www.habitat-design.net\/blog\/author\/contacthabitat-design-net\/"}]}},"views":530,"_links":{"self":[{"href":"https:\/\/www.habitat-design.net\/blog\/wp-json\/wp\/v2\/posts\/1794","targetHints":{"allow":["GET"]}}],"collection":[{"href":"https:\/\/www.habitat-design.net\/blog\/wp-json\/wp\/v2\/posts"}],"about":[{"href":"https:\/\/www.habitat-design.net\/blog\/wp-json\/wp\/v2\/types\/post"}],"author":[{"embeddable":true,"href":"https:\/\/www.habitat-design.net\/blog\/wp-json\/wp\/v2\/users\/1"}],"replies":[{"embeddable":true,"href":"https:\/\/www.habitat-design.net\/blog\/wp-json\/wp\/v2\/comments?post=1794"}],"version-history":[{"count":0,"href":"https:\/\/www.habitat-design.net\/blog\/wp-json\/wp\/v2\/posts\/1794\/revisions"}],"wp:featuredmedia":[{"embeddable":true,"href":"https:\/\/www.habitat-design.net\/blog\/wp-json\/wp\/v2\/media\/1792"}],"wp:attachment":[{"href":"https:\/\/www.habitat-design.net\/blog\/wp-json\/wp\/v2\/media?parent=1794"}],"wp:term":[{"taxonomy":"category","embeddable":true,"href":"https:\/\/www.habitat-design.net\/blog\/wp-json\/wp\/v2\/categories?post=1794"},{"taxonomy":"post_tag","embeddable":true,"href":"https:\/\/www.habitat-design.net\/blog\/wp-json\/wp\/v2\/tags?post=1794"}],"curies":[{"name":"wp","href":"https:\/\/api.w.org\/{rel}","templated":true}]}}