
{"id":1630,"date":"2025-06-08T03:45:04","date_gmt":"2025-06-08T01:45:04","guid":{"rendered":"http:\/\/www.habitat-design.net\/blog\/tendances-decoration-2025\/"},"modified":"2025-06-08T03:45:04","modified_gmt":"2025-06-08T01:45:04","slug":"tendances-decoration-2025","status":"publish","type":"post","link":"https:\/\/www.habitat-design.net\/blog\/tendances-decoration-2025\/","title":{"rendered":"D\u00e9coration int\u00e9rieure : les tendances incontournables en 2025"},"content":{"rendered":"<p>Nous entrons dans une nouvelle \u00e8re pour la d\u00e9coration int\u00e9rieure \u00e0 l&rsquo;approche de 2025, o\u00f9 cr\u00e9ativit\u00e9 et style s&rsquo;harmonisent pour offrir des espaces de vie toujours plus inspirants. Les tendances de cette ann\u00e9e annoncent un retour aux sources, un mariage audacieux entre le vintage et le contemporain, ainsi qu&rsquo;une sensibilit\u00e9 accrue envers l&rsquo;environnement. Oui, \u00e7a bouge dans ce monde de la d\u00e9co ! Les couleurs vibrantes, les textures vari\u00e9es et l&rsquo;\u00e9coresponsabilit\u00e9 font leur grand retour, comme pour nous rappeler notre lien vital avec la nature. Pr\u00eat \u00e0 d\u00e9couvrir ce qui va transformer ton int\u00e9rieur cette ann\u00e9e ? Accroche-toi, car nous allons explorer ensemble ces tendances d\u00e9co incontournables qui vont s\u00e9duire les amateurs de design.<\/p>\n\n<h2 class=\"wp-block-heading\">Les couleurs qui flambent en 2025 : un retour aux teintes terreuses<\/h2>\n\n<p>En 2025, les couleurs deviennent l&rsquo;\u00e2me m\u00eame de nos int\u00e9rieurs. Oublie les teintes neutres qui ont domin\u00e9 ces derni\u00e8res ann\u00e9es ! Maintenant, on se tourne vers des nuances terreuses qui apportent chaleur et confort \u00e0 nos espaces de vie. Le jaune \u00e9clatant, l\u2019orange vibrant et des bordeaux d\u00e9licats se mettent en avant, apportant une ambiance accueillante.<\/p>\n\n<p>Ces teintes inspir\u00e9es de la nature cr\u00e9ent une atmosph\u00e8re reposante, \u00e9voquant des paysages de campagne et des horizons ensoleill\u00e9s. Imagine-toi dans un salon avec des murs en terracotta, rehauss\u00e9s par des accessoires en bois naturel ou en rotin.\u00a0<\/p>\n\n<ul class=\"wp-block-list\"><li>\ud83c\udf33 <strong>Jaune<\/strong> : Pour un \u00e9clat de chaleur.<\/li><li>\ud83c\udf4a <strong>Orange<\/strong> : Un \u00e9lan de vitalit\u00e9.<\/li><li>\ud83c\udf77 <strong>Bordeaux<\/strong> : Pour une touche de sophistication.<\/li><\/ul>\n\n<p>En jouant sur ces teintes, tu cr\u00e9es un cadre harmonieux qui invite \u00e0 la d\u00e9tente. De plus, il est possible d&rsquo;associer ces couleurs avec des nuances plus profondes comme le bleu intense pour un contraste audacieux.<\/p>\n\n<figure class=\"wp-block-table\"><table>\n<thead>\n<tr>\n<th>Couleur<\/th>\n<th>\u00c9motions Associ\u00e9es<\/th>\n<th>Utilisations Recommand\u00e9es<\/th>\n<\/tr>\n<\/thead>\n<tbody>\n<tr>\n<td><strong>Jaune<\/strong><\/td>\n<td>Chaleur, optimisme<\/td>\n<td>Murs, accessoires<\/td>\n<\/tr>\n<tr>\n<td><strong>Orange<\/strong><\/td>\n<td>\u00c9nergie, cr\u00e9ativit\u00e9<\/td>\n<td>Textiles, accents<\/td>\n<\/tr>\n<tr>\n<td><strong>Bordeaux<\/strong><\/td>\n<td>Sophistication, confort<\/td>\n<td>Meubles, d\u00e9corations<\/td>\n<\/tr>\n<\/tbody>\n<\/table><\/figure>\n\n<p>Ce choix audacieux de couleurs met vraiment en avant ta personnalit\u00e9. Pourquoi ne pas faire un tour chez des enseignes comme <strong>IKEA<\/strong>, <strong>BHV Marais<\/strong>, ou m\u00eame <strong>Maisons du Monde<\/strong> pour trouver des inspirations incroyables ?<\/p>\n\n<h3 class=\"wp-block-heading\">Un m\u00e9lange des styles audacieux<\/h3>\n\n<p>La tendance du m\u00e9lange des styles se renforce en 2025. Une d\u00e9co homog\u00e8ne ? Tr\u00e8s peu pour nous ! On se tourne vers l&rsquo;\u00e9clectisme o\u00f9 l&rsquo;on m\u00e9lange vintage avec des pi\u00e8ces contemporaines. Imagine un sofa r\u00e9tro en velours vert sapin partag\u00e9 avec une table \u00e0 caf\u00e9 en m\u00e9tal minimaliste. C\u2019est une fusion qui raconte une histoire unique, chaque pi\u00e8ce ayant son propre caract\u00e8re.<\/p>\n\n<p>Cette approche cr\u00e9ative permet de s\u2019exprimer pleinement tout en incorporant des souvenirs ou des objets d\u2019art que tu as d\u00e9nich\u00e9s lors de tes voyages. \u00c0 toi de d\u00e9corer de mani\u00e8re \u00e0 ce que chaque coin de ta maison soit une v\u00e9ritable galerie d\u2019art personnelle.<\/p>\n\n<ul class=\"wp-block-list\"><li>\ud83e\ude91 <strong>Meubles vintage<\/strong> : Ajoutent du charme et du caract\u00e8re.<\/li><li>\u2728 <strong>Accessoires modernes<\/strong> : Temp\u00e8rent le c\u00f4t\u00e9 rustique.<\/li><li>\ud83d\uddbc\ufe0f <strong>Art mural unique<\/strong> : Raconte une histoire.<\/li><\/ul>\n\n<p>Ce m\u00e9lange n&rsquo;apporte pas seulement une dimension esth\u00e9tique, mais permet \u00e9galement de cr\u00e9er un espace de vie qui refl\u00e8te v\u00e9ritablement ta personnalit\u00e9. Et tu n&rsquo;es pas oblig\u00e9 de te ruiner, <strong>Leroy Merlin<\/strong> et <strong>Darty<\/strong> sont l\u00e0 pour t\u2019accompagner dans tes choix d\u00e9co \u00e0 petit prix.<\/p>\n\n<h2 class=\"wp-block-heading\">Mobilier fonctionnel et esth\u00e9tique : l&rsquo;alliance parfaite<\/h2>\n\n<p>\u00c0 l&rsquo;heure o\u00f9 nos vies deviennent de plus en plus agit\u00e9es, le mobilier doit \u00eatre \u00e0 la fois esth\u00e9tique et fonctionnel. En 2025, la tendance se dessine clairement : innovation et praticit\u00e9 s\u2019allient pour offrir des solutions ing\u00e9nieuses. On essaie d\u2019optimiser les petits espaces sans sacrifier le style.<\/p>\n\n<p>Pense \u00e0 des canap\u00e9s modulables qui se transforment en lits, ou des tables extensibles qui accueillent ta famille lors des d\u00eeners rituels. Avec des marques comme <strong>Castorama<\/strong> et <strong>La Redoute Int\u00e9rieurs<\/strong>, tu peux piocher dans une large gamme de designs astucieux qui mettent en avant le confort.<\/p>\n\n<ul class=\"wp-block-list\"><li>\ud83d\udecb\ufe0f <strong>Canap\u00e9s modulables<\/strong> : Parfaits pour tous les espaces.<\/li><li>\ud83c\udf7d\ufe0f <strong>Tables \u00e0 manger extensibles<\/strong> : Pour les repas entre amis.<\/li><li>\ud83d\uddc4\ufe0f <strong>Rangements discrets<\/strong> : Optimisent l\u2019espace.<\/li><\/ul>\n\n<figure class=\"wp-block-table\"><table>\n<thead>\n<tr>\n<th>Meuble<\/th>\n<th>Fonctionnalit\u00e9<\/th>\n<th>Esth\u00e9tique<\/th>\n<\/tr>\n<\/thead>\n<tbody>\n<tr>\n<td><strong>Canap\u00e9 modulable<\/strong><\/td>\n<td>Se transforme en lit<\/td>\n<td>Design moderne<\/td>\n<\/tr>\n<tr>\n<td><strong>Table extensible<\/strong><\/td>\n<td>Accueille plus de convives<\/td>\n<td>\u00c9l\u00e9gance intemporelle<\/td>\n<\/tr>\n<tr>\n<td><strong>Rangement discret<\/strong><\/td>\n<td>Cache le d\u00e9sordre<\/td>\n<td>Minimaliste<\/td>\n<\/tr>\n<\/tbody>\n<\/table><\/figure>\n\n<p>En choisissant ces pi\u00e8ces fonctionnelles, tu fais le choix du style tout en facilitant ton quotidien. S\u2019il te faut des id\u00e9es, les blogs comme <a href=\"http:\/\/www.habitat-design.net\/blog\/tendances-actuelles-en-decoration-interieure\/\">Deco.fr<\/a> peuvent \u00eatre une source d\u2019inspiration incroyable.<\/p>\n\n<h3 class=\"wp-block-heading\">Des ambiances cocooning \u00e0 cr\u00e9er chez soi<\/h3>\n\n<p>En 2025, tu ferais bien de transformer ta maison en un cocon douillet. Ce style cocooning s&rsquo;impose avec ses textiles doux, ses couleurs apaisantes et ses lignes arrondies. C&rsquo;est l&rsquo;endroit id\u00e9al pour se retirer apr\u00e8s une longue journ\u00e9e. Tout y est pens\u00e9 pour favoriser la d\u00e9tente et le bien-\u00eatre.<\/p>\n\n<p>Investir dans des couvertures moelleuses, des coussins douillets et des tapis \u00e9pais rendra ta chambre ou ton salon si accueillant que tu ne voudras plus quitter ton petit paradis ! Les choix de couleurs jouent un r\u00f4le essentiel ici \u2014 opte pour des teintes apaisantes, comme des gris doux ou des pastels.<\/p>\n\n<ul class=\"wp-block-list\"><li>\ud83d\udecf\ufe0f <strong>Coussins moelleux<\/strong> : Pour un confort suppl\u00e9mentaire.<\/li><li>\ud83c\udfe0 <strong>Draps doux<\/strong> : Agr\u00e9ables au toucher.<\/li><li>\ud83c\udf3f <strong>Plantes vertes<\/strong> : Pour une touche de nature.<\/li><\/ul>\n\n<p>M\u00eame <strong>Eurodif<\/strong> propose maintenant des collections confortables ax\u00e9es sur ces ambiances cocooning. Chaque pi\u00e8ce peut finir par te raconter une histoire, un moment de relaxation bien m\u00e9rit\u00e9.<\/p>\n\n<h2 class=\"wp-block-heading\">D\u00e9veloppement durable : l&rsquo;\u00e9coresponsabilit\u00e9 au c\u0153ur de la d\u00e9co<\/h2>\n\n<p>Une des grandes tendances de 2025 est sans conteste l&rsquo;\u00e9coresponsabilit\u00e9. En pr\u00f4nant un mode de vie durable, la d\u00e9coration int\u00e9rieure devient un moyen d\u2019exprimer nos valeurs. Choisir des mat\u00e9riaux durables et \u00e9thiques est d\u00e9sormais une priorit\u00e9 pour beaucoup.<\/p>\n\n<p>Le bambou, le lin, et le li\u00e8ge prennent de plus en plus d&rsquo;importance. Ces mati\u00e8res respectueuses de l&rsquo;environnement s\u2019harmonisent avec le style contemporain tout en apportant une touche naturelle \u00e0 nos int\u00e9rieurs. Installer des meubles fabriqu\u00e9s \u00e0 partir de ressources durables est \u00e0 la fois un choix esth\u00e9tique et \u00e9thique.<\/p>\n\n<ul class=\"wp-block-list\"><li>\ud83c\udf0d <strong>Bambou<\/strong> : L\u00e9ger et r\u00e9sistant.<\/li><li>\ud83c\udf3f <strong>Lin<\/strong> : \u00c9cologique et tendance.<\/li><li>\ud83c\udf43 <strong>Li\u00e8ge<\/strong> : Original et durable.<\/li><\/ul>\n\n<figure class=\"wp-block-table\"><table>\n<thead>\n<tr>\n<th>Mat\u00e9riau<\/th>\n<th>Avantages<\/th>\n<th>Utilisations<\/th>\n<\/tr>\n<\/thead>\n<tbody>\n<tr>\n<td><strong>Bambou<\/strong><\/td>\n<td>Durable, l\u00e9ger<\/td>\n<td>Meubles, accessoires<\/td>\n<\/tr>\n<tr>\n<td><strong>Lin<\/strong><\/td>\n<td>Facile d&rsquo;entretien<\/td>\n<td>Textiles, rideaux<\/td>\n<\/tr>\n<tr>\n<td><strong>Li\u00e8ge<\/strong><\/td>\n<td>Isolation naturelle<\/td>\n<td>Rev\u00eatements, d\u00e9corations<\/td>\n<\/tr>\n<\/tbody>\n<\/table><\/figure>\n\n<p>Ce tournant vers une d\u00e9coration \u00e9coresponsable attire l\u2019attention des designers de renom, qui s\u2019int\u00e9ressent \u00e0 l&rsquo;offre de marques comme <strong>Alin\u00e9a<\/strong> ou m\u00eame <strong>Maisons du Monde<\/strong>, int\u00e9grant des collections \u00e9coresponsables. Ainsi, la d\u00e9coration devient non seulement un art, mais un v\u00e9ritable acte de conscience.<\/p>\n\n<h2 class=\"wp-block-heading\">FAQ<\/h2>\n\n<p><strong>Quelles couleurs sont tendances en 2025 ?<\/strong><\/p>\n\n<p>Les teintes terreuses comme le jaune, l&rsquo;orange et le bordeaux sont \u00e0 l\u2019honneur. Elles apportent chaleur et confort \u00e0 nos espaces.<\/p>\n\n<p><strong>Comment m\u00e9langer les styles dans ma d\u00e9co ?<\/strong><\/p>\n\n<p>Oseaz le mix and match en associant des \u00e9l\u00e9ments vintage et modernes, en jouant sur les textures et les motifs pour cr\u00e9er une d\u00e9co unique.<\/p>\n\n<p><strong>Quels mat\u00e9riaux privil\u00e9gier pour un int\u00e9rieur \u00e9coresponsable ?<\/strong><\/p>\n\n<p>Optez pour des mati\u00e8res comme le bambou, le lin, ou le li\u00e8ge, qui sont respectueuses de l\u2019environnement.<\/p>\n\n<p><strong>Quels meubles choisir pour optimiser un petit espace ?<\/strong><\/p>\n\n<p>Favorisez des meubles modulables et extensibles, comme des canap\u00e9s-lits ou des tables \u00e0 manger extensibles.<\/p>\n\n<p><strong>Comment cr\u00e9er une ambiance cocooning chez soi ?<\/strong><\/p>\n\n<p>Incorporez des textiles doux, des couleurs apaisantes et des \u00e9l\u00e9ments naturels pour cr\u00e9er un refuge confortable et accueillant.<\/p>\n\n","protected":false},"excerpt":{"rendered":"<p>Nous entrons dans une nouvelle \u00e8re pour la d\u00e9coration int\u00e9rieure \u00e0 l&rsquo;approche de 2025, o\u00f9 cr\u00e9ativit\u00e9 et style s&rsquo;harmonisent pour offrir des espaces de vie toujours plus inspirants. Les tendances de cette ann\u00e9e annoncent un retour aux sources, un mariage audacieux entre le vintage et le contemporain, ainsi qu&rsquo;une sensibilit\u00e9 accrue envers l&rsquo;environnement. Oui, \u00e7a &#8230; <a title=\"D\u00e9coration int\u00e9rieure : les tendances incontournables en 2025\" class=\"read-more\" href=\"https:\/\/www.habitat-design.net\/blog\/tendances-decoration-2025\/\" aria-label=\"En savoir plus sur D\u00e9coration int\u00e9rieure : les tendances incontournables en 2025\">Lire plus<\/a><\/p>\n","protected":false},"author":1,"featured_media":1629,"comment_status":"","ping_status":"","sticky":false,"template":"","format":"standard","meta":{"footnotes":""},"categories":[1],"tags":[47,248,341,342,209],"class_list":["post-1630","post","type-post","status-publish","format-standard","has-post-thumbnail","hentry","category-maison","tag-decoration-interieure","tag-design-dinterieur","tag-incontournables","tag-styles-de-decoration","tag-tendances-2025"],"yoast_head":"<!-- This site is optimized with the Yoast SEO plugin v26.8 - https:\/\/yoast.com\/product\/yoast-seo-wordpress\/ -->\n<title>D\u00e9coration int\u00e9rieure : les tendances \u00e0 ne pas manquer en 2025<\/title>\n<meta name=\"description\" content=\"D\u00e9couvrez les tendances incontournables de la d\u00e9coration int\u00e9rieure en 2025 : couleurs, mati\u00e8res et styles phares pour transformer votre int\u00e9rieur !\" \/>\n<meta name=\"robots\" content=\"index, follow, max-snippet:-1, max-image-preview:large, max-video-preview:-1\" \/>\n<link rel=\"canonical\" href=\"https:\/\/www.habitat-design.net\/blog\/tendances-decoration-2025\/\" \/>\n<meta property=\"og:locale\" content=\"fr_FR\" \/>\n<meta property=\"og:type\" content=\"article\" \/>\n<meta property=\"og:title\" content=\"D\u00e9coration int\u00e9rieure : les tendances \u00e0 ne pas manquer en 2025\" \/>\n<meta property=\"og:description\" content=\"D\u00e9couvrez les tendances incontournables de la d\u00e9coration int\u00e9rieure en 2025 : couleurs, mati\u00e8res et styles phares pour transformer votre int\u00e9rieur !\" \/>\n<meta property=\"og:url\" content=\"https:\/\/www.habitat-design.net\/blog\/tendances-decoration-2025\/\" \/>\n<meta property=\"article:published_time\" content=\"2025-06-08T01:45:04+00:00\" \/>\n<meta property=\"og:image\" content=\"https:\/\/www.habitat-design.net\/blog\/wp-content\/uploads\/2025\/06\/Decoration-interieure-les-tendances-incontournables-en-2025.jpg\" \/>\n\t<meta property=\"og:image:width\" content=\"1344\" \/>\n\t<meta property=\"og:image:height\" content=\"768\" \/>\n\t<meta property=\"og:image:type\" content=\"image\/jpeg\" \/>\n<meta name=\"author\" content=\"Julien Laurent\" \/>\n<meta name=\"twitter:card\" content=\"summary_large_image\" \/>\n<meta name=\"twitter:label1\" content=\"\u00c9crit par\" \/>\n\t<meta name=\"twitter:data1\" content=\"Julien Laurent\" \/>\n\t<meta name=\"twitter:label2\" content=\"Dur\u00e9e de lecture estim\u00e9e\" \/>\n\t<meta name=\"twitter:data2\" content=\"6 minutes\" \/>\n<script type=\"application\/ld+json\" class=\"yoast-schema-graph\">{\"@context\":\"https:\/\/schema.org\",\"@graph\":[{\"@type\":\"Article\",\"@id\":\"https:\/\/www.habitat-design.net\/blog\/tendances-decoration-2025\/#article\",\"isPartOf\":{\"@id\":\"https:\/\/www.habitat-design.net\/blog\/tendances-decoration-2025\/\"},\"author\":{\"name\":\"Julien Laurent\",\"@id\":\"https:\/\/www.habitat-design.net\/blog\/#\/schema\/person\/f81363ecfab7ff0bfb976328793ce2e5\"},\"headline\":\"D\u00e9coration int\u00e9rieure : les tendances incontournables en 2025\",\"datePublished\":\"2025-06-08T01:45:04+00:00\",\"mainEntityOfPage\":{\"@id\":\"https:\/\/www.habitat-design.net\/blog\/tendances-decoration-2025\/\"},\"wordCount\":1252,\"image\":{\"@id\":\"https:\/\/www.habitat-design.net\/blog\/tendances-decoration-2025\/#primaryimage\"},\"thumbnailUrl\":\"https:\/\/www.habitat-design.net\/blog\/wp-content\/uploads\/2025\/06\/Decoration-interieure-les-tendances-incontournables-en-2025.jpg\",\"keywords\":[\"d\u00e9coration int\u00e9rieure\",\"design d'int\u00e9rieur\",\"incontournables\",\"styles de d\u00e9coration\",\"tendances 2025\"],\"articleSection\":[\"Maison &amp; d\u00e9coration\"],\"inLanguage\":\"fr-FR\"},{\"@type\":\"WebPage\",\"@id\":\"https:\/\/www.habitat-design.net\/blog\/tendances-decoration-2025\/\",\"url\":\"https:\/\/www.habitat-design.net\/blog\/tendances-decoration-2025\/\",\"name\":\"D\u00e9coration int\u00e9rieure : les tendances \u00e0 ne pas manquer en 2025\",\"isPartOf\":{\"@id\":\"https:\/\/www.habitat-design.net\/blog\/#website\"},\"primaryImageOfPage\":{\"@id\":\"https:\/\/www.habitat-design.net\/blog\/tendances-decoration-2025\/#primaryimage\"},\"image\":{\"@id\":\"https:\/\/www.habitat-design.net\/blog\/tendances-decoration-2025\/#primaryimage\"},\"thumbnailUrl\":\"https:\/\/www.habitat-design.net\/blog\/wp-content\/uploads\/2025\/06\/Decoration-interieure-les-tendances-incontournables-en-2025.jpg\",\"datePublished\":\"2025-06-08T01:45:04+00:00\",\"author\":{\"@id\":\"https:\/\/www.habitat-design.net\/blog\/#\/schema\/person\/f81363ecfab7ff0bfb976328793ce2e5\"},\"description\":\"D\u00e9couvrez les tendances incontournables de la d\u00e9coration int\u00e9rieure en 2025 : couleurs, mati\u00e8res et styles phares pour transformer votre int\u00e9rieur !\",\"breadcrumb\":{\"@id\":\"https:\/\/www.habitat-design.net\/blog\/tendances-decoration-2025\/#breadcrumb\"},\"inLanguage\":\"fr-FR\",\"potentialAction\":[{\"@type\":\"ReadAction\",\"target\":[\"https:\/\/www.habitat-design.net\/blog\/tendances-decoration-2025\/\"]}]},{\"@type\":\"ImageObject\",\"inLanguage\":\"fr-FR\",\"@id\":\"https:\/\/www.habitat-design.net\/blog\/tendances-decoration-2025\/#primaryimage\",\"url\":\"https:\/\/www.habitat-design.net\/blog\/wp-content\/uploads\/2025\/06\/Decoration-interieure-les-tendances-incontournables-en-2025.jpg\",\"contentUrl\":\"https:\/\/www.habitat-design.net\/blog\/wp-content\/uploads\/2025\/06\/Decoration-interieure-les-tendances-incontournables-en-2025.jpg\",\"width\":1344,\"height\":768,\"caption\":\"d\u00e9couvrez les tendances incontournables de la d\u00e9coration int\u00e9rieure en 2025. explorez les styles, couleurs et mat\u00e9riaux qui transformeront votre espace de vie en un lieu moderne et accueillant. ne manquez pas nos conseils pour int\u00e9grer ces nouveaut\u00e9s chez vous.\"},{\"@type\":\"BreadcrumbList\",\"@id\":\"https:\/\/www.habitat-design.net\/blog\/tendances-decoration-2025\/#breadcrumb\",\"itemListElement\":[{\"@type\":\"ListItem\",\"position\":1,\"name\":\"Accueil\",\"item\":\"https:\/\/www.habitat-design.net\/blog\/\"},{\"@type\":\"ListItem\",\"position\":2,\"name\":\"D\u00e9coration int\u00e9rieure : les tendances incontournables en 2025\"}]},{\"@type\":\"WebSite\",\"@id\":\"https:\/\/www.habitat-design.net\/blog\/#website\",\"url\":\"https:\/\/www.habitat-design.net\/blog\/\",\"name\":\"\",\"description\":\"\",\"potentialAction\":[{\"@type\":\"SearchAction\",\"target\":{\"@type\":\"EntryPoint\",\"urlTemplate\":\"https:\/\/www.habitat-design.net\/blog\/?s={search_term_string}\"},\"query-input\":{\"@type\":\"PropertyValueSpecification\",\"valueRequired\":true,\"valueName\":\"search_term_string\"}}],\"inLanguage\":\"fr-FR\"},{\"@type\":\"Person\",\"@id\":\"https:\/\/www.habitat-design.net\/blog\/#\/schema\/person\/f81363ecfab7ff0bfb976328793ce2e5\",\"name\":\"Julien Laurent\",\"image\":{\"@type\":\"ImageObject\",\"inLanguage\":\"fr-FR\",\"@id\":\"https:\/\/www.habitat-design.net\/blog\/#\/schema\/person\/image\/\",\"url\":\"https:\/\/secure.gravatar.com\/avatar\/36c5f08b15b2f828b41156cb6e69b449?s=96&d=mm&r=g\",\"contentUrl\":\"https:\/\/secure.gravatar.com\/avatar\/36c5f08b15b2f828b41156cb6e69b449?s=96&d=mm&r=g\",\"caption\":\"Julien Laurent\"},\"description\":\"Julien Laurent est un blogueur passionn\u00e9 par le domaine de la d\u00e9coration int\u00e9rieure et du design. Avec un dipl\u00f4me en design d'int\u00e9rieur et plusieurs ann\u00e9es d'exp\u00e9rience en tant que d\u00e9corateur, il partage des conseils pratiques pour embellir et optimiser les espaces de vie. Ses articles inspirants et informatifs visent \u00e0 aider ses lecteurs \u00e0 cr\u00e9er des int\u00e9rieurs harmonieux et esth\u00e9tiques, refl\u00e9tant leur personnalit\u00e9 et leur style.\",\"sameAs\":[\"http:\/\/www.habitat-design.net\/blog\"],\"url\":\"https:\/\/www.habitat-design.net\/blog\/author\/contacthabitat-design-net\/\"}]}<\/script>\n<!-- \/ Yoast SEO plugin. -->","yoast_head_json":{"title":"D\u00e9coration int\u00e9rieure : les tendances \u00e0 ne pas manquer en 2025","description":"D\u00e9couvrez les tendances incontournables de la d\u00e9coration int\u00e9rieure en 2025 : couleurs, mati\u00e8res et styles phares pour transformer votre int\u00e9rieur !","robots":{"index":"index","follow":"follow","max-snippet":"max-snippet:-1","max-image-preview":"max-image-preview:large","max-video-preview":"max-video-preview:-1"},"canonical":"https:\/\/www.habitat-design.net\/blog\/tendances-decoration-2025\/","og_locale":"fr_FR","og_type":"article","og_title":"D\u00e9coration int\u00e9rieure : les tendances \u00e0 ne pas manquer en 2025","og_description":"D\u00e9couvrez les tendances incontournables de la d\u00e9coration int\u00e9rieure en 2025 : couleurs, mati\u00e8res et styles phares pour transformer votre int\u00e9rieur !","og_url":"https:\/\/www.habitat-design.net\/blog\/tendances-decoration-2025\/","article_published_time":"2025-06-08T01:45:04+00:00","og_image":[{"width":1344,"height":768,"url":"https:\/\/www.habitat-design.net\/blog\/wp-content\/uploads\/2025\/06\/Decoration-interieure-les-tendances-incontournables-en-2025.jpg","type":"image\/jpeg"}],"author":"Julien Laurent","twitter_card":"summary_large_image","twitter_misc":{"\u00c9crit par":"Julien Laurent","Dur\u00e9e de lecture estim\u00e9e":"6 minutes"},"schema":{"@context":"https:\/\/schema.org","@graph":[{"@type":"Article","@id":"https:\/\/www.habitat-design.net\/blog\/tendances-decoration-2025\/#article","isPartOf":{"@id":"https:\/\/www.habitat-design.net\/blog\/tendances-decoration-2025\/"},"author":{"name":"Julien Laurent","@id":"https:\/\/www.habitat-design.net\/blog\/#\/schema\/person\/f81363ecfab7ff0bfb976328793ce2e5"},"headline":"D\u00e9coration int\u00e9rieure : les tendances incontournables en 2025","datePublished":"2025-06-08T01:45:04+00:00","mainEntityOfPage":{"@id":"https:\/\/www.habitat-design.net\/blog\/tendances-decoration-2025\/"},"wordCount":1252,"image":{"@id":"https:\/\/www.habitat-design.net\/blog\/tendances-decoration-2025\/#primaryimage"},"thumbnailUrl":"https:\/\/www.habitat-design.net\/blog\/wp-content\/uploads\/2025\/06\/Decoration-interieure-les-tendances-incontournables-en-2025.jpg","keywords":["d\u00e9coration int\u00e9rieure","design d'int\u00e9rieur","incontournables","styles de d\u00e9coration","tendances 2025"],"articleSection":["Maison &amp; d\u00e9coration"],"inLanguage":"fr-FR"},{"@type":"WebPage","@id":"https:\/\/www.habitat-design.net\/blog\/tendances-decoration-2025\/","url":"https:\/\/www.habitat-design.net\/blog\/tendances-decoration-2025\/","name":"D\u00e9coration int\u00e9rieure : les tendances \u00e0 ne pas manquer en 2025","isPartOf":{"@id":"https:\/\/www.habitat-design.net\/blog\/#website"},"primaryImageOfPage":{"@id":"https:\/\/www.habitat-design.net\/blog\/tendances-decoration-2025\/#primaryimage"},"image":{"@id":"https:\/\/www.habitat-design.net\/blog\/tendances-decoration-2025\/#primaryimage"},"thumbnailUrl":"https:\/\/www.habitat-design.net\/blog\/wp-content\/uploads\/2025\/06\/Decoration-interieure-les-tendances-incontournables-en-2025.jpg","datePublished":"2025-06-08T01:45:04+00:00","author":{"@id":"https:\/\/www.habitat-design.net\/blog\/#\/schema\/person\/f81363ecfab7ff0bfb976328793ce2e5"},"description":"D\u00e9couvrez les tendances incontournables de la d\u00e9coration int\u00e9rieure en 2025 : couleurs, mati\u00e8res et styles phares pour transformer votre int\u00e9rieur !","breadcrumb":{"@id":"https:\/\/www.habitat-design.net\/blog\/tendances-decoration-2025\/#breadcrumb"},"inLanguage":"fr-FR","potentialAction":[{"@type":"ReadAction","target":["https:\/\/www.habitat-design.net\/blog\/tendances-decoration-2025\/"]}]},{"@type":"ImageObject","inLanguage":"fr-FR","@id":"https:\/\/www.habitat-design.net\/blog\/tendances-decoration-2025\/#primaryimage","url":"https:\/\/www.habitat-design.net\/blog\/wp-content\/uploads\/2025\/06\/Decoration-interieure-les-tendances-incontournables-en-2025.jpg","contentUrl":"https:\/\/www.habitat-design.net\/blog\/wp-content\/uploads\/2025\/06\/Decoration-interieure-les-tendances-incontournables-en-2025.jpg","width":1344,"height":768,"caption":"d\u00e9couvrez les tendances incontournables de la d\u00e9coration int\u00e9rieure en 2025. explorez les styles, couleurs et mat\u00e9riaux qui transformeront votre espace de vie en un lieu moderne et accueillant. ne manquez pas nos conseils pour int\u00e9grer ces nouveaut\u00e9s chez vous."},{"@type":"BreadcrumbList","@id":"https:\/\/www.habitat-design.net\/blog\/tendances-decoration-2025\/#breadcrumb","itemListElement":[{"@type":"ListItem","position":1,"name":"Accueil","item":"https:\/\/www.habitat-design.net\/blog\/"},{"@type":"ListItem","position":2,"name":"D\u00e9coration int\u00e9rieure : les tendances incontournables en 2025"}]},{"@type":"WebSite","@id":"https:\/\/www.habitat-design.net\/blog\/#website","url":"https:\/\/www.habitat-design.net\/blog\/","name":"","description":"","potentialAction":[{"@type":"SearchAction","target":{"@type":"EntryPoint","urlTemplate":"https:\/\/www.habitat-design.net\/blog\/?s={search_term_string}"},"query-input":{"@type":"PropertyValueSpecification","valueRequired":true,"valueName":"search_term_string"}}],"inLanguage":"fr-FR"},{"@type":"Person","@id":"https:\/\/www.habitat-design.net\/blog\/#\/schema\/person\/f81363ecfab7ff0bfb976328793ce2e5","name":"Julien Laurent","image":{"@type":"ImageObject","inLanguage":"fr-FR","@id":"https:\/\/www.habitat-design.net\/blog\/#\/schema\/person\/image\/","url":"https:\/\/secure.gravatar.com\/avatar\/36c5f08b15b2f828b41156cb6e69b449?s=96&d=mm&r=g","contentUrl":"https:\/\/secure.gravatar.com\/avatar\/36c5f08b15b2f828b41156cb6e69b449?s=96&d=mm&r=g","caption":"Julien Laurent"},"description":"Julien Laurent est un blogueur passionn\u00e9 par le domaine de la d\u00e9coration int\u00e9rieure et du design. Avec un dipl\u00f4me en design d'int\u00e9rieur et plusieurs ann\u00e9es d'exp\u00e9rience en tant que d\u00e9corateur, il partage des conseils pratiques pour embellir et optimiser les espaces de vie. Ses articles inspirants et informatifs visent \u00e0 aider ses lecteurs \u00e0 cr\u00e9er des int\u00e9rieurs harmonieux et esth\u00e9tiques, refl\u00e9tant leur personnalit\u00e9 et leur style.","sameAs":["http:\/\/www.habitat-design.net\/blog"],"url":"https:\/\/www.habitat-design.net\/blog\/author\/contacthabitat-design-net\/"}]}},"views":8,"_links":{"self":[{"href":"https:\/\/www.habitat-design.net\/blog\/wp-json\/wp\/v2\/posts\/1630","targetHints":{"allow":["GET"]}}],"collection":[{"href":"https:\/\/www.habitat-design.net\/blog\/wp-json\/wp\/v2\/posts"}],"about":[{"href":"https:\/\/www.habitat-design.net\/blog\/wp-json\/wp\/v2\/types\/post"}],"author":[{"embeddable":true,"href":"https:\/\/www.habitat-design.net\/blog\/wp-json\/wp\/v2\/users\/1"}],"replies":[{"embeddable":true,"href":"https:\/\/www.habitat-design.net\/blog\/wp-json\/wp\/v2\/comments?post=1630"}],"version-history":[{"count":0,"href":"https:\/\/www.habitat-design.net\/blog\/wp-json\/wp\/v2\/posts\/1630\/revisions"}],"wp:featuredmedia":[{"embeddable":true,"href":"https:\/\/www.habitat-design.net\/blog\/wp-json\/wp\/v2\/media\/1629"}],"wp:attachment":[{"href":"https:\/\/www.habitat-design.net\/blog\/wp-json\/wp\/v2\/media?parent=1630"}],"wp:term":[{"taxonomy":"category","embeddable":true,"href":"https:\/\/www.habitat-design.net\/blog\/wp-json\/wp\/v2\/categories?post=1630"},{"taxonomy":"post_tag","embeddable":true,"href":"https:\/\/www.habitat-design.net\/blog\/wp-json\/wp\/v2\/tags?post=1630"}],"curies":[{"name":"wp","href":"https:\/\/api.w.org\/{rel}","templated":true}]}}