
{"id":1504,"date":"2025-05-22T03:32:41","date_gmt":"2025-05-22T01:32:41","guid":{"rendered":"https:\/\/www.habitat-design.net\/blog\/amenager-chambre-ado-style\/"},"modified":"2025-05-22T03:32:41","modified_gmt":"2025-05-22T01:32:41","slug":"amenager-chambre-ado-style","status":"publish","type":"post","link":"https:\/\/www.habitat-design.net\/blog\/amenager-chambre-ado-style\/","title":{"rendered":"Comment am\u00e9nager une chambre d&rsquo;ado avec style en 2025 ?"},"content":{"rendered":"<p>Bienvenue dans l\u2019univers fascinant de la d\u00e9coration de chambres d\u2019adolescents en 2025 ! Avec l\u2019\u00e9volution des tendances et des besoins, il est essentiel de comprendre comment cr\u00e9er des espaces \u00e0 la fois fonctionnels et styl\u00e9s. Dans cet article, nous allons explorer les diff\u00e9rentes facettes de l\u2019am\u00e9nagement d\u2019une chambre d\u2019ado. Pr\u00e9pare-toi \u00e0 plonger dans des conseils pratiques, des inspirations tendance et des astuces d\u00e9co qui feront de cet espace un v\u00e9ritable cocon pour les jeunes.<\/p>\n\n<h2 class=\"wp-block-heading\">Sommaire<\/h2>\n\n<ul class=\"wp-block-list\"><li>Comprendre les besoins et les envies des adolescents<\/li><li>Cr\u00e9er un espace de travail fonctionnel et inspirant<\/li><li>Optimiser le rangement pour une chambre en ordre<\/li><li>D\u00e9corer avec style et personnalit\u00e9<\/li><li>\u00c9clairer efficacement l\u2019espace pour une ambiance agr\u00e9able<\/li><\/ul>\n\n<h2 class=\"wp-block-heading\">Comprendre les besoins et les envies des adolescents<\/h2>\n\n<p>Avant de te lancer dans la d\u00e9coration, il est primordial de discuter avec ton ado pour comprendre ce qu\u2019il attend de sa chambre. En effet, cet espace est bien plus qu\u2019un simple lit et un bureau ; il doit refl\u00e9ter sa personnalit\u00e9 et s\u2019adapter \u00e0 ses activit\u00e9s.<\/p>\n\n<p>Commence par \u00e9tablir un <strong>moodboard<\/strong>. Qu&rsquo;est-ce que c&rsquo;est ? C&rsquo;est une planche o\u00f9 tu peux rassembler des images, des couleurs, et des textures qui inspirent ta teen. Voici quelques \u00e9tapes pour y parvenir :<\/p>\n\n<ul class=\"wp-block-list\"><li>Identifiez les couleurs pr\u00e9f\u00e9r\u00e9es de ton ado \ud83c\udfa8<\/li><li>Recueille des id\u00e9es de styles et de d\u00e9cos sur Pinterest ou Instagram \ud83d\udcf8<\/li><li>Cr\u00e9ez une planche physique ou num\u00e9rique avec ces inspirations \ud83d\udcc2<\/li><\/ul>\n\n<p>Ensuite, discutez ensemble des diff\u00e9rents \u00e9l\u00e9ments essentiels \u00e0 int\u00e9grer. R\u00e9fl\u00e9chissez \u00e0 des espaces sp\u00e9cifiques pour chacune de ses activit\u00e9s :<\/p>\n\n<ol class=\"wp-block-list\"><li><strong>Espace sommeil :<\/strong> Un lit confortable est un must ! Que dirais-tu d&rsquo;un <strong>lit mezzanine<\/strong> pour gagner de la place ?<\/li><li><strong>Espace de travail :<\/strong> Un bon bureau avec tous les rangements n\u00e9cessaires.<\/li><li><strong>Espace d\u00e9tente :<\/strong> Un coin cosy pour recevoir des amis ou \u00e9couter de la musique.<\/li><\/ol>\n\n<p>Populaire chez les adolescents, une chambre doit \u00e9galement \u00eatre un lieu qui favorise le \u00ab cocooning \u00bb avec un espace accueillant. Prendre en compte leurs passions, comme les jeux vid\u00e9o ou la musique, peut vraiment aider \u00e0 personnaliser la chambre et la rendre plus chaleureuse.<\/p>\n\n<h2 class=\"wp-block-heading\">Cr\u00e9er un espace de travail fonctionnel et inspirant<\/h2>\n\n<p>Le coin bureau est souvent n\u00e9glig\u00e9, bien qu\u2019il soit crucial pour l&rsquo;\u00e9volution acad\u00e9mique de ton ado. Pour cr\u00e9er un espace de travail qui motive, voici quelques conseils :<\/p>\n\n<ul class=\"wp-block-list\"><li>Choisissez un bureau suffisamment spacieux pour accueillir ordinateur et fournitures \ud83d\udcda<\/li><li>Optez pour une chaise ergonomique, \u00e9vitant ainsi les douleurs de dos ! \ud83d\udcba<\/li><li>Ajoutez des rangements intelligents, comme des \u00e9tag\u00e8res murales pour lib\u00e9rer l\u2019espace au sol \ud83d\udce6<\/li><\/ul>\n\n<p>Pense \u00e9galement \u00e0 l\u2019emplacement de cet espace. Il doit \u00eatre assez \u00e9loign\u00e9 des distractions, mais aussi illumin\u00e9 par la lumi\u00e8re naturelle pour cr\u00e9er un environnement de travail agr\u00e9able. Une id\u00e9e ? Installer un bureau pr\u00e8s d&rsquo;une fen\u00eatre pour profiter des rayons du soleil.<\/p>\n\n<p>Adopte une approche modulable avec du mobilier de chez <strong>IKEA<\/strong> ou <strong>Maisons du Monde<\/strong>. Ces enseignes offrent d\u2019excellentes options de bureaux avec rangements int\u00e9gr\u00e9s.<\/p>\n\n<figure class=\"wp-block-table\"><table>\n<thead>\n<tr>\n<th>Mobilier<\/th>\n<th>Fonctionnalit\u00e9<\/th>\n<th>Prix<\/th>\n<\/tr>\n<\/thead>\n<tbody>\n<tr>\n<td>Bureau pliable<\/td>\n<td>Gain de place<\/td>\n<td>\u20ac110<\/td>\n<\/tr>\n<tr>\n<td>Chaise ergonomique<\/td>\n<td>Confort<\/td>\n<td>\u20ac89<\/td>\n<\/tr>\n<tr>\n<td>\u00c9tag\u00e8res murales<\/td>\n<td>Rangement<\/td>\n<td>\u20ac45<\/td>\n<\/tr>\n<\/tbody>\n<\/table><\/figure>\n\n<p>Ne sous-estime pas l\u2019importance d\u2019un bon \u00e9clairage dans cet espace. Une lampe de bureau avec un \u00e9clairage adapt\u00e9 peut faire toute la diff\u00e9rence pour rester concentr\u00e9 et \u00e9viter la fatigue oculaire.<\/p>\n\n<h2 class=\"wp-block-heading\">Optimiser le rangement pour une chambre en ordre<\/h2>\n\n<p>Organiser une chambre d\u2019ado n\u00e9cessite de la cr\u00e9ativit\u00e9 et des solutions de rangement intelligentes. En 2025, plusieurs options s&rsquo;offrent \u00e0 toi pour maximiser l&rsquo;espace sans sacrifier le style.<\/p>\n\n<p>Les rangements verticaux sont incontournables. \u00c9tag\u00e8res, crochets muraux, et bureaux avec espaces de stockage sont essentiels. Tout d&rsquo;abord, voici quelques astuces :<\/p>\n\n<ul class=\"wp-block-list\"><li>Utilise des <strong>bo\u00eetes de rangement<\/strong> pour les objets moins utilis\u00e9s, comme des v\u00eatements de saison \ud83d\udce6<\/li><li>Int\u00e9grez des tiroirs sous le lit pour stocker le linge de maison ou les affaires scolaires efficaces \ud83d\udecf\ufe0f<\/li><li>Des \u00e9tag\u00e8res ouvertes affichent les objets d\u00e9coratifs tout en \u00e9tant fonctionnelles \ud83d\udcda<\/li><\/ul>\n\n<p>Assurez aussi de cr\u00e9er des zones sp\u00e9cifiques afin que chaque \u00e9l\u00e9ment ait sa place. Par exemple, des paniers pour le linge sale ou des rangements pour les chaussures cach\u00e9s sous un banc dans l\u2019entr\u00e9e de la chambre peuvent grandement aider \u00e0 garder l\u2019ordre.<\/p>\n\n<figure class=\"wp-block-table\"><table>\n<thead>\n<tr>\n<th>Type de rangement<\/th>\n<th>Utilisation<\/th>\n<th>Exemple<\/th>\n<\/tr>\n<\/thead>\n<tbody>\n<tr>\n<td>\u00c9tag\u00e8res murales<\/td>\n<td>Affichage et stockage<\/td>\n<td><strong>H&amp;M Home<\/strong> &#8211; \u00c9tag\u00e8re Murale en bois<\/td>\n<\/tr>\n<tr>\n<td>Banc avec rangement<\/td>\n<td>Stockage discret<\/td>\n<td>Fly &#8211; Banc de rangement<\/td>\n<\/tr>\n<tr>\n<td>Paniers tiss\u00e9s<\/td>\n<td>D\u00e9tails d\u00e9co<\/td>\n<td>Alin\u00e9a &#8211; Panier d\u00e9coratif en jute<\/td>\n<\/tr>\n<\/tbody>\n<\/table><\/figure>\n\n<p>En alliant esth\u00e9tique et fonctionnalit\u00e9, proposer des solutions de rangement adapt\u00e9es permettra \u00e0 ton ado de maintenir une chambre propre et ordonn\u00e9e.<\/p>\n\n<h2 class=\"wp-block-heading\">D\u00e9corer avec style et personnalit\u00e9<\/h2>\n\n<p>Une chambre ne serait pas compl\u00e8te sans sa touche d\u00e9corative. C&rsquo;est le moment de lib\u00e9rer la cr\u00e9ativit\u00e9 de ton ado ! Quelles sont les tendances de cette ann\u00e9e ? Voici quelques id\u00e9es :<\/p>\n\n<ul class=\"wp-block-list\"><li>Un style <strong>scandinave<\/strong> pour sa simplicit\u00e9 chic \ud83c\udf31<\/li><li>Un look <strong>industriel<\/strong> avec des meubles en m\u00e9tal et des briques apparentes \ud83c\udfed<\/li><li>L\u2019ambiance <strong>cocooning<\/strong>,avec des textiles doux et des couleurs chaudes \ud83d\udecb\ufe0f<\/li><\/ul>\n\n<p>D\u00e9veloppons un peu plus ces styles :<\/p>\n\n<h3 class=\"wp-block-heading\">Style Scandinave<\/h3>\n\n<p>Le style scandinave est intemporel. Optez pour des meubles minimalistes en bois clair, et n\u2019oubliez pas d\u2019ajouter des touches de verdure comme <strong>des plantes d\u2019int\u00e9rieur<\/strong> pour apporter une ambiance sereine.<\/p>\n\n<h3 class=\"wp-block-heading\">Style Industriel<\/h3>\n\n<p>Parfait pour les amateurs de lofts, ce style se constitue de mat\u00e9riaux bruts comme le m\u00e9tal et le bois. Pense \u00e0 int\u00e9grer un mur de briques apparentes, ou des \u00e9l\u00e9ments d\u00e9coratifs en m\u00e9tal provenant de chez <strong>Leroy Merlin<\/strong>.<\/p>\n\n<h3 class=\"wp-block-heading\">Ambiance Cocooning<\/h3>\n\n<p>Pour le cocooning, privil\u00e9gie les coussins, tapis et plaids douillets qui invitent \u00e0 la d\u00e9tente. Les couleurs douces comme le beige, le pastel et les tons nude cr\u00e9ent une atmosph\u00e8re chaleureuse.<\/p>\n\n<p>Personnaliser la d\u00e9co est vital. Ajoute des affiches, des photos ou des objets qui lui tiennent \u00e0 c\u0153ur. Fais attention, toutefois, \u00e0 ne pas surcharger l\u2019espace ! Balance entre conseils d\u00e9coratifs et une esth\u00e9tique agr\u00e9able.<\/p>\n\n<h2 class=\"wp-block-heading\">\u00c9clairer efficacement l\u2019espace pour une ambiance agr\u00e9able<\/h2>\n\n<p>Le choix de l&rsquo;\u00e9clairage est un \u00e9l\u00e9ment cl\u00e9 qui peut transformer l\u2019ambiance d\u2019une chambre. En 2025, l&rsquo;importance de l\u2019\u00e9clairage intelligent et modulable est plus que jamais d\u2019actualit\u00e9.<\/p>\n\n<p>Multiples sources lumineuses sont recommand\u00e9es :<\/p>\n\n<ul class=\"wp-block-list\"><li><strong>\u00c9clairage g\u00e9n\u00e9ral :<\/strong> Un plafonnier moderne pour illuminer toute la pi\u00e8ce \ud83d\udd06<\/li><li><strong>\u00c9clairage de travail :<\/strong> Une lampe de bureau pour le coin \u00e9tudie \ud83d\udca1<\/li><li><strong>Lumi\u00e8re d\u2019ambiance :<\/strong> Guirlandes lumineuses ou lampes d\u2019appoint pour un c\u00f4t\u00e9 cosy \u2728<\/li><\/ul>\n\n<p>Pour l\u2019\u00e9clairage de travail, il est vital qu\u2019il soit dirig\u00e9 et ajustable afin d\u2019\u00e9viter la fatigue oculaire. Pense \u00e9galement \u00e0 la <strong>temp\u00e9rature de la lumi\u00e8re<\/strong> ; opte pour une lumi\u00e8re neutre durant les heures d\u2019\u00e9tudes et des teintes plus chaudes pour la d\u00e9tente.<\/p>\n\n<figure class=\"wp-block-table\"><table>\n<thead>\n<tr>\n<th>Type d&rsquo;\u00e9clairage<\/th>\n<th>Fonction<\/th>\n<th>Source<\/th>\n<\/tr>\n<\/thead>\n<tbody>\n<tr>\n<td>Plafonnier LED<\/td>\n<td>\u00c9clairage g\u00e9n\u00e9ral<\/td>\n<td>IKEA<\/td>\n<\/tr>\n<tr>\n<td>Lampe de bureau<\/td>\n<td>Focus sur le travail<\/td>\n<td>Maisons du Monde<\/td>\n<\/tr>\n<tr>\n<td>Guirlandes lumineuses<\/td>\n<td>Ambiance chaleureuse<\/td>\n<td>AM.PM<\/td>\n<\/tr>\n<\/tbody>\n<\/table><\/figure>\n\n<p>Avec ces conseils d\u2019\u00e9clairage, tu vas r\u00e9ellement sublimer l\u2019ambiance de la chambre de ton ado et r\u00e9pondre \u00e0 ses besoins vari\u00e9s tout au long de la journ\u00e9e.<\/p>\n\n<h3 class=\"wp-block-heading\">FAQ<\/h3>\n\n<ul class=\"wp-block-list\"><li><strong>Comment personnaliser la d\u00e9co de la chambre d\u2019un ado ?<\/strong> En int\u00e9grant des affiches, des couleurs qu\u2019il pr\u00e9f\u00e8re, et des objets qu\u2019il aime.<\/li><li><strong>Quelles couleurs choisir pour une chambre d\u2019ado ?<\/strong> Des teintes douces comme le beige et le pastel sont recommand\u00e9es, ainsi que des touches de couleurs vives pour dynamiser l&rsquo;espace.<\/li><li><strong>Comment optimiser le rangement dans une petite chambre ?<\/strong> Utilise des \u00e9tag\u00e8res, des meubles avec rangement int\u00e9gr\u00e9 et des solutions de rangement vertical.<\/li><li><strong>Quels styles de d\u00e9co sont tendances en 2025 ?<\/strong> Les styles scandinaves, industriels, et cocooning continuent d\u2019\u00eatre tr\u00e8s populaires.<\/li><li><strong>Quels sont les \u00e9l\u00e9ments essentiels d\u2019un coin bureau ?<\/strong> Un bureau spacieux, une chaise ergonomique, et un bon syst\u00e8me de rangement.<\/li><\/ul>\n\n","protected":false},"excerpt":{"rendered":"<p>Bienvenue dans l\u2019univers fascinant de la d\u00e9coration de chambres d\u2019adolescents en 2025 ! Avec l\u2019\u00e9volution des tendances et des besoins, il est essentiel de comprendre comment cr\u00e9er des espaces \u00e0 la fois fonctionnels et styl\u00e9s. Dans cet article, nous allons explorer les diff\u00e9rentes facettes de l\u2019am\u00e9nagement d\u2019une chambre d\u2019ado. Pr\u00e9pare-toi \u00e0 plonger dans des conseils &#8230; <a title=\"Comment am\u00e9nager une chambre d&rsquo;ado avec style en 2025 ?\" class=\"read-more\" href=\"https:\/\/www.habitat-design.net\/blog\/amenager-chambre-ado-style\/\" aria-label=\"En savoir plus sur Comment am\u00e9nager une chambre d&rsquo;ado avec style en 2025 ?\">Lire plus<\/a><\/p>\n","protected":false},"author":1,"featured_media":1503,"comment_status":"","ping_status":"","sticky":false,"template":"","format":"standard","meta":{"footnotes":""},"categories":[1],"tags":[261,262,264,263,104],"class_list":["post-1504","post","type-post","status-publish","format-standard","has-post-thumbnail","hentry","category-maison","tag-amenagement-chambre-ado","tag-chambre-ado-2025","tag-deco-ado","tag-style-chambre-ado","tag-tendances-deco"],"yoast_head":"<!-- This site is optimized with the Yoast SEO plugin v26.8 - https:\/\/yoast.com\/product\/yoast-seo-wordpress\/ -->\n<title>Am\u00e9nager la chambre d&#039;ado avec style : tendances 2025<\/title>\n<meta name=\"description\" content=\"D\u00e9couvrez nos conseils pratiques et tendances pour am\u00e9nager une chambre d&#039;ado avec style en 2025. Inspirez-vous avec des id\u00e9es de d\u00e9coration, d&#039;ameublement et d&#039;organisation pour cr\u00e9er un espace moderne, fonctionnel et esth\u00e9tique qui refl\u00e8te la personnalit\u00e9 de votre adolescent.\" \/>\n<meta name=\"robots\" content=\"index, follow, max-snippet:-1, max-image-preview:large, max-video-preview:-1\" \/>\n<link rel=\"canonical\" href=\"https:\/\/www.habitat-design.net\/blog\/amenager-chambre-ado-style\/\" \/>\n<meta property=\"og:locale\" content=\"fr_FR\" \/>\n<meta property=\"og:type\" content=\"article\" \/>\n<meta property=\"og:title\" content=\"Am\u00e9nager la chambre d&#039;ado avec style : tendances 2025\" \/>\n<meta property=\"og:description\" content=\"D\u00e9couvrez nos conseils pratiques et tendances pour am\u00e9nager une chambre d&#039;ado avec style en 2025. Inspirez-vous avec des id\u00e9es de d\u00e9coration, d&#039;ameublement et d&#039;organisation pour cr\u00e9er un espace moderne, fonctionnel et esth\u00e9tique qui refl\u00e8te la personnalit\u00e9 de votre adolescent.\" \/>\n<meta property=\"og:url\" content=\"https:\/\/www.habitat-design.net\/blog\/amenager-chambre-ado-style\/\" \/>\n<meta property=\"article:published_time\" content=\"2025-05-22T01:32:41+00:00\" \/>\n<meta property=\"og:image\" content=\"https:\/\/www.habitat-design.net\/blog\/wp-content\/uploads\/2025\/05\/Comment-amenager-une-chambre-dado-avec-style-en-2025-.jpg\" \/>\n\t<meta property=\"og:image:width\" content=\"1344\" \/>\n\t<meta property=\"og:image:height\" content=\"768\" \/>\n\t<meta property=\"og:image:type\" content=\"image\/jpeg\" \/>\n<meta name=\"author\" content=\"Julien Laurent\" \/>\n<meta name=\"twitter:card\" content=\"summary_large_image\" \/>\n<meta name=\"twitter:label1\" content=\"\u00c9crit par\" \/>\n\t<meta name=\"twitter:data1\" content=\"Julien Laurent\" \/>\n\t<meta name=\"twitter:label2\" content=\"Dur\u00e9e de lecture estim\u00e9e\" \/>\n\t<meta name=\"twitter:data2\" content=\"7 minutes\" \/>\n<script type=\"application\/ld+json\" class=\"yoast-schema-graph\">{\"@context\":\"https:\/\/schema.org\",\"@graph\":[{\"@type\":\"Article\",\"@id\":\"https:\/\/www.habitat-design.net\/blog\/amenager-chambre-ado-style\/#article\",\"isPartOf\":{\"@id\":\"https:\/\/www.habitat-design.net\/blog\/amenager-chambre-ado-style\/\"},\"author\":{\"name\":\"Julien Laurent\",\"@id\":\"https:\/\/www.habitat-design.net\/blog\/#\/schema\/person\/f81363ecfab7ff0bfb976328793ce2e5\"},\"headline\":\"Comment am\u00e9nager une chambre d&rsquo;ado avec style en 2025 ?\",\"datePublished\":\"2025-05-22T01:32:41+00:00\",\"mainEntityOfPage\":{\"@id\":\"https:\/\/www.habitat-design.net\/blog\/amenager-chambre-ado-style\/\"},\"wordCount\":1358,\"image\":{\"@id\":\"https:\/\/www.habitat-design.net\/blog\/amenager-chambre-ado-style\/#primaryimage\"},\"thumbnailUrl\":\"https:\/\/www.habitat-design.net\/blog\/wp-content\/uploads\/2025\/05\/Comment-amenager-une-chambre-dado-avec-style-en-2025-.jpg\",\"keywords\":[\"am\u00e9nagement chambre ado\",\"chambre ado 2025\",\"d\u00e9co ado\",\"style chambre ado\",\"tendances d\u00e9co\"],\"articleSection\":[\"Maison &amp; d\u00e9coration\"],\"inLanguage\":\"fr-FR\"},{\"@type\":\"WebPage\",\"@id\":\"https:\/\/www.habitat-design.net\/blog\/amenager-chambre-ado-style\/\",\"url\":\"https:\/\/www.habitat-design.net\/blog\/amenager-chambre-ado-style\/\",\"name\":\"Am\u00e9nager la chambre d'ado avec style : tendances 2025\",\"isPartOf\":{\"@id\":\"https:\/\/www.habitat-design.net\/blog\/#website\"},\"primaryImageOfPage\":{\"@id\":\"https:\/\/www.habitat-design.net\/blog\/amenager-chambre-ado-style\/#primaryimage\"},\"image\":{\"@id\":\"https:\/\/www.habitat-design.net\/blog\/amenager-chambre-ado-style\/#primaryimage\"},\"thumbnailUrl\":\"https:\/\/www.habitat-design.net\/blog\/wp-content\/uploads\/2025\/05\/Comment-amenager-une-chambre-dado-avec-style-en-2025-.jpg\",\"datePublished\":\"2025-05-22T01:32:41+00:00\",\"author\":{\"@id\":\"https:\/\/www.habitat-design.net\/blog\/#\/schema\/person\/f81363ecfab7ff0bfb976328793ce2e5\"},\"description\":\"D\u00e9couvrez nos conseils pratiques et tendances pour am\u00e9nager une chambre d'ado avec style en 2025. Inspirez-vous avec des id\u00e9es de d\u00e9coration, d'ameublement et d'organisation pour cr\u00e9er un espace moderne, fonctionnel et esth\u00e9tique qui refl\u00e8te la personnalit\u00e9 de votre adolescent.\",\"breadcrumb\":{\"@id\":\"https:\/\/www.habitat-design.net\/blog\/amenager-chambre-ado-style\/#breadcrumb\"},\"inLanguage\":\"fr-FR\",\"potentialAction\":[{\"@type\":\"ReadAction\",\"target\":[\"https:\/\/www.habitat-design.net\/blog\/amenager-chambre-ado-style\/\"]}]},{\"@type\":\"ImageObject\",\"inLanguage\":\"fr-FR\",\"@id\":\"https:\/\/www.habitat-design.net\/blog\/amenager-chambre-ado-style\/#primaryimage\",\"url\":\"https:\/\/www.habitat-design.net\/blog\/wp-content\/uploads\/2025\/05\/Comment-amenager-une-chambre-dado-avec-style-en-2025-.jpg\",\"contentUrl\":\"https:\/\/www.habitat-design.net\/blog\/wp-content\/uploads\/2025\/05\/Comment-amenager-une-chambre-dado-avec-style-en-2025-.jpg\",\"width\":1344,\"height\":768,\"caption\":\"d\u00e9couvrez des astuces et des id\u00e9es inspirantes pour am\u00e9nager une chambre d'ado tendance et fonctionnelle en 2025. transformez cet espace en un v\u00e9ritable refuge personnalis\u00e9 alliant confort, style et pratiques modernes, tout en refl\u00e9tant la personnalit\u00e9 unique de votre adolescent.\"},{\"@type\":\"BreadcrumbList\",\"@id\":\"https:\/\/www.habitat-design.net\/blog\/amenager-chambre-ado-style\/#breadcrumb\",\"itemListElement\":[{\"@type\":\"ListItem\",\"position\":1,\"name\":\"Accueil\",\"item\":\"https:\/\/www.habitat-design.net\/blog\/\"},{\"@type\":\"ListItem\",\"position\":2,\"name\":\"Comment am\u00e9nager une chambre d&rsquo;ado avec style en 2025 ?\"}]},{\"@type\":\"WebSite\",\"@id\":\"https:\/\/www.habitat-design.net\/blog\/#website\",\"url\":\"https:\/\/www.habitat-design.net\/blog\/\",\"name\":\"\",\"description\":\"\",\"potentialAction\":[{\"@type\":\"SearchAction\",\"target\":{\"@type\":\"EntryPoint\",\"urlTemplate\":\"https:\/\/www.habitat-design.net\/blog\/?s={search_term_string}\"},\"query-input\":{\"@type\":\"PropertyValueSpecification\",\"valueRequired\":true,\"valueName\":\"search_term_string\"}}],\"inLanguage\":\"fr-FR\"},{\"@type\":\"Person\",\"@id\":\"https:\/\/www.habitat-design.net\/blog\/#\/schema\/person\/f81363ecfab7ff0bfb976328793ce2e5\",\"name\":\"Julien Laurent\",\"image\":{\"@type\":\"ImageObject\",\"inLanguage\":\"fr-FR\",\"@id\":\"https:\/\/www.habitat-design.net\/blog\/#\/schema\/person\/image\/\",\"url\":\"https:\/\/secure.gravatar.com\/avatar\/36c5f08b15b2f828b41156cb6e69b449?s=96&d=mm&r=g\",\"contentUrl\":\"https:\/\/secure.gravatar.com\/avatar\/36c5f08b15b2f828b41156cb6e69b449?s=96&d=mm&r=g\",\"caption\":\"Julien Laurent\"},\"description\":\"Julien Laurent est un blogueur passionn\u00e9 par le domaine de la d\u00e9coration int\u00e9rieure et du design. Avec un dipl\u00f4me en design d'int\u00e9rieur et plusieurs ann\u00e9es d'exp\u00e9rience en tant que d\u00e9corateur, il partage des conseils pratiques pour embellir et optimiser les espaces de vie. Ses articles inspirants et informatifs visent \u00e0 aider ses lecteurs \u00e0 cr\u00e9er des int\u00e9rieurs harmonieux et esth\u00e9tiques, refl\u00e9tant leur personnalit\u00e9 et leur style.\",\"sameAs\":[\"http:\/\/www.habitat-design.net\/blog\"],\"url\":\"https:\/\/www.habitat-design.net\/blog\/author\/contacthabitat-design-net\/\"}]}<\/script>\n<!-- \/ Yoast SEO plugin. -->","yoast_head_json":{"title":"Am\u00e9nager la chambre d'ado avec style : tendances 2025","description":"D\u00e9couvrez nos conseils pratiques et tendances pour am\u00e9nager une chambre d'ado avec style en 2025. Inspirez-vous avec des id\u00e9es de d\u00e9coration, d'ameublement et d'organisation pour cr\u00e9er un espace moderne, fonctionnel et esth\u00e9tique qui refl\u00e8te la personnalit\u00e9 de votre adolescent.","robots":{"index":"index","follow":"follow","max-snippet":"max-snippet:-1","max-image-preview":"max-image-preview:large","max-video-preview":"max-video-preview:-1"},"canonical":"https:\/\/www.habitat-design.net\/blog\/amenager-chambre-ado-style\/","og_locale":"fr_FR","og_type":"article","og_title":"Am\u00e9nager la chambre d'ado avec style : tendances 2025","og_description":"D\u00e9couvrez nos conseils pratiques et tendances pour am\u00e9nager une chambre d'ado avec style en 2025. Inspirez-vous avec des id\u00e9es de d\u00e9coration, d'ameublement et d'organisation pour cr\u00e9er un espace moderne, fonctionnel et esth\u00e9tique qui refl\u00e8te la personnalit\u00e9 de votre adolescent.","og_url":"https:\/\/www.habitat-design.net\/blog\/amenager-chambre-ado-style\/","article_published_time":"2025-05-22T01:32:41+00:00","og_image":[{"width":1344,"height":768,"url":"https:\/\/www.habitat-design.net\/blog\/wp-content\/uploads\/2025\/05\/Comment-amenager-une-chambre-dado-avec-style-en-2025-.jpg","type":"image\/jpeg"}],"author":"Julien Laurent","twitter_card":"summary_large_image","twitter_misc":{"\u00c9crit par":"Julien Laurent","Dur\u00e9e de lecture estim\u00e9e":"7 minutes"},"schema":{"@context":"https:\/\/schema.org","@graph":[{"@type":"Article","@id":"https:\/\/www.habitat-design.net\/blog\/amenager-chambre-ado-style\/#article","isPartOf":{"@id":"https:\/\/www.habitat-design.net\/blog\/amenager-chambre-ado-style\/"},"author":{"name":"Julien Laurent","@id":"https:\/\/www.habitat-design.net\/blog\/#\/schema\/person\/f81363ecfab7ff0bfb976328793ce2e5"},"headline":"Comment am\u00e9nager une chambre d&rsquo;ado avec style en 2025 ?","datePublished":"2025-05-22T01:32:41+00:00","mainEntityOfPage":{"@id":"https:\/\/www.habitat-design.net\/blog\/amenager-chambre-ado-style\/"},"wordCount":1358,"image":{"@id":"https:\/\/www.habitat-design.net\/blog\/amenager-chambre-ado-style\/#primaryimage"},"thumbnailUrl":"https:\/\/www.habitat-design.net\/blog\/wp-content\/uploads\/2025\/05\/Comment-amenager-une-chambre-dado-avec-style-en-2025-.jpg","keywords":["am\u00e9nagement chambre ado","chambre ado 2025","d\u00e9co ado","style chambre ado","tendances d\u00e9co"],"articleSection":["Maison &amp; d\u00e9coration"],"inLanguage":"fr-FR"},{"@type":"WebPage","@id":"https:\/\/www.habitat-design.net\/blog\/amenager-chambre-ado-style\/","url":"https:\/\/www.habitat-design.net\/blog\/amenager-chambre-ado-style\/","name":"Am\u00e9nager la chambre d'ado avec style : tendances 2025","isPartOf":{"@id":"https:\/\/www.habitat-design.net\/blog\/#website"},"primaryImageOfPage":{"@id":"https:\/\/www.habitat-design.net\/blog\/amenager-chambre-ado-style\/#primaryimage"},"image":{"@id":"https:\/\/www.habitat-design.net\/blog\/amenager-chambre-ado-style\/#primaryimage"},"thumbnailUrl":"https:\/\/www.habitat-design.net\/blog\/wp-content\/uploads\/2025\/05\/Comment-amenager-une-chambre-dado-avec-style-en-2025-.jpg","datePublished":"2025-05-22T01:32:41+00:00","author":{"@id":"https:\/\/www.habitat-design.net\/blog\/#\/schema\/person\/f81363ecfab7ff0bfb976328793ce2e5"},"description":"D\u00e9couvrez nos conseils pratiques et tendances pour am\u00e9nager une chambre d'ado avec style en 2025. Inspirez-vous avec des id\u00e9es de d\u00e9coration, d'ameublement et d'organisation pour cr\u00e9er un espace moderne, fonctionnel et esth\u00e9tique qui refl\u00e8te la personnalit\u00e9 de votre adolescent.","breadcrumb":{"@id":"https:\/\/www.habitat-design.net\/blog\/amenager-chambre-ado-style\/#breadcrumb"},"inLanguage":"fr-FR","potentialAction":[{"@type":"ReadAction","target":["https:\/\/www.habitat-design.net\/blog\/amenager-chambre-ado-style\/"]}]},{"@type":"ImageObject","inLanguage":"fr-FR","@id":"https:\/\/www.habitat-design.net\/blog\/amenager-chambre-ado-style\/#primaryimage","url":"https:\/\/www.habitat-design.net\/blog\/wp-content\/uploads\/2025\/05\/Comment-amenager-une-chambre-dado-avec-style-en-2025-.jpg","contentUrl":"https:\/\/www.habitat-design.net\/blog\/wp-content\/uploads\/2025\/05\/Comment-amenager-une-chambre-dado-avec-style-en-2025-.jpg","width":1344,"height":768,"caption":"d\u00e9couvrez des astuces et des id\u00e9es inspirantes pour am\u00e9nager une chambre d'ado tendance et fonctionnelle en 2025. transformez cet espace en un v\u00e9ritable refuge personnalis\u00e9 alliant confort, style et pratiques modernes, tout en refl\u00e9tant la personnalit\u00e9 unique de votre adolescent."},{"@type":"BreadcrumbList","@id":"https:\/\/www.habitat-design.net\/blog\/amenager-chambre-ado-style\/#breadcrumb","itemListElement":[{"@type":"ListItem","position":1,"name":"Accueil","item":"https:\/\/www.habitat-design.net\/blog\/"},{"@type":"ListItem","position":2,"name":"Comment am\u00e9nager une chambre d&rsquo;ado avec style en 2025 ?"}]},{"@type":"WebSite","@id":"https:\/\/www.habitat-design.net\/blog\/#website","url":"https:\/\/www.habitat-design.net\/blog\/","name":"","description":"","potentialAction":[{"@type":"SearchAction","target":{"@type":"EntryPoint","urlTemplate":"https:\/\/www.habitat-design.net\/blog\/?s={search_term_string}"},"query-input":{"@type":"PropertyValueSpecification","valueRequired":true,"valueName":"search_term_string"}}],"inLanguage":"fr-FR"},{"@type":"Person","@id":"https:\/\/www.habitat-design.net\/blog\/#\/schema\/person\/f81363ecfab7ff0bfb976328793ce2e5","name":"Julien Laurent","image":{"@type":"ImageObject","inLanguage":"fr-FR","@id":"https:\/\/www.habitat-design.net\/blog\/#\/schema\/person\/image\/","url":"https:\/\/secure.gravatar.com\/avatar\/36c5f08b15b2f828b41156cb6e69b449?s=96&d=mm&r=g","contentUrl":"https:\/\/secure.gravatar.com\/avatar\/36c5f08b15b2f828b41156cb6e69b449?s=96&d=mm&r=g","caption":"Julien Laurent"},"description":"Julien Laurent est un blogueur passionn\u00e9 par le domaine de la d\u00e9coration int\u00e9rieure et du design. Avec un dipl\u00f4me en design d'int\u00e9rieur et plusieurs ann\u00e9es d'exp\u00e9rience en tant que d\u00e9corateur, il partage des conseils pratiques pour embellir et optimiser les espaces de vie. Ses articles inspirants et informatifs visent \u00e0 aider ses lecteurs \u00e0 cr\u00e9er des int\u00e9rieurs harmonieux et esth\u00e9tiques, refl\u00e9tant leur personnalit\u00e9 et leur style.","sameAs":["http:\/\/www.habitat-design.net\/blog"],"url":"https:\/\/www.habitat-design.net\/blog\/author\/contacthabitat-design-net\/"}]}},"views":116,"_links":{"self":[{"href":"https:\/\/www.habitat-design.net\/blog\/wp-json\/wp\/v2\/posts\/1504","targetHints":{"allow":["GET"]}}],"collection":[{"href":"https:\/\/www.habitat-design.net\/blog\/wp-json\/wp\/v2\/posts"}],"about":[{"href":"https:\/\/www.habitat-design.net\/blog\/wp-json\/wp\/v2\/types\/post"}],"author":[{"embeddable":true,"href":"https:\/\/www.habitat-design.net\/blog\/wp-json\/wp\/v2\/users\/1"}],"replies":[{"embeddable":true,"href":"https:\/\/www.habitat-design.net\/blog\/wp-json\/wp\/v2\/comments?post=1504"}],"version-history":[{"count":0,"href":"https:\/\/www.habitat-design.net\/blog\/wp-json\/wp\/v2\/posts\/1504\/revisions"}],"wp:featuredmedia":[{"embeddable":true,"href":"https:\/\/www.habitat-design.net\/blog\/wp-json\/wp\/v2\/media\/1503"}],"wp:attachment":[{"href":"https:\/\/www.habitat-design.net\/blog\/wp-json\/wp\/v2\/media?parent=1504"}],"wp:term":[{"taxonomy":"category","embeddable":true,"href":"https:\/\/www.habitat-design.net\/blog\/wp-json\/wp\/v2\/categories?post=1504"},{"taxonomy":"post_tag","embeddable":true,"href":"https:\/\/www.habitat-design.net\/blog\/wp-json\/wp\/v2\/tags?post=1504"}],"curies":[{"name":"wp","href":"https:\/\/api.w.org\/{rel}","templated":true}]}}