
{"id":1457,"date":"2025-05-09T09:05:56","date_gmt":"2025-05-09T07:05:56","guid":{"rendered":"https:\/\/www.habitat-design.net\/blog\/semaine-design-decoration-238\/"},"modified":"2025-05-09T09:05:56","modified_gmt":"2025-05-09T07:05:56","slug":"semaine-design-decoration-238","status":"publish","type":"post","link":"https:\/\/www.habitat-design.net\/blog\/semaine-design-decoration-238\/","title":{"rendered":"exploration de la semaine du design et de la d\u00e9coration #238"},"content":{"rendered":"<p>Des id\u00e9es flamboyantes pour \u00e9gayer nos int\u00e9rieurs, voil\u00e0 ce que propose la semaine du design et de la d\u00e9coration #238 ! Un v\u00e9ritable festival pour les amoureux du bon go\u00fbt, mariant tradition et innovation comme il se doit. Au programme : des reportages captivants sur des cr\u00e9ations audacieuses, des produits alliant fonctionnalit\u00e9 et esth\u00e9tisme, et des architectures surprenantes qui font briller les yeux. Pr\u00e9pare-toi \u00e0 plonger dans un univers o\u00f9 chaque espace est une \u0153uvre d&rsquo;art, et o\u00f9 la magie du design op\u00e8re de mani\u00e8re \u00e9blouissante.<\/p>\n\n<h2 class=\"wp-block-heading\">Les tendances \u00e0 suivre durant la semaine d\u00e9coration et design #238<\/h2>\n\n<p>D\u00e9marrons fort les festivit\u00e9s avec un panorama des tendances qui marquent cette semaine exceptionnelle. Que tu sois novice ou expert en d\u00e9coration, tu vas adorer explorer ces courants innovants qui embellissent nos maisons.<\/p>\n\n<h3 class=\"wp-block-heading\">Des couleurs vibrantes et audacieuses<\/h3>\n\n<p>Cette ann\u00e9e, les teintes audacieuses font un retour fracassant. Oublie le blanc st\u00e9rile, place au <strong>jaune moutarde<\/strong>, au <strong>rose fuchsia<\/strong> et au <strong>vert for\u00eat<\/strong> ! Ces couleurs viennent dynamiser les espaces, apporter une touche de vitalit\u00e9 et m\u00eame, oserait-on dire, une bouff\u00e9e d&rsquo;air frais dans les pi\u00e8ces les plus passe-partout. Imagine-toi dans une cuisine o\u00f9 le jaune moutarde illumine les murs, accompagn\u00e9e de meubles de <strong>Ligne Roset<\/strong> qui compl\u00e8tent ce tableau flamboyant. Cela te donne envie, non ?<\/p>\n\n<ul class=\"wp-block-list\"><li>\ud83c\udf1f <strong>Jaune moutarde<\/strong> &#8211; \u00c9nergie et chaleur<\/li><li>\ud83d\udc96 <strong>Rose fuchsia<\/strong> &#8211; Douceur et f\u00e9minit\u00e9<\/li><li>\ud83c\udf32 <strong>Vert for\u00eat<\/strong> &#8211; Nature et s\u00e9r\u00e9nit\u00e9<\/li><\/ul>\n\n<h3 class=\"wp-block-heading\">La fusion des styles<\/h3>\n\n<p>Un autre \u00e9l\u00e9ment phare de cette \u00e9dition est la fusion des styles. Parfois, il suffit d&rsquo;un petit grain de folie pour transformer un int\u00e9rieur. Allier le <strong>design scandinave<\/strong> \u00e0 des touches plus industrielles permet de cr\u00e9er des espaces uniques qui racontent une histoire. Le mobilier de chez <strong>HAY<\/strong> se marie parfaitement avec des mati\u00e8res brutes comme le b\u00e9ton ou le m\u00e9tal, apportant une ambiance \u00e0 la fois chaleureuse et moderne. C\u2019est comme si l\u2019on confectionnait un g\u00e2teau en m\u00e9langeant des ingr\u00e9dients inattendus ! \ud83c\udf70<\/p>\n\n<h3 class=\"wp-block-heading\">Les mat\u00e9riaux durables au premier plan<\/h3>\n\n<p>Les pr\u00e9occupations \u00e9cologiques continuent de s\u2019imposer sur le march\u00e9 du design, et c\u2019est tr\u00e8s bien ainsi ! On note un int\u00e9r\u00eat croissant pour des mat\u00e9riaux durables comme le bambou, le lin ou encore le jute. Ces choix \u00e9coresponsables ne sont pas seulement un acte noble : ils offrent \u00e9galement une personnalit\u00e9 unique aux d\u00e9corations. Que dire des cr\u00e9ations de <strong>Tansu<\/strong>, qui utilisent du bois recycl\u00e9 pour cr\u00e9er des meubles \u00e0 la fois esth\u00e9tiques et respectueux de l&rsquo;environnement ? C\u2019est le genre d&rsquo;innovation qui nous fait fondre ! \ud83d\udc9a<\/p>\n\n<figure class=\"wp-block-table\"><table>\n<thead>\n<tr>\n<th>Tendances<\/th>\n<th>Caract\u00e9ristiques<\/th>\n<th>Marques \u00e0 d\u00e9couvrir<\/th>\n<\/tr>\n<\/thead>\n<tbody>\n<tr>\n<td>Couleurs audacieuses<\/td>\n<td>Vibrantes, \u00e9nergiques<\/td>\n<td>Ligne Roset, Roche Bobois<\/td>\n<\/tr>\n<tr>\n<td>Fusion des styles<\/td>\n<td>M\u00e9langes uniques<\/td>\n<td>HAY, Habitat<\/td>\n<\/tr>\n<tr>\n<td>Mat\u00e9riaux durables<\/td>\n<td>Ecoresponsables<\/td>\n<td>Tansu, Ferm Living<\/td>\n<\/tr>\n<\/tbody>\n<\/table><\/figure>\n\n<h2 class=\"wp-block-heading\">Les expositions \u00e0 ne pas manquer<\/h2>\n\n<p>Quoi de mieux que de se diriger vers les expositions pour d\u00e9couvrir ces tendances en situation r\u00e9elle ? La semaine du design et de la d\u00e9coration #238 regorge d\u2019\u00e9v\u00e9nements riches en d\u00e9couvertes et en inspirations.<\/p>\n\n<h3 class=\"wp-block-heading\">Maison&amp;Objet : le rendez-vous incontournable des passionn\u00e9s<\/h3>\n\n<p>Le c\u00e9l\u00e8bre salon <strong>Maison&amp;Objet<\/strong> est sans conteste l&rsquo;un des \u00e9v\u00e9nements les plus attendus de la semaine. On peut y d\u00e9couvrir des designers \u00e9mergents, mais \u00e9galement ceux qui ont marqu\u00e9 l\u2019histoire du design. Alors, pr\u00e9pare-toi \u00e0 te balader dans les all\u00e9es, o\u00f9 chaque stand te r\u00e9v\u00e9lera des univers inexplor\u00e9s. Il est \u00e9galement l\u2019endroit r\u00eav\u00e9 pour d\u00e9nicher des objets d\u00e9co uniques de marques comme <strong>Bolia<\/strong> et <strong>Alessi<\/strong> ! \ud83d\udecb\ufe0f<\/p>\n\n<h3 class=\"wp-block-heading\">Les installations artistiques \u00e9blouissantes<\/h3>\n\n<p>Les installations artistiques sont \u00e9galement mises \u00e0 l&rsquo;honneur lors de cette semaine. Les artistes contemporains prennent possession de l\u2019espace public et pr\u00e9sentent des \u0153uvres interactives qui interpellent et font r\u00e9fl\u00e9chir. Il est fascinant de voir comment l&rsquo;art et le design se m\u00e9langent pour cr\u00e9er une exp\u00e9rience sensorielle inoubliable. Les \u0153uvres cr\u00e9\u00e9es par des artistes comme <strong>Les Jardins<\/strong> ne manqueront pas de te surprendre &#8211; un vrai voyage visuel ! \ud83c\udf3c<\/p>\n\n<h2 class=\"wp-block-heading\">Les produits innovants qui vont transformer ta maison<\/h2>\n\n<p>Toute la magie du design r\u00e9side \u00e9galement dans les produits qui en d\u00e9coulent. La semaine du design et de la d\u00e9coration n&rsquo;en finit pas de d\u00e9voiler des objets qui vont embellir ton chez-soi. Du luminaire chic aux meubles multifonctionnels, tout en passant par des accessoires amusants et pratiques !<\/p>\n\n<h3 class=\"wp-block-heading\">Les luminaires : \u00e9clairage de style<\/h3>\n\n<p>Un bon \u00e9clairage est essentiel pour cr\u00e9er une ambiance chaleureuse. Les nouveaut\u00e9s pr\u00e9sent\u00e9es lors de cette semaine donnent le ton avec des designs audacieux. Penses \u00e0 des suspensions sculpturales qui vont non seulement \u00e9clairer, mais aussi devenir de v\u00e9ritables pi\u00e8ces ma\u00eetresses. Les lampes de chez <strong>Ferm Living<\/strong> sont un excellent exemple de cette tendance. On ne peut pas laisser passer l\u2019occasion de mettre en lumi\u00e8re un allier aussi fort pour l\u2019esth\u00e9tique int\u00e9rieure ! \ud83d\udca1<\/p>\n\n<h3 class=\"wp-block-heading\">Le mobilier multifonctionnel<\/h3>\n\n<p>\u00c0 l&rsquo;heure o\u00f9 l&rsquo;optimisation des espaces est devenue une n\u00e9cessit\u00e9, le mobilier multifonctionnel a le vent en poupe. Les meubles qui se plient et se d\u00e9plient comme par magie sont maintenant des incontournables. Un canap\u00e9-lit hybride, une table extensible, tout cela permet d&rsquo;optimiser chaque m\u00e8tre carr\u00e9 de ton int\u00e9rieur. <strong>Habitat<\/strong> et <strong>Roche Bobois<\/strong> proposent des solutions ing\u00e9nieuses qui ne manqueront pas de te s\u00e9duire.<\/p>\n\n<figure class=\"wp-block-table\"><table>\n<thead>\n<tr>\n<th>Type de produit<\/th>\n<th>Marques<\/th>\n<th>Domaines d&rsquo;application<\/th>\n<\/tr>\n<\/thead>\n<tbody>\n<tr>\n<td>Luminaires cr\u00e9atifs<\/td>\n<td>Ferm Living, Roche Bobois<\/td>\n<td>S\u00e9jour, bureau<\/td>\n<\/tr>\n<tr>\n<td>Mobilier multifonctionnel<\/td>\n<td>Habitat, Alessi<\/td>\n<td>Salle \u00e0 manger, salon<\/td>\n<\/tr>\n<tr>\n<td>Accessoires d\u00e9coratifs<\/td>\n<td>Bolia, Les Jardins<\/td>\n<td>Int\u00e9rieur, ext\u00e9rieur<\/td>\n<\/tr>\n<\/tbody>\n<\/table><\/figure>\n\n<h2 class=\"wp-block-heading\">Les rencontres avec les cr\u00e9ateurs inspirants<\/h2>\n\n<p>Les \u00e9changes enrichissants avec des cr\u00e9ateurs et des designers sont au c\u0153ur de la semaine #238. Qui sait, cela pourrait bien inspirer une nouvelle passion pour le design chez toi ! Alors, pr\u00eat \u00e0 plonger dans ces discussions captivantes ?<\/p>\n\n<h3 class=\"wp-block-heading\">Les tables rondes et conf\u00e9rences<\/h3>\n\n<p>Durant cette semaine, plusieurs tables rondes sont mises en place. L\u2019occasion d\u2019\u00e9changer autour des enjeux actuels du design et de la d\u00e9coration ! Ces discussions sont souvent riches et permettent de d\u00e9couvrir les pens\u00e9es des cr\u00e9ateurs derri\u00e8re les marques que l\u2019on admire. De plus, cela ne fait jamais de mal d\u2019apprendre \u00e0 travers des exp\u00e9riences partag\u00e9es. \ud83c\udf0d<\/p>\n\n<h3 class=\"wp-block-heading\">Des rencontres inspirantes<\/h3>\n\n<p>Et que dire des rencontres directes avec les cr\u00e9ateurs ? Ces moments permettent de plonger au c\u0153ur du processus cr\u00e9atif. Tu pratiquais toi aussi l\u2019art du design ? Disons que les \u00e9changes avec ces artistes peuvent t\u2019apporter un nouvel \u00e9lan, une inspiration inattendue. Les discussions informelles autour d\u2019un caf\u00e9 peuvent parfois donner naissance \u00e0 de grandes id\u00e9es ! \u2615<\/p>\n\n<figure class=\"wp-block-table\"><table>\n<thead>\n<tr>\n<th>Activit\u00e9s<\/th>\n<th>Intervenants<\/th>\n<th>Th\u00e8mes abord\u00e9s<\/th>\n<\/tr>\n<\/thead>\n<tbody>\n<tr>\n<td>Table ronde sur le design durable<\/td>\n<td>Cr\u00e9ateurs, Designers<\/td>\n<td>Durabilit\u00e9, Innovation<\/td>\n<\/tr>\n<tr>\n<td>Rencontre avec un designer<\/td>\n<td>Ex\u00e9cutifs de marques<\/td>\n<td>Cr\u00e9ativit\u00e9, Vision personnelle<\/td>\n<\/tr>\n<tr>\n<td>Conf\u00e9rence sur les tendances \u00e0 venir<\/td>\n<td>Experts du secteur<\/td>\n<td>Tendances, Inspiration<\/td>\n<\/tr>\n<\/tbody>\n<\/table><\/figure>\n\n<h2 class=\"wp-block-heading\">FAQ &#8211; Questions fr\u00e9quentes sur la semaine du design et de la d\u00e9coration #238<\/h2>\n\n<p><strong>Pourquoi participer \u00e0 la semaine du design et de la d\u00e9coration ?<\/strong><br>Ce \u00e9v\u00e9nement regorge d&rsquo;inspirations, d&rsquo;expositions nouvelles, et d&rsquo;\u00e9changes enrichissants avec des professionnels du secteur. Un must pour les passionn\u00e9s de d\u00e9coration !<\/p>\n\n<p><strong>O\u00f9 se d\u00e9roule cet \u00e9v\u00e9nement ?<\/strong><br>Cette ann\u00e9e, la semaine se d\u00e9roule principalement \u00e0 Paris, mais des initiatives sont visibles en ligne pour une accessibilit\u00e9 globale.<\/p>\n\n<p><strong>Qui peut participer ?<\/strong><br>Les \u00e9v\u00e9nements sont ouverts \u00e0 tout le monde, que tu sois \u00e9tudiant, professionnel du design ou simplement un amoureux de la d\u00e9co ! Il suffit de s&rsquo;inscrire aux diff\u00e9rentes sessions propos\u00e9es.<\/p>\n\n<p><strong>Est-ce que le salon est payant ?<\/strong><br>Certaines expositions et conf\u00e9rences sont gratuites, tandis que d&rsquo;autres peuvent n\u00e9cessiter un billet d&rsquo;entr\u00e9e. Il est pr\u00e9f\u00e9rable de v\u00e9rifier \u00e0 l&rsquo;avance.<\/p>\n\n<p><strong>Comment s\u2019inscrire aux \u00e9v\u00e9nements ?<\/strong><br>Les inscriptions se font g\u00e9n\u00e9ralement en ligne via le site officiel de l&rsquo;\u00e9v\u00e9nement. Prends le temps de regarder les diff\u00e9rents programmes !<\/p>\n\n","protected":false},"excerpt":{"rendered":"<p>Des id\u00e9es flamboyantes pour \u00e9gayer nos int\u00e9rieurs, voil\u00e0 ce que propose la semaine du design et de la d\u00e9coration #238 ! Un v\u00e9ritable festival pour les amoureux du bon go\u00fbt, mariant tradition et innovation comme il se doit. Au programme : des reportages captivants sur des cr\u00e9ations audacieuses, des produits alliant fonctionnalit\u00e9 et esth\u00e9tisme, et &#8230; <a title=\"exploration de la semaine du design et de la d\u00e9coration #238\" class=\"read-more\" href=\"https:\/\/www.habitat-design.net\/blog\/semaine-design-decoration-238\/\" aria-label=\"En savoir plus sur exploration de la semaine du design et de la d\u00e9coration #238\">Lire plus<\/a><\/p>\n","protected":false},"author":1,"featured_media":1456,"comment_status":"","ping_status":"","sticky":false,"template":"","format":"standard","meta":{"footnotes":""},"categories":[1],"tags":[55,93,184,185,92],"class_list":["post-1457","post","type-post","status-publish","format-standard","has-post-thumbnail","hentry","category-maison","tag-decoration","tag-design","tag-exploration","tag-semaine-du-design","tag-tendances"],"yoast_head":"<!-- This site is optimized with the Yoast SEO plugin v26.8 - https:\/\/yoast.com\/product\/yoast-seo-wordpress\/ -->\n<title>Plong\u00e9e cr\u00e9ative dans la semaine du design et de la d\u00e9coration<\/title>\n<meta name=\"description\" content=\"D\u00e9couvrez les tendances innovantes et les inspirations uniques de la semaine du design et de la d\u00e9coration #238. Plongez dans un univers cr\u00e9atif o\u00f9 le design d&#039;int\u00e9rieur rencontre la fonctionnalit\u00e9, avec des id\u00e9es pour transformer votre espace. Ne manquez pas notre exploration approfondie des \u00e9v\u00e9nements cl\u00e9s, des artistes et des cr\u00e9ations qui red\u00e9finissent le paysage du design.\" \/>\n<meta name=\"robots\" content=\"index, follow, max-snippet:-1, max-image-preview:large, max-video-preview:-1\" \/>\n<link rel=\"canonical\" href=\"https:\/\/www.habitat-design.net\/blog\/semaine-design-decoration-238\/\" \/>\n<meta property=\"og:locale\" content=\"fr_FR\" \/>\n<meta property=\"og:type\" content=\"article\" \/>\n<meta property=\"og:title\" content=\"Plong\u00e9e cr\u00e9ative dans la semaine du design et de la d\u00e9coration\" \/>\n<meta property=\"og:description\" content=\"D\u00e9couvrez les tendances innovantes et les inspirations uniques de la semaine du design et de la d\u00e9coration #238. Plongez dans un univers cr\u00e9atif o\u00f9 le design d&#039;int\u00e9rieur rencontre la fonctionnalit\u00e9, avec des id\u00e9es pour transformer votre espace. Ne manquez pas notre exploration approfondie des \u00e9v\u00e9nements cl\u00e9s, des artistes et des cr\u00e9ations qui red\u00e9finissent le paysage du design.\" \/>\n<meta property=\"og:url\" content=\"https:\/\/www.habitat-design.net\/blog\/semaine-design-decoration-238\/\" \/>\n<meta property=\"article:published_time\" content=\"2025-05-09T07:05:56+00:00\" \/>\n<meta property=\"og:image\" content=\"https:\/\/www.habitat-design.net\/blog\/wp-content\/uploads\/2025\/05\/exploration-de-la-semaine-du-design-et-de-la-decoration-238.jpg\" \/>\n\t<meta property=\"og:image:width\" content=\"1344\" \/>\n\t<meta property=\"og:image:height\" content=\"768\" \/>\n\t<meta property=\"og:image:type\" content=\"image\/jpeg\" \/>\n<meta name=\"author\" content=\"Julien Laurent\" \/>\n<meta name=\"twitter:card\" content=\"summary_large_image\" \/>\n<meta name=\"twitter:label1\" content=\"\u00c9crit par\" \/>\n\t<meta name=\"twitter:data1\" content=\"Julien Laurent\" \/>\n\t<meta name=\"twitter:label2\" content=\"Dur\u00e9e de lecture estim\u00e9e\" \/>\n\t<meta name=\"twitter:data2\" content=\"7 minutes\" \/>\n<script type=\"application\/ld+json\" class=\"yoast-schema-graph\">{\"@context\":\"https:\/\/schema.org\",\"@graph\":[{\"@type\":\"Article\",\"@id\":\"https:\/\/www.habitat-design.net\/blog\/semaine-design-decoration-238\/#article\",\"isPartOf\":{\"@id\":\"https:\/\/www.habitat-design.net\/blog\/semaine-design-decoration-238\/\"},\"author\":{\"name\":\"Julien Laurent\",\"@id\":\"https:\/\/www.habitat-design.net\/blog\/#\/schema\/person\/f81363ecfab7ff0bfb976328793ce2e5\"},\"headline\":\"exploration de la semaine du design et de la d\u00e9coration #238\",\"datePublished\":\"2025-05-09T07:05:56+00:00\",\"mainEntityOfPage\":{\"@id\":\"https:\/\/www.habitat-design.net\/blog\/semaine-design-decoration-238\/\"},\"wordCount\":1352,\"image\":{\"@id\":\"https:\/\/www.habitat-design.net\/blog\/semaine-design-decoration-238\/#primaryimage\"},\"thumbnailUrl\":\"https:\/\/www.habitat-design.net\/blog\/wp-content\/uploads\/2025\/05\/exploration-de-la-semaine-du-design-et-de-la-decoration-238.jpg\",\"keywords\":[\"d\u00e9coration\",\"design\",\"exploration\",\"semaine du design\",\"tendances\"],\"articleSection\":[\"Maison &amp; d\u00e9coration\"],\"inLanguage\":\"fr-FR\"},{\"@type\":\"WebPage\",\"@id\":\"https:\/\/www.habitat-design.net\/blog\/semaine-design-decoration-238\/\",\"url\":\"https:\/\/www.habitat-design.net\/blog\/semaine-design-decoration-238\/\",\"name\":\"Plong\u00e9e cr\u00e9ative dans la semaine du design et de la d\u00e9coration\",\"isPartOf\":{\"@id\":\"https:\/\/www.habitat-design.net\/blog\/#website\"},\"primaryImageOfPage\":{\"@id\":\"https:\/\/www.habitat-design.net\/blog\/semaine-design-decoration-238\/#primaryimage\"},\"image\":{\"@id\":\"https:\/\/www.habitat-design.net\/blog\/semaine-design-decoration-238\/#primaryimage\"},\"thumbnailUrl\":\"https:\/\/www.habitat-design.net\/blog\/wp-content\/uploads\/2025\/05\/exploration-de-la-semaine-du-design-et-de-la-decoration-238.jpg\",\"datePublished\":\"2025-05-09T07:05:56+00:00\",\"author\":{\"@id\":\"https:\/\/www.habitat-design.net\/blog\/#\/schema\/person\/f81363ecfab7ff0bfb976328793ce2e5\"},\"description\":\"D\u00e9couvrez les tendances innovantes et les inspirations uniques de la semaine du design et de la d\u00e9coration #238. Plongez dans un univers cr\u00e9atif o\u00f9 le design d'int\u00e9rieur rencontre la fonctionnalit\u00e9, avec des id\u00e9es pour transformer votre espace. Ne manquez pas notre exploration approfondie des \u00e9v\u00e9nements cl\u00e9s, des artistes et des cr\u00e9ations qui red\u00e9finissent le paysage du design.\",\"breadcrumb\":{\"@id\":\"https:\/\/www.habitat-design.net\/blog\/semaine-design-decoration-238\/#breadcrumb\"},\"inLanguage\":\"fr-FR\",\"potentialAction\":[{\"@type\":\"ReadAction\",\"target\":[\"https:\/\/www.habitat-design.net\/blog\/semaine-design-decoration-238\/\"]}]},{\"@type\":\"ImageObject\",\"inLanguage\":\"fr-FR\",\"@id\":\"https:\/\/www.habitat-design.net\/blog\/semaine-design-decoration-238\/#primaryimage\",\"url\":\"https:\/\/www.habitat-design.net\/blog\/wp-content\/uploads\/2025\/05\/exploration-de-la-semaine-du-design-et-de-la-decoration-238.jpg\",\"contentUrl\":\"https:\/\/www.habitat-design.net\/blog\/wp-content\/uploads\/2025\/05\/exploration-de-la-semaine-du-design-et-de-la-decoration-238.jpg\",\"width\":1344,\"height\":768,\"caption\":\"d\u00e9couvrez les tendances innovantes pr\u00e9sent\u00e9es lors de la semaine du design et de la d\u00e9coration #238. plongez dans un univers cr\u00e9atif o\u00f9 le style et l'esth\u00e9tique s'entrem\u00ealent pour inspirer vos projets d'am\u00e9nagement int\u00e9rieur.\"},{\"@type\":\"BreadcrumbList\",\"@id\":\"https:\/\/www.habitat-design.net\/blog\/semaine-design-decoration-238\/#breadcrumb\",\"itemListElement\":[{\"@type\":\"ListItem\",\"position\":1,\"name\":\"Accueil\",\"item\":\"https:\/\/www.habitat-design.net\/blog\/\"},{\"@type\":\"ListItem\",\"position\":2,\"name\":\"exploration de la semaine du design et de la d\u00e9coration #238\"}]},{\"@type\":\"WebSite\",\"@id\":\"https:\/\/www.habitat-design.net\/blog\/#website\",\"url\":\"https:\/\/www.habitat-design.net\/blog\/\",\"name\":\"\",\"description\":\"\",\"potentialAction\":[{\"@type\":\"SearchAction\",\"target\":{\"@type\":\"EntryPoint\",\"urlTemplate\":\"https:\/\/www.habitat-design.net\/blog\/?s={search_term_string}\"},\"query-input\":{\"@type\":\"PropertyValueSpecification\",\"valueRequired\":true,\"valueName\":\"search_term_string\"}}],\"inLanguage\":\"fr-FR\"},{\"@type\":\"Person\",\"@id\":\"https:\/\/www.habitat-design.net\/blog\/#\/schema\/person\/f81363ecfab7ff0bfb976328793ce2e5\",\"name\":\"Julien Laurent\",\"image\":{\"@type\":\"ImageObject\",\"inLanguage\":\"fr-FR\",\"@id\":\"https:\/\/www.habitat-design.net\/blog\/#\/schema\/person\/image\/\",\"url\":\"https:\/\/secure.gravatar.com\/avatar\/36c5f08b15b2f828b41156cb6e69b449?s=96&d=mm&r=g\",\"contentUrl\":\"https:\/\/secure.gravatar.com\/avatar\/36c5f08b15b2f828b41156cb6e69b449?s=96&d=mm&r=g\",\"caption\":\"Julien Laurent\"},\"description\":\"Julien Laurent est un blogueur passionn\u00e9 par le domaine de la d\u00e9coration int\u00e9rieure et du design. Avec un dipl\u00f4me en design d'int\u00e9rieur et plusieurs ann\u00e9es d'exp\u00e9rience en tant que d\u00e9corateur, il partage des conseils pratiques pour embellir et optimiser les espaces de vie. Ses articles inspirants et informatifs visent \u00e0 aider ses lecteurs \u00e0 cr\u00e9er des int\u00e9rieurs harmonieux et esth\u00e9tiques, refl\u00e9tant leur personnalit\u00e9 et leur style.\",\"sameAs\":[\"http:\/\/www.habitat-design.net\/blog\"],\"url\":\"https:\/\/www.habitat-design.net\/blog\/author\/contacthabitat-design-net\/\"}]}<\/script>\n<!-- \/ Yoast SEO plugin. -->","yoast_head_json":{"title":"Plong\u00e9e cr\u00e9ative dans la semaine du design et de la d\u00e9coration","description":"D\u00e9couvrez les tendances innovantes et les inspirations uniques de la semaine du design et de la d\u00e9coration #238. Plongez dans un univers cr\u00e9atif o\u00f9 le design d'int\u00e9rieur rencontre la fonctionnalit\u00e9, avec des id\u00e9es pour transformer votre espace. Ne manquez pas notre exploration approfondie des \u00e9v\u00e9nements cl\u00e9s, des artistes et des cr\u00e9ations qui red\u00e9finissent le paysage du design.","robots":{"index":"index","follow":"follow","max-snippet":"max-snippet:-1","max-image-preview":"max-image-preview:large","max-video-preview":"max-video-preview:-1"},"canonical":"https:\/\/www.habitat-design.net\/blog\/semaine-design-decoration-238\/","og_locale":"fr_FR","og_type":"article","og_title":"Plong\u00e9e cr\u00e9ative dans la semaine du design et de la d\u00e9coration","og_description":"D\u00e9couvrez les tendances innovantes et les inspirations uniques de la semaine du design et de la d\u00e9coration #238. Plongez dans un univers cr\u00e9atif o\u00f9 le design d'int\u00e9rieur rencontre la fonctionnalit\u00e9, avec des id\u00e9es pour transformer votre espace. Ne manquez pas notre exploration approfondie des \u00e9v\u00e9nements cl\u00e9s, des artistes et des cr\u00e9ations qui red\u00e9finissent le paysage du design.","og_url":"https:\/\/www.habitat-design.net\/blog\/semaine-design-decoration-238\/","article_published_time":"2025-05-09T07:05:56+00:00","og_image":[{"width":1344,"height":768,"url":"https:\/\/www.habitat-design.net\/blog\/wp-content\/uploads\/2025\/05\/exploration-de-la-semaine-du-design-et-de-la-decoration-238.jpg","type":"image\/jpeg"}],"author":"Julien Laurent","twitter_card":"summary_large_image","twitter_misc":{"\u00c9crit par":"Julien Laurent","Dur\u00e9e de lecture estim\u00e9e":"7 minutes"},"schema":{"@context":"https:\/\/schema.org","@graph":[{"@type":"Article","@id":"https:\/\/www.habitat-design.net\/blog\/semaine-design-decoration-238\/#article","isPartOf":{"@id":"https:\/\/www.habitat-design.net\/blog\/semaine-design-decoration-238\/"},"author":{"name":"Julien Laurent","@id":"https:\/\/www.habitat-design.net\/blog\/#\/schema\/person\/f81363ecfab7ff0bfb976328793ce2e5"},"headline":"exploration de la semaine du design et de la d\u00e9coration #238","datePublished":"2025-05-09T07:05:56+00:00","mainEntityOfPage":{"@id":"https:\/\/www.habitat-design.net\/blog\/semaine-design-decoration-238\/"},"wordCount":1352,"image":{"@id":"https:\/\/www.habitat-design.net\/blog\/semaine-design-decoration-238\/#primaryimage"},"thumbnailUrl":"https:\/\/www.habitat-design.net\/blog\/wp-content\/uploads\/2025\/05\/exploration-de-la-semaine-du-design-et-de-la-decoration-238.jpg","keywords":["d\u00e9coration","design","exploration","semaine du design","tendances"],"articleSection":["Maison &amp; d\u00e9coration"],"inLanguage":"fr-FR"},{"@type":"WebPage","@id":"https:\/\/www.habitat-design.net\/blog\/semaine-design-decoration-238\/","url":"https:\/\/www.habitat-design.net\/blog\/semaine-design-decoration-238\/","name":"Plong\u00e9e cr\u00e9ative dans la semaine du design et de la d\u00e9coration","isPartOf":{"@id":"https:\/\/www.habitat-design.net\/blog\/#website"},"primaryImageOfPage":{"@id":"https:\/\/www.habitat-design.net\/blog\/semaine-design-decoration-238\/#primaryimage"},"image":{"@id":"https:\/\/www.habitat-design.net\/blog\/semaine-design-decoration-238\/#primaryimage"},"thumbnailUrl":"https:\/\/www.habitat-design.net\/blog\/wp-content\/uploads\/2025\/05\/exploration-de-la-semaine-du-design-et-de-la-decoration-238.jpg","datePublished":"2025-05-09T07:05:56+00:00","author":{"@id":"https:\/\/www.habitat-design.net\/blog\/#\/schema\/person\/f81363ecfab7ff0bfb976328793ce2e5"},"description":"D\u00e9couvrez les tendances innovantes et les inspirations uniques de la semaine du design et de la d\u00e9coration #238. Plongez dans un univers cr\u00e9atif o\u00f9 le design d'int\u00e9rieur rencontre la fonctionnalit\u00e9, avec des id\u00e9es pour transformer votre espace. Ne manquez pas notre exploration approfondie des \u00e9v\u00e9nements cl\u00e9s, des artistes et des cr\u00e9ations qui red\u00e9finissent le paysage du design.","breadcrumb":{"@id":"https:\/\/www.habitat-design.net\/blog\/semaine-design-decoration-238\/#breadcrumb"},"inLanguage":"fr-FR","potentialAction":[{"@type":"ReadAction","target":["https:\/\/www.habitat-design.net\/blog\/semaine-design-decoration-238\/"]}]},{"@type":"ImageObject","inLanguage":"fr-FR","@id":"https:\/\/www.habitat-design.net\/blog\/semaine-design-decoration-238\/#primaryimage","url":"https:\/\/www.habitat-design.net\/blog\/wp-content\/uploads\/2025\/05\/exploration-de-la-semaine-du-design-et-de-la-decoration-238.jpg","contentUrl":"https:\/\/www.habitat-design.net\/blog\/wp-content\/uploads\/2025\/05\/exploration-de-la-semaine-du-design-et-de-la-decoration-238.jpg","width":1344,"height":768,"caption":"d\u00e9couvrez les tendances innovantes pr\u00e9sent\u00e9es lors de la semaine du design et de la d\u00e9coration #238. plongez dans un univers cr\u00e9atif o\u00f9 le style et l'esth\u00e9tique s'entrem\u00ealent pour inspirer vos projets d'am\u00e9nagement int\u00e9rieur."},{"@type":"BreadcrumbList","@id":"https:\/\/www.habitat-design.net\/blog\/semaine-design-decoration-238\/#breadcrumb","itemListElement":[{"@type":"ListItem","position":1,"name":"Accueil","item":"https:\/\/www.habitat-design.net\/blog\/"},{"@type":"ListItem","position":2,"name":"exploration de la semaine du design et de la d\u00e9coration #238"}]},{"@type":"WebSite","@id":"https:\/\/www.habitat-design.net\/blog\/#website","url":"https:\/\/www.habitat-design.net\/blog\/","name":"","description":"","potentialAction":[{"@type":"SearchAction","target":{"@type":"EntryPoint","urlTemplate":"https:\/\/www.habitat-design.net\/blog\/?s={search_term_string}"},"query-input":{"@type":"PropertyValueSpecification","valueRequired":true,"valueName":"search_term_string"}}],"inLanguage":"fr-FR"},{"@type":"Person","@id":"https:\/\/www.habitat-design.net\/blog\/#\/schema\/person\/f81363ecfab7ff0bfb976328793ce2e5","name":"Julien Laurent","image":{"@type":"ImageObject","inLanguage":"fr-FR","@id":"https:\/\/www.habitat-design.net\/blog\/#\/schema\/person\/image\/","url":"https:\/\/secure.gravatar.com\/avatar\/36c5f08b15b2f828b41156cb6e69b449?s=96&d=mm&r=g","contentUrl":"https:\/\/secure.gravatar.com\/avatar\/36c5f08b15b2f828b41156cb6e69b449?s=96&d=mm&r=g","caption":"Julien Laurent"},"description":"Julien Laurent est un blogueur passionn\u00e9 par le domaine de la d\u00e9coration int\u00e9rieure et du design. Avec un dipl\u00f4me en design d'int\u00e9rieur et plusieurs ann\u00e9es d'exp\u00e9rience en tant que d\u00e9corateur, il partage des conseils pratiques pour embellir et optimiser les espaces de vie. Ses articles inspirants et informatifs visent \u00e0 aider ses lecteurs \u00e0 cr\u00e9er des int\u00e9rieurs harmonieux et esth\u00e9tiques, refl\u00e9tant leur personnalit\u00e9 et leur style.","sameAs":["http:\/\/www.habitat-design.net\/blog"],"url":"https:\/\/www.habitat-design.net\/blog\/author\/contacthabitat-design-net\/"}]}},"views":82,"_links":{"self":[{"href":"https:\/\/www.habitat-design.net\/blog\/wp-json\/wp\/v2\/posts\/1457","targetHints":{"allow":["GET"]}}],"collection":[{"href":"https:\/\/www.habitat-design.net\/blog\/wp-json\/wp\/v2\/posts"}],"about":[{"href":"https:\/\/www.habitat-design.net\/blog\/wp-json\/wp\/v2\/types\/post"}],"author":[{"embeddable":true,"href":"https:\/\/www.habitat-design.net\/blog\/wp-json\/wp\/v2\/users\/1"}],"replies":[{"embeddable":true,"href":"https:\/\/www.habitat-design.net\/blog\/wp-json\/wp\/v2\/comments?post=1457"}],"version-history":[{"count":0,"href":"https:\/\/www.habitat-design.net\/blog\/wp-json\/wp\/v2\/posts\/1457\/revisions"}],"wp:featuredmedia":[{"embeddable":true,"href":"https:\/\/www.habitat-design.net\/blog\/wp-json\/wp\/v2\/media\/1456"}],"wp:attachment":[{"href":"https:\/\/www.habitat-design.net\/blog\/wp-json\/wp\/v2\/media?parent=1457"}],"wp:term":[{"taxonomy":"category","embeddable":true,"href":"https:\/\/www.habitat-design.net\/blog\/wp-json\/wp\/v2\/categories?post=1457"},{"taxonomy":"post_tag","embeddable":true,"href":"https:\/\/www.habitat-design.net\/blog\/wp-json\/wp\/v2\/tags?post=1457"}],"curies":[{"name":"wp","href":"https:\/\/api.w.org\/{rel}","templated":true}]}}