
{"id":1446,"date":"2025-05-07T09:17:05","date_gmt":"2025-05-07T07:17:05","guid":{"rendered":"https:\/\/www.habitat-design.net\/blog\/decorations-saint-felicien-ardechoise\/"},"modified":"2025-05-07T09:17:05","modified_gmt":"2025-05-07T07:17:05","slug":"decorations-saint-felicien-ardechoise","status":"publish","type":"post","link":"https:\/\/www.habitat-design.net\/blog\/decorations-saint-felicien-ardechoise\/","title":{"rendered":"Saint-F\u00e9licien se pr\u00e9pare : la d\u00e9coration du village pour l&rsquo;Ard\u00e9choise prend forme"},"content":{"rendered":"<p>Pr\u00e9pare tes ciseaux, am\u00e8ne ta cr\u00e9ativit\u00e9, et mets ton meilleur sourire ! Saint-F\u00e9licien se transforme peu \u00e0 peu en un d\u00e9cor de r\u00eave pour l&rsquo;\u00e9dition tant attendue de l&rsquo;Ard\u00e9choise. Les habitants, qui d\u00e9bordent d&rsquo;\u00e9nergie et d&rsquo;enthousiasme, s\u2019organisent pour donner vie \u00e0 des d\u00e9corations color\u00e9es et festives. C&rsquo;est l&rsquo;occasion parfaite pour faire preuve de solidarit\u00e9 locale et d&rsquo;artisanat cr\u00e9atif. Alors, pr\u00eat \u00e0 d\u00e9couvrir comment un simple village se m\u00e9tamorphose \u00e0 l\u2019approche d\u2019un \u00e9v\u00e9nement qui fait vibrer toute une communaut\u00e9 ?<\/p>\n\n<h2 class=\"wp-block-heading\">Un printemps color\u00e9 : le lancement de la d\u00e9coration du village pour l&rsquo;Ard\u00e9choise<\/h2>\n\n<p>La magie commence avec les premiers rayons de soleil du printemps, synonyme de renouveau. C\u2019est le moment o\u00f9 la communaut\u00e9 de Saint-F\u00e9licien se retrouve pour donner le coup d&rsquo;envoi des festivit\u00e9s. La mise en place de la d\u00e9coration du village, pour c\u00e9l\u00e9brer cette grande f\u00eate du cyclisme, se pr\u00e9pare avec soin et enthousiasme. Ce d\u00e9fi collectif est l\u2019occasion de r\u00e9unir les voisins, amis et familles autour d\u2019un projet commun, m\u00ealant cr\u00e9ativit\u00e9 et passion.<\/p>\n\n<p>Cette ann\u00e9e, les membres du collectif local se retrouvent chaque week-end \u00e0 la salle des f\u00eates, transform\u00e9e en v\u00e9ritable atelier d\u2019artisans. Chacun apporte ses talents, que ce soit en couture, en peinture ou en bricolage. Voici un petit aper\u00e7u des r\u00e9alisations en cours :<\/p>\n\n<ul class=\"wp-block-list\"><li>\ud83c\udf3c Cr\u00e9ation de guirlandes f\u00e9\u00e9riques en papier recycl\u00e9<\/li><li>\ud83d\udeb4\u200d\u2642\ufe0f Peinture de v\u00e9los pour former des installations color\u00e9es autour du village<\/li><li>\ud83c\udf38 Fabrique de fleurs g\u00e9antes en tissu pour \u00e9gayer les recoins<\/li><li>\ud83c\udfa8 Atelier d\u2019art pour concevoir des panneaux d\u00e9coratifs aux couleurs de l&rsquo;Ard\u00e9choise<\/li><\/ul>\n\n<p>Les habitants partagent \u00e9galement leurs id\u00e9es en mettant en avant leur amour pour le \u00ab fait main \u00bb. Les jeunes comme les moins jeunes viennent pour apprendre des techniques artisanales, et surtout, pour passer un bon moment ensemble. C&rsquo;est l&rsquo;occasion de transmettre leur savoir-faire aux g\u00e9n\u00e9rations futures, tout en tissant des liens encore plus forts au sein de cette belle communaut\u00e9.<\/p>\n\n<h3 class=\"wp-block-heading\">La fabrication des d\u00e9corations : un vrai travail d\u2019\u00e9quipe<\/h3>\n\n<p>La nuit tomb\u00e9e, on pourrait entendre les rires des b\u00e9n\u00e9voles autour des tables, collant, d\u00e9coupant et peignant. La joie est palpable, et l\u2019esprit de camaraderie fait chaud au c\u0153ur. Pour p\u00e9reniser ces aventures cr\u00e9atives, un calendrier est \u00e9tabli pour organiser les diff\u00e9rentes sessions de cr\u00e9ation. Chaque groupe familial ou d&rsquo;amis choisit de participer selon son emploi du temps :<\/p>\n\n<figure class=\"wp-block-table\"><table>\n<thead>\n<tr>\n<th>Dates<\/th>\n<th>Activit\u00e9s<\/th>\n<th>Responsable<\/th>\n<\/tr>\n<\/thead>\n<tbody>\n<tr>\n<td>11 mai<\/td>\n<td>Cr\u00e9ation de guirlandes<\/td>\n<td>Monique<\/td>\n<\/tr>\n<tr>\n<td>18 mai<\/td>\n<td>Peinture de v\u00e9los<\/td>\n<td>Jean<\/td>\n<\/tr>\n<tr>\n<td>25 mai<\/td>\n<td>D\u00e9corations en tissus<\/td>\n<td>Clara<\/td>\n<\/tr>\n<tr>\n<td>1er juin<\/td>\n<td>Panneaux d\u00e9coratifs<\/td>\n<td>Lucas<\/td>\n<\/tr>\n<\/tbody>\n<\/table><\/figure>\n\n<h2 class=\"wp-block-heading\">La rencontre des artisans : traditions et savoir-faire au service de la d\u00e9coration<\/h2>\n\n<p>Dans cet \u00e9lan festif, l&rsquo;artisanat joue un r\u00f4le central. La mise en avant de l\u2019artisanat local est essentielle pour rendre cette d\u00e9coration unique. On retrouve des artisans et cr\u00e9ateurs locaux qui sont ravis de collaborer avec la communaut\u00e9. Chaque pi\u00e8ce d\u00e9corative raconte une histoire, une tradition, un savoir-faire transmis de g\u00e9n\u00e9ration en g\u00e9n\u00e9ration. Dans un monde de consommation rapide, cet engagement est pr\u00e9cieux.<\/p>\n\n<p>Parmi les artisans qui prennent part \u00e0 l&rsquo;\u00e9v\u00e9nement, on retrouve :<\/p>\n\n<ul class=\"wp-block-list\"><li>\ud83e\uddf6 Des cr\u00e9ateurs en textile qui fabriquent des \u00e9l\u00e9ments de d\u00e9coration \u00e0 partir de mat\u00e9riaux recycl\u00e9s<\/li><li>\ud83c\udfa8 Des peintres et dessinateurs qui embellissent les espaces publics avec des \u0153uvres inspir\u00e9es par la nature ard\u00e9choise<\/li><li>\ud83c\udf3f Des fleuristes qui pr\u00e9parent des compositions florales \u00e9voquant l\u2019esprit du village<\/li><\/ul>\n\n<p>Ces collaborations cr\u00e9ent une mosa\u00efque de talents, o\u00f9 chacun peut apporter sa touche personnelle. C&rsquo;est aussi l&rsquo;occasion d&rsquo;apprendre de nouvelles techniques, comme l\u2019art du macram\u00e9 ou la peinture sur bois, qui sont enseign\u00e9es lors d&rsquo;ateliers organis\u00e9s dans le village. Cette tradition de partage des savoirs repr\u00e9sente une belle mani\u00e8re de renforcer les liens entre les g\u00e9n\u00e9rations et de faire vivre l\u2019esprit d\u2019entraide cher \u00e0 Saint-F\u00e9licien.<\/p>\n\n<h3 class=\"wp-block-heading\">L&rsquo;impact du local sur la communaut\u00e9<\/h3>\n\n<p>Que serait une d\u00e9coration festive sans l&rsquo;impact social qu\u2019elle g\u00e9n\u00e8re ? Les \u00e9v\u00e9nements comme l&rsquo;Ard\u00e9choise ne sont pas seulement une question de cyclisme, mais aussi de convivialit\u00e9 et de renforcement des liens communautaires. Le tissu social de Saint-F\u00e9licien s&rsquo;en trouve v\u00e9ritablement dynamis\u00e9. Les rassemblements pour la d\u00e9coration incitent les habitants \u00e0 se conna\u00eetre davantage, \u00e0 \u00e9changer des id\u00e9es et des rires, tout en cr\u00e9ant un environnement propice \u00e0 la f\u00eate.<\/p>\n\n<p>En int\u00e9grant des \u00e9l\u00e9ments locaux dans les d\u00e9corations, chaque recoin du village raconte une histoire, celle d&rsquo;une communaut\u00e9 unie autour de traditions rurales. Le v\u00e9ritable d\u00e9fi est de faire en sorte que chaque habitant se sente impliqu\u00e9. Voici quelques retours d\u2019exp\u00e9rience de ceux ayant particip\u00e9 :<\/p>\n\n<ul class=\"wp-block-list\"><li>\ud83d\ude4b\u200d\u2642\ufe0f \u201cC\u2019\u00e9tait merveilleux de voir tant de monde uni pour le m\u00eame but !\u201d<\/li><li>\ud83d\udc75 \u201cJ&rsquo;ai pu partager mes secrets de broderie, c&rsquo;est une belle fa\u00e7on de transmettre notre patrimoine.\u201d<\/li><li>\ud83d\udc76 \u201cJ\u2019adore peindre, et j\u2019ai d\u00e9couvert que je suis vraiment dou\u00e9 pour la d\u00e9coration avec mes amis !\u201d<\/li><\/ul>\n\n<p>\u00c0 travers ces interactions, le village s\u2019assure que l\u2019esprit de l&rsquo;Ard\u00e9choise soit bien ancr\u00e9, rem\u00e9morant des souvenirs et cr\u00e9ant de nouveaux. La combinaison d\u2019un \u00e9v\u00e9nement sportif et culturel renforce l\u2019identit\u00e9 locale et promeut un sentiment de fiert\u00e9 collective. C&rsquo;est l\u00e0 que r\u00e9side la v\u00e9ritable richesse de cette r\u00e9alisation commune !<\/p>\n\n<h2 class=\"wp-block-heading\">Un avant-go\u00fbt de la festivit\u00e9 : le village s\u2019habille pour l\u2019Ard\u00e9choise<\/h2>\n\n<p>\u00c0 l&rsquo;approche de l&rsquo;Ard\u00e9choise, Saint-F\u00e9licien se pr\u00e9pare \u00e0 \u00e9merveiller tous les visiteurs. Le village commence \u00e0 se parer de ses plus beaux atours, avec des couleurs chatoyantes et des d\u00e9corations captivantes. Chaque coin de rue devient un espace \u00e0 explorer, avec des surprises visuelles \u00e0 chaque tournant. C&rsquo;est la magie des pr\u00e9paratifs qui transforme l&rsquo;ordinaire en extraordinaire.<\/p>\n\n<p>Les passants peuvent d\u00e9j\u00e0 apercevoir les premiers motifs dans les rues, comme des v\u00e9los d\u00e9cor\u00e9s de guirlandes fleuries ou encore des lampions suspendus qui brillent dans le ciel cr\u00e9pusculaire. Chaque d\u00e9tail compte, et tous les habitants collaborent pour que la f\u00eate soit un succ\u00e8s. La d\u00e9coration est con\u00e7ue pour \u00e9merveiller, mais aussi pour rendre hommage \u00e0 la beaut\u00e9 naturelle de la r\u00e9gion.<\/p>\n\n<h3 class=\"wp-block-heading\">Les moments cl\u00e9s de la pr\u00e9paration<\/h3>\n\n<p>Pour que le village soit sur son 31, plusieurs \u00e9tapes cl\u00e9s sont mises en place. Les \u00e9quipes de b\u00e9n\u00e9voles s\u2019y mettent, et l\u2019organisation est rod\u00e9e :<\/p>\n\n<figure class=\"wp-block-table\"><table>\n<thead>\n<tr>\n<th>\u00c9tapes<\/th>\n<th>D\u00e9tails<\/th>\n<th>Date<\/th>\n<\/tr>\n<\/thead>\n<tbody>\n<tr>\n<td>R\u00e9unions de pr\u00e9paration<\/td>\n<td>Planification des activit\u00e9s et r\u00e9partition des t\u00e2ches<\/td>\n<td>Tout au long de mai<\/td>\n<\/tr>\n<tr>\n<td>Fabrication des d\u00e9corations<\/td>\n<td>Cr\u00e9ation des \u00e9l\u00e9ments d\u00e9coratifs  en \u00e9quipe<\/td>\n<td>Chaque week-end de mai<\/td>\n<\/tr>\n<tr>\n<td>Mise en place finale<\/td>\n<td>Accrochage et installation des d\u00e9corations<\/td>\n<td>1er juin<\/td>\n<\/tr>\n<tr>\n<td>Inauguration<\/td>\n<td>C\u00e9l\u00e9bration avec tous les habitants<\/td>\n<td>5 juin<\/td>\n<\/tr>\n<\/tbody>\n<\/table><\/figure>\n\n<p>Chaque \u00e9tape est une occasion de renforcer les liens communautaires, tout en garantissant que la magie s\u2019installera \u00e0 Saint-F\u00e9licien pour cet \u00e9v\u00e9nement de grande envergure. Les sourires \u00e9chang\u00e9s durant ces journ\u00e9es de pr\u00e9paration sont tout aussi pr\u00e9cieux que les d\u00e9corations elles-m\u00eames ! Les habitants peuvent ainsi profiter d\u2019un moment unique, celui de pr\u00e9parer leur village pour l&rsquo;Ard\u00e9choise.<\/p>\n\n<h2 class=\"wp-block-heading\">FAQ sur la d\u00e9coration du village pour l&rsquo;Ard\u00e9choise<\/h2>\n\n<ul class=\"wp-block-list\"><li><strong>Quand commence la d\u00e9coration du village ?<\/strong> La d\u00e9coration officielle commence d\u00e9but mai, avec des r\u00e9unions et ateliers r\u00e9guliers jusqu&rsquo;\u00e0 l&rsquo;\u00e9v\u00e9nement.<\/li><li><strong>Qui peut participer aux ateliers de d\u00e9coration ?<\/strong> Tout le monde est le bienvenu, des enfants aux grands-parents, il y a toujours une place pour partager sa cr\u00e9ativit\u00e9 !<\/li><li><strong>Quels types de d\u00e9corations sont cr\u00e9\u00e9es ?<\/strong> Les habitants r\u00e9alisent des guirlandes, des fleurs, des panneaux d\u00e9coratifs, et m\u00eame des v\u00e9los peintes pour embellir le village.<\/li><li><strong>Comment s&rsquo;inscrire pour participer ?<\/strong> Les inscriptions se font directement \u00e0 la mairie ou lors des premi\u00e8res r\u00e9unions organis\u00e9es pour la pr\u00e9paration.<\/li><li><strong>Y a-t-il des \u00e9v\u00e9nements sp\u00e9cifiques pendant l&rsquo;Ard\u00e9choise ?<\/strong> Oui, des animations musicales, des courses cyclistes et des ateliers artisanaux sont pr\u00e9vus tout au long de la semaine.<\/li><\/ul>\n\n<p>Chaque d\u00e9tail compte \u00e0 Saint-F\u00e9licien, et la ferveur avec laquelle se pr\u00e9pare la d\u00e9coration du village pour l\u2019Ard\u00e9choise est un parfait reflet de la solidarit\u00e9 et de la joie de cette belle communaut\u00e9. Ensemble, ils s&rsquo;assurent que cet \u00e9v\u00e9nement restera grav\u00e9 dans les m\u00e9moires ! \ud83c\udf89<\/p>\n\n","protected":false},"excerpt":{"rendered":"<p>Pr\u00e9pare tes ciseaux, am\u00e8ne ta cr\u00e9ativit\u00e9, et mets ton meilleur sourire ! Saint-F\u00e9licien se transforme peu \u00e0 peu en un d\u00e9cor de r\u00eave pour l&rsquo;\u00e9dition tant attendue de l&rsquo;Ard\u00e9choise. Les habitants, qui d\u00e9bordent d&rsquo;\u00e9nergie et d&rsquo;enthousiasme, s\u2019organisent pour donner vie \u00e0 des d\u00e9corations color\u00e9es et festives. C&rsquo;est l&rsquo;occasion parfaite pour faire preuve de solidarit\u00e9 locale &#8230; <a title=\"Saint-F\u00e9licien se pr\u00e9pare : la d\u00e9coration du village pour l&rsquo;Ard\u00e9choise prend forme\" class=\"read-more\" href=\"https:\/\/www.habitat-design.net\/blog\/decorations-saint-felicien-ardechoise\/\" aria-label=\"En savoir plus sur Saint-F\u00e9licien se pr\u00e9pare : la d\u00e9coration du village pour l&rsquo;Ard\u00e9choise prend forme\">Lire plus<\/a><\/p>\n","protected":false},"author":1,"featured_media":1445,"comment_status":"","ping_status":"","sticky":false,"template":"","format":"standard","meta":{"footnotes":""},"categories":[1],"tags":[179,55,100,177,178],"class_list":["post-1446","post","type-post","status-publish","format-standard","has-post-thumbnail","hentry","category-maison","tag-ardechoise","tag-decoration","tag-evenements","tag-saint-felicien","tag-village"],"yoast_head":"<!-- This site is optimized with the Yoast SEO plugin v26.8 - https:\/\/yoast.com\/product\/yoast-seo-wordpress\/ -->\n<title>Saint-F\u00e9licien se met en beaut\u00e9 pour l&#039;Ard\u00e9choise<\/title>\n<meta name=\"description\" content=\"D\u00e9couvrez comment Saint-F\u00e9licien se pr\u00e9pare pour l&#039;Ard\u00e9choise avec une d\u00e9coration captivante qui embellit le village. Plongez dans l&#039;ambiance festive de cet \u00e9v\u00e9nement embl\u00e9matique et admirez les pr\u00e9paratifs qui mettent en valeur la beaut\u00e9 de la r\u00e9gion.\" \/>\n<meta name=\"robots\" content=\"index, follow, max-snippet:-1, max-image-preview:large, max-video-preview:-1\" \/>\n<link rel=\"canonical\" href=\"https:\/\/www.habitat-design.net\/blog\/decorations-saint-felicien-ardechoise\/\" \/>\n<meta property=\"og:locale\" content=\"fr_FR\" \/>\n<meta property=\"og:type\" content=\"article\" \/>\n<meta property=\"og:title\" content=\"Saint-F\u00e9licien se met en beaut\u00e9 pour l&#039;Ard\u00e9choise\" \/>\n<meta property=\"og:description\" content=\"D\u00e9couvrez comment Saint-F\u00e9licien se pr\u00e9pare pour l&#039;Ard\u00e9choise avec une d\u00e9coration captivante qui embellit le village. Plongez dans l&#039;ambiance festive de cet \u00e9v\u00e9nement embl\u00e9matique et admirez les pr\u00e9paratifs qui mettent en valeur la beaut\u00e9 de la r\u00e9gion.\" \/>\n<meta property=\"og:url\" content=\"https:\/\/www.habitat-design.net\/blog\/decorations-saint-felicien-ardechoise\/\" \/>\n<meta property=\"article:published_time\" content=\"2025-05-07T07:17:05+00:00\" \/>\n<meta property=\"og:image\" content=\"https:\/\/www.habitat-design.net\/blog\/wp-content\/uploads\/2025\/05\/Saint-Felicien-se-prepare-la-decoration-du-village-pour-lArdechoise-prend-forme.jpg\" \/>\n\t<meta property=\"og:image:width\" content=\"1344\" \/>\n\t<meta property=\"og:image:height\" content=\"768\" \/>\n\t<meta property=\"og:image:type\" content=\"image\/jpeg\" \/>\n<meta name=\"author\" content=\"Julien Laurent\" \/>\n<meta name=\"twitter:card\" content=\"summary_large_image\" \/>\n<meta name=\"twitter:label1\" content=\"\u00c9crit par\" \/>\n\t<meta name=\"twitter:data1\" content=\"Julien Laurent\" \/>\n\t<meta name=\"twitter:label2\" content=\"Dur\u00e9e de lecture estim\u00e9e\" \/>\n\t<meta name=\"twitter:data2\" content=\"7 minutes\" \/>\n<script type=\"application\/ld+json\" class=\"yoast-schema-graph\">{\"@context\":\"https:\/\/schema.org\",\"@graph\":[{\"@type\":\"Article\",\"@id\":\"https:\/\/www.habitat-design.net\/blog\/decorations-saint-felicien-ardechoise\/#article\",\"isPartOf\":{\"@id\":\"https:\/\/www.habitat-design.net\/blog\/decorations-saint-felicien-ardechoise\/\"},\"author\":{\"name\":\"Julien Laurent\",\"@id\":\"https:\/\/www.habitat-design.net\/blog\/#\/schema\/person\/f81363ecfab7ff0bfb976328793ce2e5\"},\"headline\":\"Saint-F\u00e9licien se pr\u00e9pare : la d\u00e9coration du village pour l&rsquo;Ard\u00e9choise prend forme\",\"datePublished\":\"2025-05-07T07:17:05+00:00\",\"mainEntityOfPage\":{\"@id\":\"https:\/\/www.habitat-design.net\/blog\/decorations-saint-felicien-ardechoise\/\"},\"wordCount\":1456,\"image\":{\"@id\":\"https:\/\/www.habitat-design.net\/blog\/decorations-saint-felicien-ardechoise\/#primaryimage\"},\"thumbnailUrl\":\"https:\/\/www.habitat-design.net\/blog\/wp-content\/uploads\/2025\/05\/Saint-Felicien-se-prepare-la-decoration-du-village-pour-lArdechoise-prend-forme.jpg\",\"keywords\":[\"ard\u00e9choise\",\"d\u00e9coration\",\"\u00e9v\u00e9nements\",\"saint-f\u00e9licien\",\"village\"],\"articleSection\":[\"Maison &amp; d\u00e9coration\"],\"inLanguage\":\"fr-FR\"},{\"@type\":\"WebPage\",\"@id\":\"https:\/\/www.habitat-design.net\/blog\/decorations-saint-felicien-ardechoise\/\",\"url\":\"https:\/\/www.habitat-design.net\/blog\/decorations-saint-felicien-ardechoise\/\",\"name\":\"Saint-F\u00e9licien se met en beaut\u00e9 pour l'Ard\u00e9choise\",\"isPartOf\":{\"@id\":\"https:\/\/www.habitat-design.net\/blog\/#website\"},\"primaryImageOfPage\":{\"@id\":\"https:\/\/www.habitat-design.net\/blog\/decorations-saint-felicien-ardechoise\/#primaryimage\"},\"image\":{\"@id\":\"https:\/\/www.habitat-design.net\/blog\/decorations-saint-felicien-ardechoise\/#primaryimage\"},\"thumbnailUrl\":\"https:\/\/www.habitat-design.net\/blog\/wp-content\/uploads\/2025\/05\/Saint-Felicien-se-prepare-la-decoration-du-village-pour-lArdechoise-prend-forme.jpg\",\"datePublished\":\"2025-05-07T07:17:05+00:00\",\"author\":{\"@id\":\"https:\/\/www.habitat-design.net\/blog\/#\/schema\/person\/f81363ecfab7ff0bfb976328793ce2e5\"},\"description\":\"D\u00e9couvrez comment Saint-F\u00e9licien se pr\u00e9pare pour l'Ard\u00e9choise avec une d\u00e9coration captivante qui embellit le village. Plongez dans l'ambiance festive de cet \u00e9v\u00e9nement embl\u00e9matique et admirez les pr\u00e9paratifs qui mettent en valeur la beaut\u00e9 de la r\u00e9gion.\",\"breadcrumb\":{\"@id\":\"https:\/\/www.habitat-design.net\/blog\/decorations-saint-felicien-ardechoise\/#breadcrumb\"},\"inLanguage\":\"fr-FR\",\"potentialAction\":[{\"@type\":\"ReadAction\",\"target\":[\"https:\/\/www.habitat-design.net\/blog\/decorations-saint-felicien-ardechoise\/\"]}]},{\"@type\":\"ImageObject\",\"inLanguage\":\"fr-FR\",\"@id\":\"https:\/\/www.habitat-design.net\/blog\/decorations-saint-felicien-ardechoise\/#primaryimage\",\"url\":\"https:\/\/www.habitat-design.net\/blog\/wp-content\/uploads\/2025\/05\/Saint-Felicien-se-prepare-la-decoration-du-village-pour-lArdechoise-prend-forme.jpg\",\"contentUrl\":\"https:\/\/www.habitat-design.net\/blog\/wp-content\/uploads\/2025\/05\/Saint-Felicien-se-prepare-la-decoration-du-village-pour-lArdechoise-prend-forme.jpg\",\"width\":1344,\"height\":768,\"caption\":\"d\u00e9couvrez comment saint-f\u00e9licien embellit son village en vue de l'ard\u00e9choise ! des d\u00e9corations color\u00e9es et festives prennent forme, promettant une ambiance chaleureuse et accueillante pour cet \u00e9v\u00e9nement incontournable. rejoignez-nous pour vivre la magie de ce village en pleine transformation.\"},{\"@type\":\"BreadcrumbList\",\"@id\":\"https:\/\/www.habitat-design.net\/blog\/decorations-saint-felicien-ardechoise\/#breadcrumb\",\"itemListElement\":[{\"@type\":\"ListItem\",\"position\":1,\"name\":\"Accueil\",\"item\":\"https:\/\/www.habitat-design.net\/blog\/\"},{\"@type\":\"ListItem\",\"position\":2,\"name\":\"Saint-F\u00e9licien se pr\u00e9pare : la d\u00e9coration du village pour l&rsquo;Ard\u00e9choise prend forme\"}]},{\"@type\":\"WebSite\",\"@id\":\"https:\/\/www.habitat-design.net\/blog\/#website\",\"url\":\"https:\/\/www.habitat-design.net\/blog\/\",\"name\":\"\",\"description\":\"\",\"potentialAction\":[{\"@type\":\"SearchAction\",\"target\":{\"@type\":\"EntryPoint\",\"urlTemplate\":\"https:\/\/www.habitat-design.net\/blog\/?s={search_term_string}\"},\"query-input\":{\"@type\":\"PropertyValueSpecification\",\"valueRequired\":true,\"valueName\":\"search_term_string\"}}],\"inLanguage\":\"fr-FR\"},{\"@type\":\"Person\",\"@id\":\"https:\/\/www.habitat-design.net\/blog\/#\/schema\/person\/f81363ecfab7ff0bfb976328793ce2e5\",\"name\":\"Julien Laurent\",\"image\":{\"@type\":\"ImageObject\",\"inLanguage\":\"fr-FR\",\"@id\":\"https:\/\/www.habitat-design.net\/blog\/#\/schema\/person\/image\/\",\"url\":\"https:\/\/secure.gravatar.com\/avatar\/36c5f08b15b2f828b41156cb6e69b449?s=96&d=mm&r=g\",\"contentUrl\":\"https:\/\/secure.gravatar.com\/avatar\/36c5f08b15b2f828b41156cb6e69b449?s=96&d=mm&r=g\",\"caption\":\"Julien Laurent\"},\"description\":\"Julien Laurent est un blogueur passionn\u00e9 par le domaine de la d\u00e9coration int\u00e9rieure et du design. Avec un dipl\u00f4me en design d'int\u00e9rieur et plusieurs ann\u00e9es d'exp\u00e9rience en tant que d\u00e9corateur, il partage des conseils pratiques pour embellir et optimiser les espaces de vie. Ses articles inspirants et informatifs visent \u00e0 aider ses lecteurs \u00e0 cr\u00e9er des int\u00e9rieurs harmonieux et esth\u00e9tiques, refl\u00e9tant leur personnalit\u00e9 et leur style.\",\"sameAs\":[\"http:\/\/www.habitat-design.net\/blog\"],\"url\":\"https:\/\/www.habitat-design.net\/blog\/author\/contacthabitat-design-net\/\"}]}<\/script>\n<!-- \/ Yoast SEO plugin. -->","yoast_head_json":{"title":"Saint-F\u00e9licien se met en beaut\u00e9 pour l'Ard\u00e9choise","description":"D\u00e9couvrez comment Saint-F\u00e9licien se pr\u00e9pare pour l'Ard\u00e9choise avec une d\u00e9coration captivante qui embellit le village. Plongez dans l'ambiance festive de cet \u00e9v\u00e9nement embl\u00e9matique et admirez les pr\u00e9paratifs qui mettent en valeur la beaut\u00e9 de la r\u00e9gion.","robots":{"index":"index","follow":"follow","max-snippet":"max-snippet:-1","max-image-preview":"max-image-preview:large","max-video-preview":"max-video-preview:-1"},"canonical":"https:\/\/www.habitat-design.net\/blog\/decorations-saint-felicien-ardechoise\/","og_locale":"fr_FR","og_type":"article","og_title":"Saint-F\u00e9licien se met en beaut\u00e9 pour l'Ard\u00e9choise","og_description":"D\u00e9couvrez comment Saint-F\u00e9licien se pr\u00e9pare pour l'Ard\u00e9choise avec une d\u00e9coration captivante qui embellit le village. Plongez dans l'ambiance festive de cet \u00e9v\u00e9nement embl\u00e9matique et admirez les pr\u00e9paratifs qui mettent en valeur la beaut\u00e9 de la r\u00e9gion.","og_url":"https:\/\/www.habitat-design.net\/blog\/decorations-saint-felicien-ardechoise\/","article_published_time":"2025-05-07T07:17:05+00:00","og_image":[{"width":1344,"height":768,"url":"https:\/\/www.habitat-design.net\/blog\/wp-content\/uploads\/2025\/05\/Saint-Felicien-se-prepare-la-decoration-du-village-pour-lArdechoise-prend-forme.jpg","type":"image\/jpeg"}],"author":"Julien Laurent","twitter_card":"summary_large_image","twitter_misc":{"\u00c9crit par":"Julien Laurent","Dur\u00e9e de lecture estim\u00e9e":"7 minutes"},"schema":{"@context":"https:\/\/schema.org","@graph":[{"@type":"Article","@id":"https:\/\/www.habitat-design.net\/blog\/decorations-saint-felicien-ardechoise\/#article","isPartOf":{"@id":"https:\/\/www.habitat-design.net\/blog\/decorations-saint-felicien-ardechoise\/"},"author":{"name":"Julien Laurent","@id":"https:\/\/www.habitat-design.net\/blog\/#\/schema\/person\/f81363ecfab7ff0bfb976328793ce2e5"},"headline":"Saint-F\u00e9licien se pr\u00e9pare : la d\u00e9coration du village pour l&rsquo;Ard\u00e9choise prend forme","datePublished":"2025-05-07T07:17:05+00:00","mainEntityOfPage":{"@id":"https:\/\/www.habitat-design.net\/blog\/decorations-saint-felicien-ardechoise\/"},"wordCount":1456,"image":{"@id":"https:\/\/www.habitat-design.net\/blog\/decorations-saint-felicien-ardechoise\/#primaryimage"},"thumbnailUrl":"https:\/\/www.habitat-design.net\/blog\/wp-content\/uploads\/2025\/05\/Saint-Felicien-se-prepare-la-decoration-du-village-pour-lArdechoise-prend-forme.jpg","keywords":["ard\u00e9choise","d\u00e9coration","\u00e9v\u00e9nements","saint-f\u00e9licien","village"],"articleSection":["Maison &amp; d\u00e9coration"],"inLanguage":"fr-FR"},{"@type":"WebPage","@id":"https:\/\/www.habitat-design.net\/blog\/decorations-saint-felicien-ardechoise\/","url":"https:\/\/www.habitat-design.net\/blog\/decorations-saint-felicien-ardechoise\/","name":"Saint-F\u00e9licien se met en beaut\u00e9 pour l'Ard\u00e9choise","isPartOf":{"@id":"https:\/\/www.habitat-design.net\/blog\/#website"},"primaryImageOfPage":{"@id":"https:\/\/www.habitat-design.net\/blog\/decorations-saint-felicien-ardechoise\/#primaryimage"},"image":{"@id":"https:\/\/www.habitat-design.net\/blog\/decorations-saint-felicien-ardechoise\/#primaryimage"},"thumbnailUrl":"https:\/\/www.habitat-design.net\/blog\/wp-content\/uploads\/2025\/05\/Saint-Felicien-se-prepare-la-decoration-du-village-pour-lArdechoise-prend-forme.jpg","datePublished":"2025-05-07T07:17:05+00:00","author":{"@id":"https:\/\/www.habitat-design.net\/blog\/#\/schema\/person\/f81363ecfab7ff0bfb976328793ce2e5"},"description":"D\u00e9couvrez comment Saint-F\u00e9licien se pr\u00e9pare pour l'Ard\u00e9choise avec une d\u00e9coration captivante qui embellit le village. Plongez dans l'ambiance festive de cet \u00e9v\u00e9nement embl\u00e9matique et admirez les pr\u00e9paratifs qui mettent en valeur la beaut\u00e9 de la r\u00e9gion.","breadcrumb":{"@id":"https:\/\/www.habitat-design.net\/blog\/decorations-saint-felicien-ardechoise\/#breadcrumb"},"inLanguage":"fr-FR","potentialAction":[{"@type":"ReadAction","target":["https:\/\/www.habitat-design.net\/blog\/decorations-saint-felicien-ardechoise\/"]}]},{"@type":"ImageObject","inLanguage":"fr-FR","@id":"https:\/\/www.habitat-design.net\/blog\/decorations-saint-felicien-ardechoise\/#primaryimage","url":"https:\/\/www.habitat-design.net\/blog\/wp-content\/uploads\/2025\/05\/Saint-Felicien-se-prepare-la-decoration-du-village-pour-lArdechoise-prend-forme.jpg","contentUrl":"https:\/\/www.habitat-design.net\/blog\/wp-content\/uploads\/2025\/05\/Saint-Felicien-se-prepare-la-decoration-du-village-pour-lArdechoise-prend-forme.jpg","width":1344,"height":768,"caption":"d\u00e9couvrez comment saint-f\u00e9licien embellit son village en vue de l'ard\u00e9choise ! des d\u00e9corations color\u00e9es et festives prennent forme, promettant une ambiance chaleureuse et accueillante pour cet \u00e9v\u00e9nement incontournable. rejoignez-nous pour vivre la magie de ce village en pleine transformation."},{"@type":"BreadcrumbList","@id":"https:\/\/www.habitat-design.net\/blog\/decorations-saint-felicien-ardechoise\/#breadcrumb","itemListElement":[{"@type":"ListItem","position":1,"name":"Accueil","item":"https:\/\/www.habitat-design.net\/blog\/"},{"@type":"ListItem","position":2,"name":"Saint-F\u00e9licien se pr\u00e9pare : la d\u00e9coration du village pour l&rsquo;Ard\u00e9choise prend forme"}]},{"@type":"WebSite","@id":"https:\/\/www.habitat-design.net\/blog\/#website","url":"https:\/\/www.habitat-design.net\/blog\/","name":"","description":"","potentialAction":[{"@type":"SearchAction","target":{"@type":"EntryPoint","urlTemplate":"https:\/\/www.habitat-design.net\/blog\/?s={search_term_string}"},"query-input":{"@type":"PropertyValueSpecification","valueRequired":true,"valueName":"search_term_string"}}],"inLanguage":"fr-FR"},{"@type":"Person","@id":"https:\/\/www.habitat-design.net\/blog\/#\/schema\/person\/f81363ecfab7ff0bfb976328793ce2e5","name":"Julien Laurent","image":{"@type":"ImageObject","inLanguage":"fr-FR","@id":"https:\/\/www.habitat-design.net\/blog\/#\/schema\/person\/image\/","url":"https:\/\/secure.gravatar.com\/avatar\/36c5f08b15b2f828b41156cb6e69b449?s=96&d=mm&r=g","contentUrl":"https:\/\/secure.gravatar.com\/avatar\/36c5f08b15b2f828b41156cb6e69b449?s=96&d=mm&r=g","caption":"Julien Laurent"},"description":"Julien Laurent est un blogueur passionn\u00e9 par le domaine de la d\u00e9coration int\u00e9rieure et du design. Avec un dipl\u00f4me en design d'int\u00e9rieur et plusieurs ann\u00e9es d'exp\u00e9rience en tant que d\u00e9corateur, il partage des conseils pratiques pour embellir et optimiser les espaces de vie. Ses articles inspirants et informatifs visent \u00e0 aider ses lecteurs \u00e0 cr\u00e9er des int\u00e9rieurs harmonieux et esth\u00e9tiques, refl\u00e9tant leur personnalit\u00e9 et leur style.","sameAs":["http:\/\/www.habitat-design.net\/blog"],"url":"https:\/\/www.habitat-design.net\/blog\/author\/contacthabitat-design-net\/"}]}},"views":128,"_links":{"self":[{"href":"https:\/\/www.habitat-design.net\/blog\/wp-json\/wp\/v2\/posts\/1446","targetHints":{"allow":["GET"]}}],"collection":[{"href":"https:\/\/www.habitat-design.net\/blog\/wp-json\/wp\/v2\/posts"}],"about":[{"href":"https:\/\/www.habitat-design.net\/blog\/wp-json\/wp\/v2\/types\/post"}],"author":[{"embeddable":true,"href":"https:\/\/www.habitat-design.net\/blog\/wp-json\/wp\/v2\/users\/1"}],"replies":[{"embeddable":true,"href":"https:\/\/www.habitat-design.net\/blog\/wp-json\/wp\/v2\/comments?post=1446"}],"version-history":[{"count":0,"href":"https:\/\/www.habitat-design.net\/blog\/wp-json\/wp\/v2\/posts\/1446\/revisions"}],"wp:featuredmedia":[{"embeddable":true,"href":"https:\/\/www.habitat-design.net\/blog\/wp-json\/wp\/v2\/media\/1445"}],"wp:attachment":[{"href":"https:\/\/www.habitat-design.net\/blog\/wp-json\/wp\/v2\/media?parent=1446"}],"wp:term":[{"taxonomy":"category","embeddable":true,"href":"https:\/\/www.habitat-design.net\/blog\/wp-json\/wp\/v2\/categories?post=1446"},{"taxonomy":"post_tag","embeddable":true,"href":"https:\/\/www.habitat-design.net\/blog\/wp-json\/wp\/v2\/tags?post=1446"}],"curies":[{"name":"wp","href":"https:\/\/api.w.org\/{rel}","templated":true}]}}