
{"id":1402,"date":"2025-04-20T09:01:16","date_gmt":"2025-04-20T07:01:16","guid":{"rendered":"https:\/\/www.habitat-design.net\/blog\/deco-maisons-tendances-printemps\/"},"modified":"2025-04-20T09:01:16","modified_gmt":"2025-04-20T07:01:16","slug":"deco-maisons-tendances-printemps","status":"publish","type":"post","link":"https:\/\/www.habitat-design.net\/blog\/deco-maisons-tendances-printemps\/","title":{"rendered":"articles d\u00e9co \u00e0 d\u00e9nicher chez Maisons du Monde pour embrasser les tendances du printemps-\u00e9t\u00e9"},"content":{"rendered":"<p>Avec l&rsquo;arriv\u00e9e des beaux jours, il est essentiel d&rsquo;adopter une d\u00e9coration qui respire la l\u00e9g\u00e8ret\u00e9 et la joie de vivre. Maisons du Monde, le roi de la d\u00e9co tendance, propose une multitude d&rsquo;articles pour transformer ton int\u00e9rieur en v\u00e9ritable havre de paix printanier. En attendant que les fleurs s&rsquo;\u00e9panouissent, plonge dans ces nouvelles collections qui \u00e9veillent des envies de confort et de style. Chaque pi\u00e8ce est un appel \u00e0 la bonne humeur et \u00e0 la convivialit\u00e9, avec des inspirations qui vont te faire voyager. Alors, pr\u00eat \u00e0 faire le plein d&rsquo;id\u00e9es d\u00e9co pour ce printemps-\u00e9t\u00e9 qui s&rsquo;annonce chatoyant ?<\/p>\n\n<h2 class=\"wp-block-heading\">Les tendances d\u00e9co du printemps-\u00e9t\u00e9 2025 chez Maisons du Monde<\/h2>\n\n<p>La collection printemps-\u00e9t\u00e9 2025 de Maisons du Monde se distingue par ses univers vari\u00e9s, pens\u00e9s pour r\u00e9pondre \u00e0 chaque envie. Trois th\u00e8mes principaux \u00e9mergent, riches en couleurs et en textures qui \u00e9voquent la nature et le bien-\u00eatre.<\/p>\n\n<h3 class=\"wp-block-heading\">Odyss\u00e9e 70&rsquo;s : un plongeon dans le vintage<\/h3>\n\n<p>L&rsquo;ensemble de la collection <strong>Odyss\u00e9e 70&rsquo;s<\/strong> rappelle l&rsquo;effervescence des ann\u00e9es 70. Cette p\u00e9riode a \u00e9t\u00e9 marqu\u00e9e par des motifs audacieux et des formes arrondies qui viennent aujourd&rsquo;hui envahir nos espaces. On y trouve des objets en <strong>rotin<\/strong> \u00e0 la touche r\u00e9tro, le tout agr\u00e9ment\u00e9 de tissus \u00e9clectiques aux couleurs vibrantes. C&rsquo;est le moment id\u00e9al pour adopter ces \u00e9l\u00e9ments dans son int\u00e9rieur avec des coussins ou des tapis qui refl\u00e8tent cette esth\u00e9tique. Qui dit vintage dit aussi un brin de nostalgie, et ce style parvient \u00e0 toucher la corde sensible des amoureux de d\u00e9co !<\/p>\n\n<ul class=\"wp-block-list\"><li>\ud83c\udf08 <strong>Couleurs :<\/strong> Les teintes de terre cuite, de moutarde et de turquoise s&rsquo;harmonisent parfaitement.<\/li><li>\ud83e\ude91 <strong>Mobilier :<\/strong> Opte pour des meubles aux contours arrondis, comme des canap\u00e9s ou des fauteuils.<\/li><li>\ud83c\udfa8 <strong>D\u00e9tails :<\/strong> Les accessoires en rotin, tels que les paniers ou les tables basses, apportent une touche authentique.<\/li><\/ul>\n\n<h3 class=\"wp-block-heading\">Oasis d&rsquo;esth\u00e8te : la nature \u00e0 l&rsquo;honneur<\/h3>\n\n<p>La collection <strong>Oasis d&rsquo;esth\u00e8te<\/strong>, quant \u00e0 elle, plaira aux aventuriers dans l&rsquo;\u00e2me. Pens\u00e9e pour ceux qui r\u00eavent d&rsquo;\u00e9vasion, elle int\u00e8gre le rotin, le lin et le velours, m\u00e9langeant ainsi confort et esth\u00e9tique. Les tons naturels comme le kaki, le beige ou le marron se m\u00ealent \u00e0 des couleurs plus vives comme le vert for\u00eat et le jaune soleil. Ainsi, il est facile d&rsquo;imaginer une ambiance zen chez soi, inspir\u00e9e des paysages ext\u00e9rieurs.<\/p>\n\n<figure class=\"wp-block-table\"><table>\n<thead>\n<tr>\n<th>\u00c9l\u00e9ments de la collection Oasis d&rsquo;esth\u00e8te<\/th>\n<th>Caract\u00e9ristiques<\/th>\n<\/tr>\n<\/thead>\n<tbody>\n<tr>\n<td>Mobilier en rotin<\/td>\n<td>Durabilit\u00e9 et confort<\/td>\n<\/tr>\n<tr>\n<td>Tissus en lin<\/td>\n<td>Douceur et l\u00e9g\u00e8ret\u00e9<\/td>\n<\/tr>\n<tr>\n<td>Couleurs inspir\u00e9es de la nature<\/td>\n<td>Harmonie et apaisement<\/td>\n<\/tr>\n<\/tbody>\n<\/table><\/figure>\n\n<h3 class=\"wp-block-heading\">Parenth\u00e8se proven\u00e7ale : authenticit\u00e9 et chaleur<\/h3>\n\n<p>La <strong>Parenth\u00e8se proven\u00e7ale<\/strong> nous transporte directement au c\u0153ur de la France. Id\u00e9ale pour ceux qui recherchent des pi\u00e8ces authentiques, cette collection \u00e9voque le charme des maisons de campagne. Entre d\u00e9cors r\u00e9tro et mat\u00e9riaux authentiques, on y retrouve notamment de la fa\u00efence et des motifs floraux d\u00e9licats. Parfait pour accueillir la famille et les amis autour d&rsquo;une table chaleureuse !<\/p>\n\n<ul class=\"wp-block-list\"><li>\ud83c\udf37 <strong>D\u00e9coration florale :<\/strong> Ajoute des vases de fleurs fra\u00eeches.<\/li><li>\ud83c\udf7d\ufe0f <strong>Articles de table :<\/strong> Pense \u00e0 des nappes en lin et un service de vaisselle pastel.<\/li><li>\ud83d\udd6f\ufe0f <strong>Ambiance lumineuse :<\/strong> Opte pour des bougeoirs en fer forg\u00e9 pour une touche rustique.<\/li><\/ul>\n\n<h2 class=\"wp-block-heading\">Les pi\u00e8ces incontournables de la collection printemps-\u00e9t\u00e9<\/h2>\n\n<p>Dans l&rsquo;univers de Maisons du Monde, certaines pi\u00e8ces se distinguent par leur originalit\u00e9 et leur attrait. Partez \u00e0 la chasse aux nouveaux coups de c\u0153ur d\u00e9co qui sauront \u00e9pater vos invit\u00e9s tout l&rsquo;\u00e9t\u00e9. D\u00e9marre une wishlist, car voici ce qu\u2019il ne faut surtout pas manquer !<\/p>\n\n<figure class=\"wp-block-table\"><table>\n<thead>\n<tr>\n<th>Articles \u00e0 shopper<\/th>\n<th>Prix<\/th>\n<\/tr>\n<\/thead>\n<tbody>\n<tr>\n<td>Tapis \u00e0 motifs<\/td>\n<td>139\u20ac<\/td>\n<\/tr>\n<tr>\n<td>Vase en terre cuite<\/td>\n<td>19,99\u20ac<\/td>\n<\/tr>\n<tr>\n<td>Plateau en fa\u00efence<\/td>\n<td>9,99\u20ac<\/td>\n<\/tr>\n<tr>\n<td>Bougie parfum\u00e9e<\/td>\n<td>12,99\u20ac<\/td>\n<\/tr>\n<tr>\n<td>Assiette creuse<\/td>\n<td>6,99\u20ac<\/td>\n<\/tr>\n<tr>\n<td>Lampe l\u00e9opard<\/td>\n<td>39,99\u20ac<\/td>\n<\/tr>\n<tr>\n<td>Coussin imprim\u00e9<\/td>\n<td>29,99\u20ac<\/td>\n<\/tr>\n<\/tbody>\n<\/table><\/figure>\n\n<h2 class=\"wp-block-heading\">Comment int\u00e9grer ces tendances chez soi ?<\/h2>\n\n<p>Maintenant que les tendances et les pi\u00e8ces phares ont \u00e9t\u00e9 pr\u00e9sent\u00e9es, la question se pose : comment int\u00e9grer ces magnifiques articles au quotidien ? Voici quelques astuces pour te meubler sans encombrer et donner une nouvelle vie \u00e0 chaque pi\u00e8ce de ta maison.<\/p>\n\n<h3 class=\"wp-block-heading\">Cr\u00e9er des zones cosy<\/h3>\n\n<p>La tendance actuelle est \u00e0 la d\u00e9limitation des espaces. Pour cela, utilise des tapis pour cr\u00e9er des zones cosy dans ta pi\u00e8ce de vie. Cela apportera une touche chaleureuse et accueillante. Par exemple, associe un <strong>tapis \u00e0 motifs<\/strong> avec un <strong>fauteuil vintage<\/strong> et une <strong>table basse<\/strong> pour un coin lecture irr\u00e9sistible !<\/p>\n\n<h3 class=\"wp-block-heading\">Multiplier les textures<\/h3>\n\n<p>Un m\u00e9lange de mati\u00e8res est la cl\u00e9 d&rsquo;une d\u00e9co r\u00e9ussie. Combine le lin avec du velours, le rotin avec du bois, pour cr\u00e9er des contrastes visuels et tactiles. Les <strong>coussins<\/strong> et les <strong>plaids<\/strong> jouent un r\u00f4le crucial pour apporter du confort.<\/p>\n\n<ul class=\"wp-block-list\"><li>\ud83e\uddf5 Multiplie les textures pour apporter du relief \u00e0 ton int\u00e9rieur.<\/li><li>\ud83d\udca1 Joue avec la lumi\u00e8re pour accentuer les diff\u00e9remment textures.<\/li><li>\ud83e\udeb4 Int\u00e8gre des plantes vertes pour ajouter de la vie et colorer l\u2019espace.<\/li><\/ul>\n\n<h3 class=\"wp-block-heading\">Adopter une palette de couleurs harmonieuse<\/h3>\n\n<p>La palette de couleurs est primordiale pour une d\u00e9co harmonieuse. Choisis 2 ou 3 teintes que tu affectionnes et d\u00e9cline-les \u00e0 travers tes accessoires. Par exemple, si tu choisis le vert et le jaune, utilise ces couleurs dans des coussins, des tableaux ou des bouts de canap\u00e9.<\/p>\n\n<figure class=\"wp-block-table\"><table>\n<thead>\n<tr>\n<th>Palette de couleurs tendance<\/th>\n<th>Utilisations<\/th>\n<\/tr>\n<\/thead>\n<tbody>\n<tr>\n<td>Terracotta<\/td>\n<td>Coussins, plaids<\/td>\n<\/tr>\n<tr>\n<td>Beige et Kaki<\/td>\n<td>Meubles, murs<\/td>\n<\/tr>\n<tr>\n<td>Jaune solaire<\/td>\n<td>Accessoires<\/td>\n<\/tr>\n<\/tbody>\n<\/table><\/figure>\n\n<h2 class=\"wp-block-heading\">Comment Maisons du Monde se distingue des concurrents ?<\/h2>\n\n<p>Alors que de nombreuses enseignes comme <strong>IKEA<\/strong>, <strong>Alin\u00e9a<\/strong> ou encore <strong>La Redoute Int\u00e9rieurs<\/strong> proposent \u00e9galement des collections de mobilier, Maisons du Monde se d\u00e9marque avec un univers particuli\u00e8rement riche o\u00f9 chaque article est pens\u00e9 pour apporter un vrai plus \u00e0 ton int\u00e9rieur. La pi\u00e8ce ma\u00eetresse ? L\u2019engagement envers des designs qui racontent une histoire !<\/p>\n\n<ul class=\"wp-block-list\"><li>\ud83c\udfc6 <strong>Originalit\u00e9 :<\/strong> Chaque cr\u00e9ation est unique et pens\u00e9e pour refl\u00e9ter des inspirations diverses.<\/li><li>\ud83c\udf0d <strong>Responsabilit\u00e9 :<\/strong> L&rsquo;enseigne s&rsquo;engage vers un d\u00e9veloppement durable en utilisant des mat\u00e9riaux respectueux de l&rsquo;environnement.<\/li><li>\ud83d\udcb8 <strong>Accessibilit\u00e9 :<\/strong> Les prix sont comp\u00e9titifs, permettant \u00e0 chacun d&rsquo;acc\u00e9der \u00e0 une d\u00e9coration chic sans se ruiner.<\/li><\/ul>\n\n<h2 class=\"wp-block-heading\">FAQ<\/h2>\n\n<h3 class=\"wp-block-heading\">Quels articles Maisons du Monde sont classiques ?<\/h3>\n\n<p>On retrouve des meubles incontournables comme les buffets ou les tables \u00e0 manger en bois qui ne se d\u00e9modent jamais.<\/p>\n\n<h3 class=\"wp-block-heading\">Peut-on personnaliser sa d\u00e9coration avec Maisons du Monde ?<\/h3>\n\n<p>Oui, l&rsquo;enseigne offre des options de personnalisation, notamment sur certains meubles et accessoires.<\/p>\n\n<h3 class=\"wp-block-heading\">Quels sont les d\u00e9lais de livraison de Maisons du Monde ?<\/h3>\n\n<p>Les d\u00e9lais varient, mais g\u00e9n\u00e9ralement, compte entre 3 \u00e0 7 jours pour une livraison standard.<\/p>\n\n<h3 class=\"wp-block-heading\">Les produits sont-ils de bonne qualit\u00e9 ?<\/h3>\n\n<p>Oui, Maisons du Monde est reconnu pour la qualit\u00e9 de ses produits, qui allient esth\u00e9tique et durabilit\u00e9.<\/p>\n\n<h3 class=\"wp-block-heading\">Pourquoi choisir Maisons du Monde plut\u00f4t qu&rsquo;un concurrent ?<\/h3>\n\n<p>La marque se distingue par ses designs uniques et son engagement pour des produits durablement con\u00e7us, faisant d\u2019elle un choix privil\u00e9gi\u00e9 pour les amateurs de d\u00e9coration.<\/p>\n\n","protected":false},"excerpt":{"rendered":"<p>Avec l&rsquo;arriv\u00e9e des beaux jours, il est essentiel d&rsquo;adopter une d\u00e9coration qui respire la l\u00e9g\u00e8ret\u00e9 et la joie de vivre. Maisons du Monde, le roi de la d\u00e9co tendance, propose une multitude d&rsquo;articles pour transformer ton int\u00e9rieur en v\u00e9ritable havre de paix printanier. En attendant que les fleurs s&rsquo;\u00e9panouissent, plonge dans ces nouvelles collections qui &#8230; <a title=\"articles d\u00e9co \u00e0 d\u00e9nicher chez Maisons du Monde pour embrasser les tendances du printemps-\u00e9t\u00e9\" class=\"read-more\" href=\"https:\/\/www.habitat-design.net\/blog\/deco-maisons-tendances-printemps\/\" aria-label=\"En savoir plus sur articles d\u00e9co \u00e0 d\u00e9nicher chez Maisons du Monde pour embrasser les tendances du printemps-\u00e9t\u00e9\">Lire plus<\/a><\/p>\n","protected":false},"author":1,"featured_media":1401,"comment_status":"open","ping_status":"open","sticky":false,"template":"","format":"standard","meta":{"footnotes":""},"categories":[1],"tags":[134,73,132,133,92],"class_list":["post-1402","post","type-post","status-publish","format-standard","has-post-thumbnail","hentry","category-maison","tag-articles-deco","tag-deco","tag-maisons-du-monde","tag-printemps-ete","tag-tendances"],"yoast_head":"<!-- This site is optimized with the Yoast SEO plugin v26.8 - https:\/\/yoast.com\/product\/yoast-seo-wordpress\/ -->\n<title>D\u00e9nichez l&#039;essentiel d\u00e9co de printemps-\u00e9t\u00e9 chez Maisons du Monde<\/title>\n<meta name=\"description\" content=\"D\u00e9couvrez notre s\u00e9lection d&#039;articles d\u00e9co \u00e0 d\u00e9nicher chez Maisons du Monde pour embrasser les tendances du printemps-\u00e9t\u00e9. Transformez votre int\u00e9rieur avec des pi\u00e8ces tendance et rafra\u00eechissantes qui apportent une touche de nature et de couleur \u00e0 votre maison. Inspirez-vous des derni\u00e8res nouveaut\u00e9s et cr\u00e9ez une ambiance estivale accueillante.\" \/>\n<meta name=\"robots\" content=\"index, follow, max-snippet:-1, max-image-preview:large, max-video-preview:-1\" \/>\n<link rel=\"canonical\" href=\"https:\/\/www.habitat-design.net\/blog\/deco-maisons-tendances-printemps\/\" \/>\n<meta property=\"og:locale\" content=\"fr_FR\" \/>\n<meta property=\"og:type\" content=\"article\" \/>\n<meta property=\"og:title\" content=\"D\u00e9nichez l&#039;essentiel d\u00e9co de printemps-\u00e9t\u00e9 chez Maisons du Monde\" \/>\n<meta property=\"og:description\" content=\"D\u00e9couvrez notre s\u00e9lection d&#039;articles d\u00e9co \u00e0 d\u00e9nicher chez Maisons du Monde pour embrasser les tendances du printemps-\u00e9t\u00e9. Transformez votre int\u00e9rieur avec des pi\u00e8ces tendance et rafra\u00eechissantes qui apportent une touche de nature et de couleur \u00e0 votre maison. Inspirez-vous des derni\u00e8res nouveaut\u00e9s et cr\u00e9ez une ambiance estivale accueillante.\" \/>\n<meta property=\"og:url\" content=\"https:\/\/www.habitat-design.net\/blog\/deco-maisons-tendances-printemps\/\" \/>\n<meta property=\"article:published_time\" content=\"2025-04-20T07:01:16+00:00\" \/>\n<meta property=\"og:image\" content=\"https:\/\/www.habitat-design.net\/blog\/wp-content\/uploads\/2025\/04\/articles-deco-a-denicher-chez-Maisons-du-Monde-pour-embrasser-les-tendances-du-printemps-ete.jpg\" \/>\n\t<meta property=\"og:image:width\" content=\"1344\" \/>\n\t<meta property=\"og:image:height\" content=\"768\" \/>\n\t<meta property=\"og:image:type\" content=\"image\/jpeg\" \/>\n<meta name=\"author\" content=\"Julien Laurent\" \/>\n<meta name=\"twitter:card\" content=\"summary_large_image\" \/>\n<meta name=\"twitter:label1\" content=\"\u00c9crit par\" \/>\n\t<meta name=\"twitter:data1\" content=\"Julien Laurent\" \/>\n\t<meta name=\"twitter:label2\" content=\"Dur\u00e9e de lecture estim\u00e9e\" \/>\n\t<meta name=\"twitter:data2\" content=\"6 minutes\" \/>\n<script type=\"application\/ld+json\" class=\"yoast-schema-graph\">{\"@context\":\"https:\/\/schema.org\",\"@graph\":[{\"@type\":\"Article\",\"@id\":\"https:\/\/www.habitat-design.net\/blog\/deco-maisons-tendances-printemps\/#article\",\"isPartOf\":{\"@id\":\"https:\/\/www.habitat-design.net\/blog\/deco-maisons-tendances-printemps\/\"},\"author\":{\"name\":\"Julien Laurent\",\"@id\":\"https:\/\/www.habitat-design.net\/blog\/#\/schema\/person\/f81363ecfab7ff0bfb976328793ce2e5\"},\"headline\":\"articles d\u00e9co \u00e0 d\u00e9nicher chez Maisons du Monde pour embrasser les tendances du printemps-\u00e9t\u00e9\",\"datePublished\":\"2025-04-20T07:01:16+00:00\",\"mainEntityOfPage\":{\"@id\":\"https:\/\/www.habitat-design.net\/blog\/deco-maisons-tendances-printemps\/\"},\"wordCount\":1166,\"commentCount\":0,\"image\":{\"@id\":\"https:\/\/www.habitat-design.net\/blog\/deco-maisons-tendances-printemps\/#primaryimage\"},\"thumbnailUrl\":\"https:\/\/www.habitat-design.net\/blog\/wp-content\/uploads\/2025\/04\/articles-deco-a-denicher-chez-Maisons-du-Monde-pour-embrasser-les-tendances-du-printemps-ete.jpg\",\"keywords\":[\"articles d\u00e9co\",\"d\u00e9co\",\"maisons du monde\",\"printemps-\u00e9t\u00e9\",\"tendances\"],\"articleSection\":[\"Maison &amp; d\u00e9coration\"],\"inLanguage\":\"fr-FR\",\"potentialAction\":[{\"@type\":\"CommentAction\",\"name\":\"Comment\",\"target\":[\"https:\/\/www.habitat-design.net\/blog\/deco-maisons-tendances-printemps\/#respond\"]}]},{\"@type\":\"WebPage\",\"@id\":\"https:\/\/www.habitat-design.net\/blog\/deco-maisons-tendances-printemps\/\",\"url\":\"https:\/\/www.habitat-design.net\/blog\/deco-maisons-tendances-printemps\/\",\"name\":\"D\u00e9nichez l'essentiel d\u00e9co de printemps-\u00e9t\u00e9 chez Maisons du Monde\",\"isPartOf\":{\"@id\":\"https:\/\/www.habitat-design.net\/blog\/#website\"},\"primaryImageOfPage\":{\"@id\":\"https:\/\/www.habitat-design.net\/blog\/deco-maisons-tendances-printemps\/#primaryimage\"},\"image\":{\"@id\":\"https:\/\/www.habitat-design.net\/blog\/deco-maisons-tendances-printemps\/#primaryimage\"},\"thumbnailUrl\":\"https:\/\/www.habitat-design.net\/blog\/wp-content\/uploads\/2025\/04\/articles-deco-a-denicher-chez-Maisons-du-Monde-pour-embrasser-les-tendances-du-printemps-ete.jpg\",\"datePublished\":\"2025-04-20T07:01:16+00:00\",\"author\":{\"@id\":\"https:\/\/www.habitat-design.net\/blog\/#\/schema\/person\/f81363ecfab7ff0bfb976328793ce2e5\"},\"description\":\"D\u00e9couvrez notre s\u00e9lection d'articles d\u00e9co \u00e0 d\u00e9nicher chez Maisons du Monde pour embrasser les tendances du printemps-\u00e9t\u00e9. Transformez votre int\u00e9rieur avec des pi\u00e8ces tendance et rafra\u00eechissantes qui apportent une touche de nature et de couleur \u00e0 votre maison. Inspirez-vous des derni\u00e8res nouveaut\u00e9s et cr\u00e9ez une ambiance estivale accueillante.\",\"breadcrumb\":{\"@id\":\"https:\/\/www.habitat-design.net\/blog\/deco-maisons-tendances-printemps\/#breadcrumb\"},\"inLanguage\":\"fr-FR\",\"potentialAction\":[{\"@type\":\"ReadAction\",\"target\":[\"https:\/\/www.habitat-design.net\/blog\/deco-maisons-tendances-printemps\/\"]}]},{\"@type\":\"ImageObject\",\"inLanguage\":\"fr-FR\",\"@id\":\"https:\/\/www.habitat-design.net\/blog\/deco-maisons-tendances-printemps\/#primaryimage\",\"url\":\"https:\/\/www.habitat-design.net\/blog\/wp-content\/uploads\/2025\/04\/articles-deco-a-denicher-chez-Maisons-du-Monde-pour-embrasser-les-tendances-du-printemps-ete.jpg\",\"contentUrl\":\"https:\/\/www.habitat-design.net\/blog\/wp-content\/uploads\/2025\/04\/articles-deco-a-denicher-chez-Maisons-du-Monde-pour-embrasser-les-tendances-du-printemps-ete.jpg\",\"width\":1344,\"height\":768,\"caption\":\"d\u00e9couvrez notre s\u00e9lection d'articles d\u00e9co chez maisons du monde pour adopter les tendances du printemps-\u00e9t\u00e9. transformez votre int\u00e9rieur avec des objets uniques et color\u00e9s qui refl\u00e8tent la saison et apportent une touche fra\u00eeche \u00e0 votre d\u00e9coration.\"},{\"@type\":\"BreadcrumbList\",\"@id\":\"https:\/\/www.habitat-design.net\/blog\/deco-maisons-tendances-printemps\/#breadcrumb\",\"itemListElement\":[{\"@type\":\"ListItem\",\"position\":1,\"name\":\"Accueil\",\"item\":\"https:\/\/www.habitat-design.net\/blog\/\"},{\"@type\":\"ListItem\",\"position\":2,\"name\":\"articles d\u00e9co \u00e0 d\u00e9nicher chez Maisons du Monde pour embrasser les tendances du printemps-\u00e9t\u00e9\"}]},{\"@type\":\"WebSite\",\"@id\":\"https:\/\/www.habitat-design.net\/blog\/#website\",\"url\":\"https:\/\/www.habitat-design.net\/blog\/\",\"name\":\"\",\"description\":\"\",\"potentialAction\":[{\"@type\":\"SearchAction\",\"target\":{\"@type\":\"EntryPoint\",\"urlTemplate\":\"https:\/\/www.habitat-design.net\/blog\/?s={search_term_string}\"},\"query-input\":{\"@type\":\"PropertyValueSpecification\",\"valueRequired\":true,\"valueName\":\"search_term_string\"}}],\"inLanguage\":\"fr-FR\"},{\"@type\":\"Person\",\"@id\":\"https:\/\/www.habitat-design.net\/blog\/#\/schema\/person\/f81363ecfab7ff0bfb976328793ce2e5\",\"name\":\"Julien Laurent\",\"image\":{\"@type\":\"ImageObject\",\"inLanguage\":\"fr-FR\",\"@id\":\"https:\/\/www.habitat-design.net\/blog\/#\/schema\/person\/image\/\",\"url\":\"https:\/\/secure.gravatar.com\/avatar\/36c5f08b15b2f828b41156cb6e69b449?s=96&d=mm&r=g\",\"contentUrl\":\"https:\/\/secure.gravatar.com\/avatar\/36c5f08b15b2f828b41156cb6e69b449?s=96&d=mm&r=g\",\"caption\":\"Julien Laurent\"},\"description\":\"Julien Laurent est un blogueur passionn\u00e9 par le domaine de la d\u00e9coration int\u00e9rieure et du design. Avec un dipl\u00f4me en design d'int\u00e9rieur et plusieurs ann\u00e9es d'exp\u00e9rience en tant que d\u00e9corateur, il partage des conseils pratiques pour embellir et optimiser les espaces de vie. Ses articles inspirants et informatifs visent \u00e0 aider ses lecteurs \u00e0 cr\u00e9er des int\u00e9rieurs harmonieux et esth\u00e9tiques, refl\u00e9tant leur personnalit\u00e9 et leur style.\",\"sameAs\":[\"http:\/\/www.habitat-design.net\/blog\"],\"url\":\"https:\/\/www.habitat-design.net\/blog\/author\/contacthabitat-design-net\/\"}]}<\/script>\n<!-- \/ Yoast SEO plugin. -->","yoast_head_json":{"title":"D\u00e9nichez l'essentiel d\u00e9co de printemps-\u00e9t\u00e9 chez Maisons du Monde","description":"D\u00e9couvrez notre s\u00e9lection d'articles d\u00e9co \u00e0 d\u00e9nicher chez Maisons du Monde pour embrasser les tendances du printemps-\u00e9t\u00e9. Transformez votre int\u00e9rieur avec des pi\u00e8ces tendance et rafra\u00eechissantes qui apportent une touche de nature et de couleur \u00e0 votre maison. Inspirez-vous des derni\u00e8res nouveaut\u00e9s et cr\u00e9ez une ambiance estivale accueillante.","robots":{"index":"index","follow":"follow","max-snippet":"max-snippet:-1","max-image-preview":"max-image-preview:large","max-video-preview":"max-video-preview:-1"},"canonical":"https:\/\/www.habitat-design.net\/blog\/deco-maisons-tendances-printemps\/","og_locale":"fr_FR","og_type":"article","og_title":"D\u00e9nichez l'essentiel d\u00e9co de printemps-\u00e9t\u00e9 chez Maisons du Monde","og_description":"D\u00e9couvrez notre s\u00e9lection d'articles d\u00e9co \u00e0 d\u00e9nicher chez Maisons du Monde pour embrasser les tendances du printemps-\u00e9t\u00e9. Transformez votre int\u00e9rieur avec des pi\u00e8ces tendance et rafra\u00eechissantes qui apportent une touche de nature et de couleur \u00e0 votre maison. Inspirez-vous des derni\u00e8res nouveaut\u00e9s et cr\u00e9ez une ambiance estivale accueillante.","og_url":"https:\/\/www.habitat-design.net\/blog\/deco-maisons-tendances-printemps\/","article_published_time":"2025-04-20T07:01:16+00:00","og_image":[{"width":1344,"height":768,"url":"https:\/\/www.habitat-design.net\/blog\/wp-content\/uploads\/2025\/04\/articles-deco-a-denicher-chez-Maisons-du-Monde-pour-embrasser-les-tendances-du-printemps-ete.jpg","type":"image\/jpeg"}],"author":"Julien Laurent","twitter_card":"summary_large_image","twitter_misc":{"\u00c9crit par":"Julien Laurent","Dur\u00e9e de lecture estim\u00e9e":"6 minutes"},"schema":{"@context":"https:\/\/schema.org","@graph":[{"@type":"Article","@id":"https:\/\/www.habitat-design.net\/blog\/deco-maisons-tendances-printemps\/#article","isPartOf":{"@id":"https:\/\/www.habitat-design.net\/blog\/deco-maisons-tendances-printemps\/"},"author":{"name":"Julien Laurent","@id":"https:\/\/www.habitat-design.net\/blog\/#\/schema\/person\/f81363ecfab7ff0bfb976328793ce2e5"},"headline":"articles d\u00e9co \u00e0 d\u00e9nicher chez Maisons du Monde pour embrasser les tendances du printemps-\u00e9t\u00e9","datePublished":"2025-04-20T07:01:16+00:00","mainEntityOfPage":{"@id":"https:\/\/www.habitat-design.net\/blog\/deco-maisons-tendances-printemps\/"},"wordCount":1166,"commentCount":0,"image":{"@id":"https:\/\/www.habitat-design.net\/blog\/deco-maisons-tendances-printemps\/#primaryimage"},"thumbnailUrl":"https:\/\/www.habitat-design.net\/blog\/wp-content\/uploads\/2025\/04\/articles-deco-a-denicher-chez-Maisons-du-Monde-pour-embrasser-les-tendances-du-printemps-ete.jpg","keywords":["articles d\u00e9co","d\u00e9co","maisons du monde","printemps-\u00e9t\u00e9","tendances"],"articleSection":["Maison &amp; d\u00e9coration"],"inLanguage":"fr-FR","potentialAction":[{"@type":"CommentAction","name":"Comment","target":["https:\/\/www.habitat-design.net\/blog\/deco-maisons-tendances-printemps\/#respond"]}]},{"@type":"WebPage","@id":"https:\/\/www.habitat-design.net\/blog\/deco-maisons-tendances-printemps\/","url":"https:\/\/www.habitat-design.net\/blog\/deco-maisons-tendances-printemps\/","name":"D\u00e9nichez l'essentiel d\u00e9co de printemps-\u00e9t\u00e9 chez Maisons du Monde","isPartOf":{"@id":"https:\/\/www.habitat-design.net\/blog\/#website"},"primaryImageOfPage":{"@id":"https:\/\/www.habitat-design.net\/blog\/deco-maisons-tendances-printemps\/#primaryimage"},"image":{"@id":"https:\/\/www.habitat-design.net\/blog\/deco-maisons-tendances-printemps\/#primaryimage"},"thumbnailUrl":"https:\/\/www.habitat-design.net\/blog\/wp-content\/uploads\/2025\/04\/articles-deco-a-denicher-chez-Maisons-du-Monde-pour-embrasser-les-tendances-du-printemps-ete.jpg","datePublished":"2025-04-20T07:01:16+00:00","author":{"@id":"https:\/\/www.habitat-design.net\/blog\/#\/schema\/person\/f81363ecfab7ff0bfb976328793ce2e5"},"description":"D\u00e9couvrez notre s\u00e9lection d'articles d\u00e9co \u00e0 d\u00e9nicher chez Maisons du Monde pour embrasser les tendances du printemps-\u00e9t\u00e9. Transformez votre int\u00e9rieur avec des pi\u00e8ces tendance et rafra\u00eechissantes qui apportent une touche de nature et de couleur \u00e0 votre maison. Inspirez-vous des derni\u00e8res nouveaut\u00e9s et cr\u00e9ez une ambiance estivale accueillante.","breadcrumb":{"@id":"https:\/\/www.habitat-design.net\/blog\/deco-maisons-tendances-printemps\/#breadcrumb"},"inLanguage":"fr-FR","potentialAction":[{"@type":"ReadAction","target":["https:\/\/www.habitat-design.net\/blog\/deco-maisons-tendances-printemps\/"]}]},{"@type":"ImageObject","inLanguage":"fr-FR","@id":"https:\/\/www.habitat-design.net\/blog\/deco-maisons-tendances-printemps\/#primaryimage","url":"https:\/\/www.habitat-design.net\/blog\/wp-content\/uploads\/2025\/04\/articles-deco-a-denicher-chez-Maisons-du-Monde-pour-embrasser-les-tendances-du-printemps-ete.jpg","contentUrl":"https:\/\/www.habitat-design.net\/blog\/wp-content\/uploads\/2025\/04\/articles-deco-a-denicher-chez-Maisons-du-Monde-pour-embrasser-les-tendances-du-printemps-ete.jpg","width":1344,"height":768,"caption":"d\u00e9couvrez notre s\u00e9lection d'articles d\u00e9co chez maisons du monde pour adopter les tendances du printemps-\u00e9t\u00e9. transformez votre int\u00e9rieur avec des objets uniques et color\u00e9s qui refl\u00e8tent la saison et apportent une touche fra\u00eeche \u00e0 votre d\u00e9coration."},{"@type":"BreadcrumbList","@id":"https:\/\/www.habitat-design.net\/blog\/deco-maisons-tendances-printemps\/#breadcrumb","itemListElement":[{"@type":"ListItem","position":1,"name":"Accueil","item":"https:\/\/www.habitat-design.net\/blog\/"},{"@type":"ListItem","position":2,"name":"articles d\u00e9co \u00e0 d\u00e9nicher chez Maisons du Monde pour embrasser les tendances du printemps-\u00e9t\u00e9"}]},{"@type":"WebSite","@id":"https:\/\/www.habitat-design.net\/blog\/#website","url":"https:\/\/www.habitat-design.net\/blog\/","name":"","description":"","potentialAction":[{"@type":"SearchAction","target":{"@type":"EntryPoint","urlTemplate":"https:\/\/www.habitat-design.net\/blog\/?s={search_term_string}"},"query-input":{"@type":"PropertyValueSpecification","valueRequired":true,"valueName":"search_term_string"}}],"inLanguage":"fr-FR"},{"@type":"Person","@id":"https:\/\/www.habitat-design.net\/blog\/#\/schema\/person\/f81363ecfab7ff0bfb976328793ce2e5","name":"Julien Laurent","image":{"@type":"ImageObject","inLanguage":"fr-FR","@id":"https:\/\/www.habitat-design.net\/blog\/#\/schema\/person\/image\/","url":"https:\/\/secure.gravatar.com\/avatar\/36c5f08b15b2f828b41156cb6e69b449?s=96&d=mm&r=g","contentUrl":"https:\/\/secure.gravatar.com\/avatar\/36c5f08b15b2f828b41156cb6e69b449?s=96&d=mm&r=g","caption":"Julien Laurent"},"description":"Julien Laurent est un blogueur passionn\u00e9 par le domaine de la d\u00e9coration int\u00e9rieure et du design. Avec un dipl\u00f4me en design d'int\u00e9rieur et plusieurs ann\u00e9es d'exp\u00e9rience en tant que d\u00e9corateur, il partage des conseils pratiques pour embellir et optimiser les espaces de vie. Ses articles inspirants et informatifs visent \u00e0 aider ses lecteurs \u00e0 cr\u00e9er des int\u00e9rieurs harmonieux et esth\u00e9tiques, refl\u00e9tant leur personnalit\u00e9 et leur style.","sameAs":["http:\/\/www.habitat-design.net\/blog"],"url":"https:\/\/www.habitat-design.net\/blog\/author\/contacthabitat-design-net\/"}]}},"views":118,"_links":{"self":[{"href":"https:\/\/www.habitat-design.net\/blog\/wp-json\/wp\/v2\/posts\/1402","targetHints":{"allow":["GET"]}}],"collection":[{"href":"https:\/\/www.habitat-design.net\/blog\/wp-json\/wp\/v2\/posts"}],"about":[{"href":"https:\/\/www.habitat-design.net\/blog\/wp-json\/wp\/v2\/types\/post"}],"author":[{"embeddable":true,"href":"https:\/\/www.habitat-design.net\/blog\/wp-json\/wp\/v2\/users\/1"}],"replies":[{"embeddable":true,"href":"https:\/\/www.habitat-design.net\/blog\/wp-json\/wp\/v2\/comments?post=1402"}],"version-history":[{"count":0,"href":"https:\/\/www.habitat-design.net\/blog\/wp-json\/wp\/v2\/posts\/1402\/revisions"}],"wp:featuredmedia":[{"embeddable":true,"href":"https:\/\/www.habitat-design.net\/blog\/wp-json\/wp\/v2\/media\/1401"}],"wp:attachment":[{"href":"https:\/\/www.habitat-design.net\/blog\/wp-json\/wp\/v2\/media?parent=1402"}],"wp:term":[{"taxonomy":"category","embeddable":true,"href":"https:\/\/www.habitat-design.net\/blog\/wp-json\/wp\/v2\/categories?post=1402"},{"taxonomy":"post_tag","embeddable":true,"href":"https:\/\/www.habitat-design.net\/blog\/wp-json\/wp\/v2\/tags?post=1402"}],"curies":[{"name":"wp","href":"https:\/\/api.w.org\/{rel}","templated":true}]}}