
{"id":1400,"date":"2025-04-19T09:03:12","date_gmt":"2025-04-19T07:03:12","guid":{"rendered":"https:\/\/www.habitat-design.net\/blog\/printemps-dernier-numero-elle\/"},"modified":"2025-05-02T13:20:45","modified_gmt":"2025-05-02T11:20:45","slug":"printemps-dernier-numero-elle","status":"publish","type":"post","link":"https:\/\/www.habitat-design.net\/blog\/printemps-dernier-numero-elle\/","title":{"rendered":"Le printemps est enfin arriv\u00e9 : d\u00e9couvrez le dernier num\u00e9ro d&rsquo;ELLE D\u00e9coration en kiosque"},"content":{"rendered":"<p>Le printemps s&rsquo;annonce avec sa panoplie de fra\u00eecheur, de renouveau et d&rsquo;\u00e9clats de couleurs flamboyants. \u00c0 chaque coin de rue, on respire l&rsquo;odeur des fleurs qui s&rsquo;\u00e9panouissent et l&rsquo;envie de red\u00e9corer son int\u00e9rieur s&rsquo;\u00e9veille. Pour t&rsquo;inspirer dans cette qu\u00eate stylistique, le dernier num\u00e9ro d\u2019ELLE D\u00e9coration fait son apparition en kiosque, comme un parfait compagnon pour mener \u00e0 bien tes projets de d\u00e9coration !<\/p>\n\n<h2 class=\"wp-block-heading\">Les derni\u00e8res tendances d\u00e9co du printemps 2025<\/h2>\n\n<p>Le printemps, c&rsquo;est le moment id\u00e9al pour transformer ta maison en un sanctuaire frais et lumineux. Dans ce num\u00e9ro, ELLE D\u00e9coration t&rsquo;invite \u00e0 d\u00e9couvrir les tendances incontournables de 2025. Que ce soit \u00e0 travers des couleurs vives, des mati\u00e8res naturelles ou des styles originaux, ce num\u00e9ro regorge d\u2019id\u00e9es inspirantes.<\/p>\n\n<h3 class=\"wp-block-heading\">Les couleurs flamboyantes qui dynamisent ton int\u00e9rieur<\/h3>\n\n<p>Oublie les teintes sombres et place aux couleurs \u00e9clatantes. Cet printemps, le jaune solaire, le vert \u00e9meraude et le bleu azur prennent le devant de la sc\u00e8ne. C\u2019est le moment de faire entrer un peu de chaleur et de joie dans tes espaces ! Imagine un salon o\u00f9 les coussins jaunes p\u00e9tillants ajoutent une dose d&rsquo;\u00e9nergie, ou une chambre o\u00f9 des draps verts rappellent les profondeurs d&rsquo;une for\u00eat.<\/p>\n\n<ul class=\"wp-block-list\"><li>\ud83d\udd06 <strong>Jaune Solaire<\/strong> : Pour une ambiance vitamin\u00e9e<\/li><li>\ud83c\udf3f <strong>Vert \u00c9meraude<\/strong> : Pour une touche de nature<\/li><li>\ud83c\udf0a <strong>Bleu Azur<\/strong> : \u00c9voque le ciel et les oc\u00e9ans<\/li><\/ul>\n\n<p>\u00c0 travers des reportages de designers et des conseils pratiques, le magazine te montre comment int\u00e9grer ces nuances sans surcharge. Parfois, un simple accent peut transformer l&rsquo;apparence d&rsquo;une pi\u00e8ce. Pense \u00e0 des objets d\u00e9co ou des pi\u00e8ces d&rsquo;art \u00e0 int\u00e9grer dans ton salon ou ta cuisine.<\/p>\n\n<h3 class=\"wp-block-heading\">Les mat\u00e9riaux naturels \u00e0 l&rsquo;honneur<\/h3>\n\n<p>Le printemps, c&rsquo;est aussi le moment de mettre \u00e0 l&rsquo;honneur les mat\u00e9riaux naturels. Le bois, la pierre et le lin sont des choix privil\u00e9gi\u00e9s qui apportent chaleur et authenticit\u00e9 \u00e0 ton int\u00e9rieur. <strong>Maisons du Monde<\/strong>, <strong>IKEA<\/strong>, et <strong>Leroy Merlin<\/strong> sont des enseignes incontournables \u00e0 explorer pour d\u00e9nicher des pi\u00e8ces inspirantes. Des meubles en bois brut aux accessoires en laine, ces textures naturelles apportent une touche de simplicit\u00e9 \u00e9l\u00e9gante.<\/p>\n\n<figure class=\"wp-block-table\"><table>\n<thead>\n<tr>\n<th>Mat\u00e9riau<\/th>\n<th>Utilisation<\/th>\n<th>Marques recommand\u00e9es<\/th>\n<\/tr>\n<\/thead>\n<tbody>\n<tr>\n<td>Bois<\/td>\n<td>Meubles, parquets<\/td>\n<td>Maisons du Monde, Leroy Merlin<\/td>\n<\/tr>\n<tr>\n<td>Pierre naturelle<\/td>\n<td>Plans de travail, d\u00e9coration murale<\/td>\n<td>Habitat<\/td>\n<\/tr>\n<tr>\n<td>Lin<\/td>\n<td>Textiles, rideaux<\/td>\n<td>La Redoute Int\u00e9rieurs<\/td>\n<\/tr>\n<\/tbody>\n<\/table><\/figure>\n\n<h3 class=\"wp-block-heading\">Les styles qui font leur come-back<\/h3>\n\n<p>Le printemps 2025 voit \u00e9galement un retour en force des styles vintage et \u00e9clectiques. Ose m\u00e9langer des objets chin\u00e9s avec des pi\u00e8ces modernes ! Pourquoi ne pas d\u00e9nicher des tr\u00e9sors dans des magasins de seconde main ou sur des sites de vente en ligne ? Les combinaisons inattendues cr\u00e9ent une ambiance originale et unique.<\/p>\n\n<ul class=\"wp-block-list\"><li>\ud83d\udd70\ufe0f <strong>Style Vintage<\/strong> : Les objets d&rsquo;hier rencontrent le design contemporain.<\/li><li>\ud83c\udfa8 <strong>Style \u00c9clectique<\/strong> : Libert\u00e9 d\u2019expression \u00e0 travers la d\u00e9coration.<\/li><li>\ud83e\ude91 <strong>Style Boh\u00e8me<\/strong> : M\u00e9lange de textures et de motifs pour une atmosph\u00e8re d\u00e9contract\u00e9e.<\/li><\/ul>\n\n<h2 class=\"wp-block-heading\">Des conseils pratiques pour une d\u00e9coration printani\u00e8re r\u00e9ussie<\/h2>\n\n<p>La lecture des pages d\u2019ELLE D\u00e9coration offre un v\u00e9ritable tr\u00e9sor d&rsquo;astuces. Pour ceux qui se lancent dans l&rsquo;aventure de la d\u00e9coration, chaque d\u00e9tail compte. D\u2019ailleurs, chaque pi\u00e8ce de ton int\u00e9rieur peut \u00eatre transform\u00e9e avec quelques ajustements.<\/p>\n\n<h3 class=\"wp-block-heading\">Optimiser les espaces en jouant avec la lumi\u00e8re<\/h3>\n\n<p>Une des cl\u00e9s d&rsquo;une belle d\u00e9coration est la lumi\u00e8re. Profiter au maximum de la lumi\u00e8re naturelle, c\u2019est crucial. D\u00e9couvre quelques conseils pour sublimer ta maison :<\/p>\n\n<ul class=\"wp-block-list\"><li>\ud83d\udca1 <strong>Ouvre les rideaux<\/strong> : Fait entrer la lumi\u00e8re !<\/li><li>\ud83e\ude9f <strong>Utilise des miroirs<\/strong> : Ils refl\u00e8tent la lumi\u00e8re et agrandissent les espaces<\/li><li>\ud83c\udf1e <strong>Choisis des couleurs claires<\/strong> : Elles refl\u00e8tent la lumi\u00e8re de mani\u00e8re optimale<\/li><\/ul>\n\n<p>La lumi\u00e8re naturelle apportera une dimension chaleureuse \u00e0 ton espace, ce qui est essentiel pour accueillir les belles journ\u00e9es de printemps. De plus, le magazine \u00e9voque plusieurs id\u00e9es pour embellir tes fen\u00eatres avec des rideaux l\u00e9gers, cr\u00e9ant ainsi un jeu de lumi\u00e8re unique.<\/p>\n\n<h3 class=\"wp-block-heading\">Cr\u00e9er des zones agenc\u00e9es pour un confort accru<\/h3>\n\n<p>Il est important de bien distribuer les espaces. Au lieu de tout laisser en vrac, cr\u00e9er des zones agenc\u00e9es o\u00f9 l\u2019on peut se d\u00e9tendre, travailler ou recevoir des amis est strat\u00e9gique. Tu pourrais avoir un coin lecture chaleureux avec tes livres pr\u00e9f\u00e9r\u00e9s, ou un espace convivial pour les repas en plein air. Autant d\u2019id\u00e9es qui dynamiseront ton int\u00e9rieur durant le printemps !<\/p>\n\n<figure class=\"wp-block-table\"><table>\n<thead>\n<tr>\n<th>Zone<\/th>\n<th>Am\u00e9nagement<\/th>\n<th>Conseils<\/th>\n<\/tr>\n<\/thead>\n<tbody>\n<tr>\n<td>Coin lecture<\/td>\n<td>Fauteuil confortable, lampe douce<\/td>\n<td>Choisir des couleurs apaisantes<\/td>\n<\/tr>\n<tr>\n<td>Zone repas ext\u00e9rieur<\/td>\n<td>Table et chaises adapt\u00e9es<\/td>\n<td>Investir dans des coussins pour le confort<\/td>\n<\/tr>\n<tr>\n<td>Espace de travail<\/td>\n<td>Table et chaise ergonomique<\/td>\n<td>Ajouter des plantes pour stimuler la concentration<\/td>\n<\/tr>\n<\/tbody>\n<\/table><\/figure>\n\n<h3 class=\"wp-block-heading\">Les incontournables pour r\u00e9ussir un projet de d\u00e9coration<\/h3>\n\n<p>Avant de t&rsquo;engager dans un projet d\u00e9co, il est essentiel de pr\u00e9parer une liste d&rsquo;achats. Voici quelques outils et objets essentiels \u00e0 ne pas oublier :<\/p>\n\n<ul class=\"wp-block-list\"><li>\ud83d\uded2 <strong>Outils de d\u00e9coration<\/strong> : Colle, ciseaux, ruban \u00e0 mesurer<\/li><li>\ud83d\udd8c\ufe0f <strong>Peinture<\/strong> : N\u2019oublie pas lesnuances que tu souhaites appliquer<\/li><li>\ud83d\udccf <strong>M\u00e8tre<\/strong> : Pour \u00e9viter les mauvaises surprises lors de l\u2019am\u00e9nagement<\/li><\/ul>\n\n<p>Ces \u00e9l\u00e9ments te permettront d\u2019avancer rapidement dans la d\u00e9coration de ton chez-soi, tout en gardant un aspect ludique \u00e0 chaque \u00e9tape.<\/p>\n\n<h2 class=\"wp-block-heading\">Les espaces ext\u00e9rieurs, les nouveaux refuges printaniers<\/h2>\n\n<p>\u00c0 l&rsquo;arriv\u00e9e du printemps, nos espaces ext\u00e9rieurs se r\u00e9veillent eux aussi. Les terrasses et jardins deviennent des lieux de vie \u00e0 part enti\u00e8re. ELLE D\u00e9coration explore les meilleures fa\u00e7ons de sublimer ton jardin ou ta terrasse, avec des id\u00e9es chic et pratiques.<\/p>\n\n<h3 class=\"wp-block-heading\">Am\u00e9nager des terrasses conviviales<\/h3>\n\n<p>La terrasse devient alors le prolongement de ta maison. Cr\u00e9er un espace de vie agr\u00e9able commence par de bons choix de meubles et de d\u00e9corations. Les mobilier de jardin doivent \u00eatre choisit avec soin, pour allier confort et esth\u00e9tique.<\/p>\n\n<ul class=\"wp-block-list\"><li>\ud83e\ude91 <strong>Mobilier confortable<\/strong> : Canap\u00e9s, chaises ou fauteuils, choisis-les douillets !<\/li><li>\ud83c\udf38 <strong>Plantes et fleurs<\/strong> : Pour apporter de la vie et de la couleur<\/li><li>\ud83d\udd6f\ufe0f <strong>\u00c9clairages d\u2019ambiance<\/strong> : Pour profiter des soir\u00e9es en ext\u00e9rieur<\/li><\/ul>\n\n<h3 class=\"wp-block-heading\">Cr\u00e9er des zones de d\u00e9tente<\/h3>\n\n<p>Penses \u00e0 am\u00e9nager des espaces d\u00e9di\u00e9s \u00e0 la d\u00e9tente. Un hamac, des coussins moelleux sur le sol, ou pourquoi pas, un coin feu de camp pour profiter des nuits \u00e9toil\u00e9es ? Les possibilit\u00e9s sont infinies, et ELLE D\u00e9coration pr\u00e9sente plusieurs id\u00e9es inspirantes adapt\u00e9es \u00e0 toutes les tailles d&rsquo;ext\u00e9rieur.<\/p>\n\n<h3 class=\"wp-block-heading\">Les solutions d&rsquo;am\u00e9nagement pour petits espaces<\/h3>\n\n<p>Pas besoin de disposer d&rsquo;un grand jardin pour profiter de la saison en plein air. Avec quelques astuces simples, m\u00eame un petit balcon peut devenir un v\u00e9ritable jardin d&rsquo;Eden. Voici quelques conseils :<\/p>\n\n<ul class=\"wp-block-list\"><li>\ud83c\udff5\ufe0f <strong>Utiliser des pots suspendus<\/strong> : Pour gagner de la place !<\/li><li>\ud83c\udf3f <strong>Choisir des meubles escamotables<\/strong> : Pratiques et fonctionnels<\/li><li>\u2728 <strong>Jouer avec la verticalit\u00e9<\/strong> : Jardini\u00e8res murales et \u00e9tag\u00e8res pour fleurs<\/li><\/ul>\n\n<h2 class=\"wp-block-heading\">Les inspirations venues d&rsquo;ailleurs<\/h2>\n\n<p>Le printemps est aussi l&rsquo;occasion de s&rsquo;\u00e9vader et de trouver de l&rsquo;inspiration dans des styles lointains. \u00c9clectique, a\u00e9rien ou encore zen, les influences venues d\u2019ailleurs peuvent rehausser ta d\u00e9coration. ELLE D\u00e9coration scrute les tendances aux fils des cultures, et t&rsquo;invite \u00e0 y plonger.<\/p>\n\n<h3 class=\"wp-block-heading\">Les influences asiatiques<\/h3>\n\n<p>Inspiration zen et \u00e9quilibre sont au rendez-vous. Des mat\u00e9riaux naturels, des espaces d\u00e9gag\u00e9s, et une palette de couleurs neutres cr\u00e9ent une ambiance apaisante. Pourquoi ne pas int\u00e9grer quelques \u00e9l\u00e9ments d\u00e9coratifs asiatiques, comme des lanternes ou des imprim\u00e9s floraux ?<\/p>\n\n<h3 class=\"wp-block-heading\">Le style scandinave moderne<\/h3>\n\n<p>Le minimalisme nordique s\u2019invite dans nos int\u00e9rieurs, alliant le confort avec l\u2019esth\u00e9tique. Essaye de m\u00e9langer des \u00e9l\u00e9ments modernes \u00e0 des mat\u00e9riaux traditionnels. Les meubles aux lignes \u00e9pur\u00e9es, associ\u00e9s \u00e0 une touche de verdure, offriront un havre de paix dans ta maison.<\/p>\n\n<h3 class=\"wp-block-heading\">Le style m\u00e9diterran\u00e9en<\/h3>\n\n<p>Enfin, le style m\u00e9diterran\u00e9en, avec ses couleurs chaudes, ses mati\u00e8res l\u00e9g\u00e8res, et ses touches de bleu, apportent une atmosph\u00e8re estivale toute l\u2019ann\u00e9e. Du carrelage d\u00e9coratif aux textiles aux motifs color\u00e9s, ce style est une promesse d\u2019\u00e9vasion.<\/p>\n\n<h2 class=\"wp-block-heading\">FAQ<\/h2>\n\n<ul class=\"wp-block-list\"><li><strong>Quelle est la tendance d\u00e9co du printemps 2025 ?<\/strong><br>Les couleurs \u00e9clatantes, les mat\u00e9riaux naturels, et les styles vintage sont \u00e0 l&rsquo;honneur.<\/li><li><strong>Comment bien am\u00e9nager sa terrasse ?<\/strong><br>Opte pour des meubles confortables, des plantes vibrantes et des \u00e9clairages d&rsquo;ambiance.<\/li><li><strong>Quelles sont les couleurs \u00e0 privil\u00e9gier cette saison ?<\/strong><br>Le jaune, le vert \u00e9meraude, et le bleu azur feront sensation dans ton int\u00e9rieur !<\/li><li><strong>O\u00f9 trouver des objets de d\u00e9coration uniques ?<\/strong><br>Explore les brocantes, magasins de seconde main ou le site des grandes enseignes d\u00e9co.<\/li><li><strong>Comment cr\u00e9er une ambiance apaisante \u00e0 la maison ?<\/strong><br>Utilise des mat\u00e9riaux naturels et joue sur la lumi\u00e8re pour une atmosph\u00e8re sereine.<\/li><\/ul>\n\n","protected":false},"excerpt":{"rendered":"<p>Le printemps s&rsquo;annonce avec sa panoplie de fra\u00eecheur, de renouveau et d&rsquo;\u00e9clats de couleurs flamboyants. \u00c0 chaque coin de rue, on respire l&rsquo;odeur des fleurs qui s&rsquo;\u00e9panouissent et l&rsquo;envie de red\u00e9corer son int\u00e9rieur s&rsquo;\u00e9veille. Pour t&rsquo;inspirer dans cette qu\u00eate stylistique, le dernier num\u00e9ro d\u2019ELLE D\u00e9coration fait son apparition en kiosque, comme un parfait compagnon pour &#8230; <a title=\"Le printemps est enfin arriv\u00e9 : d\u00e9couvrez le dernier num\u00e9ro d&rsquo;ELLE D\u00e9coration en kiosque\" class=\"read-more\" href=\"https:\/\/www.habitat-design.net\/blog\/printemps-dernier-numero-elle\/\" aria-label=\"En savoir plus sur Le printemps est enfin arriv\u00e9 : d\u00e9couvrez le dernier num\u00e9ro d&rsquo;ELLE D\u00e9coration en kiosque\">Lire plus<\/a><\/p>\n","protected":false},"author":1,"featured_media":1435,"comment_status":"open","ping_status":"open","sticky":false,"template":"","format":"standard","meta":{"footnotes":""},"categories":[1],"tags":[103,129,130,131,83],"class_list":["post-1400","post","type-post","status-publish","format-standard","has-post-thumbnail","hentry","category-maison","tag-decouverte","tag-elle-decoration","tag-kiosque","tag-magazine","tag-printemps"],"yoast_head":"<!-- This site is optimized with the Yoast SEO plugin v26.8 - https:\/\/yoast.com\/product\/yoast-seo-wordpress\/ -->\n<title>Le printemps s&#039;invite dans votre d\u00e9co avec ELLE<\/title>\n<meta name=\"description\" content=\"D\u00e9couvrez le dernier num\u00e9ro d&#039;ELLE D\u00e9coration, c\u00e9l\u00e9brant l&#039;arriv\u00e9e du printemps ! Plongez dans des id\u00e9es inspirantes de d\u00e9coration, des tendances color\u00e9es et des conseils pratiques pour r\u00e9inventer votre int\u00e9rieur. Ne manquez pas cette \u00e9dition pleine de cr\u00e9ativit\u00e9, disponible d\u00e8s maintenant en kiosque.\" \/>\n<meta name=\"robots\" content=\"index, follow, max-snippet:-1, max-image-preview:large, max-video-preview:-1\" \/>\n<link rel=\"canonical\" href=\"https:\/\/www.habitat-design.net\/blog\/printemps-dernier-numero-elle\/\" \/>\n<meta property=\"og:locale\" content=\"fr_FR\" \/>\n<meta property=\"og:type\" content=\"article\" \/>\n<meta property=\"og:title\" content=\"Le printemps s&#039;invite dans votre d\u00e9co avec ELLE\" \/>\n<meta property=\"og:description\" content=\"D\u00e9couvrez le dernier num\u00e9ro d&#039;ELLE D\u00e9coration, c\u00e9l\u00e9brant l&#039;arriv\u00e9e du printemps ! Plongez dans des id\u00e9es inspirantes de d\u00e9coration, des tendances color\u00e9es et des conseils pratiques pour r\u00e9inventer votre int\u00e9rieur. Ne manquez pas cette \u00e9dition pleine de cr\u00e9ativit\u00e9, disponible d\u00e8s maintenant en kiosque.\" \/>\n<meta property=\"og:url\" content=\"https:\/\/www.habitat-design.net\/blog\/printemps-dernier-numero-elle\/\" \/>\n<meta property=\"article:published_time\" content=\"2025-04-19T07:03:12+00:00\" \/>\n<meta property=\"article:modified_time\" content=\"2025-05-02T11:20:45+00:00\" \/>\n<meta property=\"og:image\" content=\"https:\/\/www.habitat-design.net\/blog\/wp-content\/uploads\/2025\/04\/printemps-elle-decoration-nouveau-numero.jpg\" \/>\n\t<meta property=\"og:image:width\" content=\"1344\" \/>\n\t<meta property=\"og:image:height\" content=\"768\" \/>\n\t<meta property=\"og:image:type\" content=\"image\/jpeg\" \/>\n<meta name=\"author\" content=\"Julien Laurent\" \/>\n<meta name=\"twitter:card\" content=\"summary_large_image\" \/>\n<meta name=\"twitter:label1\" content=\"\u00c9crit par\" \/>\n\t<meta name=\"twitter:data1\" content=\"Julien Laurent\" \/>\n\t<meta name=\"twitter:label2\" content=\"Dur\u00e9e de lecture estim\u00e9e\" \/>\n\t<meta name=\"twitter:data2\" content=\"7 minutes\" \/>\n<script type=\"application\/ld+json\" class=\"yoast-schema-graph\">{\"@context\":\"https:\/\/schema.org\",\"@graph\":[{\"@type\":\"Article\",\"@id\":\"https:\/\/www.habitat-design.net\/blog\/printemps-dernier-numero-elle\/#article\",\"isPartOf\":{\"@id\":\"https:\/\/www.habitat-design.net\/blog\/printemps-dernier-numero-elle\/\"},\"author\":{\"name\":\"Julien Laurent\",\"@id\":\"https:\/\/www.habitat-design.net\/blog\/#\/schema\/person\/f81363ecfab7ff0bfb976328793ce2e5\"},\"headline\":\"Le printemps est enfin arriv\u00e9 : d\u00e9couvrez le dernier num\u00e9ro d&rsquo;ELLE D\u00e9coration en kiosque\",\"datePublished\":\"2025-04-19T07:03:12+00:00\",\"dateModified\":\"2025-05-02T11:20:45+00:00\",\"mainEntityOfPage\":{\"@id\":\"https:\/\/www.habitat-design.net\/blog\/printemps-dernier-numero-elle\/\"},\"wordCount\":1480,\"commentCount\":0,\"image\":{\"@id\":\"https:\/\/www.habitat-design.net\/blog\/printemps-dernier-numero-elle\/#primaryimage\"},\"thumbnailUrl\":\"https:\/\/www.habitat-design.net\/blog\/wp-content\/uploads\/2025\/04\/printemps-elle-decoration-nouveau-numero.jpg\",\"keywords\":[\"d\u00e9couverte\",\"elle d\u00e9coration\",\"kiosque\",\"magazine\",\"printemps\"],\"articleSection\":[\"Maison &amp; d\u00e9coration\"],\"inLanguage\":\"fr-FR\",\"potentialAction\":[{\"@type\":\"CommentAction\",\"name\":\"Comment\",\"target\":[\"https:\/\/www.habitat-design.net\/blog\/printemps-dernier-numero-elle\/#respond\"]}]},{\"@type\":\"WebPage\",\"@id\":\"https:\/\/www.habitat-design.net\/blog\/printemps-dernier-numero-elle\/\",\"url\":\"https:\/\/www.habitat-design.net\/blog\/printemps-dernier-numero-elle\/\",\"name\":\"Le printemps s'invite dans votre d\u00e9co avec ELLE\",\"isPartOf\":{\"@id\":\"https:\/\/www.habitat-design.net\/blog\/#website\"},\"primaryImageOfPage\":{\"@id\":\"https:\/\/www.habitat-design.net\/blog\/printemps-dernier-numero-elle\/#primaryimage\"},\"image\":{\"@id\":\"https:\/\/www.habitat-design.net\/blog\/printemps-dernier-numero-elle\/#primaryimage\"},\"thumbnailUrl\":\"https:\/\/www.habitat-design.net\/blog\/wp-content\/uploads\/2025\/04\/printemps-elle-decoration-nouveau-numero.jpg\",\"datePublished\":\"2025-04-19T07:03:12+00:00\",\"dateModified\":\"2025-05-02T11:20:45+00:00\",\"author\":{\"@id\":\"https:\/\/www.habitat-design.net\/blog\/#\/schema\/person\/f81363ecfab7ff0bfb976328793ce2e5\"},\"description\":\"D\u00e9couvrez le dernier num\u00e9ro d'ELLE D\u00e9coration, c\u00e9l\u00e9brant l'arriv\u00e9e du printemps ! Plongez dans des id\u00e9es inspirantes de d\u00e9coration, des tendances color\u00e9es et des conseils pratiques pour r\u00e9inventer votre int\u00e9rieur. Ne manquez pas cette \u00e9dition pleine de cr\u00e9ativit\u00e9, disponible d\u00e8s maintenant en kiosque.\",\"breadcrumb\":{\"@id\":\"https:\/\/www.habitat-design.net\/blog\/printemps-dernier-numero-elle\/#breadcrumb\"},\"inLanguage\":\"fr-FR\",\"potentialAction\":[{\"@type\":\"ReadAction\",\"target\":[\"https:\/\/www.habitat-design.net\/blog\/printemps-dernier-numero-elle\/\"]}]},{\"@type\":\"ImageObject\",\"inLanguage\":\"fr-FR\",\"@id\":\"https:\/\/www.habitat-design.net\/blog\/printemps-dernier-numero-elle\/#primaryimage\",\"url\":\"https:\/\/www.habitat-design.net\/blog\/wp-content\/uploads\/2025\/04\/printemps-elle-decoration-nouveau-numero.jpg\",\"contentUrl\":\"https:\/\/www.habitat-design.net\/blog\/wp-content\/uploads\/2025\/04\/printemps-elle-decoration-nouveau-numero.jpg\",\"width\":1344,\"height\":768,\"caption\":\"printemps-elle-decoration-nouveau-numero\"},{\"@type\":\"BreadcrumbList\",\"@id\":\"https:\/\/www.habitat-design.net\/blog\/printemps-dernier-numero-elle\/#breadcrumb\",\"itemListElement\":[{\"@type\":\"ListItem\",\"position\":1,\"name\":\"Accueil\",\"item\":\"https:\/\/www.habitat-design.net\/blog\/\"},{\"@type\":\"ListItem\",\"position\":2,\"name\":\"Le printemps est enfin arriv\u00e9 : d\u00e9couvrez le dernier num\u00e9ro d&rsquo;ELLE D\u00e9coration en kiosque\"}]},{\"@type\":\"WebSite\",\"@id\":\"https:\/\/www.habitat-design.net\/blog\/#website\",\"url\":\"https:\/\/www.habitat-design.net\/blog\/\",\"name\":\"\",\"description\":\"\",\"potentialAction\":[{\"@type\":\"SearchAction\",\"target\":{\"@type\":\"EntryPoint\",\"urlTemplate\":\"https:\/\/www.habitat-design.net\/blog\/?s={search_term_string}\"},\"query-input\":{\"@type\":\"PropertyValueSpecification\",\"valueRequired\":true,\"valueName\":\"search_term_string\"}}],\"inLanguage\":\"fr-FR\"},{\"@type\":\"Person\",\"@id\":\"https:\/\/www.habitat-design.net\/blog\/#\/schema\/person\/f81363ecfab7ff0bfb976328793ce2e5\",\"name\":\"Julien Laurent\",\"image\":{\"@type\":\"ImageObject\",\"inLanguage\":\"fr-FR\",\"@id\":\"https:\/\/www.habitat-design.net\/blog\/#\/schema\/person\/image\/\",\"url\":\"https:\/\/secure.gravatar.com\/avatar\/36c5f08b15b2f828b41156cb6e69b449?s=96&d=mm&r=g\",\"contentUrl\":\"https:\/\/secure.gravatar.com\/avatar\/36c5f08b15b2f828b41156cb6e69b449?s=96&d=mm&r=g\",\"caption\":\"Julien Laurent\"},\"description\":\"Julien Laurent est un blogueur passionn\u00e9 par le domaine de la d\u00e9coration int\u00e9rieure et du design. Avec un dipl\u00f4me en design d'int\u00e9rieur et plusieurs ann\u00e9es d'exp\u00e9rience en tant que d\u00e9corateur, il partage des conseils pratiques pour embellir et optimiser les espaces de vie. Ses articles inspirants et informatifs visent \u00e0 aider ses lecteurs \u00e0 cr\u00e9er des int\u00e9rieurs harmonieux et esth\u00e9tiques, refl\u00e9tant leur personnalit\u00e9 et leur style.\",\"sameAs\":[\"http:\/\/www.habitat-design.net\/blog\"],\"url\":\"https:\/\/www.habitat-design.net\/blog\/author\/contacthabitat-design-net\/\"}]}<\/script>\n<!-- \/ Yoast SEO plugin. -->","yoast_head_json":{"title":"Le printemps s'invite dans votre d\u00e9co avec ELLE","description":"D\u00e9couvrez le dernier num\u00e9ro d'ELLE D\u00e9coration, c\u00e9l\u00e9brant l'arriv\u00e9e du printemps ! Plongez dans des id\u00e9es inspirantes de d\u00e9coration, des tendances color\u00e9es et des conseils pratiques pour r\u00e9inventer votre int\u00e9rieur. Ne manquez pas cette \u00e9dition pleine de cr\u00e9ativit\u00e9, disponible d\u00e8s maintenant en kiosque.","robots":{"index":"index","follow":"follow","max-snippet":"max-snippet:-1","max-image-preview":"max-image-preview:large","max-video-preview":"max-video-preview:-1"},"canonical":"https:\/\/www.habitat-design.net\/blog\/printemps-dernier-numero-elle\/","og_locale":"fr_FR","og_type":"article","og_title":"Le printemps s'invite dans votre d\u00e9co avec ELLE","og_description":"D\u00e9couvrez le dernier num\u00e9ro d'ELLE D\u00e9coration, c\u00e9l\u00e9brant l'arriv\u00e9e du printemps ! Plongez dans des id\u00e9es inspirantes de d\u00e9coration, des tendances color\u00e9es et des conseils pratiques pour r\u00e9inventer votre int\u00e9rieur. Ne manquez pas cette \u00e9dition pleine de cr\u00e9ativit\u00e9, disponible d\u00e8s maintenant en kiosque.","og_url":"https:\/\/www.habitat-design.net\/blog\/printemps-dernier-numero-elle\/","article_published_time":"2025-04-19T07:03:12+00:00","article_modified_time":"2025-05-02T11:20:45+00:00","og_image":[{"width":1344,"height":768,"url":"https:\/\/www.habitat-design.net\/blog\/wp-content\/uploads\/2025\/04\/printemps-elle-decoration-nouveau-numero.jpg","type":"image\/jpeg"}],"author":"Julien Laurent","twitter_card":"summary_large_image","twitter_misc":{"\u00c9crit par":"Julien Laurent","Dur\u00e9e de lecture estim\u00e9e":"7 minutes"},"schema":{"@context":"https:\/\/schema.org","@graph":[{"@type":"Article","@id":"https:\/\/www.habitat-design.net\/blog\/printemps-dernier-numero-elle\/#article","isPartOf":{"@id":"https:\/\/www.habitat-design.net\/blog\/printemps-dernier-numero-elle\/"},"author":{"name":"Julien Laurent","@id":"https:\/\/www.habitat-design.net\/blog\/#\/schema\/person\/f81363ecfab7ff0bfb976328793ce2e5"},"headline":"Le printemps est enfin arriv\u00e9 : d\u00e9couvrez le dernier num\u00e9ro d&rsquo;ELLE D\u00e9coration en kiosque","datePublished":"2025-04-19T07:03:12+00:00","dateModified":"2025-05-02T11:20:45+00:00","mainEntityOfPage":{"@id":"https:\/\/www.habitat-design.net\/blog\/printemps-dernier-numero-elle\/"},"wordCount":1480,"commentCount":0,"image":{"@id":"https:\/\/www.habitat-design.net\/blog\/printemps-dernier-numero-elle\/#primaryimage"},"thumbnailUrl":"https:\/\/www.habitat-design.net\/blog\/wp-content\/uploads\/2025\/04\/printemps-elle-decoration-nouveau-numero.jpg","keywords":["d\u00e9couverte","elle d\u00e9coration","kiosque","magazine","printemps"],"articleSection":["Maison &amp; d\u00e9coration"],"inLanguage":"fr-FR","potentialAction":[{"@type":"CommentAction","name":"Comment","target":["https:\/\/www.habitat-design.net\/blog\/printemps-dernier-numero-elle\/#respond"]}]},{"@type":"WebPage","@id":"https:\/\/www.habitat-design.net\/blog\/printemps-dernier-numero-elle\/","url":"https:\/\/www.habitat-design.net\/blog\/printemps-dernier-numero-elle\/","name":"Le printemps s'invite dans votre d\u00e9co avec ELLE","isPartOf":{"@id":"https:\/\/www.habitat-design.net\/blog\/#website"},"primaryImageOfPage":{"@id":"https:\/\/www.habitat-design.net\/blog\/printemps-dernier-numero-elle\/#primaryimage"},"image":{"@id":"https:\/\/www.habitat-design.net\/blog\/printemps-dernier-numero-elle\/#primaryimage"},"thumbnailUrl":"https:\/\/www.habitat-design.net\/blog\/wp-content\/uploads\/2025\/04\/printemps-elle-decoration-nouveau-numero.jpg","datePublished":"2025-04-19T07:03:12+00:00","dateModified":"2025-05-02T11:20:45+00:00","author":{"@id":"https:\/\/www.habitat-design.net\/blog\/#\/schema\/person\/f81363ecfab7ff0bfb976328793ce2e5"},"description":"D\u00e9couvrez le dernier num\u00e9ro d'ELLE D\u00e9coration, c\u00e9l\u00e9brant l'arriv\u00e9e du printemps ! Plongez dans des id\u00e9es inspirantes de d\u00e9coration, des tendances color\u00e9es et des conseils pratiques pour r\u00e9inventer votre int\u00e9rieur. Ne manquez pas cette \u00e9dition pleine de cr\u00e9ativit\u00e9, disponible d\u00e8s maintenant en kiosque.","breadcrumb":{"@id":"https:\/\/www.habitat-design.net\/blog\/printemps-dernier-numero-elle\/#breadcrumb"},"inLanguage":"fr-FR","potentialAction":[{"@type":"ReadAction","target":["https:\/\/www.habitat-design.net\/blog\/printemps-dernier-numero-elle\/"]}]},{"@type":"ImageObject","inLanguage":"fr-FR","@id":"https:\/\/www.habitat-design.net\/blog\/printemps-dernier-numero-elle\/#primaryimage","url":"https:\/\/www.habitat-design.net\/blog\/wp-content\/uploads\/2025\/04\/printemps-elle-decoration-nouveau-numero.jpg","contentUrl":"https:\/\/www.habitat-design.net\/blog\/wp-content\/uploads\/2025\/04\/printemps-elle-decoration-nouveau-numero.jpg","width":1344,"height":768,"caption":"printemps-elle-decoration-nouveau-numero"},{"@type":"BreadcrumbList","@id":"https:\/\/www.habitat-design.net\/blog\/printemps-dernier-numero-elle\/#breadcrumb","itemListElement":[{"@type":"ListItem","position":1,"name":"Accueil","item":"https:\/\/www.habitat-design.net\/blog\/"},{"@type":"ListItem","position":2,"name":"Le printemps est enfin arriv\u00e9 : d\u00e9couvrez le dernier num\u00e9ro d&rsquo;ELLE D\u00e9coration en kiosque"}]},{"@type":"WebSite","@id":"https:\/\/www.habitat-design.net\/blog\/#website","url":"https:\/\/www.habitat-design.net\/blog\/","name":"","description":"","potentialAction":[{"@type":"SearchAction","target":{"@type":"EntryPoint","urlTemplate":"https:\/\/www.habitat-design.net\/blog\/?s={search_term_string}"},"query-input":{"@type":"PropertyValueSpecification","valueRequired":true,"valueName":"search_term_string"}}],"inLanguage":"fr-FR"},{"@type":"Person","@id":"https:\/\/www.habitat-design.net\/blog\/#\/schema\/person\/f81363ecfab7ff0bfb976328793ce2e5","name":"Julien Laurent","image":{"@type":"ImageObject","inLanguage":"fr-FR","@id":"https:\/\/www.habitat-design.net\/blog\/#\/schema\/person\/image\/","url":"https:\/\/secure.gravatar.com\/avatar\/36c5f08b15b2f828b41156cb6e69b449?s=96&d=mm&r=g","contentUrl":"https:\/\/secure.gravatar.com\/avatar\/36c5f08b15b2f828b41156cb6e69b449?s=96&d=mm&r=g","caption":"Julien Laurent"},"description":"Julien Laurent est un blogueur passionn\u00e9 par le domaine de la d\u00e9coration int\u00e9rieure et du design. Avec un dipl\u00f4me en design d'int\u00e9rieur et plusieurs ann\u00e9es d'exp\u00e9rience en tant que d\u00e9corateur, il partage des conseils pratiques pour embellir et optimiser les espaces de vie. Ses articles inspirants et informatifs visent \u00e0 aider ses lecteurs \u00e0 cr\u00e9er des int\u00e9rieurs harmonieux et esth\u00e9tiques, refl\u00e9tant leur personnalit\u00e9 et leur style.","sameAs":["http:\/\/www.habitat-design.net\/blog"],"url":"https:\/\/www.habitat-design.net\/blog\/author\/contacthabitat-design-net\/"}]}},"views":88,"_links":{"self":[{"href":"https:\/\/www.habitat-design.net\/blog\/wp-json\/wp\/v2\/posts\/1400","targetHints":{"allow":["GET"]}}],"collection":[{"href":"https:\/\/www.habitat-design.net\/blog\/wp-json\/wp\/v2\/posts"}],"about":[{"href":"https:\/\/www.habitat-design.net\/blog\/wp-json\/wp\/v2\/types\/post"}],"author":[{"embeddable":true,"href":"https:\/\/www.habitat-design.net\/blog\/wp-json\/wp\/v2\/users\/1"}],"replies":[{"embeddable":true,"href":"https:\/\/www.habitat-design.net\/blog\/wp-json\/wp\/v2\/comments?post=1400"}],"version-history":[{"count":1,"href":"https:\/\/www.habitat-design.net\/blog\/wp-json\/wp\/v2\/posts\/1400\/revisions"}],"predecessor-version":[{"id":1436,"href":"https:\/\/www.habitat-design.net\/blog\/wp-json\/wp\/v2\/posts\/1400\/revisions\/1436"}],"wp:featuredmedia":[{"embeddable":true,"href":"https:\/\/www.habitat-design.net\/blog\/wp-json\/wp\/v2\/media\/1435"}],"wp:attachment":[{"href":"https:\/\/www.habitat-design.net\/blog\/wp-json\/wp\/v2\/media?parent=1400"}],"wp:term":[{"taxonomy":"category","embeddable":true,"href":"https:\/\/www.habitat-design.net\/blog\/wp-json\/wp\/v2\/categories?post=1400"},{"taxonomy":"post_tag","embeddable":true,"href":"https:\/\/www.habitat-design.net\/blog\/wp-json\/wp\/v2\/tags?post=1400"}],"curies":[{"name":"wp","href":"https:\/\/api.w.org\/{rel}","templated":true}]}}