
{"id":1386,"date":"2025-04-13T09:04:42","date_gmt":"2025-04-13T07:04:42","guid":{"rendered":"https:\/\/www.habitat-design.net\/blog\/tendances-deco-design-semaine-236\/"},"modified":"2025-04-13T09:04:42","modified_gmt":"2025-04-13T07:04:42","slug":"tendances-deco-design-semaine-236","status":"publish","type":"post","link":"https:\/\/www.habitat-design.net\/blog\/tendances-deco-design-semaine-236\/","title":{"rendered":"d\u00e9couverte des tendances d\u00e9co et design de la semaine #236"},"content":{"rendered":"<p>Cette semaine est marqu\u00e9e par une explosion de cr\u00e9ativit\u00e9 et d&rsquo;originalit\u00e9 dans le domaine de la d\u00e9co et du design. Les nouvelles tendances qui \u00e9mergent nous invitent \u00e0 repenser nos espaces de vie avec audace et innovation. Que ce soit des maisons aux couleurs \u00e9clatantes, des r\u00e9interpr\u00e9tations architecturales surprenantes ou des nouveaut\u00e9s qui bousculent le quotidien, il y a de quoi se r\u00e9jouir pour les amateurs de d\u00e9coration. Accroche-toi, car cette semaine #236 sera riche en d\u00e9couvertes!<\/p>\n\n<h2 class=\"wp-block-heading\">Les maisons fleuries et color\u00e9es : un souffle de vie<\/h2>\n\n<p>Les tendances d\u00e9co de cette semaine font la part belle aux maisons color\u00e9es et affichent un enthousiasme p\u00e9tillant. Imagine-toi fl\u00e2ner dans une maison anglaise pleine de couleurs vives, o\u00f9 chaque pi\u00e8ce raconte une histoire \u00e0 travers des nuances \u00e9clatantes. Ces oasis de bonheur ne se limitent pas \u00e0 l\u2019int\u00e9rieur, car m\u00eame l\u2019ext\u00e9rieur est un v\u00e9ritable tableau vivant.<\/p>\n\n<h3 class=\"wp-block-heading\">Palettes de couleurs audacieuses<\/h3>\n\n<p>D\u00e9marrons avec les palettes de couleurs. Les teintes les plus en vogue vont des roses pastels aux bleus turquoise, en passant par des jaunes ensoleill\u00e9s. Ne sous-estime pas le pouvoir des couleurs pour transformer une pi\u00e8ce! Voici quelques id\u00e9es pour introduire cette magie dans ton espace :<\/p>\n\n<ul class=\"wp-block-list\"><li>\ud83c\udf3a <strong>Peindre un mur d&rsquo;accent<\/strong> avec une couleur vive pour cr\u00e9er un point focal.<\/li><li>\ud83c\udf3c <strong>Int\u00e9grer des accessoires color\u00e9s<\/strong> comme des coussins ou des \u0153uvres d\u2019art audacieuses.<\/li><li>\ud83c\udf49 <strong>Oser les motifs<\/strong> avec des papiers peints originaux ou des textiles unis.<\/li><\/ul>\n\n<p>C\u2019est comme si les murs prenaient vie et dansaient avec l\u2019\u00e9nergie qui se d\u00e9gage de ces teintes vibrantes. En plus, ces couleurs apportent une sensation de joie et de chaleur \u00e0 chaque recoin de la maison. Mais ce n\u2019est pas tout! Les espaces ext\u00e9rieurs rejoignent \u00e9galement la f\u00eate.<\/p>\n\n<h3 class=\"wp-block-heading\">Espaces ext\u00e9rieurs vivants et accueillants<\/h3>\n\n<p>La tendance des jardins regorge de surprises. Que dirais-tu d\u2019un jardin en restanques r\u00e9am\u00e9nag\u00e9 \u00e0 Marseille? La nature entre dans la danse avec des plantes color\u00e9es et des am\u00e9nagements astucieux, transformant un simple jardin en un v\u00e9ritable havre de paix. Voici quelques incontournables pour embellir tes espaces ext\u00e9rieurs :<\/p>\n\n<ul class=\"wp-block-list\"><li>\ud83c\udf3b <strong>Installer des meubles de jardin color\u00e9s<\/strong> en mat\u00e9riaux durables, comme ceux de Fermob.<\/li><li>\ud83c\udf37 <strong>Choisir des plantes originaires<\/strong> pour un jardin \u00e0 faible entretien mais haut en couleurs.<\/li><li>\ud83c\udf35 <strong>Cr\u00e9er un espace d\u00e9tente<\/strong> avec des hamacs ou des fauteuils suspendus pour se relaxer apr\u00e8s une longue journ\u00e9e.<\/li><\/ul>\n\n<p>Avec ces tendances, les espaces ext\u00e9rieurs deviennent autant de lieux de vie que les int\u00e9rieurs, favorisant la convivialit\u00e9 et l\u2019amour du beau.<\/p>\n\n<figure class=\"wp-block-table\"><table>\n<thead>\n<tr>\n<th>\u00c9l\u00e9ments<\/th>\n<th>Couleurs sugg\u00e9r\u00e9es<\/th>\n<th>Utilisation recommand\u00e9e<\/th>\n<\/tr>\n<\/thead>\n<tbody>\n<tr>\n<td>Mobilier de jardin<\/td>\n<td>Jaune, vert fluo<\/td>\n<td>Pour cr\u00e9er une ambiance estivale<\/td>\n<\/tr>\n<tr>\n<td>Papier peint<\/td>\n<td>Motifs floraux color\u00e9s<\/td>\n<td>Id\u00e9al pour la chambre ou le salon<\/td>\n<\/tr>\n<tr>\n<td>Coussins<\/td>\n<td>Rouge vif, bleu oc\u00e9an<\/td>\n<td>Pour des accents dans le canap\u00e9<\/td>\n<\/tr>\n<\/tbody>\n<\/table><\/figure>\n\n<p>\u00c0 travers les couleurs et les espaces, cette tendance apporte une bouff\u00e9e d&rsquo;air frais et donne envie de s&rsquo;engager dans des projets d\u00e9co. La maison devient le reflet de la personnalit\u00e9, tout en restant joyeusement accueillante envers amis et famille.<\/p>\n\n<h2 class=\"wp-block-heading\">Architectures innovantes : r\u00e9interpr\u00e9tations audacieuses<\/h2>\n\n<p>En parlant d&rsquo;innovation, certains architectes prennent le risque d&rsquo;exp\u00e9rimenter avec des structures \u00e9tonnantes. Une ancienne \u00e9glise transform\u00e9e en loft \u00e0 Paris, par exemple, s&rsquo;inspire d&rsquo;un pass\u00e9 historique tout en s&rsquo;ouvrant sur le futur. Ces conversions d\u2019espaces inusit\u00e9s ont le potentiel de surprendre et d\u2019inspirer. Remarquer l&rsquo;\u00e9volution des espaces montre combien la cr\u00e9ativit\u00e9 humaine est incroyable!<\/p>\n\n<h3 class=\"wp-block-heading\">De l&rsquo;\u00e9glise \u00e0 l&rsquo;habitat : des possibilit\u00e9s infinies<\/h3>\n\n<p>La transformation d&rsquo;anciens b\u00e2timents devient un ph\u00e9nom\u00e8ne. Voici quelques-unes des solutions les plus inspirantes :<\/p>\n\n<ul class=\"wp-block-list\"><li>\ud83c\udff0 <strong>Conserver des \u00e9l\u00e9ments d&rsquo;origine<\/strong> pour marquer l&rsquo;histoire tout en ajoutant une touche moderne.<\/li><li>\ud83c\udf09 <strong>Jouer sur la lumi\u00e8re naturelle<\/strong> avec des fen\u00eatres agrandies ou des puits de lumi\u00e8re.<\/li><li>\ud83d\udee0\ufe0f <strong>R\u00e9utiliser des mat\u00e9riaux<\/strong> pour un style \u00e9co-responsable et esth\u00e9tique.<\/li><\/ul>\n\n<p>Les architectures de ce type non seulement renforcent l&rsquo;h\u00e9ritage culturel mais encouragent \u00e9galement une approche plus moderne de la vie quotidienne.<\/p>\n\n<h3 class=\"wp-block-heading\">Le r\u00f4le des entreprises de design<\/h3>\n\n<p>Les grandes marques comme <strong>Ligne Roset<\/strong>, <strong>Cinna<\/strong>, et <strong>Maisons du Monde<\/strong> investissent dans cette tendance. Elles apportent des solutions cr\u00e9atives tout en fusionnant les besoins contemporains et la pr\u00e9servation des styles historiques. Ce mariage donne naissance \u00e0 des collections qui s\u2019harmonisent avec ces r\u00e9interpr\u00e9tations audacieuses.<\/p>\n\n<figure class=\"wp-block-table\"><table>\n<thead>\n<tr>\n<th>Marque<\/th>\n<th>Type de produit<\/th>\n<th>Exemple de cr\u00e9ation<\/th>\n<\/tr>\n<\/thead>\n<tbody>\n<tr>\n<td>Ligne Roset<\/td>\n<td>Mobilier contemporain<\/td>\n<td>Sofa modulable<\/td>\n<\/tr>\n<tr>\n<td>Cinna<\/td>\n<td>Dessins innovants<\/td>\n<td>Table basse en verre<\/td>\n<\/tr>\n<tr>\n<td>Maisons du Monde<\/td>\n<td>Accessoires \u00e9cologiques<\/td>\n<td>Vases en mat\u00e9riaux recycl\u00e9s<\/td>\n<\/tr>\n<\/tbody>\n<\/table><\/figure>\n\n<p>Ces collaborations allient tradition et modernit\u00e9, tout en offrant une multitude de choix aux passionn\u00e9s de d\u00e9co.<\/p>\n\n<h2 class=\"wp-block-heading\">Habitats et espaces de vie : la propri\u00e9t\u00e9 dans tous ses \u00e9tats<\/h2>\n\n<p>Dans le cadre d&rsquo;un monde en mutation, la mani\u00e8re dont nous concevons nos homes \u00e9volue \u00e9galement. Des appartements familiaux aux mini-maisons durables, chaque projet offre une nouvelle perspective sur l&rsquo;habitat.<\/p>\n\n<h3 class=\"wp-block-heading\">Les mini maisons : vers un futur durable<\/h3>\n\n<p>Les mini maisons, comme celles con\u00e7ues par <strong>MUJI<\/strong>, repr\u00e9sentent cette tendance. Ils offrent une alternative pratique et respectueuse de l&rsquo;environnement. Voil\u00e0 quelques caract\u00e9ristiques qui font de ces maisons un choix pris\u00e9 :<\/p>\n\n<ul class=\"wp-block-list\"><li>\ud83c\udfe1 <strong>Espaces modulables<\/strong> pour une optimisation de l&rsquo;espace.<\/li><li>\u2705 <strong>Mat\u00e9riaux innovants<\/strong> pour am\u00e9liorer l&rsquo;efficacit\u00e9 \u00e9nerg\u00e9tique.<\/li><li>\ud83c\udf3f <strong>Design \u00e9pur\u00e9<\/strong> pour harmoniser esth\u00e9tique et fonctionnalit\u00e9.<\/li><\/ul>\n\n<p>Les mini maisons sont parfaites pour ceux qui souhaitent r\u00e9duire leur empreinte carbone tout en profitant d\u2019une qualit\u00e9 de vie exceptionnelle. C\u2019est une solution s\u00e9duisante qui permet d&rsquo;aborder l\u2019id\u00e9e de l\u2019habitat de mani\u00e8re diff\u00e9rente.<\/p>\n\n<h3 class=\"wp-block-heading\">Les appartements modernes : r\u00e9invention des espaces<\/h3>\n\n<p>Passons maintenant \u00e0 un deux-pi\u00e8ces de 47 m\u00b2 r\u00e9nov\u00e9 \u00e0 Paris. Ce type d\u2019habitat d\u00e9montre comment un espace r\u00e9duit peut \u00eatre r\u00e9invent\u00e9 efficacement. Les cl\u00e9s de cette transformation sont : <\/p>\n\n<ul class=\"wp-block-list\"><li>\ud83d\udd11 <strong>Utilisation intelligente des rangements<\/strong> int\u00e9gr\u00e9s pour maximiser chaque m\u00e8tre carr\u00e9.<\/li><li>\ud83d\udccf <strong>Cr\u00e9ation de zones distinctes<\/strong> gr\u00e2ce \u00e0 des cloisons mobiles.<\/li><li>\u2728 <strong>\u00c9clairage strat\u00e9gique<\/strong> pour agrandir visuellement l\u2019espace.<\/li><\/ul>\n\n<p>Ces appartements modernes r\u00e9pondent \u00e0 des besoins pratiques tout en maintenant un esth\u00e9tisme agr\u00e9able.<\/p>\n\n<figure class=\"wp-block-table\"><table>\n<thead>\n<tr>\n<th>Type de logement<\/th>\n<th>Caract\u00e9ristiques<\/th>\n<th>Id\u00e9al pour<\/th>\n<\/tr>\n<\/thead>\n<tbody>\n<tr>\n<td>Mini maison<\/td>\n<td>Modularit\u00e9, efficacit\u00e9<\/td>\n<td>Personnes soucieuses de l&rsquo;environnement<\/td>\n<\/tr>\n<tr>\n<td>Appartement r\u00e9nov\u00e9<\/td>\n<td>Optimisation de l\u2019espace<\/td>\n<td>Familles et professionnels<\/td>\n<\/tr>\n<tr>\n<td>Loft<\/td>\n<td>Open space, charme brut<\/td>\n<td>Artistes et cr\u00e9atifs<\/td>\n<\/tr>\n<\/tbody>\n<\/table><\/figure>\n\n<p>La flexibilit\u00e9 et la durabilit\u00e9 au c\u0153ur des habitats contemporains sont la r\u00e9ponse \u00e0 un monde qui cherche de nouvelles mani\u00e8res de vivre.<\/p>\n\n<h2 class=\"wp-block-heading\">Nouveaux produits et objets de d\u00e9coration : la touche finale<\/h2>\n\n<p>Chaque semaine, la tendance d\u00e9co se renforce avec l\u2019arriv\u00e9e de nouveaux produits qui apportent ce brin de magie aux espaces de vie. Des marques telles qu\u2019<strong>Bolia<\/strong> et <strong>Alin\u00e9a<\/strong> d\u00e9voilent des collections \u00e9tonnantes.<\/p>\n\n<h3 class=\"wp-block-heading\">Nouveaut\u00e9s \u00e0 d\u00e9couvrir absolument<\/h3>\n\n<p>Ces derni\u00e8res collections mettent en avant des objets de d\u00e9coration qui marient fonctionnalit\u00e9 et esth\u00e9tique. Voici ce que l&rsquo;on peut trouver sur le march\u00e9 :<\/p>\n\n<ul class=\"wp-block-list\"><li>\ud83d\udecb\ufe0f <strong>Mobilier modulable<\/strong> qui r\u00e9pond aux besoins vari\u00e9s des consommateurs.<\/li><li>\ud83d\uddbc\ufe0f <strong>Art mural contemporain<\/strong> pour ajouter un caract\u00e8re unique \u00e0 chaque pi\u00e8ce.<\/li><li>\ud83e\udeb4 <strong>Accessoires \u00e9cologiques<\/strong> qui misent sur un design durable.<\/li><\/ul>\n\n<p>Ces produits sont pens\u00e9s pour enrichir les espaces de vie tout en respectant l&rsquo;environnement. Les consommateurs sont de plus en plus attentifs \u00e0 cette dimension.<\/p>\n\n<h3 class=\"wp-block-heading\">\u00c9v\u00e9nements \u00e0 ne pas rater<\/h3>\n\n<p>Les \u00e9v\u00e9nements li\u00e9s \u00e0 la d\u00e9co et au design sont aussi r\u00e9guliers, mettant en lumi\u00e8re ces nouvelles tendances et produits. Parmi les manifestations importantes, on peut citer :<\/p>\n\n<ul class=\"wp-block-list\"><li>\ud83c\udfdb\ufe0f <strong>Maison &amp; Objet<\/strong> : un rendez-vous incontournable pour les passionn\u00e9s de design.<\/li><li>\ud83d\udcc5 <strong>Festival du Design<\/strong> : une plateforme d\u2019\u00e9changes pour les cr\u00e9atifs.<\/li><li>\ud83c\udfa8 <strong>Expositions artistiques<\/strong> : pour voir les derni\u00e8res innovations en mati\u00e8re d\u2019art et de d\u00e9co.<\/li><\/ul>\n\n<p>Ces \u00e9v\u00e9nements donnent aux designers et marques l\u2019occasion de pr\u00e9senter leurs nouvelles \u0153uvres et de partager leur vision de l\u2019avenir du design. Il suffit de faire un tour et d&rsquo;absorber la richesse des propositions!<\/p>\n\n<figure class=\"wp-block-table\"><table>\n<thead>\n<tr>\n<th>\u00c9v\u00e9nement<\/th>\n<th>Date<\/th>\n<th>Lieu<\/th>\n<\/tr>\n<\/thead>\n<tbody>\n<tr>\n<td>Maison &amp; Objet<\/td>\n<td>Septembre 2025<\/td>\n<td>Paris, France<\/td>\n<\/tr>\n<tr>\n<td>Festival du Design<\/td>\n<td>Mai 2025<\/td>\n<td>Londres, UK<\/td>\n<\/tr>\n<tr>\n<td>Exposition artistique annuelle<\/td>\n<td>D\u00e9cembre 2025<\/td>\n<td>New York, USA<\/td>\n<\/tr>\n<\/tbody>\n<\/table><\/figure>\n\n<p>Ces rassemblements ne doivent pas \u00eatre rat\u00e9s, car ils sont le reflet de l\u2019esprit d\u2019innovation qui anime le secteur.<\/p>\n\n<h2 class=\"wp-block-heading\">FAQ sur les tendances d\u00e9co et design<\/h2>\n\n<p><strong>Quelle est la tendance coloris de cette ann\u00e9e ?<\/strong><\/p>\n\n<p>Cette ann\u00e9e, les teintes vives comme le rose, le bleu turquoise et le jaune font leur apparition, apportant une touche dynamique \u00e0 la d\u00e9coration.<\/p>\n\n<p><strong>Comment r\u00e9inventer un espace en petits espaces ?<\/strong><\/p>\n\n<p>Utiliser des meubles modulables et cr\u00e9er des zones distinctes avec des cloisons mobiles peut grandement optimiser un endroit r\u00e9duit.<\/p>\n\n<p><strong>Pourquoi opter pour des maisons \u00e9cologiques ?<\/strong><\/p>\n\n<p>Les maisons \u00e9cologiques, comme celles de <strong>MUJI<\/strong>, offrent une solution durable et respectueuse de l\u2019environnement, tout en assurant une qualit\u00e9 de vie agr\u00e9able.<\/p>\n\n<p><strong>Quels \u00e9v\u00e9nements d\u00e9co sont \u00e0 pr\u00e9voir cette ann\u00e9e ?<\/strong><\/p>\n\n<p>Les \u00e9v\u00e9nements tels que <strong>Maison &amp; Objet<\/strong> et le <strong>Festival du Design<\/strong> sont essentiels pour d\u00e9couvrir les derni\u00e8res tendances et produits.<\/p>\n\n<p><strong>Les accessoires de d\u00e9coration \u00e9cologiques sont-ils \u00e0 la mode ?<\/strong><\/p>\n\n<p>Oui, de plus en plus de consommateurs privil\u00e9gient les objets \u00e9coresponsables, conjuguant esth\u00e9tique et durabilit\u00e9.<\/p>\n\n","protected":false},"excerpt":{"rendered":"<p>Cette semaine est marqu\u00e9e par une explosion de cr\u00e9ativit\u00e9 et d&rsquo;originalit\u00e9 dans le domaine de la d\u00e9co et du design. Les nouvelles tendances qui \u00e9mergent nous invitent \u00e0 repenser nos espaces de vie avec audace et innovation. Que ce soit des maisons aux couleurs \u00e9clatantes, des r\u00e9interpr\u00e9tations architecturales surprenantes ou des nouveaut\u00e9s qui bousculent le &#8230; <a title=\"d\u00e9couverte des tendances d\u00e9co et design de la semaine #236\" class=\"read-more\" href=\"https:\/\/www.habitat-design.net\/blog\/tendances-deco-design-semaine-236\/\" aria-label=\"En savoir plus sur d\u00e9couverte des tendances d\u00e9co et design de la semaine #236\">Lire plus<\/a><\/p>\n","protected":false},"author":1,"featured_media":1385,"comment_status":"open","ping_status":"open","sticky":false,"template":"","format":"standard","meta":{"footnotes":""},"categories":[1],"tags":[103,93,106,105,104],"class_list":["post-1386","post","type-post","status-publish","format-standard","has-post-thumbnail","hentry","category-maison","tag-decouverte","tag-design","tag-inspiration-deco","tag-semaine-236","tag-tendances-deco"],"yoast_head":"<!-- This site is optimized with the Yoast SEO plugin v26.8 - https:\/\/yoast.com\/product\/yoast-seo-wordpress\/ -->\n<title>Plong\u00e9e dans les tendances d\u00e9co et design de la semaine #236<\/title>\n<meta name=\"description\" content=\"D\u00e9couvrez les derni\u00e8res tendances d\u00e9co et design de la semaine #236 ! Explorez des inspirations innovantes, des astuces de d\u00e9coration et des pi\u00e8ces phares qui transformeront votre int\u00e9rieur. Restez \u00e0 la pointe des styles et des couleurs qui font vibrer le monde de la d\u00e9coration cette semaine.\" \/>\n<meta name=\"robots\" content=\"index, follow, max-snippet:-1, max-image-preview:large, max-video-preview:-1\" \/>\n<link rel=\"canonical\" href=\"https:\/\/www.habitat-design.net\/blog\/tendances-deco-design-semaine-236\/\" \/>\n<meta property=\"og:locale\" content=\"fr_FR\" \/>\n<meta property=\"og:type\" content=\"article\" \/>\n<meta property=\"og:title\" content=\"Plong\u00e9e dans les tendances d\u00e9co et design de la semaine #236\" \/>\n<meta property=\"og:description\" content=\"D\u00e9couvrez les derni\u00e8res tendances d\u00e9co et design de la semaine #236 ! Explorez des inspirations innovantes, des astuces de d\u00e9coration et des pi\u00e8ces phares qui transformeront votre int\u00e9rieur. Restez \u00e0 la pointe des styles et des couleurs qui font vibrer le monde de la d\u00e9coration cette semaine.\" \/>\n<meta property=\"og:url\" content=\"https:\/\/www.habitat-design.net\/blog\/tendances-deco-design-semaine-236\/\" \/>\n<meta property=\"article:published_time\" content=\"2025-04-13T07:04:42+00:00\" \/>\n<meta property=\"og:image\" content=\"https:\/\/www.habitat-design.net\/blog\/wp-content\/uploads\/2025\/04\/decouverte-des-tendances-deco-et-design-de-la-semaine-236.jpg\" \/>\n\t<meta property=\"og:image:width\" content=\"1344\" \/>\n\t<meta property=\"og:image:height\" content=\"768\" \/>\n\t<meta property=\"og:image:type\" content=\"image\/jpeg\" \/>\n<meta name=\"author\" content=\"Julien Laurent\" \/>\n<meta name=\"twitter:card\" content=\"summary_large_image\" \/>\n<meta name=\"twitter:label1\" content=\"\u00c9crit par\" \/>\n\t<meta name=\"twitter:data1\" content=\"Julien Laurent\" \/>\n\t<meta name=\"twitter:label2\" content=\"Dur\u00e9e de lecture estim\u00e9e\" \/>\n\t<meta name=\"twitter:data2\" content=\"8 minutes\" \/>\n<script type=\"application\/ld+json\" class=\"yoast-schema-graph\">{\"@context\":\"https:\/\/schema.org\",\"@graph\":[{\"@type\":\"Article\",\"@id\":\"https:\/\/www.habitat-design.net\/blog\/tendances-deco-design-semaine-236\/#article\",\"isPartOf\":{\"@id\":\"https:\/\/www.habitat-design.net\/blog\/tendances-deco-design-semaine-236\/\"},\"author\":{\"name\":\"Julien Laurent\",\"@id\":\"https:\/\/www.habitat-design.net\/blog\/#\/schema\/person\/f81363ecfab7ff0bfb976328793ce2e5\"},\"headline\":\"d\u00e9couverte des tendances d\u00e9co et design de la semaine #236\",\"datePublished\":\"2025-04-13T07:04:42+00:00\",\"mainEntityOfPage\":{\"@id\":\"https:\/\/www.habitat-design.net\/blog\/tendances-deco-design-semaine-236\/\"},\"wordCount\":1563,\"commentCount\":0,\"image\":{\"@id\":\"https:\/\/www.habitat-design.net\/blog\/tendances-deco-design-semaine-236\/#primaryimage\"},\"thumbnailUrl\":\"https:\/\/www.habitat-design.net\/blog\/wp-content\/uploads\/2025\/04\/decouverte-des-tendances-deco-et-design-de-la-semaine-236.jpg\",\"keywords\":[\"d\u00e9couverte\",\"design\",\"inspiration d\u00e9co\",\"semaine 236\",\"tendances d\u00e9co\"],\"articleSection\":[\"Maison &amp; d\u00e9coration\"],\"inLanguage\":\"fr-FR\",\"potentialAction\":[{\"@type\":\"CommentAction\",\"name\":\"Comment\",\"target\":[\"https:\/\/www.habitat-design.net\/blog\/tendances-deco-design-semaine-236\/#respond\"]}]},{\"@type\":\"WebPage\",\"@id\":\"https:\/\/www.habitat-design.net\/blog\/tendances-deco-design-semaine-236\/\",\"url\":\"https:\/\/www.habitat-design.net\/blog\/tendances-deco-design-semaine-236\/\",\"name\":\"Plong\u00e9e dans les tendances d\u00e9co et design de la semaine #236\",\"isPartOf\":{\"@id\":\"https:\/\/www.habitat-design.net\/blog\/#website\"},\"primaryImageOfPage\":{\"@id\":\"https:\/\/www.habitat-design.net\/blog\/tendances-deco-design-semaine-236\/#primaryimage\"},\"image\":{\"@id\":\"https:\/\/www.habitat-design.net\/blog\/tendances-deco-design-semaine-236\/#primaryimage\"},\"thumbnailUrl\":\"https:\/\/www.habitat-design.net\/blog\/wp-content\/uploads\/2025\/04\/decouverte-des-tendances-deco-et-design-de-la-semaine-236.jpg\",\"datePublished\":\"2025-04-13T07:04:42+00:00\",\"author\":{\"@id\":\"https:\/\/www.habitat-design.net\/blog\/#\/schema\/person\/f81363ecfab7ff0bfb976328793ce2e5\"},\"description\":\"D\u00e9couvrez les derni\u00e8res tendances d\u00e9co et design de la semaine #236 ! Explorez des inspirations innovantes, des astuces de d\u00e9coration et des pi\u00e8ces phares qui transformeront votre int\u00e9rieur. Restez \u00e0 la pointe des styles et des couleurs qui font vibrer le monde de la d\u00e9coration cette semaine.\",\"breadcrumb\":{\"@id\":\"https:\/\/www.habitat-design.net\/blog\/tendances-deco-design-semaine-236\/#breadcrumb\"},\"inLanguage\":\"fr-FR\",\"potentialAction\":[{\"@type\":\"ReadAction\",\"target\":[\"https:\/\/www.habitat-design.net\/blog\/tendances-deco-design-semaine-236\/\"]}]},{\"@type\":\"ImageObject\",\"inLanguage\":\"fr-FR\",\"@id\":\"https:\/\/www.habitat-design.net\/blog\/tendances-deco-design-semaine-236\/#primaryimage\",\"url\":\"https:\/\/www.habitat-design.net\/blog\/wp-content\/uploads\/2025\/04\/decouverte-des-tendances-deco-et-design-de-la-semaine-236.jpg\",\"contentUrl\":\"https:\/\/www.habitat-design.net\/blog\/wp-content\/uploads\/2025\/04\/decouverte-des-tendances-deco-et-design-de-la-semaine-236.jpg\",\"width\":1344,\"height\":768,\"caption\":\"plongez dans les derni\u00e8res tendances d\u00e9co et design avec notre d\u00e9couverte hebdomadaire #236. inspirez-vous des nouveaut\u00e9s incontournables et transformez votre int\u00e9rieur avec style et cr\u00e9ativit\u00e9.\"},{\"@type\":\"BreadcrumbList\",\"@id\":\"https:\/\/www.habitat-design.net\/blog\/tendances-deco-design-semaine-236\/#breadcrumb\",\"itemListElement\":[{\"@type\":\"ListItem\",\"position\":1,\"name\":\"Accueil\",\"item\":\"https:\/\/www.habitat-design.net\/blog\/\"},{\"@type\":\"ListItem\",\"position\":2,\"name\":\"d\u00e9couverte des tendances d\u00e9co et design de la semaine #236\"}]},{\"@type\":\"WebSite\",\"@id\":\"https:\/\/www.habitat-design.net\/blog\/#website\",\"url\":\"https:\/\/www.habitat-design.net\/blog\/\",\"name\":\"\",\"description\":\"\",\"potentialAction\":[{\"@type\":\"SearchAction\",\"target\":{\"@type\":\"EntryPoint\",\"urlTemplate\":\"https:\/\/www.habitat-design.net\/blog\/?s={search_term_string}\"},\"query-input\":{\"@type\":\"PropertyValueSpecification\",\"valueRequired\":true,\"valueName\":\"search_term_string\"}}],\"inLanguage\":\"fr-FR\"},{\"@type\":\"Person\",\"@id\":\"https:\/\/www.habitat-design.net\/blog\/#\/schema\/person\/f81363ecfab7ff0bfb976328793ce2e5\",\"name\":\"Julien Laurent\",\"image\":{\"@type\":\"ImageObject\",\"inLanguage\":\"fr-FR\",\"@id\":\"https:\/\/www.habitat-design.net\/blog\/#\/schema\/person\/image\/\",\"url\":\"https:\/\/secure.gravatar.com\/avatar\/36c5f08b15b2f828b41156cb6e69b449?s=96&d=mm&r=g\",\"contentUrl\":\"https:\/\/secure.gravatar.com\/avatar\/36c5f08b15b2f828b41156cb6e69b449?s=96&d=mm&r=g\",\"caption\":\"Julien Laurent\"},\"description\":\"Julien Laurent est un blogueur passionn\u00e9 par le domaine de la d\u00e9coration int\u00e9rieure et du design. Avec un dipl\u00f4me en design d'int\u00e9rieur et plusieurs ann\u00e9es d'exp\u00e9rience en tant que d\u00e9corateur, il partage des conseils pratiques pour embellir et optimiser les espaces de vie. Ses articles inspirants et informatifs visent \u00e0 aider ses lecteurs \u00e0 cr\u00e9er des int\u00e9rieurs harmonieux et esth\u00e9tiques, refl\u00e9tant leur personnalit\u00e9 et leur style.\",\"sameAs\":[\"http:\/\/www.habitat-design.net\/blog\"],\"url\":\"https:\/\/www.habitat-design.net\/blog\/author\/contacthabitat-design-net\/\"}]}<\/script>\n<!-- \/ Yoast SEO plugin. -->","yoast_head_json":{"title":"Plong\u00e9e dans les tendances d\u00e9co et design de la semaine #236","description":"D\u00e9couvrez les derni\u00e8res tendances d\u00e9co et design de la semaine #236 ! Explorez des inspirations innovantes, des astuces de d\u00e9coration et des pi\u00e8ces phares qui transformeront votre int\u00e9rieur. Restez \u00e0 la pointe des styles et des couleurs qui font vibrer le monde de la d\u00e9coration cette semaine.","robots":{"index":"index","follow":"follow","max-snippet":"max-snippet:-1","max-image-preview":"max-image-preview:large","max-video-preview":"max-video-preview:-1"},"canonical":"https:\/\/www.habitat-design.net\/blog\/tendances-deco-design-semaine-236\/","og_locale":"fr_FR","og_type":"article","og_title":"Plong\u00e9e dans les tendances d\u00e9co et design de la semaine #236","og_description":"D\u00e9couvrez les derni\u00e8res tendances d\u00e9co et design de la semaine #236 ! Explorez des inspirations innovantes, des astuces de d\u00e9coration et des pi\u00e8ces phares qui transformeront votre int\u00e9rieur. Restez \u00e0 la pointe des styles et des couleurs qui font vibrer le monde de la d\u00e9coration cette semaine.","og_url":"https:\/\/www.habitat-design.net\/blog\/tendances-deco-design-semaine-236\/","article_published_time":"2025-04-13T07:04:42+00:00","og_image":[{"width":1344,"height":768,"url":"https:\/\/www.habitat-design.net\/blog\/wp-content\/uploads\/2025\/04\/decouverte-des-tendances-deco-et-design-de-la-semaine-236.jpg","type":"image\/jpeg"}],"author":"Julien Laurent","twitter_card":"summary_large_image","twitter_misc":{"\u00c9crit par":"Julien Laurent","Dur\u00e9e de lecture estim\u00e9e":"8 minutes"},"schema":{"@context":"https:\/\/schema.org","@graph":[{"@type":"Article","@id":"https:\/\/www.habitat-design.net\/blog\/tendances-deco-design-semaine-236\/#article","isPartOf":{"@id":"https:\/\/www.habitat-design.net\/blog\/tendances-deco-design-semaine-236\/"},"author":{"name":"Julien Laurent","@id":"https:\/\/www.habitat-design.net\/blog\/#\/schema\/person\/f81363ecfab7ff0bfb976328793ce2e5"},"headline":"d\u00e9couverte des tendances d\u00e9co et design de la semaine #236","datePublished":"2025-04-13T07:04:42+00:00","mainEntityOfPage":{"@id":"https:\/\/www.habitat-design.net\/blog\/tendances-deco-design-semaine-236\/"},"wordCount":1563,"commentCount":0,"image":{"@id":"https:\/\/www.habitat-design.net\/blog\/tendances-deco-design-semaine-236\/#primaryimage"},"thumbnailUrl":"https:\/\/www.habitat-design.net\/blog\/wp-content\/uploads\/2025\/04\/decouverte-des-tendances-deco-et-design-de-la-semaine-236.jpg","keywords":["d\u00e9couverte","design","inspiration d\u00e9co","semaine 236","tendances d\u00e9co"],"articleSection":["Maison &amp; d\u00e9coration"],"inLanguage":"fr-FR","potentialAction":[{"@type":"CommentAction","name":"Comment","target":["https:\/\/www.habitat-design.net\/blog\/tendances-deco-design-semaine-236\/#respond"]}]},{"@type":"WebPage","@id":"https:\/\/www.habitat-design.net\/blog\/tendances-deco-design-semaine-236\/","url":"https:\/\/www.habitat-design.net\/blog\/tendances-deco-design-semaine-236\/","name":"Plong\u00e9e dans les tendances d\u00e9co et design de la semaine #236","isPartOf":{"@id":"https:\/\/www.habitat-design.net\/blog\/#website"},"primaryImageOfPage":{"@id":"https:\/\/www.habitat-design.net\/blog\/tendances-deco-design-semaine-236\/#primaryimage"},"image":{"@id":"https:\/\/www.habitat-design.net\/blog\/tendances-deco-design-semaine-236\/#primaryimage"},"thumbnailUrl":"https:\/\/www.habitat-design.net\/blog\/wp-content\/uploads\/2025\/04\/decouverte-des-tendances-deco-et-design-de-la-semaine-236.jpg","datePublished":"2025-04-13T07:04:42+00:00","author":{"@id":"https:\/\/www.habitat-design.net\/blog\/#\/schema\/person\/f81363ecfab7ff0bfb976328793ce2e5"},"description":"D\u00e9couvrez les derni\u00e8res tendances d\u00e9co et design de la semaine #236 ! Explorez des inspirations innovantes, des astuces de d\u00e9coration et des pi\u00e8ces phares qui transformeront votre int\u00e9rieur. Restez \u00e0 la pointe des styles et des couleurs qui font vibrer le monde de la d\u00e9coration cette semaine.","breadcrumb":{"@id":"https:\/\/www.habitat-design.net\/blog\/tendances-deco-design-semaine-236\/#breadcrumb"},"inLanguage":"fr-FR","potentialAction":[{"@type":"ReadAction","target":["https:\/\/www.habitat-design.net\/blog\/tendances-deco-design-semaine-236\/"]}]},{"@type":"ImageObject","inLanguage":"fr-FR","@id":"https:\/\/www.habitat-design.net\/blog\/tendances-deco-design-semaine-236\/#primaryimage","url":"https:\/\/www.habitat-design.net\/blog\/wp-content\/uploads\/2025\/04\/decouverte-des-tendances-deco-et-design-de-la-semaine-236.jpg","contentUrl":"https:\/\/www.habitat-design.net\/blog\/wp-content\/uploads\/2025\/04\/decouverte-des-tendances-deco-et-design-de-la-semaine-236.jpg","width":1344,"height":768,"caption":"plongez dans les derni\u00e8res tendances d\u00e9co et design avec notre d\u00e9couverte hebdomadaire #236. inspirez-vous des nouveaut\u00e9s incontournables et transformez votre int\u00e9rieur avec style et cr\u00e9ativit\u00e9."},{"@type":"BreadcrumbList","@id":"https:\/\/www.habitat-design.net\/blog\/tendances-deco-design-semaine-236\/#breadcrumb","itemListElement":[{"@type":"ListItem","position":1,"name":"Accueil","item":"https:\/\/www.habitat-design.net\/blog\/"},{"@type":"ListItem","position":2,"name":"d\u00e9couverte des tendances d\u00e9co et design de la semaine #236"}]},{"@type":"WebSite","@id":"https:\/\/www.habitat-design.net\/blog\/#website","url":"https:\/\/www.habitat-design.net\/blog\/","name":"","description":"","potentialAction":[{"@type":"SearchAction","target":{"@type":"EntryPoint","urlTemplate":"https:\/\/www.habitat-design.net\/blog\/?s={search_term_string}"},"query-input":{"@type":"PropertyValueSpecification","valueRequired":true,"valueName":"search_term_string"}}],"inLanguage":"fr-FR"},{"@type":"Person","@id":"https:\/\/www.habitat-design.net\/blog\/#\/schema\/person\/f81363ecfab7ff0bfb976328793ce2e5","name":"Julien Laurent","image":{"@type":"ImageObject","inLanguage":"fr-FR","@id":"https:\/\/www.habitat-design.net\/blog\/#\/schema\/person\/image\/","url":"https:\/\/secure.gravatar.com\/avatar\/36c5f08b15b2f828b41156cb6e69b449?s=96&d=mm&r=g","contentUrl":"https:\/\/secure.gravatar.com\/avatar\/36c5f08b15b2f828b41156cb6e69b449?s=96&d=mm&r=g","caption":"Julien Laurent"},"description":"Julien Laurent est un blogueur passionn\u00e9 par le domaine de la d\u00e9coration int\u00e9rieure et du design. Avec un dipl\u00f4me en design d'int\u00e9rieur et plusieurs ann\u00e9es d'exp\u00e9rience en tant que d\u00e9corateur, il partage des conseils pratiques pour embellir et optimiser les espaces de vie. Ses articles inspirants et informatifs visent \u00e0 aider ses lecteurs \u00e0 cr\u00e9er des int\u00e9rieurs harmonieux et esth\u00e9tiques, refl\u00e9tant leur personnalit\u00e9 et leur style.","sameAs":["http:\/\/www.habitat-design.net\/blog"],"url":"https:\/\/www.habitat-design.net\/blog\/author\/contacthabitat-design-net\/"}]}},"views":121,"_links":{"self":[{"href":"https:\/\/www.habitat-design.net\/blog\/wp-json\/wp\/v2\/posts\/1386","targetHints":{"allow":["GET"]}}],"collection":[{"href":"https:\/\/www.habitat-design.net\/blog\/wp-json\/wp\/v2\/posts"}],"about":[{"href":"https:\/\/www.habitat-design.net\/blog\/wp-json\/wp\/v2\/types\/post"}],"author":[{"embeddable":true,"href":"https:\/\/www.habitat-design.net\/blog\/wp-json\/wp\/v2\/users\/1"}],"replies":[{"embeddable":true,"href":"https:\/\/www.habitat-design.net\/blog\/wp-json\/wp\/v2\/comments?post=1386"}],"version-history":[{"count":0,"href":"https:\/\/www.habitat-design.net\/blog\/wp-json\/wp\/v2\/posts\/1386\/revisions"}],"wp:featuredmedia":[{"embeddable":true,"href":"https:\/\/www.habitat-design.net\/blog\/wp-json\/wp\/v2\/media\/1385"}],"wp:attachment":[{"href":"https:\/\/www.habitat-design.net\/blog\/wp-json\/wp\/v2\/media?parent=1386"}],"wp:term":[{"taxonomy":"category","embeddable":true,"href":"https:\/\/www.habitat-design.net\/blog\/wp-json\/wp\/v2\/categories?post=1386"},{"taxonomy":"post_tag","embeddable":true,"href":"https:\/\/www.habitat-design.net\/blog\/wp-json\/wp\/v2\/tags?post=1386"}],"curies":[{"name":"wp","href":"https:\/\/api.w.org\/{rel}","templated":true}]}}