
{"id":1364,"date":"2025-04-06T09:05:35","date_gmt":"2025-04-06T07:05:35","guid":{"rendered":"https:\/\/www.habitat-design.net\/blog\/boutique-deco-morbihan\/"},"modified":"2025-04-06T09:05:35","modified_gmt":"2025-04-06T07:05:35","slug":"boutique-deco-morbihan","status":"publish","type":"post","link":"https:\/\/www.habitat-design.net\/blog\/boutique-deco-morbihan\/","title":{"rendered":"Une nouvelle boutique de d\u00e9coration \u00e0 prix doux voit le jour dans le Morbihan"},"content":{"rendered":"<p>\u00c0 l\u2019heure o\u00f9 la d\u00e9coration int\u00e9rieure devient plus qu\u2019une simple pr\u00e9occupation, o\u00f9 elle se transforme en v\u00e9ritable art de vivre, une nouvelle boutique se profile \u00e0 l&rsquo;horizon du Morbihan. Le 2 avril dernier, un magasin Centrakor a ouvert ses portes \u00e0 S\u00e9n\u00e9, \u00e0 deux pas de Vannes. Avec son offre vari\u00e9e et ses prix doux, cette enseigne a de quoi s\u00e9duire les amateurs de d\u00e9co comme les accros aux bonnes affaires. Mais qui est donc Centrakor et qu\u2019apporte-t-elle au paysage d\u00e9co local ?<\/p>\n\n<h2 class=\"wp-block-heading\">Centrakor : une enseigne qui fait parler d\u2019elle<\/h2>\n\n<p>Centrakor est bien plus qu&rsquo;un simple magasin. Elle a vu le jour en 1990 \u00e0 Toulouse et a rapidement connu un succ\u00e8s fulgurant. Aujourd&rsquo;hui, l&rsquo;enseigne compte environ 450 magasins en France, devenant ainsi une r\u00e9f\u00e9rence dans le domaine de l\u2019\u00e9quipement de la maison \u00e0 prix raisonnables. \u00c0 S\u00e9n\u00e9, elle remplace l&rsquo;ancien magasin La Foir&rsquo;Fouille, ce qui t\u00e9moigne de son expansion continue dans le Pays de Vannes.<\/p>\n\n<p><strong>Pourquoi choisir Centrakor ?<\/strong><br>\nCentrakor se d\u00e9marque par son large \u00e9ventail de produits allant de la d\u00e9coration \u00e0 l&rsquo;entretien, en passant par le linge de maison et m\u00eame le bricolage. Voici ce que tu peux y trouver :<\/p>\n\n<ul class=\"wp-block-list\"><li>\ud83d\udecb\ufe0f <strong>D\u00e9coration<\/strong> : tapis, rideaux, objets divers<\/li><li>\ud83e\uddfa <strong>Linge de maison<\/strong> : draps, serviettes, couettes<\/li><li>\ud83c\udf7d\ufe0f <strong>Art de la table<\/strong> : vaisselle, couverts, nappes<\/li><li>\ud83d\udee0\ufe0f <strong>Bricolage<\/strong> : outils, peinture, meubles \u00e0 monter<\/li><li>\ud83c\udf33 <strong>Jardinage<\/strong> : pots, outils de jardin, mobilier d&rsquo;ext\u00e9rieur<\/li><\/ul>\n\n<p>Le magasin de S\u00e9n\u00e9 emploie d\u00e9j\u00e0 sept personnes, contribuant \u00e0 dynamiser l&rsquo;\u00e9conomie locale tout en offrant un service de qualit\u00e9 aux clients. L&rsquo;ouverture a d&rsquo;ailleurs \u00e9t\u00e9 accueillie avec enthousiasme par les habitants, en qu\u00eate de nouvelles options pour embellir leur int\u00e9rieur.<\/p>\n\n<h3 class=\"wp-block-heading\">L&rsquo;importance de la proximit\u00e9<\/h3>\n\n<p>Avoir une enseigne comme Centrakor \u00e0 S\u00e9n\u00e9, c\u2019est donner aux habitants un acc\u00e8s direct \u00e0 tout ce dont ils ont besoin sans avoir \u00e0 se d\u00e9placer jusqu\u2019\u00e0 Vannes. La localisation est id\u00e9ale pour les familles, les jeunes couples et m\u00eame les \u00e9tudiants en qu\u00eate de solutions d\u00e9co \u00e0 petits prix. Avec un magasin accessible du lundi au samedi, de 9h30 \u00e0 19h, il semble que chacun y trouvera son bonheur !<\/p>\n\n<p>En plus de l\u2019emplacement, Centrakor propose un cadre chaleureux et accueillant. Les espaces sont bien pens\u00e9s, permettant de d\u00e9ambuler facilement \u00e0 travers les all\u00e9es. Que ce soit pour un petit objet ou un meuble, le client a la possibilit\u00e9 de chiner \u00e0 son rythme. Qui sait, tu pourrais m\u00eame t&rsquo;y perdre par plaisir et passer un apr\u00e8s-midi agr\u00e9able dans cette caverne d\u2019Ali Baba moderne !<\/p>\n\n<h2 class=\"wp-block-heading\">Des produits qui s&rsquo;adaptent \u00e0 tous les styles<\/h2>\n\n<p>Centrakor n&rsquo;est pas qu&rsquo;une simple boutique de d\u00e9co, c&rsquo;est avant tout un lieu o\u00f9 chacun peut trouver des articles adapt\u00e9s \u00e0 son style et \u00e0 ses envies. Que l\u2019on soit amateur de design minimaliste, de rusticit\u00e9 chaleureuse ou de touches boh\u00e8mes, la boutique propose quelque chose pour tous les go\u00fbts.<\/p>\n\n<p><strong>Voici quelques exemples de styles que tu pourrais y d\u00e9couvrir :<\/strong><\/p>\n\n<ul class=\"wp-block-list\"><li>\ud83c\udfe1 <strong>Style scandinave<\/strong> : des lignes \u00e9pur\u00e9es et des teintes claires<\/li><li>\ud83c\udf3b <strong>Style boh\u00e8me<\/strong> : des couleurs vives et des motifs ethniques<\/li><li>\ud83c\udf42 <strong>Style rustique<\/strong> : des mat\u00e9riaux bruts et des finitions artisanales<\/li><li>\u2728 <strong>Style moderne<\/strong> : des pi\u00e8ces tendances qui font sensation<\/li><li>\ud83c\udfa8 <strong>Style \u00e9clectique<\/strong> : un m\u00e9lange de styles pour les audacieux!<\/li><\/ul>\n\n<p>En naviguant dans les all\u00e9es du magasin, les clients peuvent non seulement se laisser inspirer par diff\u00e9rentes ambiances, mais aussi trouver des id\u00e9es pour leurs propres espaces de vie. C&rsquo;est une v\u00e9ritable petite galerie de styles qui s&rsquo;offre \u00e0 nous !<\/p>\n\n<figure class=\"wp-block-table\"><table>\n<thead>\n<tr>\n<th>Style<\/th>\n<th>Caract\u00e9ristiques<\/th>\n<th>Id\u00e9es d&rsquo;objets<\/th>\n<\/tr>\n<\/thead>\n<tbody>\n<tr>\n<td>Scandinave<\/td>\n<td>\u00c9pur\u00e9, lumineux<\/td>\n<td>Tapis en laine, mobilier en bois clair<\/td>\n<\/tr>\n<tr>\n<td>Boh\u00e8me<\/td>\n<td>Chaud, color\u00e9<\/td>\n<td>Rideaux \u00e0 motifs, coussins color\u00e9s<\/td>\n<\/tr>\n<tr>\n<td>Rustique<\/td>\n<td>Chaleureux, naturel<\/td>\n<td>Meubles en palettes, vaisselle en c\u00e9ramique<\/td>\n<\/tr>\n<tr>\n<td>Moderne<\/td>\n<td>Design, impactant<\/td>\n<td>Meubles modulables, \u0153uvres d\u2019art contemporaines<\/td>\n<\/tr>\n<tr>\n<td>\u00c9clectique<\/td>\n<td>Mix de styles<\/td>\n<td>Objets chin\u00e9s, m\u00e9langes de textures<\/td>\n<\/tr>\n<\/tbody>\n<\/table><\/figure>\n\n<p>Avec une telle diversit\u00e9 de styles et de produits, il devient ais\u00e9 de laisser libre court \u00e0 son imagination et de cr\u00e9er un chez-soi qui nous ressemble. En plus, \u00e0 des prix accessibles, pas de raison de se priver de red\u00e9corer son espace !<\/p>\n\n<h2 class=\"wp-block-heading\">La concurrence et les alternatives<\/h2>\n\n<p>Dans le secteur de la d\u00e9coration, la comp\u00e9tition est rude. Centrakor ne se retrouve pas seul sur le terrain. D&rsquo;autres enseignes comme <strong>Maisons du monde<\/strong>, <strong>IKEA<\/strong>, <strong>But<\/strong> ou encore <strong>Bouchara<\/strong> se disputent \u00e9galement l\u2019attention des consommateurs. Chacune, avec ses particularit\u00e9s, propose une exp\u00e9rience unique \u00e0 ses clients.<\/p>\n\n<p><strong>Pourquoi alors choisir Centrakor ?<\/strong><\/p>\n\n<ul class=\"wp-block-list\"><li>\ud83d\udcb0 <strong>Prix abordables<\/strong> : parfait pour les petits budgets<\/li><li>\ud83d\ude9a <strong>Proximit\u00e9<\/strong> : moins de temps de trajet, plus de plaisir \u00e0 d\u00e9couvrir !<\/li><li>\ud83d\udecd\ufe0f <strong>Offre vari\u00e9e<\/strong> : tout sous un m\u00eame toit, facile et pratique<\/li><li>\ud83d\udc6a <strong>Ambiance familiale<\/strong> : un lieu o\u00f9 l\u2019on se sent bien pour faire ses achats<\/li><li>\u267b\ufe0f <strong>D\u00e9veloppement durable<\/strong> : de plus en plus de produits respectueux de l&rsquo;environnement<\/li><\/ul>\n\n<p>Si l\u2019on se penche sur la concurrence, une visite chez IKEA permet de d\u00e9couvrir des tendances modernes. Mais, soyons honn\u00eates, certains s&rsquo;y perdent dans les m\u00e9andres du grand magasin ! Et, avouons-le, une fois sur place, qui peut \u00e9chapper aux fameuses boulettes de viande ? Mais \u00e0 S\u00e9n\u00e9, si l&rsquo;on d\u00e9sire une exp\u00e9rience plus d\u00e9tendue, Centrakor appara\u00eet de plus en plus comme une solution s\u00e9duisante.<\/p>\n\n<h2 class=\"wp-block-heading\">L\u2019engagement envers la communaut\u00e9 locale<\/h2>\n\n<p>Avoir une nouvelle boutique comme Centrakor dans le Morbihan, c&rsquo;est aussi un signe fort de dynamisme et d&rsquo;engagement envers la communaut\u00e9. En recrutant des locaux, l\u2019enseigne v\u00e9hicule des valeurs de responsabilit\u00e9 sociale et \u00e9conomique. Le fait que ce magasin ait ouvert \u00e0 S\u00e9n\u00e9 t\u00e9moigne de la volont\u00e9 de l&rsquo;enseigne de s\u2019inscrire dans le tissu local.<\/p>\n\n<p><strong>Voici quelques initiatives locales que Centrakor pourrait envisager :<\/strong><\/p>\n\n<ul class=\"wp-block-list\"><li>\ud83e\udd1d <strong>Partenariats avec artisans<\/strong> : mettre en avant les produits locaux<\/li><li>\ud83d\udce6 <strong>\u00c9v\u00e9nements communautaires<\/strong> : ateliers pour apprendre la d\u00e9coration<\/li><li>\ud83c\udf0d <strong>Sensibilisation \u00e0 l\u2019environnement<\/strong> : campagnes sur le recyclage et la gestion des d\u00e9chets<\/li><\/ul>\n\n<p>En misant sur des actions positives, Centrakor pourrait renforcer son image de marque tout en aidant \u00e0 l&rsquo;\u00e9panouissement de la communaut\u00e9 locale. Qui sait, avec le temps, les clients pourraient m\u00eame devenir des ambassadeurs de cette belle enseigne aux portes de Vannes, contribuant ensemble \u00e0 faire de ce lieu un v\u00e9ritable hub de cr\u00e9ativit\u00e9 !<\/p>\n\n<figure class=\"wp-block-table\"><table>\n<thead>\n<tr>\n<th>Initiatives<\/th>\n<th>B\u00e9n\u00e9fices pour la communaut\u00e9<\/th>\n<\/tr>\n<\/thead>\n<tbody>\n<tr>\n<td>Partenariats avec artisans<\/td>\n<td>Cr\u00e9ation d&#8217;emplois locaux<\/td>\n<\/tr>\n<tr>\n<td>Ateliers de d\u00e9coration<\/td>\n<td>\u00c9ducation et partage de comp\u00e9tences<\/td>\n<\/tr>\n<tr>\n<td>Campagnes environnementales<\/td>\n<td>Am\u00e9lioration de la qualit\u00e9 de vie<\/td>\n<\/tr>\n<\/tbody>\n<\/table><\/figure>\n\n<h2 class=\"wp-block-heading\">FAQ sur la boutique Centrakor de S\u00e9n\u00e9<\/h2>\n\n<p><strong>1. Quels sont les horaires d&rsquo;ouverture de Centrakor \u00e0 S\u00e9n\u00e9 ?<\/strong><\/p>\n\n<p>Le magasin est ouvert du lundi au samedi de 9h30 \u00e0 19h, id\u00e9al pour y faire un tour apr\u00e8s le boulot !<\/p>\n\n<p><strong>2. Quels types de produits puis-je retrouver chez Centrakor ?<\/strong><\/p>\n\n<p>Tu peux y trouver de la d\u00e9coration, du linge de maison, des meubles, de l&rsquo;entretien et m\u00eame des articles de bricolage.<\/p>\n\n<p><strong>3. Centrakor propose-t-il des produits \u00e9cologiques ?<\/strong><\/p>\n\n<p>Oui, de plus en plus de produits respectueux de l&rsquo;environnement sont disponibles.<\/p>\n\n<p><strong>4. Y a-t-il des \u00e9v\u00e9nements pr\u00e9vus dans la boutique ?<\/strong><\/p>\n\n<p>Des initiatives de partenariats avec des artisans locaux et des ateliers pour les clients sont envisag\u00e9es pour le futur.<\/p>\n\n<p><strong>5. Est-ce qu&rsquo;on peut acheter en ligne chez Centrakor ?<\/strong><\/p>\n\n<p>Oui, l&rsquo;enseigne propose \u00e9galement une plateforme de vente en ligne pour consulter son catalogue et commander depuis chez soi.<\/p>\n\n","protected":false},"excerpt":{"rendered":"<p>\u00c0 l\u2019heure o\u00f9 la d\u00e9coration int\u00e9rieure devient plus qu\u2019une simple pr\u00e9occupation, o\u00f9 elle se transforme en v\u00e9ritable art de vivre, une nouvelle boutique se profile \u00e0 l&rsquo;horizon du Morbihan. Le 2 avril dernier, un magasin Centrakor a ouvert ses portes \u00e0 S\u00e9n\u00e9, \u00e0 deux pas de Vannes. Avec son offre vari\u00e9e et ses prix doux, &#8230; <a title=\"Une nouvelle boutique de d\u00e9coration \u00e0 prix doux voit le jour dans le Morbihan\" class=\"read-more\" href=\"https:\/\/www.habitat-design.net\/blog\/boutique-deco-morbihan\/\" aria-label=\"En savoir plus sur Une nouvelle boutique de d\u00e9coration \u00e0 prix doux voit le jour dans le Morbihan\">Lire plus<\/a><\/p>\n","protected":false},"author":1,"featured_media":1363,"comment_status":"open","ping_status":"open","sticky":false,"template":"","format":"standard","meta":{"footnotes":""},"categories":[1],"tags":[77,81,79,80,78],"class_list":["post-1364","post","type-post","status-publish","format-standard","has-post-thumbnail","hentry","category-maison","tag-boutique-decoration","tag-deco-interieure","tag-morbihan","tag-nouvelle-boutique","tag-prix-doux"],"yoast_head":"<!-- This site is optimized with the Yoast SEO plugin v26.8 - https:\/\/yoast.com\/product\/yoast-seo-wordpress\/ -->\n<title>Une nouvelle adresse d\u00e9co \u00e0 prix doux dans le Morbihan<\/title>\n<meta name=\"description\" content=\"D\u00e9couvrez notre nouvelle boutique de d\u00e9coration \u00e0 prix doux dans le Morbihan ! Un espace d\u00e9di\u00e9 \u00e0 l&#039;embellissement de votre int\u00e9rieur avec des meubles et des accessoires tendance \u00e0 des prix accessibles. Plongez dans un univers d\u00e9coratif unique et styl\u00e9 qui saura s\u00e9duire tous les amoureux de la d\u00e9co.\" \/>\n<meta name=\"robots\" content=\"index, follow, max-snippet:-1, max-image-preview:large, max-video-preview:-1\" \/>\n<link rel=\"canonical\" href=\"https:\/\/www.habitat-design.net\/blog\/boutique-deco-morbihan\/\" \/>\n<meta property=\"og:locale\" content=\"fr_FR\" \/>\n<meta property=\"og:type\" content=\"article\" \/>\n<meta property=\"og:title\" content=\"Une nouvelle adresse d\u00e9co \u00e0 prix doux dans le Morbihan\" \/>\n<meta property=\"og:description\" content=\"D\u00e9couvrez notre nouvelle boutique de d\u00e9coration \u00e0 prix doux dans le Morbihan ! Un espace d\u00e9di\u00e9 \u00e0 l&#039;embellissement de votre int\u00e9rieur avec des meubles et des accessoires tendance \u00e0 des prix accessibles. Plongez dans un univers d\u00e9coratif unique et styl\u00e9 qui saura s\u00e9duire tous les amoureux de la d\u00e9co.\" \/>\n<meta property=\"og:url\" content=\"https:\/\/www.habitat-design.net\/blog\/boutique-deco-morbihan\/\" \/>\n<meta property=\"article:published_time\" content=\"2025-04-06T07:05:35+00:00\" \/>\n<meta property=\"og:image\" content=\"https:\/\/www.habitat-design.net\/blog\/wp-content\/uploads\/2025\/04\/Une-nouvelle-boutique-de-decoration-a-prix-doux-voit-le-jour-dans-le-Morbihan.jpg\" \/>\n\t<meta property=\"og:image:width\" content=\"1344\" \/>\n\t<meta property=\"og:image:height\" content=\"768\" \/>\n\t<meta property=\"og:image:type\" content=\"image\/jpeg\" \/>\n<meta name=\"author\" content=\"Julien Laurent\" \/>\n<meta name=\"twitter:card\" content=\"summary_large_image\" \/>\n<meta name=\"twitter:label1\" content=\"\u00c9crit par\" \/>\n\t<meta name=\"twitter:data1\" content=\"Julien Laurent\" \/>\n\t<meta name=\"twitter:label2\" content=\"Dur\u00e9e de lecture estim\u00e9e\" \/>\n\t<meta name=\"twitter:data2\" content=\"6 minutes\" \/>\n<script type=\"application\/ld+json\" class=\"yoast-schema-graph\">{\"@context\":\"https:\/\/schema.org\",\"@graph\":[{\"@type\":\"Article\",\"@id\":\"https:\/\/www.habitat-design.net\/blog\/boutique-deco-morbihan\/#article\",\"isPartOf\":{\"@id\":\"https:\/\/www.habitat-design.net\/blog\/boutique-deco-morbihan\/\"},\"author\":{\"name\":\"Julien Laurent\",\"@id\":\"https:\/\/www.habitat-design.net\/blog\/#\/schema\/person\/f81363ecfab7ff0bfb976328793ce2e5\"},\"headline\":\"Une nouvelle boutique de d\u00e9coration \u00e0 prix doux voit le jour dans le Morbihan\",\"datePublished\":\"2025-04-06T07:05:35+00:00\",\"mainEntityOfPage\":{\"@id\":\"https:\/\/www.habitat-design.net\/blog\/boutique-deco-morbihan\/\"},\"wordCount\":1226,\"commentCount\":0,\"image\":{\"@id\":\"https:\/\/www.habitat-design.net\/blog\/boutique-deco-morbihan\/#primaryimage\"},\"thumbnailUrl\":\"https:\/\/www.habitat-design.net\/blog\/wp-content\/uploads\/2025\/04\/Une-nouvelle-boutique-de-decoration-a-prix-doux-voit-le-jour-dans-le-Morbihan.jpg\",\"keywords\":[\"boutique d\u00e9coration\",\"d\u00e9co int\u00e9rieure\",\"morbihan\",\"nouvelle boutique\",\"prix doux\"],\"articleSection\":[\"Maison &amp; d\u00e9coration\"],\"inLanguage\":\"fr-FR\",\"potentialAction\":[{\"@type\":\"CommentAction\",\"name\":\"Comment\",\"target\":[\"https:\/\/www.habitat-design.net\/blog\/boutique-deco-morbihan\/#respond\"]}]},{\"@type\":\"WebPage\",\"@id\":\"https:\/\/www.habitat-design.net\/blog\/boutique-deco-morbihan\/\",\"url\":\"https:\/\/www.habitat-design.net\/blog\/boutique-deco-morbihan\/\",\"name\":\"Une nouvelle adresse d\u00e9co \u00e0 prix doux dans le Morbihan\",\"isPartOf\":{\"@id\":\"https:\/\/www.habitat-design.net\/blog\/#website\"},\"primaryImageOfPage\":{\"@id\":\"https:\/\/www.habitat-design.net\/blog\/boutique-deco-morbihan\/#primaryimage\"},\"image\":{\"@id\":\"https:\/\/www.habitat-design.net\/blog\/boutique-deco-morbihan\/#primaryimage\"},\"thumbnailUrl\":\"https:\/\/www.habitat-design.net\/blog\/wp-content\/uploads\/2025\/04\/Une-nouvelle-boutique-de-decoration-a-prix-doux-voit-le-jour-dans-le-Morbihan.jpg\",\"datePublished\":\"2025-04-06T07:05:35+00:00\",\"author\":{\"@id\":\"https:\/\/www.habitat-design.net\/blog\/#\/schema\/person\/f81363ecfab7ff0bfb976328793ce2e5\"},\"description\":\"D\u00e9couvrez notre nouvelle boutique de d\u00e9coration \u00e0 prix doux dans le Morbihan ! Un espace d\u00e9di\u00e9 \u00e0 l'embellissement de votre int\u00e9rieur avec des meubles et des accessoires tendance \u00e0 des prix accessibles. Plongez dans un univers d\u00e9coratif unique et styl\u00e9 qui saura s\u00e9duire tous les amoureux de la d\u00e9co.\",\"breadcrumb\":{\"@id\":\"https:\/\/www.habitat-design.net\/blog\/boutique-deco-morbihan\/#breadcrumb\"},\"inLanguage\":\"fr-FR\",\"potentialAction\":[{\"@type\":\"ReadAction\",\"target\":[\"https:\/\/www.habitat-design.net\/blog\/boutique-deco-morbihan\/\"]}]},{\"@type\":\"ImageObject\",\"inLanguage\":\"fr-FR\",\"@id\":\"https:\/\/www.habitat-design.net\/blog\/boutique-deco-morbihan\/#primaryimage\",\"url\":\"https:\/\/www.habitat-design.net\/blog\/wp-content\/uploads\/2025\/04\/Une-nouvelle-boutique-de-decoration-a-prix-doux-voit-le-jour-dans-le-Morbihan.jpg\",\"contentUrl\":\"https:\/\/www.habitat-design.net\/blog\/wp-content\/uploads\/2025\/04\/Une-nouvelle-boutique-de-decoration-a-prix-doux-voit-le-jour-dans-le-Morbihan.jpg\",\"width\":1344,\"height\":768,\"caption\":\"d\u00e9couvrez notre nouvelle boutique de d\u00e9coration dans le morbihan, o\u00f9 des prix doux riment avec style et cr\u00e9ativit\u00e9. trouvez des pi\u00e8ces uniques pour embellir votre int\u00e9rieur sans vous ruiner !\"},{\"@type\":\"BreadcrumbList\",\"@id\":\"https:\/\/www.habitat-design.net\/blog\/boutique-deco-morbihan\/#breadcrumb\",\"itemListElement\":[{\"@type\":\"ListItem\",\"position\":1,\"name\":\"Accueil\",\"item\":\"https:\/\/www.habitat-design.net\/blog\/\"},{\"@type\":\"ListItem\",\"position\":2,\"name\":\"Une nouvelle boutique de d\u00e9coration \u00e0 prix doux voit le jour dans le Morbihan\"}]},{\"@type\":\"WebSite\",\"@id\":\"https:\/\/www.habitat-design.net\/blog\/#website\",\"url\":\"https:\/\/www.habitat-design.net\/blog\/\",\"name\":\"\",\"description\":\"\",\"potentialAction\":[{\"@type\":\"SearchAction\",\"target\":{\"@type\":\"EntryPoint\",\"urlTemplate\":\"https:\/\/www.habitat-design.net\/blog\/?s={search_term_string}\"},\"query-input\":{\"@type\":\"PropertyValueSpecification\",\"valueRequired\":true,\"valueName\":\"search_term_string\"}}],\"inLanguage\":\"fr-FR\"},{\"@type\":\"Person\",\"@id\":\"https:\/\/www.habitat-design.net\/blog\/#\/schema\/person\/f81363ecfab7ff0bfb976328793ce2e5\",\"name\":\"Julien Laurent\",\"image\":{\"@type\":\"ImageObject\",\"inLanguage\":\"fr-FR\",\"@id\":\"https:\/\/www.habitat-design.net\/blog\/#\/schema\/person\/image\/\",\"url\":\"https:\/\/secure.gravatar.com\/avatar\/36c5f08b15b2f828b41156cb6e69b449?s=96&d=mm&r=g\",\"contentUrl\":\"https:\/\/secure.gravatar.com\/avatar\/36c5f08b15b2f828b41156cb6e69b449?s=96&d=mm&r=g\",\"caption\":\"Julien Laurent\"},\"description\":\"Julien Laurent est un blogueur passionn\u00e9 par le domaine de la d\u00e9coration int\u00e9rieure et du design. Avec un dipl\u00f4me en design d'int\u00e9rieur et plusieurs ann\u00e9es d'exp\u00e9rience en tant que d\u00e9corateur, il partage des conseils pratiques pour embellir et optimiser les espaces de vie. Ses articles inspirants et informatifs visent \u00e0 aider ses lecteurs \u00e0 cr\u00e9er des int\u00e9rieurs harmonieux et esth\u00e9tiques, refl\u00e9tant leur personnalit\u00e9 et leur style.\",\"sameAs\":[\"http:\/\/www.habitat-design.net\/blog\"],\"url\":\"https:\/\/www.habitat-design.net\/blog\/author\/contacthabitat-design-net\/\"}]}<\/script>\n<!-- \/ Yoast SEO plugin. -->","yoast_head_json":{"title":"Une nouvelle adresse d\u00e9co \u00e0 prix doux dans le Morbihan","description":"D\u00e9couvrez notre nouvelle boutique de d\u00e9coration \u00e0 prix doux dans le Morbihan ! Un espace d\u00e9di\u00e9 \u00e0 l'embellissement de votre int\u00e9rieur avec des meubles et des accessoires tendance \u00e0 des prix accessibles. Plongez dans un univers d\u00e9coratif unique et styl\u00e9 qui saura s\u00e9duire tous les amoureux de la d\u00e9co.","robots":{"index":"index","follow":"follow","max-snippet":"max-snippet:-1","max-image-preview":"max-image-preview:large","max-video-preview":"max-video-preview:-1"},"canonical":"https:\/\/www.habitat-design.net\/blog\/boutique-deco-morbihan\/","og_locale":"fr_FR","og_type":"article","og_title":"Une nouvelle adresse d\u00e9co \u00e0 prix doux dans le Morbihan","og_description":"D\u00e9couvrez notre nouvelle boutique de d\u00e9coration \u00e0 prix doux dans le Morbihan ! Un espace d\u00e9di\u00e9 \u00e0 l'embellissement de votre int\u00e9rieur avec des meubles et des accessoires tendance \u00e0 des prix accessibles. Plongez dans un univers d\u00e9coratif unique et styl\u00e9 qui saura s\u00e9duire tous les amoureux de la d\u00e9co.","og_url":"https:\/\/www.habitat-design.net\/blog\/boutique-deco-morbihan\/","article_published_time":"2025-04-06T07:05:35+00:00","og_image":[{"width":1344,"height":768,"url":"https:\/\/www.habitat-design.net\/blog\/wp-content\/uploads\/2025\/04\/Une-nouvelle-boutique-de-decoration-a-prix-doux-voit-le-jour-dans-le-Morbihan.jpg","type":"image\/jpeg"}],"author":"Julien Laurent","twitter_card":"summary_large_image","twitter_misc":{"\u00c9crit par":"Julien Laurent","Dur\u00e9e de lecture estim\u00e9e":"6 minutes"},"schema":{"@context":"https:\/\/schema.org","@graph":[{"@type":"Article","@id":"https:\/\/www.habitat-design.net\/blog\/boutique-deco-morbihan\/#article","isPartOf":{"@id":"https:\/\/www.habitat-design.net\/blog\/boutique-deco-morbihan\/"},"author":{"name":"Julien Laurent","@id":"https:\/\/www.habitat-design.net\/blog\/#\/schema\/person\/f81363ecfab7ff0bfb976328793ce2e5"},"headline":"Une nouvelle boutique de d\u00e9coration \u00e0 prix doux voit le jour dans le Morbihan","datePublished":"2025-04-06T07:05:35+00:00","mainEntityOfPage":{"@id":"https:\/\/www.habitat-design.net\/blog\/boutique-deco-morbihan\/"},"wordCount":1226,"commentCount":0,"image":{"@id":"https:\/\/www.habitat-design.net\/blog\/boutique-deco-morbihan\/#primaryimage"},"thumbnailUrl":"https:\/\/www.habitat-design.net\/blog\/wp-content\/uploads\/2025\/04\/Une-nouvelle-boutique-de-decoration-a-prix-doux-voit-le-jour-dans-le-Morbihan.jpg","keywords":["boutique d\u00e9coration","d\u00e9co int\u00e9rieure","morbihan","nouvelle boutique","prix doux"],"articleSection":["Maison &amp; d\u00e9coration"],"inLanguage":"fr-FR","potentialAction":[{"@type":"CommentAction","name":"Comment","target":["https:\/\/www.habitat-design.net\/blog\/boutique-deco-morbihan\/#respond"]}]},{"@type":"WebPage","@id":"https:\/\/www.habitat-design.net\/blog\/boutique-deco-morbihan\/","url":"https:\/\/www.habitat-design.net\/blog\/boutique-deco-morbihan\/","name":"Une nouvelle adresse d\u00e9co \u00e0 prix doux dans le Morbihan","isPartOf":{"@id":"https:\/\/www.habitat-design.net\/blog\/#website"},"primaryImageOfPage":{"@id":"https:\/\/www.habitat-design.net\/blog\/boutique-deco-morbihan\/#primaryimage"},"image":{"@id":"https:\/\/www.habitat-design.net\/blog\/boutique-deco-morbihan\/#primaryimage"},"thumbnailUrl":"https:\/\/www.habitat-design.net\/blog\/wp-content\/uploads\/2025\/04\/Une-nouvelle-boutique-de-decoration-a-prix-doux-voit-le-jour-dans-le-Morbihan.jpg","datePublished":"2025-04-06T07:05:35+00:00","author":{"@id":"https:\/\/www.habitat-design.net\/blog\/#\/schema\/person\/f81363ecfab7ff0bfb976328793ce2e5"},"description":"D\u00e9couvrez notre nouvelle boutique de d\u00e9coration \u00e0 prix doux dans le Morbihan ! Un espace d\u00e9di\u00e9 \u00e0 l'embellissement de votre int\u00e9rieur avec des meubles et des accessoires tendance \u00e0 des prix accessibles. Plongez dans un univers d\u00e9coratif unique et styl\u00e9 qui saura s\u00e9duire tous les amoureux de la d\u00e9co.","breadcrumb":{"@id":"https:\/\/www.habitat-design.net\/blog\/boutique-deco-morbihan\/#breadcrumb"},"inLanguage":"fr-FR","potentialAction":[{"@type":"ReadAction","target":["https:\/\/www.habitat-design.net\/blog\/boutique-deco-morbihan\/"]}]},{"@type":"ImageObject","inLanguage":"fr-FR","@id":"https:\/\/www.habitat-design.net\/blog\/boutique-deco-morbihan\/#primaryimage","url":"https:\/\/www.habitat-design.net\/blog\/wp-content\/uploads\/2025\/04\/Une-nouvelle-boutique-de-decoration-a-prix-doux-voit-le-jour-dans-le-Morbihan.jpg","contentUrl":"https:\/\/www.habitat-design.net\/blog\/wp-content\/uploads\/2025\/04\/Une-nouvelle-boutique-de-decoration-a-prix-doux-voit-le-jour-dans-le-Morbihan.jpg","width":1344,"height":768,"caption":"d\u00e9couvrez notre nouvelle boutique de d\u00e9coration dans le morbihan, o\u00f9 des prix doux riment avec style et cr\u00e9ativit\u00e9. trouvez des pi\u00e8ces uniques pour embellir votre int\u00e9rieur sans vous ruiner !"},{"@type":"BreadcrumbList","@id":"https:\/\/www.habitat-design.net\/blog\/boutique-deco-morbihan\/#breadcrumb","itemListElement":[{"@type":"ListItem","position":1,"name":"Accueil","item":"https:\/\/www.habitat-design.net\/blog\/"},{"@type":"ListItem","position":2,"name":"Une nouvelle boutique de d\u00e9coration \u00e0 prix doux voit le jour dans le Morbihan"}]},{"@type":"WebSite","@id":"https:\/\/www.habitat-design.net\/blog\/#website","url":"https:\/\/www.habitat-design.net\/blog\/","name":"","description":"","potentialAction":[{"@type":"SearchAction","target":{"@type":"EntryPoint","urlTemplate":"https:\/\/www.habitat-design.net\/blog\/?s={search_term_string}"},"query-input":{"@type":"PropertyValueSpecification","valueRequired":true,"valueName":"search_term_string"}}],"inLanguage":"fr-FR"},{"@type":"Person","@id":"https:\/\/www.habitat-design.net\/blog\/#\/schema\/person\/f81363ecfab7ff0bfb976328793ce2e5","name":"Julien Laurent","image":{"@type":"ImageObject","inLanguage":"fr-FR","@id":"https:\/\/www.habitat-design.net\/blog\/#\/schema\/person\/image\/","url":"https:\/\/secure.gravatar.com\/avatar\/36c5f08b15b2f828b41156cb6e69b449?s=96&d=mm&r=g","contentUrl":"https:\/\/secure.gravatar.com\/avatar\/36c5f08b15b2f828b41156cb6e69b449?s=96&d=mm&r=g","caption":"Julien Laurent"},"description":"Julien Laurent est un blogueur passionn\u00e9 par le domaine de la d\u00e9coration int\u00e9rieure et du design. Avec un dipl\u00f4me en design d'int\u00e9rieur et plusieurs ann\u00e9es d'exp\u00e9rience en tant que d\u00e9corateur, il partage des conseils pratiques pour embellir et optimiser les espaces de vie. Ses articles inspirants et informatifs visent \u00e0 aider ses lecteurs \u00e0 cr\u00e9er des int\u00e9rieurs harmonieux et esth\u00e9tiques, refl\u00e9tant leur personnalit\u00e9 et leur style.","sameAs":["http:\/\/www.habitat-design.net\/blog"],"url":"https:\/\/www.habitat-design.net\/blog\/author\/contacthabitat-design-net\/"}]}},"views":188,"_links":{"self":[{"href":"https:\/\/www.habitat-design.net\/blog\/wp-json\/wp\/v2\/posts\/1364","targetHints":{"allow":["GET"]}}],"collection":[{"href":"https:\/\/www.habitat-design.net\/blog\/wp-json\/wp\/v2\/posts"}],"about":[{"href":"https:\/\/www.habitat-design.net\/blog\/wp-json\/wp\/v2\/types\/post"}],"author":[{"embeddable":true,"href":"https:\/\/www.habitat-design.net\/blog\/wp-json\/wp\/v2\/users\/1"}],"replies":[{"embeddable":true,"href":"https:\/\/www.habitat-design.net\/blog\/wp-json\/wp\/v2\/comments?post=1364"}],"version-history":[{"count":0,"href":"https:\/\/www.habitat-design.net\/blog\/wp-json\/wp\/v2\/posts\/1364\/revisions"}],"wp:featuredmedia":[{"embeddable":true,"href":"https:\/\/www.habitat-design.net\/blog\/wp-json\/wp\/v2\/media\/1363"}],"wp:attachment":[{"href":"https:\/\/www.habitat-design.net\/blog\/wp-json\/wp\/v2\/media?parent=1364"}],"wp:term":[{"taxonomy":"category","embeddable":true,"href":"https:\/\/www.habitat-design.net\/blog\/wp-json\/wp\/v2\/categories?post=1364"},{"taxonomy":"post_tag","embeddable":true,"href":"https:\/\/www.habitat-design.net\/blog\/wp-json\/wp\/v2\/tags?post=1364"}],"curies":[{"name":"wp","href":"https:\/\/api.w.org\/{rel}","templated":true}]}}