
{"id":1354,"date":"2025-04-01T14:03:43","date_gmt":"2025-04-01T12:03:43","guid":{"rendered":"https:\/\/www.habitat-design.net\/blog\/hema-deco-abordable-flaneries\/"},"modified":"2025-04-01T14:03:43","modified_gmt":"2025-04-01T12:03:43","slug":"hema-deco-abordable-flaneries","status":"publish","type":"post","link":"https:\/\/www.habitat-design.net\/blog\/hema-deco-abordable-flaneries\/","title":{"rendered":"Hema, le sp\u00e9cialiste n\u00e9erlandais de la d\u00e9coration abordable, d\u00e9barque aux Fl\u00e2neries \u00e0 La"},"content":{"rendered":"<p>Le monde de la d\u00e9coration int\u00e9rieure s&rsquo;appr\u00eate \u00e0 go\u00fbter \u00e0 une nouvelle touche de cr\u00e9ativit\u00e9 et de praticit\u00e9 avec l&rsquo;arriv\u00e9e d&rsquo;Hema, le sp\u00e9cialiste n\u00e9erlandais de la d\u00e9coration abordable. Ce jeudi 17 avril 2025, le centre commercial Les Fl\u00e2neries \u00e0 La Roche-sur-Yon accueillera ce magasin tant attendu, renfor\u00e7ant ainsi l&#8217;empreinte de la marque dans l&rsquo;ouest de la France, apr\u00e8s ses \u00e9tablissements d&rsquo;Angers et Rennes. En choisissant d&rsquo;implanter son enseigne dans ce centre, Hema promet d&rsquo;apporter une nouvelle dimension au shopping, o\u00f9 design et accessibilit\u00e9 se rencontrent. Que tu sois un f\u00e9ru de tendances ou simplement \u00e0 la recherche d&rsquo;accessoires pour \u00e9gayer ton int\u00e9rieur, cet article te plongera dans tout ce que la marque Hema a \u00e0 offrir !<\/p>\n\n<ul class=\"wp-block-list\"><li>Hema s&rsquo;installe aux Fl\u00e2neries \u00e0 La Roche-sur-Yon<\/li><li>Une exploration des tendances en mati\u00e8re de d\u00e9coration<\/li><li>L&rsquo;importance d&rsquo;un mobilier abordable dans nos maisons<\/li><li>Accessoires \u00e0 ne pas manquer pour un int\u00e9rieur styl\u00e9<\/li><li>FAQ sur Hema et la d\u00e9coration abordable<\/li><\/ul>\n\n<h2 class=\"wp-block-heading\">Hema, la touche n\u00e9erlandaise aux Fl\u00e2neries<\/h2>\n\n<p>Le 17 avril 2025 marquera un tournant pour les amateurs de d\u00e9coration dans la r\u00e9gion. Hema, avec son identit\u00e9 visuelle \u00e9clatante et son offre vari\u00e9e, ouvrira ses portes avec une promesse : celle de rendre le design accessible \u00e0 tous. Ce d\u00e9taillant r\u00e9put\u00e9 dans le monde entier, est reconnu pour ses produits \u00e0 la fois tendance et pratiques. Qu&rsquo;il s&rsquo;agisse d&rsquo;articles pour la cuisine, de linge de maison ou de d\u00e9corations saisonni\u00e8res, Hema s\u2019efforce d\u2019offrir des produits qui allient qualit\u00e9 et prix abordables.<\/p>\n\n<p>Cette expansion est non seulement une nouvelle opportunit\u00e9 pour la marque, mais \u00e9galement une r\u00e9ponse \u00e0 un besoin croissant de solutions de d\u00e9coration accessibles. Loin des prix exorbitants des enseignes de luxe, Hema prouve qu&rsquo;il est possible de cr\u00e9er un int\u00e9rieur agr\u00e9able sans se ruiner.<\/p>\n\n<h3 class=\"wp-block-heading\">L&rsquo;importance de Hema dans le paysage de la d\u00e9coration<\/h3>\n\n<p>Avec l&rsquo;ouverture de ce magasin, Hema vient enrichir le paysage commercial de La Roche-sur-Yon. La marque se distingue par ses valeurs fondamentales : le design \u00e0 un prix raisonnable. En fournissant une large gamme de produits, Hema r\u00e9pond \u00e0 une multiplicit\u00e9 de besoins :<\/p>\n\n<ul class=\"wp-block-list\"><li>\u2728 Articles de cuisine pratiques et esth\u00e9tiques<\/li><li>\ud83d\udd25 D\u00e9corations saisonni\u00e8res pour \u00e9gayer ton int\u00e9rieur<\/li><li>\ud83d\ude80 Textiles et accessoires pour chaque pi\u00e8ce de ta maison<\/li><li>\ud83c\udf0d Produits \u00e9coresponsables pour une d\u00e9coration durable<\/li><\/ul>\n\n<p>Ces choix encouragent un mode de vie plus durable tout en rehaussant l&rsquo;esth\u00e9tique de nos espaces de vie.<\/p>\n\n<h2 class=\"wp-block-heading\">Les tendances de d\u00e9coration \u00e0 d\u00e9couvrir chez Hema<\/h2>\n\n<p>Penser \u00e0 son int\u00e9rieur aujourd&rsquo;hui, c&rsquo;est aussi faire des choix selon les tendances du moment. En 2025, de nombreuses tendances \u00e9mergent dans le domaine de la d\u00e9coration. Hema s\u2019est adapt\u00e9 pour offrir des produits qui refl\u00e8tent ces styles contemporains :<\/p>\n\n<figure class=\"wp-block-table\"><table>\n<thead>\n<tr>\n<th>Tendances<\/th>\n<th>Description<\/th>\n<th>Produits Hema correspondants<\/th>\n<\/tr>\n<\/thead>\n<tbody>\n<tr>\n<td>Style scandinave<\/td>\n<td>Un design \u00e9pur\u00e9 avec des couleurs neutres et des mat\u00e9riaux naturels.<\/td>\n<td>Mobilier en bois clair, textiles en lin<\/td>\n<\/tr>\n<tr>\n<td>D\u00e9coration minimaliste<\/td>\n<td>R\u00e9duire le superflu tout en conservant une atmosph\u00e8re chaleureuse.<\/td>\n<td>Objets d\u00e9coratifs simples, \u00e9tag\u00e8res \u00e9pur\u00e9es<\/td>\n<\/tr>\n<tr>\n<td>Vintage revisit\u00e9<\/td>\n<td>Un m\u00e9lange de pi\u00e8ces anciennes et modernes pour un look unique.<\/td>\n<td>Accessoires r\u00e9tro, vaisselle color\u00e9e<\/td>\n<\/tr>\n<tr>\n<td> touches industrielles<\/td>\n<td>Caract\u00e9ristiques industrielles avec des \u00e9l\u00e9ments en m\u00e9tal et bois brut.<\/td>\n<td>\u00c9clairage design, meubles en m\u00e9tal<\/td>\n<\/tr>\n<\/tbody>\n<\/table><\/figure>\n\n<p>Ces styles montrent que Hema ne se contente pas de suivre les tendances, mais qu\u2019il les anticipe. La marque est en phase avec ses clients, ce qui est essentiel pour s\u00e9duire les consommateurs d\u2019aujourd\u2019hui.<\/p>\n\n<p>En int\u00e9grant ces tendances dans leur offre, Hema permet \u00e0 tout un chacun de se cr\u00e9er un espace qui lui ressemble, tout en restant \u00e0 l&rsquo;aff\u00fbt des modes. C\u2019est le bon moment pour se laisser s\u00e9duire par des accessoires qui dynamiseront ton int\u00e9rieur !<\/p>\n\n<h3 class=\"wp-block-heading\">L\u2019importance de choisir des mat\u00e9riaux durables<\/h3>\n\n<p>Dans un contexte o\u00f9 le consommateur est de plus en plus conscient de l&rsquo;impact environnemental de ses choix, Hema met \u00e9galement l&rsquo;accent sur l&rsquo;utilisation de mat\u00e9riaux \u00e9coresponsables. Ce choix r\u00e9fl\u00e9chi permet non seulement de mieux pr\u00e9server notre plan\u00e8te, mais aussi d\u2019enrichir nos espaces de vie. Voici quelques mat\u00e9riaux qu&rsquo;Hema utilise :<\/p>\n\n<ul class=\"wp-block-list\"><li>\ud83c\udf31 Bois provenant de for\u00eats g\u00e9r\u00e9es de mani\u00e8re responsable<\/li><li>\ud83c\udf0d Plastique recycl\u00e9 pour de nombreux accessoires<\/li><li>\ud83e\udeb4 Textiles en fibres naturelles pour le linge de maison<\/li><\/ul>\n\n<p>Avec ces initiatives, Hema montre qu&rsquo;il est possible de jouer un r\u00f4le positif tout en embellissant nos habitations. Ainsi, faire des choix \u00e9clair\u00e9s devient un plaisir !<\/p>\n\n<h2 class=\"wp-block-heading\">Zoom sur le mobilier et ses accessoires chez Hema<\/h2>\n\n<p>Dans un foyer, le mobilier est l\u2019\u00e9l\u00e9ment central qui d\u00e9termine l\u2019ambiance g\u00e9n\u00e9rale. Les pi\u00e8ces choisies influencent non seulement la fonctionnalit\u00e9 d\u2019un espace, mais \u00e9galement son esth\u00e9tique. Hema offre une gamme diversifi\u00e9e d\u2019options allant des meubles pratiques aux accessoires int\u00e9ressants. Voici un aper\u00e7u :<\/p>\n\n<figure class=\"wp-block-table\"><table>\n<thead>\n<tr>\n<th>Type de mobilier<\/th>\n<th>Caract\u00e9ristiques<\/th>\n<th>Accessoires associ\u00e9s<\/th>\n<\/tr>\n<\/thead>\n<tbody>\n<tr>\n<td>Canap\u00e9s<\/td>\n<td>Confortables et modulables<\/td>\n<td>Coussins de diff\u00e9rentes tailles<\/td>\n<\/tr>\n<tr>\n<td>Tables d\u2019appoint<\/td>\n<td>Design \u00e9l\u00e9gant et fonctionnel<\/td>\n<td>Napery color\u00e9, sets de table<\/td>\n<\/tr>\n<tr>\n<td>Biblioth\u00e8ques<\/td>\n<td>Id\u00e9al pour le rangement<\/td>\n<td>D\u00e9corations murales, cadres photo<\/td>\n<\/tr>\n<tr>\n<td>Chaises<\/td>\n<td>Conception ergonomique et esth\u00e9tique<\/td>\n<td>Housses de chaises<\/td>\n<\/tr>\n<\/tbody>\n<\/table><\/figure>\n\n<p>Le choix d\u2019un mobilier ad\u00e9quat peut v\u00e9ritablement transformer l\u2019apparence d\u2019un espace. Avec Hema, l\u2019option de trouver des pi\u00e8ces \u00e0 la fois compatibles avec la tendance et fonctionnelles est simplifi\u00e9e, quelle que soit la taille de ton budget !<\/p>\n\n<p>En mati\u00e8re d&rsquo;accessoires, Hema ne fait pas dans la demi-mesure! Des objets de d\u00e9coration zen aux gadgets pratiques, chaque article est con\u00e7u pour ajouter une touche personnelle \u00e0 ton chez-toi.<\/p>\n\n<h3 class=\"wp-block-heading\">Comment int\u00e9grer Hema dans sa d\u00e9coration ?<\/h3>\n\n<p>Afin d&rsquo;exploiter pleinement le potentiel d&rsquo;Hema et d\u2019int\u00e9grer ses produits \u00e0 ta d\u00e9coration, voici quelques astuces pratiques :<\/p>\n\n<ul class=\"wp-block-list\"><li>\ud83d\udccf Prends les mesures de tes espaces pour un agencement optimal.<\/li><li>\ud83c\udfa8 Choisis une palette de couleurs harmonieuse avec les produits Hema.<\/li><li>\u2699\ufe0f Mixe les styles pour une d\u00e9coration \u00e9clectique et unique.<\/li><li>\u2600\ufe0f Pense \u00e0 la lumi\u00e8re pour d\u00e9placer des objets autour de la maison.<\/li><li>\ud83d\udecb\ufe0f Soyez audacieux avec des pi\u00e8ces ma\u00eetresses qui attirent le regard !<\/li><\/ul>\n\n<p>En appliquant ces conseils, transformer sa maison en un espace digne d\u2019un magazine devient un jeu d\u2019enfant. Faire appel \u00e0 Hema pour y parvenir est un excellent choix !<\/p>\n\n<h2 class=\"wp-block-heading\">FAQ sur Hema et la d\u00e9coration abordable<\/h2>\n\n<p>Pour r\u00e9pondre \u00e0 tes interrogations concernant Hema et ses offres, voici une s\u00e9lection de questions fr\u00e9quemment pos\u00e9es :<\/p>\n\n<ul class=\"wp-block-list\"><li><strong>Quels types de produits Hema propose-t-il ?<\/strong> La marque offre une large gamme de produits allant des articles de d\u00e9coration aux accessoires pour la maison.<\/li><li><strong>Hema utilise-t-il des mat\u00e9riaux \u00e9coresponsables ?<\/strong> Oui, Hema s\u2019engage \u00e0 utiliser des mat\u00e9riaux durables dans la plupart de ses produits.<\/li><li><strong>Les prix chez Hema sont-ils accessibles ?<\/strong> Absolument, Hema est r\u00e9put\u00e9 pour offrir des produits de qualit\u00e9 \u00e0 des prix abordables.<\/li><li><strong>Les magasins Hema proposent-ils des promotions ?<\/strong> Oui, la marque propose r\u00e9guli\u00e8rement des offres promotionnelles int\u00e9ressantes.<\/li><li><strong>Peut-on acheter en ligne sur le site de Hema ?<\/strong> Oui, Hema dispose d&rsquo;un site de vente en ligne permettant de commander facilement des articles depuis chez soi.<\/li><\/ul>\n\n<p>En Conclusion, Hema s&rsquo;affirme comme un acteur incontournable dans le secteur de la d\u00e9coration abordable en France, et l\u2019ouverture de son magasin aux Fl\u00e2neries en est la preuve. Pr\u00eat \u00e0 red\u00e9corer ton int\u00e9rieur sans te ruiner ? Alors, fais un tour chez Hema \u00e0 La Roche-sur-Yon d\u00e8s le 17 avril 2025 !<\/p>\n\n","protected":false},"excerpt":{"rendered":"<p>Le monde de la d\u00e9coration int\u00e9rieure s&rsquo;appr\u00eate \u00e0 go\u00fbter \u00e0 une nouvelle touche de cr\u00e9ativit\u00e9 et de praticit\u00e9 avec l&rsquo;arriv\u00e9e d&rsquo;Hema, le sp\u00e9cialiste n\u00e9erlandais de la d\u00e9coration abordable. Ce jeudi 17 avril 2025, le centre commercial Les Fl\u00e2neries \u00e0 La Roche-sur-Yon accueillera ce magasin tant attendu, renfor\u00e7ant ainsi l&#8217;empreinte de la marque dans l&rsquo;ouest de &#8230; <a title=\"Hema, le sp\u00e9cialiste n\u00e9erlandais de la d\u00e9coration abordable, d\u00e9barque aux Fl\u00e2neries \u00e0 La\" class=\"read-more\" href=\"https:\/\/www.habitat-design.net\/blog\/hema-deco-abordable-flaneries\/\" aria-label=\"En savoir plus sur Hema, le sp\u00e9cialiste n\u00e9erlandais de la d\u00e9coration abordable, d\u00e9barque aux Fl\u00e2neries \u00e0 La\">Lire plus<\/a><\/p>\n","protected":false},"author":1,"featured_media":1353,"comment_status":"open","ping_status":"open","sticky":false,"template":"","format":"standard","meta":{"footnotes":""},"categories":[1],"tags":[55,57,58,54,56],"class_list":["post-1354","post","type-post","status-publish","format-standard","has-post-thumbnail","hentry","category-maison","tag-decoration","tag-decoration-abordable","tag-flaneries","tag-hema","tag-specialiste-neerlandais"],"yoast_head":"<!-- This site is optimized with the Yoast SEO plugin v26.8 - https:\/\/yoast.com\/product\/yoast-seo-wordpress\/ -->\n<title>Hema fait ses d\u00e9buts aux Fl\u00e2neries : la d\u00e9coration abordable \u00e0 port\u00e9e de main<\/title>\n<meta name=\"description\" content=\"D\u00e9couvrez Hema, le sp\u00e9cialiste n\u00e9erlandais de la d\u00e9coration abordable, qui ouvre ses portes aux Fl\u00e2neries \u00e0 La. Profitez d&#039;une large gamme de produits alliant style et prix accessibles pour embellir votre int\u00e9rieur. Ne manquez pas cette opportunit\u00e9 de vous inspirer et de trouver des articles uniques pour votre d\u00e9coration d\u00e8s aujourd&#039;hui!\" \/>\n<meta name=\"robots\" content=\"index, follow, max-snippet:-1, max-image-preview:large, max-video-preview:-1\" \/>\n<link rel=\"canonical\" href=\"https:\/\/www.habitat-design.net\/blog\/hema-deco-abordable-flaneries\/\" \/>\n<meta property=\"og:locale\" content=\"fr_FR\" \/>\n<meta property=\"og:type\" content=\"article\" \/>\n<meta property=\"og:title\" content=\"Hema fait ses d\u00e9buts aux Fl\u00e2neries : la d\u00e9coration abordable \u00e0 port\u00e9e de main\" \/>\n<meta property=\"og:description\" content=\"D\u00e9couvrez Hema, le sp\u00e9cialiste n\u00e9erlandais de la d\u00e9coration abordable, qui ouvre ses portes aux Fl\u00e2neries \u00e0 La. Profitez d&#039;une large gamme de produits alliant style et prix accessibles pour embellir votre int\u00e9rieur. Ne manquez pas cette opportunit\u00e9 de vous inspirer et de trouver des articles uniques pour votre d\u00e9coration d\u00e8s aujourd&#039;hui!\" \/>\n<meta property=\"og:url\" content=\"https:\/\/www.habitat-design.net\/blog\/hema-deco-abordable-flaneries\/\" \/>\n<meta property=\"article:published_time\" content=\"2025-04-01T12:03:43+00:00\" \/>\n<meta property=\"og:image\" content=\"https:\/\/www.habitat-design.net\/blog\/wp-content\/uploads\/2025\/04\/Hema-le-specialiste-neerlandais-de-la-decoration-abordable-debarque-aux-Flaneries-a-La.jpg\" \/>\n\t<meta property=\"og:image:width\" content=\"1344\" \/>\n\t<meta property=\"og:image:height\" content=\"768\" \/>\n\t<meta property=\"og:image:type\" content=\"image\/jpeg\" \/>\n<meta name=\"author\" content=\"Julien Laurent\" \/>\n<meta name=\"twitter:card\" content=\"summary_large_image\" \/>\n<meta name=\"twitter:label1\" content=\"\u00c9crit par\" \/>\n\t<meta name=\"twitter:data1\" content=\"Julien Laurent\" \/>\n\t<meta name=\"twitter:label2\" content=\"Dur\u00e9e de lecture estim\u00e9e\" \/>\n\t<meta name=\"twitter:data2\" content=\"6 minutes\" \/>\n<script type=\"application\/ld+json\" class=\"yoast-schema-graph\">{\"@context\":\"https:\/\/schema.org\",\"@graph\":[{\"@type\":\"Article\",\"@id\":\"https:\/\/www.habitat-design.net\/blog\/hema-deco-abordable-flaneries\/#article\",\"isPartOf\":{\"@id\":\"https:\/\/www.habitat-design.net\/blog\/hema-deco-abordable-flaneries\/\"},\"author\":{\"name\":\"Julien Laurent\",\"@id\":\"https:\/\/www.habitat-design.net\/blog\/#\/schema\/person\/f81363ecfab7ff0bfb976328793ce2e5\"},\"headline\":\"Hema, le sp\u00e9cialiste n\u00e9erlandais de la d\u00e9coration abordable, d\u00e9barque aux Fl\u00e2neries \u00e0 La\",\"datePublished\":\"2025-04-01T12:03:43+00:00\",\"mainEntityOfPage\":{\"@id\":\"https:\/\/www.habitat-design.net\/blog\/hema-deco-abordable-flaneries\/\"},\"wordCount\":1268,\"commentCount\":0,\"image\":{\"@id\":\"https:\/\/www.habitat-design.net\/blog\/hema-deco-abordable-flaneries\/#primaryimage\"},\"thumbnailUrl\":\"https:\/\/www.habitat-design.net\/blog\/wp-content\/uploads\/2025\/04\/Hema-le-specialiste-neerlandais-de-la-decoration-abordable-debarque-aux-Flaneries-a-La.jpg\",\"keywords\":[\"d\u00e9coration\",\"d\u00e9coration abordable\",\"fl\u00e2neries\",\"hema\",\"sp\u00e9cialiste n\u00e9erlandais\"],\"articleSection\":[\"Maison &amp; d\u00e9coration\"],\"inLanguage\":\"fr-FR\",\"potentialAction\":[{\"@type\":\"CommentAction\",\"name\":\"Comment\",\"target\":[\"https:\/\/www.habitat-design.net\/blog\/hema-deco-abordable-flaneries\/#respond\"]}]},{\"@type\":\"WebPage\",\"@id\":\"https:\/\/www.habitat-design.net\/blog\/hema-deco-abordable-flaneries\/\",\"url\":\"https:\/\/www.habitat-design.net\/blog\/hema-deco-abordable-flaneries\/\",\"name\":\"Hema fait ses d\u00e9buts aux Fl\u00e2neries : la d\u00e9coration abordable \u00e0 port\u00e9e de main\",\"isPartOf\":{\"@id\":\"https:\/\/www.habitat-design.net\/blog\/#website\"},\"primaryImageOfPage\":{\"@id\":\"https:\/\/www.habitat-design.net\/blog\/hema-deco-abordable-flaneries\/#primaryimage\"},\"image\":{\"@id\":\"https:\/\/www.habitat-design.net\/blog\/hema-deco-abordable-flaneries\/#primaryimage\"},\"thumbnailUrl\":\"https:\/\/www.habitat-design.net\/blog\/wp-content\/uploads\/2025\/04\/Hema-le-specialiste-neerlandais-de-la-decoration-abordable-debarque-aux-Flaneries-a-La.jpg\",\"datePublished\":\"2025-04-01T12:03:43+00:00\",\"author\":{\"@id\":\"https:\/\/www.habitat-design.net\/blog\/#\/schema\/person\/f81363ecfab7ff0bfb976328793ce2e5\"},\"description\":\"D\u00e9couvrez Hema, le sp\u00e9cialiste n\u00e9erlandais de la d\u00e9coration abordable, qui ouvre ses portes aux Fl\u00e2neries \u00e0 La. Profitez d'une large gamme de produits alliant style et prix accessibles pour embellir votre int\u00e9rieur. Ne manquez pas cette opportunit\u00e9 de vous inspirer et de trouver des articles uniques pour votre d\u00e9coration d\u00e8s aujourd'hui!\",\"breadcrumb\":{\"@id\":\"https:\/\/www.habitat-design.net\/blog\/hema-deco-abordable-flaneries\/#breadcrumb\"},\"inLanguage\":\"fr-FR\",\"potentialAction\":[{\"@type\":\"ReadAction\",\"target\":[\"https:\/\/www.habitat-design.net\/blog\/hema-deco-abordable-flaneries\/\"]}]},{\"@type\":\"ImageObject\",\"inLanguage\":\"fr-FR\",\"@id\":\"https:\/\/www.habitat-design.net\/blog\/hema-deco-abordable-flaneries\/#primaryimage\",\"url\":\"https:\/\/www.habitat-design.net\/blog\/wp-content\/uploads\/2025\/04\/Hema-le-specialiste-neerlandais-de-la-decoration-abordable-debarque-aux-Flaneries-a-La.jpg\",\"contentUrl\":\"https:\/\/www.habitat-design.net\/blog\/wp-content\/uploads\/2025\/04\/Hema-le-specialiste-neerlandais-de-la-decoration-abordable-debarque-aux-Flaneries-a-La.jpg\",\"width\":1344,\"height\":768,\"caption\":\"d\u00e9couvrez hema, le sp\u00e9cialiste n\u00e9erlandais de la d\u00e9coration abordable, qui ouvre ses portes aux fl\u00e2neries \u00e0 la. explorez des produits tendance et accessibles pour embellir votre maison avec style sans vous ruiner.\"},{\"@type\":\"BreadcrumbList\",\"@id\":\"https:\/\/www.habitat-design.net\/blog\/hema-deco-abordable-flaneries\/#breadcrumb\",\"itemListElement\":[{\"@type\":\"ListItem\",\"position\":1,\"name\":\"Accueil\",\"item\":\"https:\/\/www.habitat-design.net\/blog\/\"},{\"@type\":\"ListItem\",\"position\":2,\"name\":\"Hema, le sp\u00e9cialiste n\u00e9erlandais de la d\u00e9coration abordable, d\u00e9barque aux Fl\u00e2neries \u00e0 La\"}]},{\"@type\":\"WebSite\",\"@id\":\"https:\/\/www.habitat-design.net\/blog\/#website\",\"url\":\"https:\/\/www.habitat-design.net\/blog\/\",\"name\":\"\",\"description\":\"\",\"potentialAction\":[{\"@type\":\"SearchAction\",\"target\":{\"@type\":\"EntryPoint\",\"urlTemplate\":\"https:\/\/www.habitat-design.net\/blog\/?s={search_term_string}\"},\"query-input\":{\"@type\":\"PropertyValueSpecification\",\"valueRequired\":true,\"valueName\":\"search_term_string\"}}],\"inLanguage\":\"fr-FR\"},{\"@type\":\"Person\",\"@id\":\"https:\/\/www.habitat-design.net\/blog\/#\/schema\/person\/f81363ecfab7ff0bfb976328793ce2e5\",\"name\":\"Julien Laurent\",\"image\":{\"@type\":\"ImageObject\",\"inLanguage\":\"fr-FR\",\"@id\":\"https:\/\/www.habitat-design.net\/blog\/#\/schema\/person\/image\/\",\"url\":\"https:\/\/secure.gravatar.com\/avatar\/36c5f08b15b2f828b41156cb6e69b449?s=96&d=mm&r=g\",\"contentUrl\":\"https:\/\/secure.gravatar.com\/avatar\/36c5f08b15b2f828b41156cb6e69b449?s=96&d=mm&r=g\",\"caption\":\"Julien Laurent\"},\"description\":\"Julien Laurent est un blogueur passionn\u00e9 par le domaine de la d\u00e9coration int\u00e9rieure et du design. Avec un dipl\u00f4me en design d'int\u00e9rieur et plusieurs ann\u00e9es d'exp\u00e9rience en tant que d\u00e9corateur, il partage des conseils pratiques pour embellir et optimiser les espaces de vie. Ses articles inspirants et informatifs visent \u00e0 aider ses lecteurs \u00e0 cr\u00e9er des int\u00e9rieurs harmonieux et esth\u00e9tiques, refl\u00e9tant leur personnalit\u00e9 et leur style.\",\"sameAs\":[\"http:\/\/www.habitat-design.net\/blog\"],\"url\":\"https:\/\/www.habitat-design.net\/blog\/author\/contacthabitat-design-net\/\"}]}<\/script>\n<!-- \/ Yoast SEO plugin. -->","yoast_head_json":{"title":"Hema fait ses d\u00e9buts aux Fl\u00e2neries : la d\u00e9coration abordable \u00e0 port\u00e9e de main","description":"D\u00e9couvrez Hema, le sp\u00e9cialiste n\u00e9erlandais de la d\u00e9coration abordable, qui ouvre ses portes aux Fl\u00e2neries \u00e0 La. Profitez d'une large gamme de produits alliant style et prix accessibles pour embellir votre int\u00e9rieur. Ne manquez pas cette opportunit\u00e9 de vous inspirer et de trouver des articles uniques pour votre d\u00e9coration d\u00e8s aujourd'hui!","robots":{"index":"index","follow":"follow","max-snippet":"max-snippet:-1","max-image-preview":"max-image-preview:large","max-video-preview":"max-video-preview:-1"},"canonical":"https:\/\/www.habitat-design.net\/blog\/hema-deco-abordable-flaneries\/","og_locale":"fr_FR","og_type":"article","og_title":"Hema fait ses d\u00e9buts aux Fl\u00e2neries : la d\u00e9coration abordable \u00e0 port\u00e9e de main","og_description":"D\u00e9couvrez Hema, le sp\u00e9cialiste n\u00e9erlandais de la d\u00e9coration abordable, qui ouvre ses portes aux Fl\u00e2neries \u00e0 La. Profitez d'une large gamme de produits alliant style et prix accessibles pour embellir votre int\u00e9rieur. Ne manquez pas cette opportunit\u00e9 de vous inspirer et de trouver des articles uniques pour votre d\u00e9coration d\u00e8s aujourd'hui!","og_url":"https:\/\/www.habitat-design.net\/blog\/hema-deco-abordable-flaneries\/","article_published_time":"2025-04-01T12:03:43+00:00","og_image":[{"width":1344,"height":768,"url":"https:\/\/www.habitat-design.net\/blog\/wp-content\/uploads\/2025\/04\/Hema-le-specialiste-neerlandais-de-la-decoration-abordable-debarque-aux-Flaneries-a-La.jpg","type":"image\/jpeg"}],"author":"Julien Laurent","twitter_card":"summary_large_image","twitter_misc":{"\u00c9crit par":"Julien Laurent","Dur\u00e9e de lecture estim\u00e9e":"6 minutes"},"schema":{"@context":"https:\/\/schema.org","@graph":[{"@type":"Article","@id":"https:\/\/www.habitat-design.net\/blog\/hema-deco-abordable-flaneries\/#article","isPartOf":{"@id":"https:\/\/www.habitat-design.net\/blog\/hema-deco-abordable-flaneries\/"},"author":{"name":"Julien Laurent","@id":"https:\/\/www.habitat-design.net\/blog\/#\/schema\/person\/f81363ecfab7ff0bfb976328793ce2e5"},"headline":"Hema, le sp\u00e9cialiste n\u00e9erlandais de la d\u00e9coration abordable, d\u00e9barque aux Fl\u00e2neries \u00e0 La","datePublished":"2025-04-01T12:03:43+00:00","mainEntityOfPage":{"@id":"https:\/\/www.habitat-design.net\/blog\/hema-deco-abordable-flaneries\/"},"wordCount":1268,"commentCount":0,"image":{"@id":"https:\/\/www.habitat-design.net\/blog\/hema-deco-abordable-flaneries\/#primaryimage"},"thumbnailUrl":"https:\/\/www.habitat-design.net\/blog\/wp-content\/uploads\/2025\/04\/Hema-le-specialiste-neerlandais-de-la-decoration-abordable-debarque-aux-Flaneries-a-La.jpg","keywords":["d\u00e9coration","d\u00e9coration abordable","fl\u00e2neries","hema","sp\u00e9cialiste n\u00e9erlandais"],"articleSection":["Maison &amp; d\u00e9coration"],"inLanguage":"fr-FR","potentialAction":[{"@type":"CommentAction","name":"Comment","target":["https:\/\/www.habitat-design.net\/blog\/hema-deco-abordable-flaneries\/#respond"]}]},{"@type":"WebPage","@id":"https:\/\/www.habitat-design.net\/blog\/hema-deco-abordable-flaneries\/","url":"https:\/\/www.habitat-design.net\/blog\/hema-deco-abordable-flaneries\/","name":"Hema fait ses d\u00e9buts aux Fl\u00e2neries : la d\u00e9coration abordable \u00e0 port\u00e9e de main","isPartOf":{"@id":"https:\/\/www.habitat-design.net\/blog\/#website"},"primaryImageOfPage":{"@id":"https:\/\/www.habitat-design.net\/blog\/hema-deco-abordable-flaneries\/#primaryimage"},"image":{"@id":"https:\/\/www.habitat-design.net\/blog\/hema-deco-abordable-flaneries\/#primaryimage"},"thumbnailUrl":"https:\/\/www.habitat-design.net\/blog\/wp-content\/uploads\/2025\/04\/Hema-le-specialiste-neerlandais-de-la-decoration-abordable-debarque-aux-Flaneries-a-La.jpg","datePublished":"2025-04-01T12:03:43+00:00","author":{"@id":"https:\/\/www.habitat-design.net\/blog\/#\/schema\/person\/f81363ecfab7ff0bfb976328793ce2e5"},"description":"D\u00e9couvrez Hema, le sp\u00e9cialiste n\u00e9erlandais de la d\u00e9coration abordable, qui ouvre ses portes aux Fl\u00e2neries \u00e0 La. Profitez d'une large gamme de produits alliant style et prix accessibles pour embellir votre int\u00e9rieur. Ne manquez pas cette opportunit\u00e9 de vous inspirer et de trouver des articles uniques pour votre d\u00e9coration d\u00e8s aujourd'hui!","breadcrumb":{"@id":"https:\/\/www.habitat-design.net\/blog\/hema-deco-abordable-flaneries\/#breadcrumb"},"inLanguage":"fr-FR","potentialAction":[{"@type":"ReadAction","target":["https:\/\/www.habitat-design.net\/blog\/hema-deco-abordable-flaneries\/"]}]},{"@type":"ImageObject","inLanguage":"fr-FR","@id":"https:\/\/www.habitat-design.net\/blog\/hema-deco-abordable-flaneries\/#primaryimage","url":"https:\/\/www.habitat-design.net\/blog\/wp-content\/uploads\/2025\/04\/Hema-le-specialiste-neerlandais-de-la-decoration-abordable-debarque-aux-Flaneries-a-La.jpg","contentUrl":"https:\/\/www.habitat-design.net\/blog\/wp-content\/uploads\/2025\/04\/Hema-le-specialiste-neerlandais-de-la-decoration-abordable-debarque-aux-Flaneries-a-La.jpg","width":1344,"height":768,"caption":"d\u00e9couvrez hema, le sp\u00e9cialiste n\u00e9erlandais de la d\u00e9coration abordable, qui ouvre ses portes aux fl\u00e2neries \u00e0 la. explorez des produits tendance et accessibles pour embellir votre maison avec style sans vous ruiner."},{"@type":"BreadcrumbList","@id":"https:\/\/www.habitat-design.net\/blog\/hema-deco-abordable-flaneries\/#breadcrumb","itemListElement":[{"@type":"ListItem","position":1,"name":"Accueil","item":"https:\/\/www.habitat-design.net\/blog\/"},{"@type":"ListItem","position":2,"name":"Hema, le sp\u00e9cialiste n\u00e9erlandais de la d\u00e9coration abordable, d\u00e9barque aux Fl\u00e2neries \u00e0 La"}]},{"@type":"WebSite","@id":"https:\/\/www.habitat-design.net\/blog\/#website","url":"https:\/\/www.habitat-design.net\/blog\/","name":"","description":"","potentialAction":[{"@type":"SearchAction","target":{"@type":"EntryPoint","urlTemplate":"https:\/\/www.habitat-design.net\/blog\/?s={search_term_string}"},"query-input":{"@type":"PropertyValueSpecification","valueRequired":true,"valueName":"search_term_string"}}],"inLanguage":"fr-FR"},{"@type":"Person","@id":"https:\/\/www.habitat-design.net\/blog\/#\/schema\/person\/f81363ecfab7ff0bfb976328793ce2e5","name":"Julien Laurent","image":{"@type":"ImageObject","inLanguage":"fr-FR","@id":"https:\/\/www.habitat-design.net\/blog\/#\/schema\/person\/image\/","url":"https:\/\/secure.gravatar.com\/avatar\/36c5f08b15b2f828b41156cb6e69b449?s=96&d=mm&r=g","contentUrl":"https:\/\/secure.gravatar.com\/avatar\/36c5f08b15b2f828b41156cb6e69b449?s=96&d=mm&r=g","caption":"Julien Laurent"},"description":"Julien Laurent est un blogueur passionn\u00e9 par le domaine de la d\u00e9coration int\u00e9rieure et du design. Avec un dipl\u00f4me en design d'int\u00e9rieur et plusieurs ann\u00e9es d'exp\u00e9rience en tant que d\u00e9corateur, il partage des conseils pratiques pour embellir et optimiser les espaces de vie. Ses articles inspirants et informatifs visent \u00e0 aider ses lecteurs \u00e0 cr\u00e9er des int\u00e9rieurs harmonieux et esth\u00e9tiques, refl\u00e9tant leur personnalit\u00e9 et leur style.","sameAs":["http:\/\/www.habitat-design.net\/blog"],"url":"https:\/\/www.habitat-design.net\/blog\/author\/contacthabitat-design-net\/"}]}},"views":108,"_links":{"self":[{"href":"https:\/\/www.habitat-design.net\/blog\/wp-json\/wp\/v2\/posts\/1354","targetHints":{"allow":["GET"]}}],"collection":[{"href":"https:\/\/www.habitat-design.net\/blog\/wp-json\/wp\/v2\/posts"}],"about":[{"href":"https:\/\/www.habitat-design.net\/blog\/wp-json\/wp\/v2\/types\/post"}],"author":[{"embeddable":true,"href":"https:\/\/www.habitat-design.net\/blog\/wp-json\/wp\/v2\/users\/1"}],"replies":[{"embeddable":true,"href":"https:\/\/www.habitat-design.net\/blog\/wp-json\/wp\/v2\/comments?post=1354"}],"version-history":[{"count":0,"href":"https:\/\/www.habitat-design.net\/blog\/wp-json\/wp\/v2\/posts\/1354\/revisions"}],"wp:featuredmedia":[{"embeddable":true,"href":"https:\/\/www.habitat-design.net\/blog\/wp-json\/wp\/v2\/media\/1353"}],"wp:attachment":[{"href":"https:\/\/www.habitat-design.net\/blog\/wp-json\/wp\/v2\/media?parent=1354"}],"wp:term":[{"taxonomy":"category","embeddable":true,"href":"https:\/\/www.habitat-design.net\/blog\/wp-json\/wp\/v2\/categories?post=1354"},{"taxonomy":"post_tag","embeddable":true,"href":"https:\/\/www.habitat-design.net\/blog\/wp-json\/wp\/v2\/tags?post=1354"}],"curies":[{"name":"wp","href":"https:\/\/api.w.org\/{rel}","templated":true}]}}