
{"id":1225,"date":"2025-01-24T06:45:20","date_gmt":"2025-01-24T06:45:20","guid":{"rendered":"https:\/\/www.habitat-design.net\/blog\/?p=1225"},"modified":"2025-01-24T07:45:23","modified_gmt":"2025-01-24T06:45:23","slug":"habitatparticipatif-net","status":"publish","type":"post","link":"https:\/\/www.habitat-design.net\/blog\/habitatparticipatif-net\/","title":{"rendered":"Habitatparticipatif.net : D\u00e9couvre la Vie en Communaut\u00e9 et Lance Ton Projet Collaboratif"},"content":{"rendered":"<p>Bienvenue dans le monde fabuleux de l\u2019habitat participatif\u202f! Imagine vivre entour\u00e9 de voisins sympas (et pas juste parce qu\u2019ils te pr\u00eatent du sucre), partager des espaces communs tout en gardant ton chez-toi priv\u00e9. En gros, c\u2019est la version adulte et styl\u00e9e de la coloc \u00e9tudiante. On parle ici de communaut\u00e9s durables, solidaires et o\u00f9 chacun met la main \u00e0 la p\u00e2te. T\u2019es curieux\u202f? Viens, je t\u2019explique tout.<\/p>\n<h4>Qu\u2019est-ce que l\u2019habitat participatif\u202f?<\/h4>\n<p>Allez, commen\u00e7ons par la base. L\u2019habitat participatif, c\u2019est quand un groupe de gens se rassemble pour concevoir et g\u00e9rer ensemble leur lieu de vie. Oui, \u00e7a va au-del\u00e0 de \u00ab\u00a0chacun d\u00e9core son appart\u00a0\u00bb. Ici, tu participes \u00e0 des d\u00e9cisions importantes, comme la construction des b\u00e2timents ou la gestion des espaces communs (potager, buanderie, salle polyvalente\u2026). Et cerise sur le g\u00e2teau\u202f? Tu construis une communaut\u00e9 o\u00f9 solidarit\u00e9 rime avec autonomie.<\/p>\n<p>Ah, et pour les sceptiques\u202f: non, ce n\u2019est pas un d\u00e9lire hippie o\u00f9 tout le monde partage tout (quoique\u2026). Tu gardes ton espace priv\u00e9, promis.<\/p>\n<p><img decoding=\"async\" class=\"alignnone  wp-image-3825\" src=\"https:\/\/www.gestion.linknova.fr\/wp-content\/uploads\/2025\/01\/DALL\u00b7E-2025-01-24-07.43.57-A-realistic-and-high-quality-photo-of-a-modern-participatory-housing-project-in-a-lush-green-environment.-The-setting-includes-a-mix-of-eco-friendly-s-300x171.webp\" alt=\"habitatparticipatif.net\" width=\"730\" height=\"416\" \/><\/p>\n<h4>Les diff\u00e9rentes formes d\u2019habitat participatif<\/h4>\n<p>Alors, tu penses peut-\u00eatre : \u00ab\u00a0Ok, c\u2019est cool, mais \u00e7a ressemble \u00e0 quoi concr\u00e8tement\u202f?\u00a0\u00bb Bonne question\u202f! Voici les principales formes que \u00e7a peut prendre :<\/p>\n<ul>\n<li><strong>Cohabitat<\/strong> : Chaque famille ou personne poss\u00e8de son propre logement, mais tout le monde partage des espaces communs comme une grande cuisine ou un jardin.<\/li>\n<li><strong>\u00c9covillages<\/strong> : L\u00e0, c\u2019est level-up\u202f! Tu vis dans une petite communaut\u00e9 ax\u00e9e sur le respect de l\u2019environnement, avec des \u00e9nergies renouvelables, des potagers bio, et souvent un mode de vie presque autosuffisant.<\/li>\n<li><strong>Autopromotion immobili\u00e8re<\/strong> : Ici, le groupe s\u2019unit pour financer et concevoir des logements collectifs. C\u2019est du DIY immobilier, mais \u00e0 grande \u00e9chelle.<\/li>\n<\/ul>\n<h4>Pourquoi choisir l\u2019habitat participatif\u202f?<\/h4>\n<p>\u00ab\u00a0Ok, mais pourquoi je me lancerais l\u00e0-dedans ?\u00a0\u00bb Facile, voici les avantages :<\/p>\n<ul>\n<li><strong>Le co\u00fbt<\/strong> : Partager des espaces et des ressources, \u00e7a divise les frais (et oui, ton banquier va adorer).<\/li>\n<li><strong>L\u2019impact \u00e9cologique<\/strong> : Ces projets mettent souvent l\u2019accent sur les \u00e9nergies vertes, la gestion des d\u00e9chets, et les circuits courts.<\/li>\n<li><strong>La solidarit\u00e9<\/strong> : Besoin d\u2019un coup de main ou envie de partager un bon repas\u202f? Tes voisins sont l\u00e0 pour toi.<\/li>\n<li><strong>Le fun<\/strong> : Franchement, quoi de mieux qu\u2019un ap\u00e9ro collectif sur une terrasse partag\u00e9e\u202f?<\/li>\n<\/ul>\n<p>Bien s\u00fbr, il y a aussi des inconv\u00e9nients, hein. Genre, il faut parfois mettre de l\u2019eau dans ton vin (au sens figur\u00e9, bien s\u00fbr) pour g\u00e9rer les conflits ou les diff\u00e9rences de vision.<\/p>\n<p><img decoding=\"async\" class=\"alignnone  wp-image-3824\" src=\"https:\/\/www.gestion.linknova.fr\/wp-content\/uploads\/2025\/01\/DALL\u00b7E-2025-01-24-07.44.03-A-high-quality-ultra-realistic-photograph-of-a-vibrant-community-living-in-an-eco-friendly-shared-housing-project.-The-setting-features-modern-but-ec-300x171.webp\" alt=\"habitatparticipatif.net\" width=\"723\" height=\"412\" \/><\/p>\n<h4>Le cadre l\u00e9gal en France : La loi ALUR \u00e0 la rescousse<\/h4>\n<p>Si tu te dis que tout \u00e7a para\u00eet un peu flou juridiquement, rassure-toi\u202f! En France, la <strong>loi ALUR<\/strong> (2014) a pos\u00e9 un cadre l\u00e9gal pour l\u2019habitat participatif. Elle reconna\u00eet ce mode d\u2019habitation et permet de cr\u00e9er des coop\u00e9ratives d\u2019habitants ou des soci\u00e9t\u00e9s d\u2019attribution et d\u2019autopromotion. En clair, tu as les outils pour structurer ton projet sans que ce soit un casse-t\u00eate.<\/p>\n<h4>Comment rejoindre ou lancer ton propre projet<\/h4>\n<p>T\u2019es motiv\u00e9\u202f? Top\u202f! Voici les \u00e9tapes pour te lancer :<\/p>\n<ol>\n<li><strong>D\u00e9finis tes besoins<\/strong> : Combien de personnes, quel budget, quel niveau de participation\u202f?<\/li>\n<li><strong>Trouve des co\u00e9quipiers<\/strong> : Rejoins un groupe existant ou cr\u00e9e le tien via des plateformes comme habitatparticipatif.net.<\/li>\n<li><strong>Monte ton projet<\/strong> : Fais appel \u00e0 des experts (architectes, juristes) pour concr\u00e9tiser ton id\u00e9e.<\/li>\n<li><strong>Choisis ton mod\u00e8le juridique<\/strong> : Coop\u00e9rative\u202f? Copropri\u00e9t\u00e9\u202f? L\u00e0 encore, prends le temps de bien t\u2019informer.<\/li>\n<li><strong>Cherche des financements<\/strong> : Entre pr\u00eats bancaires, subventions publiques, et financement participatif, les options ne manquent pas.<\/li>\n<\/ol>\n<h4>T\u00e9moignages : Ils l\u2019ont fait, et ils adorent<\/h4>\n<p>Marie, 35 ans, habite dans un \u00e9covillage en Bretagne : \u00ab\u00a0Je ne pourrais plus vivre autrement. On partage tout, des tomates du jardin aux fous rires du quotidien.\u00a0\u00bb<br \/>\nJulien, lui, a rejoint un cohabitat \u00e0 Lyon : \u00ab\u00a0J\u2019avais peur des conflits, mais au final, c\u2019est une exp\u00e9rience hyper enrichissante. Et je fais des \u00e9conomies\u202f!\u00a0\u00bb<\/p>\n<h4>Tableaux pratiques : avantages et inconv\u00e9nients<\/h4>\n<table>\n<thead>\n<tr>\n<th><strong>Avantages<\/strong><\/th>\n<th><strong>Inconv\u00e9nients<\/strong><\/th>\n<\/tr>\n<\/thead>\n<tbody>\n<tr>\n<td>R\u00e9duction des co\u00fbts<\/td>\n<td>D\u00e9cisions collectives parfois longues<\/td>\n<\/tr>\n<tr>\n<td>Impact \u00e9cologique r\u00e9duit<\/td>\n<td>N\u00e9cessite un bon niveau de communication<\/td>\n<\/tr>\n<tr>\n<td>Cr\u00e9ation d\u2019une communaut\u00e9<\/td>\n<td>Gestion des conflits<\/td>\n<\/tr>\n<\/tbody>\n<\/table>\n<table>\n<thead>\n<tr>\n<th><strong>Type d\u2019habitat participatif<\/strong><\/th>\n<th><strong>Caract\u00e9ristiques principales<\/strong><\/th>\n<\/tr>\n<\/thead>\n<tbody>\n<tr>\n<td>Cohabitat<\/td>\n<td>Espaces priv\u00e9s et communs partag\u00e9s<\/td>\n<\/tr>\n<tr>\n<td>\u00c9covillage<\/td>\n<td>Vie ax\u00e9e sur l\u2019\u00e9cologie<\/td>\n<\/tr>\n<tr>\n<td>Autopromotion immobili\u00e8re<\/td>\n<td>Conception et financement collectifs<\/td>\n<\/tr>\n<\/tbody>\n<\/table>\n<h4>Petit conseil avant de te lancer<\/h4>\n<p>Ne saute pas les \u00e9tapes\u202f! Assure-toi de bien conna\u00eetre tes futurs voisins, et sois pr\u00eat \u00e0 t\u2019impliquer. C\u2019est un engagement, mais c\u2019est aussi une super aventure.<\/p>\n<h4>Pourquoi pas toi ?<\/h4>\n<p>L\u2019habitat participatif, c\u2019est plus qu\u2019un toit : c\u2019est une fa\u00e7on de vivre en phase avec tes valeurs. Si \u00e7a t\u2019inspire, va faire un tour sur des sites comme habitatparticipatif.net pour trouver ton futur projet ou groupe. Et si tu trouves l\u2019id\u00e9e sympa, partage cet article avec ton entourage ou sur tes r\u00e9seaux sociaux. Qui sait, tu pourrais convaincre ton meilleur pote de te rejoindre dans l\u2019aventure\u202f!<\/p>\n","protected":false},"excerpt":{"rendered":"<p>Bienvenue dans le monde fabuleux de l\u2019habitat participatif\u202f! Imagine vivre entour\u00e9 de voisins sympas (et pas juste parce qu\u2019ils te pr\u00eatent du sucre), partager des espaces communs tout en gardant ton chez-toi priv\u00e9. En gros, c\u2019est la version adulte et styl\u00e9e de la coloc \u00e9tudiante. On parle ici de communaut\u00e9s durables, solidaires et o\u00f9 chacun &#8230; <a title=\"Habitatparticipatif.net : D\u00e9couvre la Vie en Communaut\u00e9 et Lance Ton Projet Collaboratif\" class=\"read-more\" href=\"https:\/\/www.habitat-design.net\/blog\/habitatparticipatif-net\/\" aria-label=\"En savoir plus sur Habitatparticipatif.net : D\u00e9couvre la Vie en Communaut\u00e9 et Lance Ton Projet Collaboratif\">Lire plus<\/a><\/p>\n","protected":false},"author":1,"featured_media":1227,"comment_status":"open","ping_status":"closed","sticky":false,"template":"","format":"standard","meta":{"footnotes":""},"categories":[9],"tags":[],"class_list":["post-1225","post","type-post","status-publish","format-standard","has-post-thumbnail","hentry","category-travaux"],"yoast_head":"<!-- This site is optimized with the Yoast SEO plugin v26.8 - https:\/\/yoast.com\/product\/yoast-seo-wordpress\/ -->\n<title>Habitatparticipatif.net : D\u00e9couvre la Vie en Communaut\u00e9 et Lance Ton Projet Collaboratif -<\/title>\n<meta name=\"description\" content=\"Habitatparticipatif.net : D\u00e9couvre la Vie en Communaut\u00e9 et Lance Ton Projet Collaboratif -\" \/>\n<meta name=\"robots\" content=\"index, follow, max-snippet:-1, max-image-preview:large, max-video-preview:-1\" \/>\n<link rel=\"canonical\" href=\"https:\/\/www.habitat-design.net\/blog\/habitatparticipatif-net\/\" \/>\n<meta property=\"og:locale\" content=\"fr_FR\" \/>\n<meta property=\"og:type\" content=\"article\" \/>\n<meta property=\"og:title\" content=\"Habitatparticipatif.net : D\u00e9couvre la Vie en Communaut\u00e9 et Lance Ton Projet Collaboratif -\" \/>\n<meta property=\"og:description\" content=\"Habitatparticipatif.net : D\u00e9couvre la Vie en Communaut\u00e9 et Lance Ton Projet Collaboratif -\" \/>\n<meta property=\"og:url\" content=\"https:\/\/www.habitat-design.net\/blog\/habitatparticipatif-net\/\" \/>\n<meta property=\"article:published_time\" content=\"2025-01-24T06:45:20+00:00\" \/>\n<meta property=\"article:modified_time\" content=\"2025-01-24T06:45:23+00:00\" \/>\n<meta property=\"og:image\" content=\"https:\/\/www.habitat-design.net\/blog\/wp-content\/uploads\/2025\/01\/DALL\u00b7E-2025-01-24-07.43.54-A-realistic-high-quality-photograph-depicting-a-community-living-in-an-eco-friendly-habitat-participatif.-The-image-features-a-group-of-people-garden.webp\" \/>\n\t<meta property=\"og:image:width\" content=\"1792\" \/>\n\t<meta property=\"og:image:height\" content=\"1024\" \/>\n\t<meta property=\"og:image:type\" content=\"image\/webp\" \/>\n<meta name=\"author\" content=\"Julien Laurent\" \/>\n<meta name=\"twitter:card\" content=\"summary_large_image\" \/>\n<meta name=\"twitter:label1\" content=\"\u00c9crit par\" \/>\n\t<meta name=\"twitter:data1\" content=\"Julien Laurent\" \/>\n\t<meta name=\"twitter:label2\" content=\"Dur\u00e9e de lecture estim\u00e9e\" \/>\n\t<meta name=\"twitter:data2\" content=\"4 minutes\" \/>\n<script type=\"application\/ld+json\" class=\"yoast-schema-graph\">{\"@context\":\"https:\/\/schema.org\",\"@graph\":[{\"@type\":\"Article\",\"@id\":\"https:\/\/www.habitat-design.net\/blog\/habitatparticipatif-net\/#article\",\"isPartOf\":{\"@id\":\"https:\/\/www.habitat-design.net\/blog\/habitatparticipatif-net\/\"},\"author\":{\"name\":\"Julien Laurent\",\"@id\":\"https:\/\/www.habitat-design.net\/blog\/#\/schema\/person\/f81363ecfab7ff0bfb976328793ce2e5\"},\"headline\":\"Habitatparticipatif.net : D\u00e9couvre la Vie en Communaut\u00e9 et Lance Ton Projet Collaboratif\",\"datePublished\":\"2025-01-24T06:45:20+00:00\",\"dateModified\":\"2025-01-24T06:45:23+00:00\",\"mainEntityOfPage\":{\"@id\":\"https:\/\/www.habitat-design.net\/blog\/habitatparticipatif-net\/\"},\"wordCount\":872,\"commentCount\":0,\"image\":{\"@id\":\"https:\/\/www.habitat-design.net\/blog\/habitatparticipatif-net\/#primaryimage\"},\"thumbnailUrl\":\"https:\/\/www.habitat-design.net\/blog\/wp-content\/uploads\/2025\/01\/DALL\u00b7E-2025-01-24-07.43.54-A-realistic-high-quality-photograph-depicting-a-community-living-in-an-eco-friendly-habitat-participatif.-The-image-features-a-group-of-people-garden.webp\",\"articleSection\":[\"Travaux\"],\"inLanguage\":\"fr-FR\",\"potentialAction\":[{\"@type\":\"CommentAction\",\"name\":\"Comment\",\"target\":[\"https:\/\/www.habitat-design.net\/blog\/habitatparticipatif-net\/#respond\"]}]},{\"@type\":\"WebPage\",\"@id\":\"https:\/\/www.habitat-design.net\/blog\/habitatparticipatif-net\/\",\"url\":\"https:\/\/www.habitat-design.net\/blog\/habitatparticipatif-net\/\",\"name\":\"Habitatparticipatif.net : D\u00e9couvre la Vie en Communaut\u00e9 et Lance Ton Projet Collaboratif -\",\"isPartOf\":{\"@id\":\"https:\/\/www.habitat-design.net\/blog\/#website\"},\"primaryImageOfPage\":{\"@id\":\"https:\/\/www.habitat-design.net\/blog\/habitatparticipatif-net\/#primaryimage\"},\"image\":{\"@id\":\"https:\/\/www.habitat-design.net\/blog\/habitatparticipatif-net\/#primaryimage\"},\"thumbnailUrl\":\"https:\/\/www.habitat-design.net\/blog\/wp-content\/uploads\/2025\/01\/DALL\u00b7E-2025-01-24-07.43.54-A-realistic-high-quality-photograph-depicting-a-community-living-in-an-eco-friendly-habitat-participatif.-The-image-features-a-group-of-people-garden.webp\",\"datePublished\":\"2025-01-24T06:45:20+00:00\",\"dateModified\":\"2025-01-24T06:45:23+00:00\",\"author\":{\"@id\":\"https:\/\/www.habitat-design.net\/blog\/#\/schema\/person\/f81363ecfab7ff0bfb976328793ce2e5\"},\"description\":\"Habitatparticipatif.net : D\u00e9couvre la Vie en Communaut\u00e9 et Lance Ton Projet Collaboratif -\",\"breadcrumb\":{\"@id\":\"https:\/\/www.habitat-design.net\/blog\/habitatparticipatif-net\/#breadcrumb\"},\"inLanguage\":\"fr-FR\",\"potentialAction\":[{\"@type\":\"ReadAction\",\"target\":[\"https:\/\/www.habitat-design.net\/blog\/habitatparticipatif-net\/\"]}]},{\"@type\":\"ImageObject\",\"inLanguage\":\"fr-FR\",\"@id\":\"https:\/\/www.habitat-design.net\/blog\/habitatparticipatif-net\/#primaryimage\",\"url\":\"https:\/\/www.habitat-design.net\/blog\/wp-content\/uploads\/2025\/01\/DALL\u00b7E-2025-01-24-07.43.54-A-realistic-high-quality-photograph-depicting-a-community-living-in-an-eco-friendly-habitat-participatif.-The-image-features-a-group-of-people-garden.webp\",\"contentUrl\":\"https:\/\/www.habitat-design.net\/blog\/wp-content\/uploads\/2025\/01\/DALL\u00b7E-2025-01-24-07.43.54-A-realistic-high-quality-photograph-depicting-a-community-living-in-an-eco-friendly-habitat-participatif.-The-image-features-a-group-of-people-garden.webp\",\"width\":1792,\"height\":1024,\"caption\":\"habitatparticipatif.net\"},{\"@type\":\"BreadcrumbList\",\"@id\":\"https:\/\/www.habitat-design.net\/blog\/habitatparticipatif-net\/#breadcrumb\",\"itemListElement\":[{\"@type\":\"ListItem\",\"position\":1,\"name\":\"Accueil\",\"item\":\"https:\/\/www.habitat-design.net\/blog\/\"},{\"@type\":\"ListItem\",\"position\":2,\"name\":\"Habitatparticipatif.net : D\u00e9couvre la Vie en Communaut\u00e9 et Lance Ton Projet Collaboratif\"}]},{\"@type\":\"WebSite\",\"@id\":\"https:\/\/www.habitat-design.net\/blog\/#website\",\"url\":\"https:\/\/www.habitat-design.net\/blog\/\",\"name\":\"\",\"description\":\"\",\"potentialAction\":[{\"@type\":\"SearchAction\",\"target\":{\"@type\":\"EntryPoint\",\"urlTemplate\":\"https:\/\/www.habitat-design.net\/blog\/?s={search_term_string}\"},\"query-input\":{\"@type\":\"PropertyValueSpecification\",\"valueRequired\":true,\"valueName\":\"search_term_string\"}}],\"inLanguage\":\"fr-FR\"},{\"@type\":\"Person\",\"@id\":\"https:\/\/www.habitat-design.net\/blog\/#\/schema\/person\/f81363ecfab7ff0bfb976328793ce2e5\",\"name\":\"Julien Laurent\",\"image\":{\"@type\":\"ImageObject\",\"inLanguage\":\"fr-FR\",\"@id\":\"https:\/\/www.habitat-design.net\/blog\/#\/schema\/person\/image\/\",\"url\":\"https:\/\/secure.gravatar.com\/avatar\/36c5f08b15b2f828b41156cb6e69b449?s=96&d=mm&r=g\",\"contentUrl\":\"https:\/\/secure.gravatar.com\/avatar\/36c5f08b15b2f828b41156cb6e69b449?s=96&d=mm&r=g\",\"caption\":\"Julien Laurent\"},\"description\":\"Julien Laurent est un blogueur passionn\u00e9 par le domaine de la d\u00e9coration int\u00e9rieure et du design. Avec un dipl\u00f4me en design d'int\u00e9rieur et plusieurs ann\u00e9es d'exp\u00e9rience en tant que d\u00e9corateur, il partage des conseils pratiques pour embellir et optimiser les espaces de vie. Ses articles inspirants et informatifs visent \u00e0 aider ses lecteurs \u00e0 cr\u00e9er des int\u00e9rieurs harmonieux et esth\u00e9tiques, refl\u00e9tant leur personnalit\u00e9 et leur style.\",\"sameAs\":[\"http:\/\/www.habitat-design.net\/blog\"],\"url\":\"https:\/\/www.habitat-design.net\/blog\/author\/contacthabitat-design-net\/\"}]}<\/script>\n<!-- \/ Yoast SEO plugin. -->","yoast_head_json":{"title":"Habitatparticipatif.net : D\u00e9couvre la Vie en Communaut\u00e9 et Lance Ton Projet Collaboratif -","description":"Habitatparticipatif.net : D\u00e9couvre la Vie en Communaut\u00e9 et Lance Ton Projet Collaboratif -","robots":{"index":"index","follow":"follow","max-snippet":"max-snippet:-1","max-image-preview":"max-image-preview:large","max-video-preview":"max-video-preview:-1"},"canonical":"https:\/\/www.habitat-design.net\/blog\/habitatparticipatif-net\/","og_locale":"fr_FR","og_type":"article","og_title":"Habitatparticipatif.net : D\u00e9couvre la Vie en Communaut\u00e9 et Lance Ton Projet Collaboratif -","og_description":"Habitatparticipatif.net : D\u00e9couvre la Vie en Communaut\u00e9 et Lance Ton Projet Collaboratif -","og_url":"https:\/\/www.habitat-design.net\/blog\/habitatparticipatif-net\/","article_published_time":"2025-01-24T06:45:20+00:00","article_modified_time":"2025-01-24T06:45:23+00:00","og_image":[{"width":1792,"height":1024,"url":"https:\/\/www.habitat-design.net\/blog\/wp-content\/uploads\/2025\/01\/DALL\u00b7E-2025-01-24-07.43.54-A-realistic-high-quality-photograph-depicting-a-community-living-in-an-eco-friendly-habitat-participatif.-The-image-features-a-group-of-people-garden.webp","type":"image\/webp"}],"author":"Julien Laurent","twitter_card":"summary_large_image","twitter_misc":{"\u00c9crit par":"Julien Laurent","Dur\u00e9e de lecture estim\u00e9e":"4 minutes"},"schema":{"@context":"https:\/\/schema.org","@graph":[{"@type":"Article","@id":"https:\/\/www.habitat-design.net\/blog\/habitatparticipatif-net\/#article","isPartOf":{"@id":"https:\/\/www.habitat-design.net\/blog\/habitatparticipatif-net\/"},"author":{"name":"Julien Laurent","@id":"https:\/\/www.habitat-design.net\/blog\/#\/schema\/person\/f81363ecfab7ff0bfb976328793ce2e5"},"headline":"Habitatparticipatif.net : D\u00e9couvre la Vie en Communaut\u00e9 et Lance Ton Projet Collaboratif","datePublished":"2025-01-24T06:45:20+00:00","dateModified":"2025-01-24T06:45:23+00:00","mainEntityOfPage":{"@id":"https:\/\/www.habitat-design.net\/blog\/habitatparticipatif-net\/"},"wordCount":872,"commentCount":0,"image":{"@id":"https:\/\/www.habitat-design.net\/blog\/habitatparticipatif-net\/#primaryimage"},"thumbnailUrl":"https:\/\/www.habitat-design.net\/blog\/wp-content\/uploads\/2025\/01\/DALL\u00b7E-2025-01-24-07.43.54-A-realistic-high-quality-photograph-depicting-a-community-living-in-an-eco-friendly-habitat-participatif.-The-image-features-a-group-of-people-garden.webp","articleSection":["Travaux"],"inLanguage":"fr-FR","potentialAction":[{"@type":"CommentAction","name":"Comment","target":["https:\/\/www.habitat-design.net\/blog\/habitatparticipatif-net\/#respond"]}]},{"@type":"WebPage","@id":"https:\/\/www.habitat-design.net\/blog\/habitatparticipatif-net\/","url":"https:\/\/www.habitat-design.net\/blog\/habitatparticipatif-net\/","name":"Habitatparticipatif.net : D\u00e9couvre la Vie en Communaut\u00e9 et Lance Ton Projet Collaboratif -","isPartOf":{"@id":"https:\/\/www.habitat-design.net\/blog\/#website"},"primaryImageOfPage":{"@id":"https:\/\/www.habitat-design.net\/blog\/habitatparticipatif-net\/#primaryimage"},"image":{"@id":"https:\/\/www.habitat-design.net\/blog\/habitatparticipatif-net\/#primaryimage"},"thumbnailUrl":"https:\/\/www.habitat-design.net\/blog\/wp-content\/uploads\/2025\/01\/DALL\u00b7E-2025-01-24-07.43.54-A-realistic-high-quality-photograph-depicting-a-community-living-in-an-eco-friendly-habitat-participatif.-The-image-features-a-group-of-people-garden.webp","datePublished":"2025-01-24T06:45:20+00:00","dateModified":"2025-01-24T06:45:23+00:00","author":{"@id":"https:\/\/www.habitat-design.net\/blog\/#\/schema\/person\/f81363ecfab7ff0bfb976328793ce2e5"},"description":"Habitatparticipatif.net : D\u00e9couvre la Vie en Communaut\u00e9 et Lance Ton Projet Collaboratif -","breadcrumb":{"@id":"https:\/\/www.habitat-design.net\/blog\/habitatparticipatif-net\/#breadcrumb"},"inLanguage":"fr-FR","potentialAction":[{"@type":"ReadAction","target":["https:\/\/www.habitat-design.net\/blog\/habitatparticipatif-net\/"]}]},{"@type":"ImageObject","inLanguage":"fr-FR","@id":"https:\/\/www.habitat-design.net\/blog\/habitatparticipatif-net\/#primaryimage","url":"https:\/\/www.habitat-design.net\/blog\/wp-content\/uploads\/2025\/01\/DALL\u00b7E-2025-01-24-07.43.54-A-realistic-high-quality-photograph-depicting-a-community-living-in-an-eco-friendly-habitat-participatif.-The-image-features-a-group-of-people-garden.webp","contentUrl":"https:\/\/www.habitat-design.net\/blog\/wp-content\/uploads\/2025\/01\/DALL\u00b7E-2025-01-24-07.43.54-A-realistic-high-quality-photograph-depicting-a-community-living-in-an-eco-friendly-habitat-participatif.-The-image-features-a-group-of-people-garden.webp","width":1792,"height":1024,"caption":"habitatparticipatif.net"},{"@type":"BreadcrumbList","@id":"https:\/\/www.habitat-design.net\/blog\/habitatparticipatif-net\/#breadcrumb","itemListElement":[{"@type":"ListItem","position":1,"name":"Accueil","item":"https:\/\/www.habitat-design.net\/blog\/"},{"@type":"ListItem","position":2,"name":"Habitatparticipatif.net : D\u00e9couvre la Vie en Communaut\u00e9 et Lance Ton Projet Collaboratif"}]},{"@type":"WebSite","@id":"https:\/\/www.habitat-design.net\/blog\/#website","url":"https:\/\/www.habitat-design.net\/blog\/","name":"","description":"","potentialAction":[{"@type":"SearchAction","target":{"@type":"EntryPoint","urlTemplate":"https:\/\/www.habitat-design.net\/blog\/?s={search_term_string}"},"query-input":{"@type":"PropertyValueSpecification","valueRequired":true,"valueName":"search_term_string"}}],"inLanguage":"fr-FR"},{"@type":"Person","@id":"https:\/\/www.habitat-design.net\/blog\/#\/schema\/person\/f81363ecfab7ff0bfb976328793ce2e5","name":"Julien Laurent","image":{"@type":"ImageObject","inLanguage":"fr-FR","@id":"https:\/\/www.habitat-design.net\/blog\/#\/schema\/person\/image\/","url":"https:\/\/secure.gravatar.com\/avatar\/36c5f08b15b2f828b41156cb6e69b449?s=96&d=mm&r=g","contentUrl":"https:\/\/secure.gravatar.com\/avatar\/36c5f08b15b2f828b41156cb6e69b449?s=96&d=mm&r=g","caption":"Julien Laurent"},"description":"Julien Laurent est un blogueur passionn\u00e9 par le domaine de la d\u00e9coration int\u00e9rieure et du design. Avec un dipl\u00f4me en design d'int\u00e9rieur et plusieurs ann\u00e9es d'exp\u00e9rience en tant que d\u00e9corateur, il partage des conseils pratiques pour embellir et optimiser les espaces de vie. Ses articles inspirants et informatifs visent \u00e0 aider ses lecteurs \u00e0 cr\u00e9er des int\u00e9rieurs harmonieux et esth\u00e9tiques, refl\u00e9tant leur personnalit\u00e9 et leur style.","sameAs":["http:\/\/www.habitat-design.net\/blog"],"url":"https:\/\/www.habitat-design.net\/blog\/author\/contacthabitat-design-net\/"}]}},"views":1038,"_links":{"self":[{"href":"https:\/\/www.habitat-design.net\/blog\/wp-json\/wp\/v2\/posts\/1225","targetHints":{"allow":["GET"]}}],"collection":[{"href":"https:\/\/www.habitat-design.net\/blog\/wp-json\/wp\/v2\/posts"}],"about":[{"href":"https:\/\/www.habitat-design.net\/blog\/wp-json\/wp\/v2\/types\/post"}],"author":[{"embeddable":true,"href":"https:\/\/www.habitat-design.net\/blog\/wp-json\/wp\/v2\/users\/1"}],"replies":[{"embeddable":true,"href":"https:\/\/www.habitat-design.net\/blog\/wp-json\/wp\/v2\/comments?post=1225"}],"version-history":[{"count":1,"href":"https:\/\/www.habitat-design.net\/blog\/wp-json\/wp\/v2\/posts\/1225\/revisions"}],"predecessor-version":[{"id":1226,"href":"https:\/\/www.habitat-design.net\/blog\/wp-json\/wp\/v2\/posts\/1225\/revisions\/1226"}],"wp:featuredmedia":[{"embeddable":true,"href":"https:\/\/www.habitat-design.net\/blog\/wp-json\/wp\/v2\/media\/1227"}],"wp:attachment":[{"href":"https:\/\/www.habitat-design.net\/blog\/wp-json\/wp\/v2\/media?parent=1225"}],"wp:term":[{"taxonomy":"category","embeddable":true,"href":"https:\/\/www.habitat-design.net\/blog\/wp-json\/wp\/v2\/categories?post=1225"},{"taxonomy":"post_tag","embeddable":true,"href":"https:\/\/www.habitat-design.net\/blog\/wp-json\/wp\/v2\/tags?post=1225"}],"curies":[{"name":"wp","href":"https:\/\/api.w.org\/{rel}","templated":true}]}}