
{"id":1007,"date":"2024-10-31T11:31:00","date_gmt":"2024-10-31T10:31:00","guid":{"rendered":"https:\/\/www.habitat-design.net\/blog\/?p=1007"},"modified":"2024-11-02T11:44:36","modified_gmt":"2024-11-02T10:44:36","slug":"meubles-en-materiaux-recycles","status":"publish","type":"post","link":"https:\/\/www.habitat-design.net\/blog\/meubles-en-materiaux-recycles\/","title":{"rendered":"Meubles en mat\u00e9riaux recycl\u00e9s : l&rsquo;alternative \u00e9colo et styl\u00e9e pour ton int\u00e9rieur"},"content":{"rendered":"\n<p>Si tu es ici, c\u2019est que tu t&rsquo;int\u00e9resses aux meubles en mat\u00e9riaux recycl\u00e9s. Bonne nouvelle, tu es au bon endroit ! Que tu sois d\u00e9j\u00e0 un expert en d\u00e9co \u00e9colo ou que tu en sois encore \u00e0 te demander pourquoi choisir du mobilier durable, cet article est pour toi. En 2024, faire le choix de <strong>meubles recycl\u00e9s<\/strong> est bien plus qu\u2019un simple acte \u00e9co-responsable. C\u2019est une vraie d\u00e9marche de style, de personnalit\u00e9 et m\u00eame de cr\u00e9ativit\u00e9. Oui, oui, tu as bien entendu ! Alors, pr\u00eat(e) \u00e0 d\u00e9couvrir pourquoi et comment faire entrer ces meubles pas comme les autres dans ton int\u00e9rieur ?<\/p>\n\n\n\n<figure class=\"wp-block-image size-full\"><img decoding=\"async\" width=\"1024\" height=\"1024\" src=\"https:\/\/www.habitat-design.net\/blog\/wp-content\/uploads\/2024\/11\/bdbb7498-d248-47fa-bdae-9a020ec6f6bf.webp\" alt=\"\" class=\"wp-image-1009\" srcset=\"https:\/\/www.habitat-design.net\/blog\/wp-content\/uploads\/2024\/11\/bdbb7498-d248-47fa-bdae-9a020ec6f6bf.webp 1024w, https:\/\/www.habitat-design.net\/blog\/wp-content\/uploads\/2024\/11\/bdbb7498-d248-47fa-bdae-9a020ec6f6bf-300x300.webp 300w, https:\/\/www.habitat-design.net\/blog\/wp-content\/uploads\/2024\/11\/bdbb7498-d248-47fa-bdae-9a020ec6f6bf-150x150.webp 150w, https:\/\/www.habitat-design.net\/blog\/wp-content\/uploads\/2024\/11\/bdbb7498-d248-47fa-bdae-9a020ec6f6bf-768x768.webp 768w, https:\/\/www.habitat-design.net\/blog\/wp-content\/uploads\/2024\/11\/bdbb7498-d248-47fa-bdae-9a020ec6f6bf-60x60.webp 60w\" sizes=\"(max-width: 1024px) 100vw, 1024px\" \/><\/figure>\n\n\n\n<h3 class=\"wp-block-heading\">Qu&rsquo;est-ce que le mobilier en mat\u00e9riaux recycl\u00e9s ?<\/h3>\n\n\n\n<p>Bon, avant de plonger dans le vif du sujet, une petite mise au point s&rsquo;impose. Le mobilier en mat\u00e9riaux recycl\u00e9s, c&rsquo;est tout simplement des meubles fabriqu\u00e9s \u00e0 partir de mat\u00e9riaux ayant d\u00e9j\u00e0 eu une vie pr\u00e9c\u00e9dente. Tu vois cette table basse en bois vieilli ou ce fauteuil en m\u00e9tal au look industriel ? Eh bien, ils ont peut-\u00eatre \u00e9t\u00e9 autrefois une vieille porte, des palettes de transport ou des tuyaux abandonn\u00e9s.<\/p>\n\n\n\n<p>Ce processus se base sur le principe du <strong>recyclage<\/strong>, mais aussi de l\u2019<strong>upcycling<\/strong> (ou surcyclage, pour les plus puristes), qui consiste \u00e0 donner aux objets une seconde vie en les valorisant, voire en les embellissant. Au final, tu as des meubles uniques, souvent faits \u00e0 la main, et qui racontent une histoire bien plus riche que celle d&rsquo;une simple \u00e9tag\u00e8re Ikea mont\u00e9e en dix minutes (on ne juge pas, on conna\u00eet tous le bonheur des meubles faciles !).<\/p>\n\n\n\n<h3 class=\"wp-block-heading\">Les avantages des meubles en mat\u00e9riaux recycl\u00e9s<\/h3>\n\n\n\n<p>Ok, maintenant que tu sais ce qu&rsquo;on entend par \u00ab\u00a0meubles recycl\u00e9s\u00a0\u00bb, passons aux raisons pour lesquelles ils sont tellement cools. Au-del\u00e0 de l\u2019aspect esth\u00e9tique, ces meubles offrent des avantages qui vont bien plus loin !<\/p>\n\n\n\n<p><strong>1. Impact environnemental r\u00e9duit<\/strong><br>Opter pour des meubles en mat\u00e9riaux recycl\u00e9s, c\u2019est faire un pied de nez au gaspillage ! \u00c0 chaque meuble que tu choisis dans cette cat\u00e9gorie, c&rsquo;est une part de d\u00e9chets en moins, un peu moins de mati\u00e8re premi\u00e8re exploit\u00e9e, et plus de respect pour notre plan\u00e8te.<\/p>\n\n\n\n<p><strong>2. Un look unique et authentique<\/strong><br>Les meubles recycl\u00e9s ont souvent ce petit truc en plus, un caract\u00e8re bien tremp\u00e9. On parle d\u2019authenticit\u00e9, de d\u00e9tails et d\u2019imperfections qui font tout leur charme. En gros, ton mobilier ne ressemblera \u00e0 aucun autre !<\/p>\n\n\n\n<p><strong>3. Durabilit\u00e9 et qualit\u00e9<\/strong><br>Les mat\u00e9riaux r\u00e9utilis\u00e9s sont souvent solides et r\u00e9sistants. Bois massif, m\u00e9tal\u2026 on est loin du carton press\u00e9 qui ne dure pas plus de trois d\u00e9m\u00e9nagements. En investissant dans du mobilier recycl\u00e9, tu optes pour des pi\u00e8ces qui peuvent durer des ann\u00e9es, voire se transmettre de g\u00e9n\u00e9ration en g\u00e9n\u00e9ration. Pas mal, non ?<\/p>\n\n\n\n<figure class=\"wp-block-image size-full\"><img decoding=\"async\" width=\"1024\" height=\"1024\" src=\"https:\/\/www.habitat-design.net\/blog\/wp-content\/uploads\/2024\/11\/e398e9be-b2b6-4c5e-95a0-aaa8f316617b.webp\" alt=\"\" class=\"wp-image-1010\" srcset=\"https:\/\/www.habitat-design.net\/blog\/wp-content\/uploads\/2024\/11\/e398e9be-b2b6-4c5e-95a0-aaa8f316617b.webp 1024w, https:\/\/www.habitat-design.net\/blog\/wp-content\/uploads\/2024\/11\/e398e9be-b2b6-4c5e-95a0-aaa8f316617b-300x300.webp 300w, https:\/\/www.habitat-design.net\/blog\/wp-content\/uploads\/2024\/11\/e398e9be-b2b6-4c5e-95a0-aaa8f316617b-150x150.webp 150w, https:\/\/www.habitat-design.net\/blog\/wp-content\/uploads\/2024\/11\/e398e9be-b2b6-4c5e-95a0-aaa8f316617b-768x768.webp 768w, https:\/\/www.habitat-design.net\/blog\/wp-content\/uploads\/2024\/11\/e398e9be-b2b6-4c5e-95a0-aaa8f316617b-60x60.webp 60w\" sizes=\"(max-width: 1024px) 100vw, 1024px\" \/><\/figure>\n\n\n\n<h3 class=\"wp-block-heading\">Les diff\u00e9rents mat\u00e9riaux recycl\u00e9s dans le mobilier<\/h3>\n\n\n\n<p>Allez, on entre dans le concret. Quels sont les mat\u00e9riaux qu&rsquo;on retrouve le plus souvent dans ces meubles recycl\u00e9s ? Spoiler : il n&rsquo;y a pas que le bois.<\/p>\n\n\n\n<figure class=\"wp-block-table\"><table><thead><tr><th>Mat\u00e9riau<\/th><th>Caract\u00e9ristiques<\/th><th>Exemples de meubles<\/th><\/tr><\/thead><tbody><tr><td>Bois recycl\u00e9<\/td><td>Chaleureux, r\u00e9sistant, rustique<\/td><td>Tables, \u00e9tag\u00e8res, lits<\/td><\/tr><tr><td>M\u00e9tal recycl\u00e9<\/td><td>Style industriel, durable<\/td><td>Chaises, armoires, bureaux<\/td><\/tr><tr><td>Plastique<\/td><td>L\u00e9ger, personnalisable, moderne<\/td><td>Chaises, tabourets, d\u00e9co<\/td><\/tr><tr><td>Textiles<\/td><td>Confortable, souvent color\u00e9<\/td><td>Canap\u00e9s, coussins, fauteuils<\/td><\/tr><\/tbody><\/table><\/figure>\n\n\n\n<p><strong>Bois recycl\u00e9<\/strong><br>Le bois, c&rsquo;est le mat\u00e9riau roi des meubles recycl\u00e9s. Non seulement il est durable, mais en plus, il vieillit avec \u00e9l\u00e9gance. Un meuble en bois recycl\u00e9, c\u2019est un petit bijou de charme vintage. De plus, tu as souvent des textures, des veinures et des couleurs uniques.<\/p>\n\n\n\n<p><strong>M\u00e9tal recycl\u00e9<\/strong><br>Tu veux du style industriel ? Alors, bienvenue dans le monde des meubles en m\u00e9tal recycl\u00e9 ! Ces pi\u00e8ces sont souvent issues de vieilles structures, de tuyaux ou de morceaux de ferraille qui sont r\u00e9assembl\u00e9s pour cr\u00e9er des chaises, tables et \u00e9tag\u00e8res hyper tendance.<\/p>\n\n\n\n<p><strong>Plastique<\/strong><br>M\u00eame le plastique a droit \u00e0 une seconde vie ! Gr\u00e2ce au recyclage, on peut obtenir des meubles design, color\u00e9s et super pratiques, souvent plus abordables.<\/p>\n\n\n\n<h3 class=\"wp-block-heading\">Marques et designers pionniers du mobilier \u00e9cologique<\/h3>\n\n\n\n<p>Maintenant que tu as une id\u00e9e des mat\u00e9riaux, jetons un \u0153il \u00e0 quelques marques qui se d\u00e9marquent. Parce que oui, certains designers ont vraiment d\u00e9cid\u00e9 de r\u00e9volutionner la d\u00e9co \u00e9colo !<\/p>\n\n\n\n<ul class=\"wp-block-list\">\n<li><strong>Woodly<\/strong> \u2013 Cette marque italienne cr\u00e9e des meubles en bois recycl\u00e9 dans un style minimaliste, parfait pour les amateurs de sobri\u00e9t\u00e9 chic.<\/li>\n\n\n\n<li><strong>Tiptoe<\/strong> \u2013 Fran\u00e7aise et styl\u00e9e, cette marque fait des meubles modulables \u00e0 partir de m\u00e9tal recycl\u00e9. Tu peux acheter une simple structure et y ajouter le plateau de ton choix pour personnaliser ta table ou ton bureau.<\/li>\n\n\n\n<li><strong>Mati\u00e8re Grise<\/strong> \u2013 On est dans le 100 % made in France, avec du m\u00e9tal recycl\u00e9. Parfait pour des meubles aux lignes contemporaines.<\/li>\n<\/ul>\n\n\n\n<h3 class=\"wp-block-heading\">Comment choisir et acheter des meubles en mat\u00e9riaux recycl\u00e9s ?<\/h3>\n\n\n\n<p>\u00c7a y est, tu es convaincu(e) ! Tu veux des meubles recycl\u00e9s, mais tu ne sais pas par o\u00f9 commencer ? Pas de panique, voici quelques crit\u00e8res pour t&rsquo;aider \u00e0 faire le bon choix :<\/p>\n\n\n\n<ol class=\"wp-block-list\">\n<li><strong>D\u00e9finis ton style<\/strong><br>Avant tout, d\u00e9cide si tu veux un look industriel, boh\u00e8me, vintage, ou autre. Le choix des mat\u00e9riaux d\u00e9pendra de l\u2019ambiance que tu veux cr\u00e9er chez toi.<\/li>\n\n\n\n<li><strong>V\u00e9rifie la qualit\u00e9<\/strong><br>Certains meubles en mat\u00e9riaux recycl\u00e9s peuvent \u00eatre de pi\u00e8tre qualit\u00e9 (m\u00eame dans l\u2019\u00e9colo, il y a des pi\u00e8ges !). Assure-toi de la solidit\u00e9 et de la provenance des mat\u00e9riaux.<\/li>\n\n\n\n<li><strong>Compare les prix<\/strong><br>Attention aux prix parfois un peu exag\u00e9r\u00e9s. Oui, les meubles recycl\u00e9s sont souvent artisanaux, donc plus chers, mais m\u00e9fie-toi des marges trop \u00e9lev\u00e9es.<\/li>\n<\/ol>\n\n\n\n<figure class=\"wp-block-image size-full\"><img decoding=\"async\" width=\"1024\" height=\"1024\" src=\"https:\/\/www.habitat-design.net\/blog\/wp-content\/uploads\/2024\/11\/4dce7a06-ee46-4417-9ab7-cdf32ab5430e.webp\" alt=\"\" class=\"wp-image-1011\" srcset=\"https:\/\/www.habitat-design.net\/blog\/wp-content\/uploads\/2024\/11\/4dce7a06-ee46-4417-9ab7-cdf32ab5430e.webp 1024w, https:\/\/www.habitat-design.net\/blog\/wp-content\/uploads\/2024\/11\/4dce7a06-ee46-4417-9ab7-cdf32ab5430e-300x300.webp 300w, https:\/\/www.habitat-design.net\/blog\/wp-content\/uploads\/2024\/11\/4dce7a06-ee46-4417-9ab7-cdf32ab5430e-150x150.webp 150w, https:\/\/www.habitat-design.net\/blog\/wp-content\/uploads\/2024\/11\/4dce7a06-ee46-4417-9ab7-cdf32ab5430e-768x768.webp 768w, https:\/\/www.habitat-design.net\/blog\/wp-content\/uploads\/2024\/11\/4dce7a06-ee46-4417-9ab7-cdf32ab5430e-60x60.webp 60w\" sizes=\"(max-width: 1024px) 100vw, 1024px\" \/><\/figure>\n\n\n\n<h3 class=\"wp-block-heading\">DIY : fabriquer ses propres meubles en mat\u00e9riaux recycl\u00e9s<\/h3>\n\n\n\n<p>Tu veux aller plus loin et te lancer toi-m\u00eame dans la cr\u00e9ation de meubles recycl\u00e9s ? Bonne nouvelle, c\u2019est tout \u00e0 fait possible, et en plus, \u00e7a peut devenir une activit\u00e9 vraiment fun. Voici quelques id\u00e9es de projets simples \u00e0 r\u00e9aliser.<\/p>\n\n\n\n<p><strong>Fabrique une table basse avec des palettes<\/strong><br>Les palettes en bois sont une mine d&rsquo;or pour les amateurs de DIY. Avec quelques coups de pinceau et une finition en vernis, tu peux transformer deux palettes empil\u00e9es en une table basse ultra-tendance.<\/p>\n\n\n\n<p><strong>Transforme un vieux tonneau en bar<\/strong><br>Tu as un tonneau en bois ? Peins-le, ajoute des \u00e9tag\u00e8res \u00e0 l&rsquo;int\u00e9rieur et tu obtiens un petit bar pour ton salon. Simple et efficace.<\/p>\n\n\n\n<p><strong>Customise des chaises en m\u00e9tal<\/strong><br>Si tu as des chaises en m\u00e9tal un peu us\u00e9es, sors la peinture et laisse libre cours \u00e0 ton imagination ! Un coup de pinceau, et voil\u00e0 des chaises uniques pour ta salle \u00e0 manger.<\/p>\n\n\n\n<h3 class=\"wp-block-heading\">T\u00e9moignages et exp\u00e9riences d&rsquo;utilisateurs<\/h3>\n\n\n\n<p>Parce que rien ne vaut l\u2019avis de ceux qui ont saut\u00e9 le pas, voici quelques retours de fans de mobilier recycl\u00e9.<\/p>\n\n\n\n<p><strong>Lucie, 35 ans :<\/strong> \u201cJe suis pass\u00e9e au mobilier en mat\u00e9riaux recycl\u00e9s il y a trois ans. J\u2019ai des enfants, donc je voulais du costaud, et je ne regrette pas. Mon buffet en bois recycl\u00e9 vieillit bien et ajoute un c\u00f4t\u00e9 super chaleureux \u00e0 mon salon.\u201d<\/p>\n\n\n\n<p><strong>Maxime, 42 ans :<\/strong> \u201cJ&rsquo;ai am\u00e9nag\u00e9 mon bureau avec du mobilier recycl\u00e9, et franchement, \u00e7a fait toute la diff\u00e9rence. C\u2019est beau, \u00e9colo, et en plus, je passe moins de temps \u00e0 me demander si c\u2019est durable. Je recommande !\u201d<\/p>\n\n\n\n<h3 class=\"wp-block-heading\">FAQ sur les meubles en mat\u00e9riaux recycl\u00e9s<\/h3>\n\n\n\n<p><strong>Les meubles recycl\u00e9s sont-ils plus chers ?<\/strong><br>Pas forc\u00e9ment. Oui, certains peuvent \u00eatre plus co\u00fbteux, surtout ceux fabriqu\u00e9s artisanalement. Mais tu peux trouver des options abordables en fouillant un peu ou en choisissant des pi\u00e8ces plus petites.<\/p>\n\n\n\n<p><strong>Comment entretenir ce type de mobilier ?<\/strong><br>Les meubles en bois recycl\u00e9, par exemple, n\u00e9cessitent un petit coup de cire ou d\u2019huile de temps en temps pour rester beaux. Quant aux meubles en m\u00e9tal, une lingette anti-rouille de temps en temps, et hop, c\u2019est reparti !<\/p>\n\n\n\n<p>Et voil\u00e0 ! J&rsquo;esp\u00e8re que cet article t&rsquo;aura convaincu des mille et une merveilles que peuvent apporter les meubles en mat\u00e9riaux recycl\u00e9s \u00e0 ton int\u00e9rieur. Alors, pourquoi ne pas te lancer ? Que ce soit pour acheter ou fabriquer, il y a mille fa\u00e7ons d&rsquo;int\u00e9grer ce mobilier durable et styl\u00e9 chez toi.<\/p>\n\n\n\n<p>Si cet article t\u2019a plu, partage-le avec tes amis sur les r\u00e9seaux sociaux et aide-nous \u00e0 diffuser l\u2019amour des meubles recycl\u00e9s !<\/p>\n","protected":false},"excerpt":{"rendered":"<p>Si tu es ici, c\u2019est que tu t&rsquo;int\u00e9resses aux meubles en mat\u00e9riaux recycl\u00e9s. Bonne nouvelle, tu es au bon endroit ! Que tu sois d\u00e9j\u00e0 un expert en d\u00e9co \u00e9colo ou que tu en sois encore \u00e0 te demander pourquoi choisir du mobilier durable, cet article est pour toi. En 2024, faire le choix de &#8230; <a title=\"Meubles en mat\u00e9riaux recycl\u00e9s : l&rsquo;alternative \u00e9colo et styl\u00e9e pour ton int\u00e9rieur\" class=\"read-more\" href=\"https:\/\/www.habitat-design.net\/blog\/meubles-en-materiaux-recycles\/\" aria-label=\"En savoir plus sur Meubles en mat\u00e9riaux recycl\u00e9s : l&rsquo;alternative \u00e9colo et styl\u00e9e pour ton int\u00e9rieur\">Lire plus<\/a><\/p>\n","protected":false},"author":1,"featured_media":1008,"comment_status":"open","ping_status":"open","sticky":false,"template":"","format":"standard","meta":{"footnotes":""},"categories":[1],"tags":[],"class_list":["post-1007","post","type-post","status-publish","format-standard","has-post-thumbnail","hentry","category-maison"],"yoast_head":"<!-- This site is optimized with the Yoast SEO plugin v26.8 - https:\/\/yoast.com\/product\/yoast-seo-wordpress\/ -->\n<title>meubles en mat\u00e9riaux recycl\u00e9s : guide pratique pour un int\u00e9rieur \u00e9co-responsable<\/title>\n<meta name=\"description\" content=\"d\u00e9couvre les avantages des meubles en mat\u00e9riaux recycl\u00e9s, des conseils d&#039;achat, et des astuces DIY pour un int\u00e9rieur \u00e0 la fois durable et tendance !\" \/>\n<meta name=\"robots\" content=\"index, follow, max-snippet:-1, max-image-preview:large, max-video-preview:-1\" \/>\n<link rel=\"canonical\" href=\"https:\/\/www.habitat-design.net\/blog\/meubles-en-materiaux-recycles\/\" \/>\n<meta property=\"og:locale\" content=\"fr_FR\" \/>\n<meta property=\"og:type\" content=\"article\" \/>\n<meta property=\"og:title\" content=\"meubles en mat\u00e9riaux recycl\u00e9s : guide pratique pour un int\u00e9rieur \u00e9co-responsable\" \/>\n<meta property=\"og:description\" content=\"d\u00e9couvre les avantages des meubles en mat\u00e9riaux recycl\u00e9s, des conseils d&#039;achat, et des astuces DIY pour un int\u00e9rieur \u00e0 la fois durable et tendance !\" \/>\n<meta property=\"og:url\" content=\"https:\/\/www.habitat-design.net\/blog\/meubles-en-materiaux-recycles\/\" \/>\n<meta property=\"article:published_time\" content=\"2024-10-31T10:31:00+00:00\" \/>\n<meta property=\"article:modified_time\" content=\"2024-11-02T10:44:36+00:00\" \/>\n<meta property=\"og:image\" content=\"https:\/\/www.habitat-design.net\/blog\/wp-content\/uploads\/2024\/11\/cc0cb38e-7412-4bdd-8f31-4ee6f1ae830e.webp\" \/>\n\t<meta property=\"og:image:width\" content=\"1024\" \/>\n\t<meta property=\"og:image:height\" content=\"1024\" \/>\n\t<meta property=\"og:image:type\" content=\"image\/webp\" \/>\n<meta name=\"author\" content=\"Julien Laurent\" \/>\n<meta name=\"twitter:card\" content=\"summary_large_image\" \/>\n<meta name=\"twitter:label1\" content=\"\u00c9crit par\" \/>\n\t<meta name=\"twitter:data1\" content=\"Julien Laurent\" \/>\n\t<meta name=\"twitter:label2\" content=\"Dur\u00e9e de lecture estim\u00e9e\" \/>\n\t<meta name=\"twitter:data2\" content=\"8 minutes\" \/>\n<script type=\"application\/ld+json\" class=\"yoast-schema-graph\">{\"@context\":\"https:\/\/schema.org\",\"@graph\":[{\"@type\":\"Article\",\"@id\":\"https:\/\/www.habitat-design.net\/blog\/meubles-en-materiaux-recycles\/#article\",\"isPartOf\":{\"@id\":\"https:\/\/www.habitat-design.net\/blog\/meubles-en-materiaux-recycles\/\"},\"author\":{\"name\":\"Julien Laurent\",\"@id\":\"https:\/\/www.habitat-design.net\/blog\/#\/schema\/person\/f81363ecfab7ff0bfb976328793ce2e5\"},\"headline\":\"Meubles en mat\u00e9riaux recycl\u00e9s : l&rsquo;alternative \u00e9colo et styl\u00e9e pour ton int\u00e9rieur\",\"datePublished\":\"2024-10-31T10:31:00+00:00\",\"dateModified\":\"2024-11-02T10:44:36+00:00\",\"mainEntityOfPage\":{\"@id\":\"https:\/\/www.habitat-design.net\/blog\/meubles-en-materiaux-recycles\/\"},\"wordCount\":1456,\"commentCount\":0,\"image\":{\"@id\":\"https:\/\/www.habitat-design.net\/blog\/meubles-en-materiaux-recycles\/#primaryimage\"},\"thumbnailUrl\":\"https:\/\/www.habitat-design.net\/blog\/wp-content\/uploads\/2024\/11\/cc0cb38e-7412-4bdd-8f31-4ee6f1ae830e.webp\",\"articleSection\":[\"Maison &amp; d\u00e9coration\"],\"inLanguage\":\"fr-FR\",\"potentialAction\":[{\"@type\":\"CommentAction\",\"name\":\"Comment\",\"target\":[\"https:\/\/www.habitat-design.net\/blog\/meubles-en-materiaux-recycles\/#respond\"]}]},{\"@type\":\"WebPage\",\"@id\":\"https:\/\/www.habitat-design.net\/blog\/meubles-en-materiaux-recycles\/\",\"url\":\"https:\/\/www.habitat-design.net\/blog\/meubles-en-materiaux-recycles\/\",\"name\":\"meubles en mat\u00e9riaux recycl\u00e9s : guide pratique pour un int\u00e9rieur \u00e9co-responsable\",\"isPartOf\":{\"@id\":\"https:\/\/www.habitat-design.net\/blog\/#website\"},\"primaryImageOfPage\":{\"@id\":\"https:\/\/www.habitat-design.net\/blog\/meubles-en-materiaux-recycles\/#primaryimage\"},\"image\":{\"@id\":\"https:\/\/www.habitat-design.net\/blog\/meubles-en-materiaux-recycles\/#primaryimage\"},\"thumbnailUrl\":\"https:\/\/www.habitat-design.net\/blog\/wp-content\/uploads\/2024\/11\/cc0cb38e-7412-4bdd-8f31-4ee6f1ae830e.webp\",\"datePublished\":\"2024-10-31T10:31:00+00:00\",\"dateModified\":\"2024-11-02T10:44:36+00:00\",\"author\":{\"@id\":\"https:\/\/www.habitat-design.net\/blog\/#\/schema\/person\/f81363ecfab7ff0bfb976328793ce2e5\"},\"description\":\"d\u00e9couvre les avantages des meubles en mat\u00e9riaux recycl\u00e9s, des conseils d'achat, et des astuces DIY pour un int\u00e9rieur \u00e0 la fois durable et tendance !\",\"breadcrumb\":{\"@id\":\"https:\/\/www.habitat-design.net\/blog\/meubles-en-materiaux-recycles\/#breadcrumb\"},\"inLanguage\":\"fr-FR\",\"potentialAction\":[{\"@type\":\"ReadAction\",\"target\":[\"https:\/\/www.habitat-design.net\/blog\/meubles-en-materiaux-recycles\/\"]}]},{\"@type\":\"ImageObject\",\"inLanguage\":\"fr-FR\",\"@id\":\"https:\/\/www.habitat-design.net\/blog\/meubles-en-materiaux-recycles\/#primaryimage\",\"url\":\"https:\/\/www.habitat-design.net\/blog\/wp-content\/uploads\/2024\/11\/cc0cb38e-7412-4bdd-8f31-4ee6f1ae830e.webp\",\"contentUrl\":\"https:\/\/www.habitat-design.net\/blog\/wp-content\/uploads\/2024\/11\/cc0cb38e-7412-4bdd-8f31-4ee6f1ae830e.webp\",\"width\":1024,\"height\":1024,\"caption\":\"meubles en mat\u00e9riaux recycl\u00e9s\"},{\"@type\":\"BreadcrumbList\",\"@id\":\"https:\/\/www.habitat-design.net\/blog\/meubles-en-materiaux-recycles\/#breadcrumb\",\"itemListElement\":[{\"@type\":\"ListItem\",\"position\":1,\"name\":\"Accueil\",\"item\":\"https:\/\/www.habitat-design.net\/blog\/\"},{\"@type\":\"ListItem\",\"position\":2,\"name\":\"Meubles en mat\u00e9riaux recycl\u00e9s : l&rsquo;alternative \u00e9colo et styl\u00e9e pour ton int\u00e9rieur\"}]},{\"@type\":\"WebSite\",\"@id\":\"https:\/\/www.habitat-design.net\/blog\/#website\",\"url\":\"https:\/\/www.habitat-design.net\/blog\/\",\"name\":\"\",\"description\":\"\",\"potentialAction\":[{\"@type\":\"SearchAction\",\"target\":{\"@type\":\"EntryPoint\",\"urlTemplate\":\"https:\/\/www.habitat-design.net\/blog\/?s={search_term_string}\"},\"query-input\":{\"@type\":\"PropertyValueSpecification\",\"valueRequired\":true,\"valueName\":\"search_term_string\"}}],\"inLanguage\":\"fr-FR\"},{\"@type\":\"Person\",\"@id\":\"https:\/\/www.habitat-design.net\/blog\/#\/schema\/person\/f81363ecfab7ff0bfb976328793ce2e5\",\"name\":\"Julien Laurent\",\"image\":{\"@type\":\"ImageObject\",\"inLanguage\":\"fr-FR\",\"@id\":\"https:\/\/www.habitat-design.net\/blog\/#\/schema\/person\/image\/\",\"url\":\"https:\/\/secure.gravatar.com\/avatar\/36c5f08b15b2f828b41156cb6e69b449?s=96&d=mm&r=g\",\"contentUrl\":\"https:\/\/secure.gravatar.com\/avatar\/36c5f08b15b2f828b41156cb6e69b449?s=96&d=mm&r=g\",\"caption\":\"Julien Laurent\"},\"description\":\"Julien Laurent est un blogueur passionn\u00e9 par le domaine de la d\u00e9coration int\u00e9rieure et du design. Avec un dipl\u00f4me en design d'int\u00e9rieur et plusieurs ann\u00e9es d'exp\u00e9rience en tant que d\u00e9corateur, il partage des conseils pratiques pour embellir et optimiser les espaces de vie. Ses articles inspirants et informatifs visent \u00e0 aider ses lecteurs \u00e0 cr\u00e9er des int\u00e9rieurs harmonieux et esth\u00e9tiques, refl\u00e9tant leur personnalit\u00e9 et leur style.\",\"sameAs\":[\"http:\/\/www.habitat-design.net\/blog\"],\"url\":\"https:\/\/www.habitat-design.net\/blog\/author\/contacthabitat-design-net\/\"}]}<\/script>\n<!-- \/ Yoast SEO plugin. -->","yoast_head_json":{"title":"meubles en mat\u00e9riaux recycl\u00e9s : guide pratique pour un int\u00e9rieur \u00e9co-responsable","description":"d\u00e9couvre les avantages des meubles en mat\u00e9riaux recycl\u00e9s, des conseils d'achat, et des astuces DIY pour un int\u00e9rieur \u00e0 la fois durable et tendance !","robots":{"index":"index","follow":"follow","max-snippet":"max-snippet:-1","max-image-preview":"max-image-preview:large","max-video-preview":"max-video-preview:-1"},"canonical":"https:\/\/www.habitat-design.net\/blog\/meubles-en-materiaux-recycles\/","og_locale":"fr_FR","og_type":"article","og_title":"meubles en mat\u00e9riaux recycl\u00e9s : guide pratique pour un int\u00e9rieur \u00e9co-responsable","og_description":"d\u00e9couvre les avantages des meubles en mat\u00e9riaux recycl\u00e9s, des conseils d'achat, et des astuces DIY pour un int\u00e9rieur \u00e0 la fois durable et tendance !","og_url":"https:\/\/www.habitat-design.net\/blog\/meubles-en-materiaux-recycles\/","article_published_time":"2024-10-31T10:31:00+00:00","article_modified_time":"2024-11-02T10:44:36+00:00","og_image":[{"width":1024,"height":1024,"url":"https:\/\/www.habitat-design.net\/blog\/wp-content\/uploads\/2024\/11\/cc0cb38e-7412-4bdd-8f31-4ee6f1ae830e.webp","type":"image\/webp"}],"author":"Julien Laurent","twitter_card":"summary_large_image","twitter_misc":{"\u00c9crit par":"Julien Laurent","Dur\u00e9e de lecture estim\u00e9e":"8 minutes"},"schema":{"@context":"https:\/\/schema.org","@graph":[{"@type":"Article","@id":"https:\/\/www.habitat-design.net\/blog\/meubles-en-materiaux-recycles\/#article","isPartOf":{"@id":"https:\/\/www.habitat-design.net\/blog\/meubles-en-materiaux-recycles\/"},"author":{"name":"Julien Laurent","@id":"https:\/\/www.habitat-design.net\/blog\/#\/schema\/person\/f81363ecfab7ff0bfb976328793ce2e5"},"headline":"Meubles en mat\u00e9riaux recycl\u00e9s : l&rsquo;alternative \u00e9colo et styl\u00e9e pour ton int\u00e9rieur","datePublished":"2024-10-31T10:31:00+00:00","dateModified":"2024-11-02T10:44:36+00:00","mainEntityOfPage":{"@id":"https:\/\/www.habitat-design.net\/blog\/meubles-en-materiaux-recycles\/"},"wordCount":1456,"commentCount":0,"image":{"@id":"https:\/\/www.habitat-design.net\/blog\/meubles-en-materiaux-recycles\/#primaryimage"},"thumbnailUrl":"https:\/\/www.habitat-design.net\/blog\/wp-content\/uploads\/2024\/11\/cc0cb38e-7412-4bdd-8f31-4ee6f1ae830e.webp","articleSection":["Maison &amp; d\u00e9coration"],"inLanguage":"fr-FR","potentialAction":[{"@type":"CommentAction","name":"Comment","target":["https:\/\/www.habitat-design.net\/blog\/meubles-en-materiaux-recycles\/#respond"]}]},{"@type":"WebPage","@id":"https:\/\/www.habitat-design.net\/blog\/meubles-en-materiaux-recycles\/","url":"https:\/\/www.habitat-design.net\/blog\/meubles-en-materiaux-recycles\/","name":"meubles en mat\u00e9riaux recycl\u00e9s : guide pratique pour un int\u00e9rieur \u00e9co-responsable","isPartOf":{"@id":"https:\/\/www.habitat-design.net\/blog\/#website"},"primaryImageOfPage":{"@id":"https:\/\/www.habitat-design.net\/blog\/meubles-en-materiaux-recycles\/#primaryimage"},"image":{"@id":"https:\/\/www.habitat-design.net\/blog\/meubles-en-materiaux-recycles\/#primaryimage"},"thumbnailUrl":"https:\/\/www.habitat-design.net\/blog\/wp-content\/uploads\/2024\/11\/cc0cb38e-7412-4bdd-8f31-4ee6f1ae830e.webp","datePublished":"2024-10-31T10:31:00+00:00","dateModified":"2024-11-02T10:44:36+00:00","author":{"@id":"https:\/\/www.habitat-design.net\/blog\/#\/schema\/person\/f81363ecfab7ff0bfb976328793ce2e5"},"description":"d\u00e9couvre les avantages des meubles en mat\u00e9riaux recycl\u00e9s, des conseils d'achat, et des astuces DIY pour un int\u00e9rieur \u00e0 la fois durable et tendance !","breadcrumb":{"@id":"https:\/\/www.habitat-design.net\/blog\/meubles-en-materiaux-recycles\/#breadcrumb"},"inLanguage":"fr-FR","potentialAction":[{"@type":"ReadAction","target":["https:\/\/www.habitat-design.net\/blog\/meubles-en-materiaux-recycles\/"]}]},{"@type":"ImageObject","inLanguage":"fr-FR","@id":"https:\/\/www.habitat-design.net\/blog\/meubles-en-materiaux-recycles\/#primaryimage","url":"https:\/\/www.habitat-design.net\/blog\/wp-content\/uploads\/2024\/11\/cc0cb38e-7412-4bdd-8f31-4ee6f1ae830e.webp","contentUrl":"https:\/\/www.habitat-design.net\/blog\/wp-content\/uploads\/2024\/11\/cc0cb38e-7412-4bdd-8f31-4ee6f1ae830e.webp","width":1024,"height":1024,"caption":"meubles en mat\u00e9riaux recycl\u00e9s"},{"@type":"BreadcrumbList","@id":"https:\/\/www.habitat-design.net\/blog\/meubles-en-materiaux-recycles\/#breadcrumb","itemListElement":[{"@type":"ListItem","position":1,"name":"Accueil","item":"https:\/\/www.habitat-design.net\/blog\/"},{"@type":"ListItem","position":2,"name":"Meubles en mat\u00e9riaux recycl\u00e9s : l&rsquo;alternative \u00e9colo et styl\u00e9e pour ton int\u00e9rieur"}]},{"@type":"WebSite","@id":"https:\/\/www.habitat-design.net\/blog\/#website","url":"https:\/\/www.habitat-design.net\/blog\/","name":"","description":"","potentialAction":[{"@type":"SearchAction","target":{"@type":"EntryPoint","urlTemplate":"https:\/\/www.habitat-design.net\/blog\/?s={search_term_string}"},"query-input":{"@type":"PropertyValueSpecification","valueRequired":true,"valueName":"search_term_string"}}],"inLanguage":"fr-FR"},{"@type":"Person","@id":"https:\/\/www.habitat-design.net\/blog\/#\/schema\/person\/f81363ecfab7ff0bfb976328793ce2e5","name":"Julien Laurent","image":{"@type":"ImageObject","inLanguage":"fr-FR","@id":"https:\/\/www.habitat-design.net\/blog\/#\/schema\/person\/image\/","url":"https:\/\/secure.gravatar.com\/avatar\/36c5f08b15b2f828b41156cb6e69b449?s=96&d=mm&r=g","contentUrl":"https:\/\/secure.gravatar.com\/avatar\/36c5f08b15b2f828b41156cb6e69b449?s=96&d=mm&r=g","caption":"Julien Laurent"},"description":"Julien Laurent est un blogueur passionn\u00e9 par le domaine de la d\u00e9coration int\u00e9rieure et du design. Avec un dipl\u00f4me en design d'int\u00e9rieur et plusieurs ann\u00e9es d'exp\u00e9rience en tant que d\u00e9corateur, il partage des conseils pratiques pour embellir et optimiser les espaces de vie. Ses articles inspirants et informatifs visent \u00e0 aider ses lecteurs \u00e0 cr\u00e9er des int\u00e9rieurs harmonieux et esth\u00e9tiques, refl\u00e9tant leur personnalit\u00e9 et leur style.","sameAs":["http:\/\/www.habitat-design.net\/blog"],"url":"https:\/\/www.habitat-design.net\/blog\/author\/contacthabitat-design-net\/"}]}},"views":256,"_links":{"self":[{"href":"https:\/\/www.habitat-design.net\/blog\/wp-json\/wp\/v2\/posts\/1007","targetHints":{"allow":["GET"]}}],"collection":[{"href":"https:\/\/www.habitat-design.net\/blog\/wp-json\/wp\/v2\/posts"}],"about":[{"href":"https:\/\/www.habitat-design.net\/blog\/wp-json\/wp\/v2\/types\/post"}],"author":[{"embeddable":true,"href":"https:\/\/www.habitat-design.net\/blog\/wp-json\/wp\/v2\/users\/1"}],"replies":[{"embeddable":true,"href":"https:\/\/www.habitat-design.net\/blog\/wp-json\/wp\/v2\/comments?post=1007"}],"version-history":[{"count":1,"href":"https:\/\/www.habitat-design.net\/blog\/wp-json\/wp\/v2\/posts\/1007\/revisions"}],"predecessor-version":[{"id":1012,"href":"https:\/\/www.habitat-design.net\/blog\/wp-json\/wp\/v2\/posts\/1007\/revisions\/1012"}],"wp:featuredmedia":[{"embeddable":true,"href":"https:\/\/www.habitat-design.net\/blog\/wp-json\/wp\/v2\/media\/1008"}],"wp:attachment":[{"href":"https:\/\/www.habitat-design.net\/blog\/wp-json\/wp\/v2\/media?parent=1007"}],"wp:term":[{"taxonomy":"category","embeddable":true,"href":"https:\/\/www.habitat-design.net\/blog\/wp-json\/wp\/v2\/categories?post=1007"},{"taxonomy":"post_tag","embeddable":true,"href":"https:\/\/www.habitat-design.net\/blog\/wp-json\/wp\/v2\/tags?post=1007"}],"curies":[{"name":"wp","href":"https:\/\/api.w.org\/{rel}","templated":true}]}}