
{"id":390,"date":"2023-12-20T22:20:18","date_gmt":"2023-12-20T21:20:18","guid":{"rendered":"https:\/\/www.habitat-design.net\/blog\/?p=390"},"modified":"2023-12-20T22:20:19","modified_gmt":"2023-12-20T21:20:19","slug":"douches-pmr-design-allier-esthetisme-et-accessibilite","status":"publish","type":"post","link":"http:\/\/www.habitat-design.net\/blog\/douches-pmr-design-allier-esthetisme-et-accessibilite\/","title":{"rendered":"Douches PMR Design : Allier Esth\u00e9tisme et Accessibilit\u00e9"},"content":{"rendered":"\n<h2 class=\"wp-block-heading\">Introduction<\/h2>\n\n\n\n<p>Les douches PMR design, sp\u00e9cialement con\u00e7ues pour les personnes \u00e0 mobilit\u00e9 r\u00e9duite, repr\u00e9sentent une r\u00e9volution dans le domaine de l&rsquo;accessibilit\u00e9. Elles combinent avec succ\u00e8s esth\u00e9tisme, fonctionnalit\u00e9 et adaptabilit\u00e9 pour offrir une exp\u00e9rience de douche exceptionnelle aux personnes ayant des besoins particuliers. Dans cet article, nous explorerons en d\u00e9tail les caract\u00e9ristiques et avantages de ces douches, tout en mettant l&rsquo;accent sur leur esth\u00e9tisme et leur adaptabilit\u00e9. De plus, nous discuterons de la mani\u00e8re dont ces douches peuvent contribuer \u00e0 \u00ab\u00a0<a href=\"https:\/\/www.accessenior.fr\">Adapter sa salle de bain<\/a>\u00a0\u00bb pour r\u00e9pondre aux besoins sp\u00e9cifiques des personnes \u00e0 mobilit\u00e9 r\u00e9duite.<\/p>\n\n\n\n<h2 class=\"wp-block-heading\">Esth\u00e9tisme<\/h2>\n\n\n\n<h3 class=\"wp-block-heading\">Design moderne et attrayant<\/h3>\n\n\n\n<p>Les douches PMR design se d\u00e9marquent par leur esth\u00e9tisme moderne et attrayant. Elles sont con\u00e7ues pour s&rsquo;int\u00e9grer harmonieusement dans n&rsquo;importe quel style de salle de bains. Avec des lignes \u00e9pur\u00e9es, des finitions \u00e9l\u00e9gantes et des couleurs vari\u00e9es, elles offrent une esth\u00e9tique qui n&rsquo;a rien \u00e0 envier aux douches conventionnelles.<\/p>\n\n\n\n<h3 class=\"wp-block-heading\">Personnalisation<\/h3>\n\n\n\n<p>Une des forces des douches PMR design r\u00e9side dans leur capacit\u00e9 \u00e0 \u00eatre personnalis\u00e9es selon les pr\u00e9f\u00e9rences individuelles. Les mat\u00e9riaux, les couleurs et les motifs peuvent \u00eatre adapt\u00e9s pour cr\u00e9er une douche unique qui refl\u00e8te le go\u00fbt personnel du propri\u00e9taire. Cette personnalisation permet d&rsquo;ajouter une touche de luxe \u00e0 la salle de bains tout en maintenant la fonctionnalit\u00e9 n\u00e9cessaire.<\/p>\n\n\n\n<h2 class=\"wp-block-heading\">Adaptabilit\u00e9<\/h2>\n\n\n\n<p>Les douches PMR design sont sp\u00e9cialement con\u00e7ues pour r\u00e9pondre aux besoins des personnes \u00e0 mobilit\u00e9 r\u00e9duite. Elles int\u00e8grent une s\u00e9rie de fonctionnalit\u00e9s pour garantir une utilisation ais\u00e9e et s\u00e9curis\u00e9e, notamment des barres de maintien, des si\u00e8ges rabattables, et des seuils de douche ultra-plats pour faciliter l&rsquo;entr\u00e9e et la sortie.<\/p>\n\n\n\n<h2 class=\"wp-block-heading\">Mat\u00e9riaux et finitions<\/h2>\n\n\n\n<h3 class=\"wp-block-heading\">Durabilit\u00e9 et facilit\u00e9 d&rsquo;entretien<\/h3>\n\n\n\n<p>Les mat\u00e9riaux utilis\u00e9s dans la fabrication des douches PMR design sont choisis avec soin pour leur durabilit\u00e9 et leur facilit\u00e9 d&rsquo;entretien. Les parois en acrylique r\u00e9sistant, les portes en verre tremp\u00e9 et les poign\u00e9es en acier inoxydable garantissent une longue dur\u00e9e de vie du produit. De plus, ces mat\u00e9riaux sont faciles \u00e0 nettoyer, ce qui simplifie l&rsquo;entretien quotidien.<\/p>\n\n\n\n<h2 class=\"wp-block-heading\">Exemples de r\u00e9alisations<\/h2>\n\n\n\n<h3 class=\"wp-block-heading\">Inspirations concr\u00e8tes<\/h3>\n\n\n\n<p>Pour vous inspirer, voici quelques exemples de douches PMR design r\u00e9ussies. Ces r\u00e9alisations d\u00e9montrent comment l&rsquo;esth\u00e9tisme peut \u00eatre int\u00e9gr\u00e9 \u00e0 l&rsquo;accessibilit\u00e9, offrant ainsi des espaces de douche magnifiques et pratiques pour les personnes \u00e0 mobilit\u00e9 r\u00e9duite.<\/p>\n\n\n\n<p>[Ins\u00e9rer ici des photos ou des sch\u00e9mas illustrant ces exemples.]<\/p>\n\n\n\n<h2 class=\"wp-block-heading\">Avantages suppl\u00e9mentaires<\/h2>\n\n\n\n<p>Outre leur esth\u00e9tisme et leur adaptabilit\u00e9, les douches PMR design apportent d&rsquo;autres avantages significatifs. Elles contribuent \u00e0 l&rsquo;am\u00e9lioration de l&rsquo;accessibilit\u00e9 universelle, cr\u00e9ant des environnements inclusifs pour tous. De plus, elles sont con\u00e7ues pour s&rsquo;adapter \u00e0 diverses configurations de salle de bains, ce qui les rend adapt\u00e9es \u00e0 une grande vari\u00e9t\u00e9 de logements.<\/p>\n\n\n\n<h2 class=\"wp-block-heading\">Conclusion<\/h2>\n\n\n\n<p>En conclusion, les douches PMR design repr\u00e9sentent une avanc\u00e9e majeure dans le domaine de l&rsquo;accessibilit\u00e9. Elles allient parfaitement esth\u00e9tisme et adaptabilit\u00e9, offrant ainsi une solution exceptionnelle pour les personnes \u00e0 mobilit\u00e9 r\u00e9duite \u00e0 la recherche d&rsquo;une douche accessible et esth\u00e9tique. L&rsquo;importance de ces douches ne r\u00e9side pas seulement dans leur aspect pratique, mais aussi dans leur capacit\u00e9 \u00e0 am\u00e9liorer la qualit\u00e9 de vie et \u00e0 promouvoir l&rsquo;accessibilit\u00e9 universelle. Si vous souhaitez transformer votre salle de bains en un espace \u00e0 la fois beau et fonctionnel, les douches PMR design sont un choix incontournable.<\/p>\n","protected":false},"excerpt":{"rendered":"<p>Introduction Les douches PMR design, sp\u00e9cialement con\u00e7ues pour les personnes \u00e0 mobilit\u00e9 r\u00e9duite, repr\u00e9sentent une r\u00e9volution dans le domaine de l&rsquo;accessibilit\u00e9. Elles combinent avec succ\u00e8s esth\u00e9tisme, fonctionnalit\u00e9 et adaptabilit\u00e9 pour offrir une exp\u00e9rience de douche exceptionnelle aux personnes ayant des besoins particuliers. Dans cet article, nous explorerons en d\u00e9tail les caract\u00e9ristiques et avantages de ces &#8230; <a title=\"Douches PMR Design : Allier Esth\u00e9tisme et Accessibilit\u00e9\" class=\"read-more\" href=\"http:\/\/www.habitat-design.net\/blog\/douches-pmr-design-allier-esthetisme-et-accessibilite\/\" aria-label=\"En savoir plus sur Douches PMR Design : Allier Esth\u00e9tisme et Accessibilit\u00e9\">Lire plus<\/a><\/p>\n","protected":false},"author":1,"featured_media":391,"comment_status":"open","ping_status":"open","sticky":false,"template":"","format":"standard","meta":{"footnotes":""},"categories":[1],"tags":[],"class_list":["post-390","post","type-post","status-publish","format-standard","has-post-thumbnail","hentry","category-maison"],"yoast_head":"<!-- This site is optimized with the Yoast SEO plugin v26.8 - https:\/\/yoast.com\/product\/yoast-seo-wordpress\/ -->\n<title>Douches PMR Design : Allier Esth\u00e9tisme et Accessibilit\u00e9 -<\/title>\n<meta name=\"description\" content=\"Explorez l&#039;alliance parfaite entre esth\u00e9tisme et accessibilit\u00e9 avec les douches PMR design. D\u00e9couvrez comment ces douches \u00e9l\u00e9gantes sont con\u00e7ues pour r\u00e9pondre aux besoins des personnes \u00e0 mobilit\u00e9 r\u00e9duite tout en transformant votre salle de bains. Obtenez des inspirations concr\u00e8tes et des conseils sur la personnalisation. &quot;Adapter sa salle de bain&quot; n&#039;a jamais \u00e9t\u00e9 aussi facile\" \/>\n<meta name=\"robots\" content=\"index, follow, max-snippet:-1, max-image-preview:large, max-video-preview:-1\" \/>\n<link rel=\"canonical\" href=\"http:\/\/www.habitat-design.net\/blog\/douches-pmr-design-allier-esthetisme-et-accessibilite\/\" \/>\n<meta property=\"og:locale\" content=\"fr_FR\" \/>\n<meta property=\"og:type\" content=\"article\" \/>\n<meta property=\"og:title\" content=\"Douches PMR Design : Allier Esth\u00e9tisme et Accessibilit\u00e9 -\" \/>\n<meta property=\"og:description\" content=\"Explorez l&#039;alliance parfaite entre esth\u00e9tisme et accessibilit\u00e9 avec les douches PMR design. D\u00e9couvrez comment ces douches \u00e9l\u00e9gantes sont con\u00e7ues pour r\u00e9pondre aux besoins des personnes \u00e0 mobilit\u00e9 r\u00e9duite tout en transformant votre salle de bains. Obtenez des inspirations concr\u00e8tes et des conseils sur la personnalisation. &quot;Adapter sa salle de bain&quot; n&#039;a jamais \u00e9t\u00e9 aussi facile\" \/>\n<meta property=\"og:url\" content=\"http:\/\/www.habitat-design.net\/blog\/douches-pmr-design-allier-esthetisme-et-accessibilite\/\" \/>\n<meta property=\"article:published_time\" content=\"2023-12-20T21:20:18+00:00\" \/>\n<meta property=\"article:modified_time\" content=\"2023-12-20T21:20:19+00:00\" \/>\n<meta property=\"og:image\" content=\"http:\/\/www.habitat-design.net\/blog\/wp-content\/uploads\/2023\/12\/shower-1027904_640.jpg\" \/>\n\t<meta property=\"og:image:width\" content=\"640\" \/>\n\t<meta property=\"og:image:height\" content=\"428\" \/>\n\t<meta property=\"og:image:type\" content=\"image\/jpeg\" \/>\n<meta name=\"author\" content=\"Julien Laurent\" \/>\n<meta name=\"twitter:card\" content=\"summary_large_image\" \/>\n<meta name=\"twitter:label1\" content=\"\u00c9crit par\" \/>\n\t<meta name=\"twitter:data1\" content=\"Julien Laurent\" \/>\n\t<meta name=\"twitter:label2\" content=\"Dur\u00e9e de lecture estim\u00e9e\" \/>\n\t<meta name=\"twitter:data2\" content=\"3 minutes\" \/>\n<script type=\"application\/ld+json\" class=\"yoast-schema-graph\">{\"@context\":\"https:\/\/schema.org\",\"@graph\":[{\"@type\":\"Article\",\"@id\":\"http:\/\/www.habitat-design.net\/blog\/douches-pmr-design-allier-esthetisme-et-accessibilite\/#article\",\"isPartOf\":{\"@id\":\"http:\/\/www.habitat-design.net\/blog\/douches-pmr-design-allier-esthetisme-et-accessibilite\/\"},\"author\":{\"name\":\"Julien Laurent\",\"@id\":\"https:\/\/www.habitat-design.net\/blog\/#\/schema\/person\/f81363ecfab7ff0bfb976328793ce2e5\"},\"headline\":\"Douches PMR Design : Allier Esth\u00e9tisme et Accessibilit\u00e9\",\"datePublished\":\"2023-12-20T21:20:18+00:00\",\"dateModified\":\"2023-12-20T21:20:19+00:00\",\"mainEntityOfPage\":{\"@id\":\"http:\/\/www.habitat-design.net\/blog\/douches-pmr-design-allier-esthetisme-et-accessibilite\/\"},\"wordCount\":590,\"commentCount\":0,\"image\":{\"@id\":\"http:\/\/www.habitat-design.net\/blog\/douches-pmr-design-allier-esthetisme-et-accessibilite\/#primaryimage\"},\"thumbnailUrl\":\"http:\/\/www.habitat-design.net\/blog\/wp-content\/uploads\/2023\/12\/shower-1027904_640.jpg\",\"articleSection\":[\"Maison &amp; d\u00e9coration\"],\"inLanguage\":\"fr-FR\",\"potentialAction\":[{\"@type\":\"CommentAction\",\"name\":\"Comment\",\"target\":[\"http:\/\/www.habitat-design.net\/blog\/douches-pmr-design-allier-esthetisme-et-accessibilite\/#respond\"]}]},{\"@type\":\"WebPage\",\"@id\":\"http:\/\/www.habitat-design.net\/blog\/douches-pmr-design-allier-esthetisme-et-accessibilite\/\",\"url\":\"http:\/\/www.habitat-design.net\/blog\/douches-pmr-design-allier-esthetisme-et-accessibilite\/\",\"name\":\"Douches PMR Design : Allier Esth\u00e9tisme et Accessibilit\u00e9 -\",\"isPartOf\":{\"@id\":\"https:\/\/www.habitat-design.net\/blog\/#website\"},\"primaryImageOfPage\":{\"@id\":\"http:\/\/www.habitat-design.net\/blog\/douches-pmr-design-allier-esthetisme-et-accessibilite\/#primaryimage\"},\"image\":{\"@id\":\"http:\/\/www.habitat-design.net\/blog\/douches-pmr-design-allier-esthetisme-et-accessibilite\/#primaryimage\"},\"thumbnailUrl\":\"http:\/\/www.habitat-design.net\/blog\/wp-content\/uploads\/2023\/12\/shower-1027904_640.jpg\",\"datePublished\":\"2023-12-20T21:20:18+00:00\",\"dateModified\":\"2023-12-20T21:20:19+00:00\",\"author\":{\"@id\":\"https:\/\/www.habitat-design.net\/blog\/#\/schema\/person\/f81363ecfab7ff0bfb976328793ce2e5\"},\"description\":\"Explorez l'alliance parfaite entre esth\u00e9tisme et accessibilit\u00e9 avec les douches PMR design. D\u00e9couvrez comment ces douches \u00e9l\u00e9gantes sont con\u00e7ues pour r\u00e9pondre aux besoins des personnes \u00e0 mobilit\u00e9 r\u00e9duite tout en transformant votre salle de bains. Obtenez des inspirations concr\u00e8tes et des conseils sur la personnalisation. \\\"Adapter sa salle de bain\\\" n'a jamais \u00e9t\u00e9 aussi facile\",\"breadcrumb\":{\"@id\":\"http:\/\/www.habitat-design.net\/blog\/douches-pmr-design-allier-esthetisme-et-accessibilite\/#breadcrumb\"},\"inLanguage\":\"fr-FR\",\"potentialAction\":[{\"@type\":\"ReadAction\",\"target\":[\"http:\/\/www.habitat-design.net\/blog\/douches-pmr-design-allier-esthetisme-et-accessibilite\/\"]}]},{\"@type\":\"ImageObject\",\"inLanguage\":\"fr-FR\",\"@id\":\"http:\/\/www.habitat-design.net\/blog\/douches-pmr-design-allier-esthetisme-et-accessibilite\/#primaryimage\",\"url\":\"http:\/\/www.habitat-design.net\/blog\/wp-content\/uploads\/2023\/12\/shower-1027904_640.jpg\",\"contentUrl\":\"http:\/\/www.habitat-design.net\/blog\/wp-content\/uploads\/2023\/12\/shower-1027904_640.jpg\",\"width\":640,\"height\":428},{\"@type\":\"BreadcrumbList\",\"@id\":\"http:\/\/www.habitat-design.net\/blog\/douches-pmr-design-allier-esthetisme-et-accessibilite\/#breadcrumb\",\"itemListElement\":[{\"@type\":\"ListItem\",\"position\":1,\"name\":\"Accueil\",\"item\":\"https:\/\/www.habitat-design.net\/blog\/\"},{\"@type\":\"ListItem\",\"position\":2,\"name\":\"Douches PMR Design : Allier Esth\u00e9tisme et Accessibilit\u00e9\"}]},{\"@type\":\"WebSite\",\"@id\":\"https:\/\/www.habitat-design.net\/blog\/#website\",\"url\":\"https:\/\/www.habitat-design.net\/blog\/\",\"name\":\"\",\"description\":\"\",\"potentialAction\":[{\"@type\":\"SearchAction\",\"target\":{\"@type\":\"EntryPoint\",\"urlTemplate\":\"https:\/\/www.habitat-design.net\/blog\/?s={search_term_string}\"},\"query-input\":{\"@type\":\"PropertyValueSpecification\",\"valueRequired\":true,\"valueName\":\"search_term_string\"}}],\"inLanguage\":\"fr-FR\"},{\"@type\":\"Person\",\"@id\":\"https:\/\/www.habitat-design.net\/blog\/#\/schema\/person\/f81363ecfab7ff0bfb976328793ce2e5\",\"name\":\"Julien Laurent\",\"image\":{\"@type\":\"ImageObject\",\"inLanguage\":\"fr-FR\",\"@id\":\"https:\/\/www.habitat-design.net\/blog\/#\/schema\/person\/image\/\",\"url\":\"https:\/\/secure.gravatar.com\/avatar\/36c5f08b15b2f828b41156cb6e69b449?s=96&d=mm&r=g\",\"contentUrl\":\"https:\/\/secure.gravatar.com\/avatar\/36c5f08b15b2f828b41156cb6e69b449?s=96&d=mm&r=g\",\"caption\":\"Julien Laurent\"},\"description\":\"Julien Laurent est un blogueur passionn\u00e9 par le domaine de la d\u00e9coration int\u00e9rieure et du design. Avec un dipl\u00f4me en design d'int\u00e9rieur et plusieurs ann\u00e9es d'exp\u00e9rience en tant que d\u00e9corateur, il partage des conseils pratiques pour embellir et optimiser les espaces de vie. Ses articles inspirants et informatifs visent \u00e0 aider ses lecteurs \u00e0 cr\u00e9er des int\u00e9rieurs harmonieux et esth\u00e9tiques, refl\u00e9tant leur personnalit\u00e9 et leur style.\",\"sameAs\":[\"http:\/\/www.habitat-design.net\/blog\"],\"url\":\"http:\/\/www.habitat-design.net\/blog\/author\/contacthabitat-design-net\/\"}]}<\/script>\n<!-- \/ Yoast SEO plugin. -->","yoast_head_json":{"title":"Douches PMR Design : Allier Esth\u00e9tisme et Accessibilit\u00e9 -","description":"Explorez l'alliance parfaite entre esth\u00e9tisme et accessibilit\u00e9 avec les douches PMR design. D\u00e9couvrez comment ces douches \u00e9l\u00e9gantes sont con\u00e7ues pour r\u00e9pondre aux besoins des personnes \u00e0 mobilit\u00e9 r\u00e9duite tout en transformant votre salle de bains. Obtenez des inspirations concr\u00e8tes et des conseils sur la personnalisation. \"Adapter sa salle de bain\" n'a jamais \u00e9t\u00e9 aussi facile","robots":{"index":"index","follow":"follow","max-snippet":"max-snippet:-1","max-image-preview":"max-image-preview:large","max-video-preview":"max-video-preview:-1"},"canonical":"http:\/\/www.habitat-design.net\/blog\/douches-pmr-design-allier-esthetisme-et-accessibilite\/","og_locale":"fr_FR","og_type":"article","og_title":"Douches PMR Design : Allier Esth\u00e9tisme et Accessibilit\u00e9 -","og_description":"Explorez l'alliance parfaite entre esth\u00e9tisme et accessibilit\u00e9 avec les douches PMR design. D\u00e9couvrez comment ces douches \u00e9l\u00e9gantes sont con\u00e7ues pour r\u00e9pondre aux besoins des personnes \u00e0 mobilit\u00e9 r\u00e9duite tout en transformant votre salle de bains. Obtenez des inspirations concr\u00e8tes et des conseils sur la personnalisation. \"Adapter sa salle de bain\" n'a jamais \u00e9t\u00e9 aussi facile","og_url":"http:\/\/www.habitat-design.net\/blog\/douches-pmr-design-allier-esthetisme-et-accessibilite\/","article_published_time":"2023-12-20T21:20:18+00:00","article_modified_time":"2023-12-20T21:20:19+00:00","og_image":[{"width":640,"height":428,"url":"http:\/\/www.habitat-design.net\/blog\/wp-content\/uploads\/2023\/12\/shower-1027904_640.jpg","type":"image\/jpeg"}],"author":"Julien Laurent","twitter_card":"summary_large_image","twitter_misc":{"\u00c9crit par":"Julien Laurent","Dur\u00e9e de lecture estim\u00e9e":"3 minutes"},"schema":{"@context":"https:\/\/schema.org","@graph":[{"@type":"Article","@id":"http:\/\/www.habitat-design.net\/blog\/douches-pmr-design-allier-esthetisme-et-accessibilite\/#article","isPartOf":{"@id":"http:\/\/www.habitat-design.net\/blog\/douches-pmr-design-allier-esthetisme-et-accessibilite\/"},"author":{"name":"Julien Laurent","@id":"https:\/\/www.habitat-design.net\/blog\/#\/schema\/person\/f81363ecfab7ff0bfb976328793ce2e5"},"headline":"Douches PMR Design : Allier Esth\u00e9tisme et Accessibilit\u00e9","datePublished":"2023-12-20T21:20:18+00:00","dateModified":"2023-12-20T21:20:19+00:00","mainEntityOfPage":{"@id":"http:\/\/www.habitat-design.net\/blog\/douches-pmr-design-allier-esthetisme-et-accessibilite\/"},"wordCount":590,"commentCount":0,"image":{"@id":"http:\/\/www.habitat-design.net\/blog\/douches-pmr-design-allier-esthetisme-et-accessibilite\/#primaryimage"},"thumbnailUrl":"http:\/\/www.habitat-design.net\/blog\/wp-content\/uploads\/2023\/12\/shower-1027904_640.jpg","articleSection":["Maison &amp; d\u00e9coration"],"inLanguage":"fr-FR","potentialAction":[{"@type":"CommentAction","name":"Comment","target":["http:\/\/www.habitat-design.net\/blog\/douches-pmr-design-allier-esthetisme-et-accessibilite\/#respond"]}]},{"@type":"WebPage","@id":"http:\/\/www.habitat-design.net\/blog\/douches-pmr-design-allier-esthetisme-et-accessibilite\/","url":"http:\/\/www.habitat-design.net\/blog\/douches-pmr-design-allier-esthetisme-et-accessibilite\/","name":"Douches PMR Design : Allier Esth\u00e9tisme et Accessibilit\u00e9 -","isPartOf":{"@id":"https:\/\/www.habitat-design.net\/blog\/#website"},"primaryImageOfPage":{"@id":"http:\/\/www.habitat-design.net\/blog\/douches-pmr-design-allier-esthetisme-et-accessibilite\/#primaryimage"},"image":{"@id":"http:\/\/www.habitat-design.net\/blog\/douches-pmr-design-allier-esthetisme-et-accessibilite\/#primaryimage"},"thumbnailUrl":"http:\/\/www.habitat-design.net\/blog\/wp-content\/uploads\/2023\/12\/shower-1027904_640.jpg","datePublished":"2023-12-20T21:20:18+00:00","dateModified":"2023-12-20T21:20:19+00:00","author":{"@id":"https:\/\/www.habitat-design.net\/blog\/#\/schema\/person\/f81363ecfab7ff0bfb976328793ce2e5"},"description":"Explorez l'alliance parfaite entre esth\u00e9tisme et accessibilit\u00e9 avec les douches PMR design. D\u00e9couvrez comment ces douches \u00e9l\u00e9gantes sont con\u00e7ues pour r\u00e9pondre aux besoins des personnes \u00e0 mobilit\u00e9 r\u00e9duite tout en transformant votre salle de bains. Obtenez des inspirations concr\u00e8tes et des conseils sur la personnalisation. \"Adapter sa salle de bain\" n'a jamais \u00e9t\u00e9 aussi facile","breadcrumb":{"@id":"http:\/\/www.habitat-design.net\/blog\/douches-pmr-design-allier-esthetisme-et-accessibilite\/#breadcrumb"},"inLanguage":"fr-FR","potentialAction":[{"@type":"ReadAction","target":["http:\/\/www.habitat-design.net\/blog\/douches-pmr-design-allier-esthetisme-et-accessibilite\/"]}]},{"@type":"ImageObject","inLanguage":"fr-FR","@id":"http:\/\/www.habitat-design.net\/blog\/douches-pmr-design-allier-esthetisme-et-accessibilite\/#primaryimage","url":"http:\/\/www.habitat-design.net\/blog\/wp-content\/uploads\/2023\/12\/shower-1027904_640.jpg","contentUrl":"http:\/\/www.habitat-design.net\/blog\/wp-content\/uploads\/2023\/12\/shower-1027904_640.jpg","width":640,"height":428},{"@type":"BreadcrumbList","@id":"http:\/\/www.habitat-design.net\/blog\/douches-pmr-design-allier-esthetisme-et-accessibilite\/#breadcrumb","itemListElement":[{"@type":"ListItem","position":1,"name":"Accueil","item":"https:\/\/www.habitat-design.net\/blog\/"},{"@type":"ListItem","position":2,"name":"Douches PMR Design : Allier Esth\u00e9tisme et Accessibilit\u00e9"}]},{"@type":"WebSite","@id":"https:\/\/www.habitat-design.net\/blog\/#website","url":"https:\/\/www.habitat-design.net\/blog\/","name":"","description":"","potentialAction":[{"@type":"SearchAction","target":{"@type":"EntryPoint","urlTemplate":"https:\/\/www.habitat-design.net\/blog\/?s={search_term_string}"},"query-input":{"@type":"PropertyValueSpecification","valueRequired":true,"valueName":"search_term_string"}}],"inLanguage":"fr-FR"},{"@type":"Person","@id":"https:\/\/www.habitat-design.net\/blog\/#\/schema\/person\/f81363ecfab7ff0bfb976328793ce2e5","name":"Julien Laurent","image":{"@type":"ImageObject","inLanguage":"fr-FR","@id":"https:\/\/www.habitat-design.net\/blog\/#\/schema\/person\/image\/","url":"https:\/\/secure.gravatar.com\/avatar\/36c5f08b15b2f828b41156cb6e69b449?s=96&d=mm&r=g","contentUrl":"https:\/\/secure.gravatar.com\/avatar\/36c5f08b15b2f828b41156cb6e69b449?s=96&d=mm&r=g","caption":"Julien Laurent"},"description":"Julien Laurent est un blogueur passionn\u00e9 par le domaine de la d\u00e9coration int\u00e9rieure et du design. Avec un dipl\u00f4me en design d'int\u00e9rieur et plusieurs ann\u00e9es d'exp\u00e9rience en tant que d\u00e9corateur, il partage des conseils pratiques pour embellir et optimiser les espaces de vie. Ses articles inspirants et informatifs visent \u00e0 aider ses lecteurs \u00e0 cr\u00e9er des int\u00e9rieurs harmonieux et esth\u00e9tiques, refl\u00e9tant leur personnalit\u00e9 et leur style.","sameAs":["http:\/\/www.habitat-design.net\/blog"],"url":"http:\/\/www.habitat-design.net\/blog\/author\/contacthabitat-design-net\/"}]}},"views":505,"_links":{"self":[{"href":"http:\/\/www.habitat-design.net\/blog\/wp-json\/wp\/v2\/posts\/390","targetHints":{"allow":["GET"]}}],"collection":[{"href":"http:\/\/www.habitat-design.net\/blog\/wp-json\/wp\/v2\/posts"}],"about":[{"href":"http:\/\/www.habitat-design.net\/blog\/wp-json\/wp\/v2\/types\/post"}],"author":[{"embeddable":true,"href":"http:\/\/www.habitat-design.net\/blog\/wp-json\/wp\/v2\/users\/1"}],"replies":[{"embeddable":true,"href":"http:\/\/www.habitat-design.net\/blog\/wp-json\/wp\/v2\/comments?post=390"}],"version-history":[{"count":1,"href":"http:\/\/www.habitat-design.net\/blog\/wp-json\/wp\/v2\/posts\/390\/revisions"}],"predecessor-version":[{"id":392,"href":"http:\/\/www.habitat-design.net\/blog\/wp-json\/wp\/v2\/posts\/390\/revisions\/392"}],"wp:featuredmedia":[{"embeddable":true,"href":"http:\/\/www.habitat-design.net\/blog\/wp-json\/wp\/v2\/media\/391"}],"wp:attachment":[{"href":"http:\/\/www.habitat-design.net\/blog\/wp-json\/wp\/v2\/media?parent=390"}],"wp:term":[{"taxonomy":"category","embeddable":true,"href":"http:\/\/www.habitat-design.net\/blog\/wp-json\/wp\/v2\/categories?post=390"},{"taxonomy":"post_tag","embeddable":true,"href":"http:\/\/www.habitat-design.net\/blog\/wp-json\/wp\/v2\/tags?post=390"}],"curies":[{"name":"wp","href":"https:\/\/api.w.org\/{rel}","templated":true}]}}