
{"id":357,"date":"2023-12-09T10:19:07","date_gmt":"2023-12-09T09:19:07","guid":{"rendered":"https:\/\/www.habitat-design.net\/blog\/?p=357"},"modified":"2023-12-11T13:29:11","modified_gmt":"2023-12-11T12:29:11","slug":"neon-personnalise-lart-lumineux-de-lexpression-creative","status":"publish","type":"post","link":"http:\/\/www.habitat-design.net\/blog\/neon-personnalise-lart-lumineux-de-lexpression-creative\/","title":{"rendered":"N\u00e9on Personnalis\u00e9 : L&rsquo;Art Lumineux de l&rsquo;Expression Cr\u00e9ative"},"content":{"rendered":"\n<p>Bienvenue dans le fascinant monde du n\u00e9on personnalis\u00e9,\u200d une\u2064 forme \u200bd&rsquo;art lumineux qui repousse les limites de l&rsquo;expression cr\u00e9ative. \u200bDe cr\u00e9ations uniques illuminant les \u200brues de nos villes \u2064\u00e0 des \u0153uvres sur \u2063mesure \u00e9clairant \u2063nos int\u00e9rieurs, \u2063le n\u00e9on personnalis\u00e9 \u2064brille d&rsquo;une lueur artistique r\u00e9solument\u2062 innovante. Dans \u200dcet article, \u2063nous explorerons cet univers captivant o\u00f9\u2062 la lumi\u00e8re et \u2063la cr\u00e9ativit\u00e9 se rencontrent, o\u00f9\u2063 des id\u00e9es \u2063audacieuses prennent vie dans\u200d des couleurs\u200c \u00e9clatantes. Pr\u00e9parez-vous\u2062 \u00e0 \u00eatre \u00e9merveill\u00e9 \u200dpar la beaut\u00e9 et le potentiel \u2062infini de cet\u2063 art\u200b lumineux, o\u00f9 chaque n\u00e9on raconte une histoire et o\u00f9 l&rsquo;expression \u2063artistique s&rsquo;illumine sous nos yeux \u00e9bahis. Pr\u00e9parez-vous \u00e0 <strong><a href=\"https:\/\/horizon-neons.fr\/products\/neon-personnalise\">cr\u00e9er votre n\u00e9on personnalis\u00e9<\/a><\/strong> et \u00e0 donner vie \u00e0 votre vision lumineuse.<\/p>\n\n\n\n<h2 class=\"wp-block-heading\">Sommaire<\/h2>\n\n\n\n<ul class=\"wp-block-list\"><li><a href=\"#lessor-de-lart-lumineux-devoilez-votre-creativite-avec-le-neon-personnalise\">L&rsquo;essor de\u200d l&rsquo;art lumineux\u2062 :\u2064 D\u00e9voilez votre \u2063cr\u00e9ativit\u00e9 avec le n\u00e9on personnalis\u00e9<\/a><\/li><li><a href=\"#lexpression-artistique-qui-illumine-votre-environnement-les-multiples-facettes-du-neon-personnalise\">L&rsquo;expression artistique qui illumine votre environnement\u200b :\u200c Les multiples facettes\u200d du n\u00e9on personnalis\u00e9<\/a><\/li><li><a href=\"#des-recommandations-pour-une-experience-artistique-hors-du-commun-avec-le-neon-personnalise\">Des \u2064recommandations pour une exp\u00e9rience\u2063 artistique hors du\u2064 commun avec le n\u00e9on personnalis\u00e9<\/a><\/li><li><a href=\"#donnez-vie-a-votre-vision-creative-astuces-pour-creer-des-oeuvres-uniques-avec-le-neon-personnalise\">Donnez vie \u00e0 votre vision cr\u00e9ative : Astuces pour cr\u00e9er\u2063 des \u0153uvres uniques avec le n\u00e9on personnalis\u00e9<\/a><\/li><li><a href=\"#outro\">R\u00e9capitulation<\/a><\/li><\/ul>\n\n\n\n<h2 class=\"wp-block-heading\" id=\"lessor-de-lart-lumineux-devoilez-votre-creativite-avec-le-neon-personnalise\">L&rsquo;essor\u200d de l&rsquo;art lumineux : D\u00e9voilez \u200dvotre\u2062 cr\u00e9ativit\u00e9 avec le n\u00e9on personnalis\u00e9<\/h2>\n\n\n\n<p>Le\u2062 n\u00e9on personnalis\u00e9 est devenu une v\u00e9ritable \u200dtendance artistique, permettant \u00e0\u2063 chacun de laisser parler sa cr\u00e9ativit\u00e9 de mani\u00e8re lumineuse\u200b et vibrante. Cette \u200dforme d&rsquo;expression artistique offre une \u2062multitude de possibilit\u00e9s\u2064 et \u2062permet de \u2064cr\u00e9er des\u200d \u0153uvres\u2062 uniques et percutantes. Gr\u00e2ce \u00e0 la technologie\u200c moderne,\u200d il est d\u00e9sormais possible de \u2063personnaliser\u2063 son propre \u200bn\u00e9on en \u2064choisissant la forme, la\u200c couleur et m\u00eame \u2062le message.<\/p>\n\n\n\n<p>Imaginez une \u2062\u0153uvre d&rsquo;art lumineuse accroch\u00e9e \u00e0 \u2062votre mur, un n\u00e9on qui met en valeur\u200b votre personnalit\u00e9 et\u2062 qui \u2063illumine \u2063votre \u2063int\u00e9rieur. Avec\u2062 le n\u00e9on personnalis\u00e9, vous pouvez exprimer votre\u2062 style et vos passions \u200cde mani\u00e8re originale et unique.\u200d Que vous souhaitiez\u2063 afficher un mot \u200binspirant, \u2062votre nom,\u200c ou m\u00eame une\u2063 citation \u200cde votre \u200cauteur pr\u00e9f\u00e9r\u00e9, le n\u00e9on personnalis\u00e9 offre\u200d une \u200csolution cr\u00e9ative et sur mesure. Jouez avec les couleurs, les formes\u200d et les \u2062motifs pour \u200ccr\u00e9er une \u2062pi\u00e8ce qui vous ressemble. \u2064Laissez libre cours \u00e0 votre imagination et transformez votre \u2062espace\u200b en un \u2064lieu\u200d magique \u2062et artistique,\u200c o\u00f9 \u200dla lumi\u00e8re et \u2062la cr\u00e9ativit\u00e9 se\u2063 rencontrent. Alors, n&rsquo;attendez\u200b plus et\u2062 d\u00e9couvrez d\u00e8s maintenant\u2062 l&rsquo;art lumineux du\u200d n\u00e9on\u2062 personnalis\u00e9. Exprimez-vous de mani\u00e8re unique et laissez\u2063 votre\u200b cr\u00e9ativit\u00e9 briller de mille \u2063feux.<\/p>\n\n\n\n<h2 class=\"wp-block-heading\" id=\"lexpression-artistique-qui-illumine-votre-environnement-les-multiples-facettes-du-neon-personnalise\">L&rsquo;expression\u200c artistique \u200bqui illumine votre\u2062 environnement : Les multiples facettes\u200b du n\u00e9on personnalis\u00e9<\/h2>\n\n\n\n<p>Les multiples \u200dfacettes du \u2062n\u00e9on personnalis\u00e9 peuvent illuminer\u2063 et transformer n&rsquo;importe quel environnement en une \u0153uvre d&rsquo;art lumineuse et vibrante. Que ce soit dans un salon \u2064contemporain, une boutique\u200b branch\u00e9e ou\u200d m\u00eame\u2064 une salle\u2062 de\u200d r\u00e9ception festive, les n\u00e9ons personnalis\u00e9s \u200dajoutent une touche d&rsquo;expression cr\u00e9ative unique qui ne manquera pas de captiver \u200dl&rsquo;attention de \u2064tous.<\/p>\n\n\n\n<p>Avec\u200c le n\u00e9on personnalis\u00e9, les possibilit\u00e9s sont infinies. Vous pouvez choisir parmi\u2063 une vari\u00e9t\u00e9 \u2064de couleurs \u2063\u00e9clatantes pour cr\u00e9er une \u2063ambiance vivante et dynamique, ou opter\u2063 pour des nuances plus\u200d douces pour une\u2062 atmosph\u00e8re apaisante et relaxante.\u2064 Sans oublier que vous\u200d pouvez \u00e9galement personnaliser votre n\u00e9on\u200b en ajoutant des lettres, des mots, des formes \u2063ou m\u00eame\u200b votre propre logo, donnant ainsi \u00e0 votre\u2064 cr\u00e9ation une \u2064touche personnelle et distinctive.<\/p>\n\n\n\n<p>Le n\u00e9on \u2064personnalis\u00e9 \u200cn&rsquo;est pas\u2064 seulement une \u2064\u0153uvre d&rsquo;art lumineuse, c&rsquo;est\u200b aussi un moyen efficace de communication visuelle. Que vous souhaitiez promouvoir\u200c votre entreprise, faire passer un message fort ou simplement \u2063ajouter une touche de style \u00e0\u2062 votre espace, le\u2063 n\u00e9on personnalis\u00e9 est un choix judicieux.\u2062 Son \u00e9clat et\u200b sa visibilit\u00e9 en font un outil \u200cde publicit\u00e9 moderne et attrayant. Alors, pourquoi ne pas \u2064apporter une touche d&rsquo;art \u2064lumineux et\u200c d&rsquo;expression cr\u00e9ative \u00e0 votre environnement avec un n\u00e9on \u2063personnalis\u00e9 sur mesure ? Laissez libre cours \u00e0 votre \u200dimagination \u200bet\u200b cr\u00e9ez une \u200bv\u00e9ritable \u2064\u0153uvre d&rsquo;art lumineuse qui \u2064attirera l&rsquo;attention de tous.<\/p>\n\n\n\n<h2 class=\"wp-block-heading\" id=\"des-recommandations-pour-une-experience-artistique-hors-du-commun-avec-le-neon-personnalise\">Des recommandations pour une exp\u00e9rience artistique hors du commun \u2062avec \u2062le n\u00e9on\u200d personnalis\u00e9<\/h2>\n\n\n\n<p>Relevez \u200ble niveau de votre exp\u00e9rience artistique en d\u00e9couvrant le monde captivant du \u2064n\u00e9on personnalis\u00e9. Transformez votre espace en une symphonie lumineuse d&rsquo;expression cr\u00e9ative \u200cavec des \u0153uvres uniques et \u200cfascinantes. Que vous soyez un artiste en herbe ou un passionn\u00e9 d&rsquo;art,\u2064 le n\u00e9on personnalis\u00e9 offre une \u2062fa\u00e7on \u200boriginale de \u2063cr\u00e9er \u2063une ambiance\u200d hors du commun.<\/p>\n\n\n\n<p>L&rsquo;un des avantages cl\u00e9s\u200d du \u200dn\u00e9on personnalis\u00e9 est sa polyvalence.\u2064 Des lettres lumineuses aux formes complexes, les \u200bpossibilit\u00e9s de cr\u00e9ation\u2062 sont infinies. Exprimez votre originalit\u00e9 en choisissant des couleurs vibrantes \u200cet\u200d en jouant avec les \u2062effets \u200cde lumi\u00e8re. Les n\u00e9ons personnalis\u00e9s vous permettent de cr\u00e9er un art \u00e0 \u2064votre image,\u200c en \u200cajoutant une \u200dtouche \u200cde magie \u00e0 \u2064votre \u200cenvironnement.\u2064 Transformez votre chambre, votre \u200dsalon,\u2063 votre \u200dbureau ou \u200bm\u00eame\u2063 votre\u2063 jardin en\u200c un \u2062espace \u00e9clectique et artistique\u200c qui \u200cfera parler de lui.<\/p>\n\n\n\n<p>Mais le n\u00e9on\u2063 personnalis\u00e9 ne\u2064 se limite pas\u2062 \u00e0 la \u2064d\u00e9coration \u2064int\u00e9rieure. Laissez \u200blibre cours \u00e0 votre \u2063imagination et utilisez\u2062 cette forme d&rsquo;art lumineux pour\u2062 ajouter une touche unique \u00e0 \u200bvos \u00e9v\u00e9nements sp\u00e9ciaux. Qu&rsquo;il s&rsquo;agisse\u200c d&rsquo;un mariage, d&rsquo;une\u200b f\u00eate d&rsquo;anniversaire ou d&rsquo;une \u200dsoir\u00e9e d&rsquo;entreprise,\u2063 un n\u00e9on personnalis\u00e9 cr\u00e9era\u200b une ambiance m\u00e9morable \u200bet intemporelle. Ajoutez votre\u2064 signature personnelle \u00e0 \u200bvotre \u00e9v\u00e9nement\u2063 et impressionnez vos invit\u00e9s \u2064avec un art lumineux qui ne\u2064 manquera\u2064 pas \u2064de laisser une \u200bimpression\u2064 durable.<\/p>\n\n\n\n<p>Explorez les possibilit\u00e9s infinies du n\u00e9on personnalis\u00e9 et lib\u00e9rez \u2063l&rsquo;artiste\u2064 qui sommeille en vous. \u2063D\u00e9couvrez \u200dune nouvelle fa\u00e7on\u2062 de vivre l&rsquo;art\u200b et \u2063laissez\u2063 la lumi\u00e8re guider \u2064votre cr\u00e9ativit\u00e9. \u200dQuelle que \u2063soit votre vision artistique, le \u2063n\u00e9on personnalis\u00e9 vous permet \u2063de \u2062la\u2062 concr\u00e9tiser \u2062d&rsquo;une mani\u00e8re totalement \u2062unique et\u200b captivante. Osez l&rsquo;extraordinaire et transformez votre \u200cenvironnement en \u2063un v\u00e9ritable chef-d&rsquo;\u0153uvre lumineux\u200b qui ne\u200c manquera pas de \u2062susciter l&rsquo;\u00e9merveillement.<\/p>\n\n\n\n<h2 class=\"wp-block-heading\" id=\"donnez-vie-a-votre-vision-creative-astuces-pour-creer-des-oeuvres-uniques-avec-le-neon-personnalise\">Donnez vie \u00e0 votre vision cr\u00e9ative\u2063 : Astuces pour\u200b cr\u00e9er des\u2063 \u0153uvres uniques avec le n\u00e9on personnalis\u00e9<\/h2>\n\n\n\n<p>Imaginez entrer dans \u2063une pi\u00e8ce\u2062 o\u00f9 la lumi\u00e8re\u200c ambiante est\u200b remplac\u00e9e par \u2062des \u0153uvres\u200d d&rsquo;art lumineuses personnalis\u00e9es qui \u200cdonnent vie \u200d\u00e0\u2063 votre vision\u2062 cr\u00e9ative. Avec\u200d le n\u00e9on personnalis\u00e9, vous pouvez\u2064 cr\u00e9er\u2062 des\u2062 \u0153uvres uniques\u2062 qui \u00e9clairent \u200cnon seulement \u2062votre \u200cespace, mais\u2063 aussi \u200cvotre \u2063imagination. Voici quelques \u200castuces pour lib\u00e9rer votre cr\u00e9ativit\u00e9 et r\u00e9aliser\u200c des chefs-d&rsquo;\u0153uvre \u200c\u00e9blouissants :<\/p>\n\n\n\n<ol class=\"wp-block-list\"><li>Choisissez votre message \u200c: Que ce soit une citation\u200b inspirante, \u2062une \u200cexpression\u200d personnelle ou simplement votre nom, le n\u00e9on personnalis\u00e9 offre une palette illimit\u00e9e pour exprimer votre\u2062 individualit\u00e9. Pensez \u00e0 la \u200dsignification que vous souhaitez \u2064transmettre \u00e0 travers votre\u2062 cr\u00e9ation et choisissez \u2062des mots\u200b ou des symboles forts qui \u00e9voquent \u2064l&rsquo;\u00e9motion que vous\u200d souhaitez susciter.<\/li><li>Jouez avec \u200bles \u2062couleurs \u2063et\u2062 les formes : Avec \u200dle n\u00e9on personnalis\u00e9, vous pouvez laisser libre cours\u200d \u00e0 votre imagination en choisissant parmi\u2062 une vari\u00e9t\u00e9 infinie de\u200c couleurs vives \u200det\u2062 de\u200b formes \u2063artistiques. Que vous \u200bpr\u00e9f\u00e9riez les \u2062lignes \u00e9pur\u00e9es et les \u200bformes g\u00e9om\u00e9triques modernes, ou les\u2064 courbes\u200b organiques et \u200dles d\u00e9grad\u00e9s de couleurs, le n\u00e9on \u200dpersonnalis\u00e9 \u2064peut donner vie\u200b \u00e0\u2063 toutes vos id\u00e9es artistiques. Osez \u200dexp\u00e9rimenter\u200b et cr\u00e9ez\u200c des pi\u00e8ces qui captivent l&rsquo;\u0153il et \u00e9veillent l&rsquo;imagination de ceux\u2062 qui les contemplent.<\/li><\/ol>\n\n\n\n<p>Gr\u00e2ce au n\u00e9on personnalis\u00e9, l&rsquo;art \u200clumineux\u200b n&rsquo;est plus seulement \u2062r\u00e9serv\u00e9 \u200baux enseignes lumineuses et aux n\u00e9ons publicitaires. Vous\u200b pouvez\u2064 transformer n&rsquo;importe quel espace en une galerie d&rsquo;art unique et personnelle, en ajoutant une touche \u200bde \u200dmagie \u2062et \u2062d&rsquo;\u00e9clat \u00e0\u200b votre environnement. Que ce soit\u200b dans votre salon,\u200c votre bureau ou m\u00eame votre chambre\u2062 \u00e0 coucher, les possibilit\u00e9s sont \u200binfinies lorsque vous \u2063laissez libre\u2063 cours \u00e0 \u200bvotre vision cr\u00e9ative. Alors, \u200bplongez dans \u200dle\u200b monde de l&rsquo;art lumineux et donnez vie \u00e0 votre \u2064imagination avec le n\u00e9on personnalis\u00e9.<\/p>\n\n\n\n<h2 class=\"wp-block-heading\" id=\"outro\">R\u00e9capitulation<\/h2>\n\n\n\n<p>En conclusion, \u200cle \u200dn\u00e9on personnalis\u00e9 incarne v\u00e9ritablement\u2064 l&rsquo;art\u200d lumineux de l&rsquo;expression cr\u00e9ative. Avec ses \u2063couleurs vives, ses \u2063formes audacieuses et ses messages percutants, il parvient \u200c\u00e0 captiver notre regard et \u00e0 susciter\u200b une multitude d&rsquo;\u00e9motions.\u2064 Que ce soit \u200bpour d\u00e9corer nos int\u00e9rieurs, attirer l&rsquo;attention sur\u200b nos commerces \u200dou transmettre un message fort, le n\u00e9on personnalis\u00e9 offre un moyen unique et original de\u200c laisser\u2063 libre cours \u00e0 notre\u200c imagination.<\/p>\n\n\n\n<p>Loin d&rsquo;\u00eatre juste un simple \u200dobjet \u200blumineux, \u2063le n\u00e9on personnalis\u00e9 se transforme en v\u00e9ritable \u0153uvre d&rsquo;art, capable \u2064de transformer n&rsquo;importe\u2062 quel\u200c espace en un lieu \u200dempreint de \u2063charme\u2063 et\u200c de \u2062caract\u00e8re. Il incarne\u200c notre individualit\u00e9 et notre\u200b personnalit\u00e9, et permet \u00e0 chacun \u2064de laisser sa trace lumineuse dans le\u200b monde.<\/p>\n\n\n\n<p>Que vous soyez \u2063artiste, commer\u00e7ant ou \u2063simplement amoureux de l&rsquo;esth\u00e9tique moderne et\u200c audacieuse, le n\u00e9on personnalis\u00e9 est\u200b une option \u00e0 consid\u00e9rer \u200bpour ajouter une touche d&rsquo;\u00e9clat \u00e0 votre vie. \u200bExprimez-vous,\u200c laissez libre cours\u2062 \u00e0 votre cr\u00e9ativit\u00e9 et illuminez votre quotidien avec\u200b cet art lumineux aussi \u2063envo\u00fbtant qu&rsquo;unique.<\/p>\n\n\n\n<p>Alors, pourquoi ne pas faire le choix d&rsquo;un n\u00e9on personnalis\u00e9 pour apporter une touche\u200d lumineuse et\u200b originale\u200c \u00e0\u200d votre int\u00e9rieur ou votre \u2063entreprise\u2064 ? Laissez-vous s\u00e9duire par\u2063 cet art lumineux fascinant et laissez \u200cvotre cr\u00e9ativit\u00e9 s&rsquo;exprimer avec \u2064\u00e9clat. Le n\u00e9on personnalis\u00e9\u200c est bien plus qu&rsquo;un simple moyen d&rsquo;\u00e9clairage, c&rsquo;est une v\u00e9ritable\u200d source d&rsquo;inspiration et de\u2064 beaut\u00e9, pr\u00eate \u00e0 donner vie \u00e0 vos id\u00e9es\u200d les plus brillantes.<\/p>\n\n\n\n<p><strong>FAQ sur l&rsquo;Int\u00e9gration des N\u00e9ons Personnalis\u00e9s dans la D\u00e9coration Int\u00e9rieure<\/strong><\/p>\n\n\n\n<p><strong>Q : Comment les n\u00e9ons personnalis\u00e9s peuvent-ils compl\u00e9ter une d\u00e9coration de style scandinave ou cosy ?<\/strong> R : Les n\u00e9ons personnalis\u00e9s peuvent ajouter une touche lumineuse et moderne \u00e0 une d\u00e9coration scandinave ou cosy. Pour un style scandinave, optez pour des designs \u00e9pur\u00e9s et des couleurs pastel. Dans un cadre cosy, utilisez des lumi\u00e8res douces et chaleureuses pour cr\u00e9er une ambiance accueillante.<\/p>\n\n\n\n<p><strong>Q : Est-il possible d&rsquo;utiliser des n\u00e9ons personnalis\u00e9s en combinaison avec des luminaires et des guirlandes ?<\/strong> R : Absolument. Les n\u00e9ons personnalis\u00e9s peuvent \u00eatre combin\u00e9s avec d&rsquo;autres types de luminaires, comme des guirlandes, des suspensions en rotin ou des lampes de chevet, pour cr\u00e9er une atmosph\u00e8re unique et personnalis\u00e9e.<\/p>\n\n\n\n<p><strong>Q : Quel type de n\u00e9on personnalis\u00e9 recommanderiez-vous pour une d\u00e9coration murale dans une chambre ou un salon ?<\/strong> R : Pour une d\u00e9coration murale, vous pourriez choisir un design qui refl\u00e8te vos go\u00fbts personnels ou une citation inspirante. Des formes abstraites ou des mots simples en n\u00e9on peuvent transformer un mur ordinaire en une \u0153uvre d&rsquo;art moderne.<\/p>\n\n\n\n<p><strong>Q : Les n\u00e9ons personnalis\u00e9s peuvent-ils s&rsquo;int\u00e9grer dans un style de d\u00e9coration rustique ou industriel ?<\/strong> R : Oui, m\u00eame dans un d\u00e9cor rustique ou industriel, un n\u00e9on personnalis\u00e9 peut servir de point focal moderne et audacieux. Choisissez des designs qui compl\u00e8tent ces styles, comme des formes g\u00e9om\u00e9triques pour l&rsquo;industriel ou des motifs naturels pour le rustique.<\/p>\n\n\n\n<p><strong>Q : Peut-on utiliser des n\u00e9ons personnalis\u00e9s pour des occasions sp\u00e9ciales comme No\u00ebl ou les f\u00eates de fin d&rsquo;ann\u00e9e ?<\/strong> R : Les n\u00e9ons personnalis\u00e9s sont parfaits pour les occasions sp\u00e9ciales. Un design de sapin de No\u00ebl ou des messages festifs en n\u00e9on peuvent ajouter une touche originale et lumineuse \u00e0 vos d\u00e9corations de f\u00eate.<\/p>\n\n\n\n<p><strong>Q : Comment int\u00e9grer les n\u00e9ons personnalis\u00e9s dans un petit espace ou autour d&rsquo;\u00e9l\u00e9ments comme une table basse ou une t\u00eate de lit ?<\/strong> R : Dans les petits espaces, utilisez des n\u00e9ons personnalis\u00e9s comme source de lumi\u00e8re d\u00e9corative ou comme point d&rsquo;accent. Autour d&rsquo;une table basse, ils peuvent cr\u00e9er un \u00e9clairage d&rsquo;ambiance, tandis que derri\u00e8re une t\u00eate de lit, ils peuvent servir de lumi\u00e8re de lecture ou de d\u00e9coration.<\/p>\n\n\n\n<p><strong>Q : Quelles sont les tendances actuelles en mati\u00e8re de n\u00e9ons personnalis\u00e9s pour la d\u00e9coration int\u00e9rieure ?<\/strong> R : Les tendances actuelles incluent l&rsquo;utilisation de mots et de citations inspirants, de designs minimalistes et abstraits, ainsi que de couleurs pastel et de motifs dor\u00e9s pour ajouter une touche de luxe.<\/p>\n\n\n\n<p><strong>Q : Comment les n\u00e9ons personnalis\u00e9s peuvent-ils s&rsquo;harmoniser avec un canap\u00e9 et des fauteuils dans un salon ?<\/strong> R : Les n\u00e9ons personnalis\u00e9s peuvent \u00eatre utilis\u00e9s pour mettre en valeur les meubles du salon, comme les canap\u00e9s et les fauteuils. Un n\u00e9on plac\u00e9 derri\u00e8re ou au-dessus du canap\u00e9 peut cr\u00e9er une atmosph\u00e8re chaleureuse et accueillante, tout en mettant en valeur les couleurs et les textures des meubles.<\/p>\n\n\n\n<p><strong>Q : Quel r\u00f4le les n\u00e9ons personnalis\u00e9s jouent-ils dans la cr\u00e9ation d&rsquo;une ambiance cocooning et douillette ?<\/strong> R : Pour cr\u00e9er une ambiance cocooning, vous pouvez utiliser des n\u00e9ons avec des teintes douces et apaisantes. Ils peuvent compl\u00e9ter l&rsquo;\u00e9clairage d&rsquo;appoint et les coussins pour cr\u00e9er un espace confortable et accueillant.<\/p>\n\n\n\n<p><strong>Q : Peut-on int\u00e9grer des n\u00e9ons personnalis\u00e9s dans un d\u00e9cor avec des objets de d\u00e9coration ethniques ou des poteries ?<\/strong> R : Oui, les n\u00e9ons personnalis\u00e9s peuvent \u00eatre magnifiquement int\u00e9gr\u00e9s avec des objets de d\u00e9coration ethniques. Ils peuvent souligner l&rsquo;unicit\u00e9 de ces objets et cr\u00e9er un contraste captivant entre le moderne et le traditionnel.<\/p>\n\n\n\n<p><strong>Q : Les n\u00e9ons personnalis\u00e9s peuvent-ils \u00eatre adapt\u00e9s pour une chambre d&rsquo;enfant ?<\/strong> R : Absolument. Pour une chambre d&rsquo;enfant, choisissez des n\u00e9ons avec des formes amusantes ou des mots inspirants. Optez pour des couleurs vives et joyeuses pour stimuler la cr\u00e9ativit\u00e9 et l&rsquo;imagination des enfants.<\/p>\n\n\n\n<p><strong>Q : Comment les n\u00e9ons personnalis\u00e9s peuvent-ils compl\u00e9ter un style de d\u00e9coration industriel ou loft ?<\/strong> R : Dans un d\u00e9cor de style industriel ou loft, les n\u00e9ons personnalis\u00e9s peuvent ajouter une touche de modernit\u00e9 et de brillance. Des designs g\u00e9om\u00e9triques ou des mots en style industriel peuvent parfaitement s&rsquo;int\u00e9grer \u00e0 cet esth\u00e9tique.<\/p>\n\n\n\n<p><strong>Q : Est-il possible d&rsquo;utiliser les n\u00e9ons personnalis\u00e9s avec des \u00e9l\u00e9ments d\u00e9coratifs comme les rideaux, les \u00e9tag\u00e8res ou les lampadaires ?<\/strong> R : Les n\u00e9ons personnalis\u00e9s peuvent \u00eatre utilis\u00e9s pour accentuer d&rsquo;autres \u00e9l\u00e9ments d\u00e9coratifs. Par exemple, un n\u00e9on pr\u00e8s d&rsquo;un rideau peut en souligner la texture, tandis qu&rsquo;un n\u00e9on plac\u00e9 \u00e0 c\u00f4t\u00e9 d&rsquo;une \u00e9tag\u00e8re peut mettre en valeur les objets qui y sont expos\u00e9s.<\/p>\n\n\n\n<p><strong>Q : Quelles sont les meilleures mani\u00e8res d&rsquo;incorporer les n\u00e9ons personnalis\u00e9s dans une d\u00e9coration avec des papiers-peints ou des guirlandes ?<\/strong> R : Les n\u00e9ons personnalis\u00e9s peuvent \u00eatre utilis\u00e9s pour compl\u00e9ter ou contraster avec le papier-peint. Ils peuvent \u00e9galement \u00eatre entrelac\u00e9s avec des guirlandes pour cr\u00e9er un effet lumineux original et attrayant.<\/p>\n\n\n\n<p><strong>Q : Comment les n\u00e9ons personnalis\u00e9s peuvent-ils \u00eatre utilis\u00e9s pour cr\u00e9er des ambiances originales dans diff\u00e9rents espaces de la maison ?<\/strong> R : Les n\u00e9ons personnalis\u00e9s sont id\u00e9aux pour cr\u00e9er des ambiances uniques dans chaque espace. Que ce soit pour ajouter une touche de couleur dans un bureau \u00e0 domicile, pour cr\u00e9er une atmosph\u00e8re romantique dans une chambre \u00e0 coucher ou pour illuminer un espace de vie avec des messages inspirants, ils offrent une flexibilit\u00e9 cr\u00e9ative in\u00e9gal\u00e9e.<\/p>\n","protected":false},"excerpt":{"rendered":"<p>Bienvenue dans le fascinant monde du n\u00e9on personnalis\u00e9,\u200d une\u2064 forme \u200bd&rsquo;art lumineux qui repousse les limites de l&rsquo;expression cr\u00e9ative. \u200bDe cr\u00e9ations uniques illuminant les \u200brues de nos villes \u2064\u00e0 des \u0153uvres sur \u2063mesure \u00e9clairant \u2063nos int\u00e9rieurs, \u2063le n\u00e9on personnalis\u00e9 \u2064brille d&rsquo;une lueur artistique r\u00e9solument\u2062 innovante. Dans \u200dcet article, \u2063nous explorerons cet univers captivant o\u00f9\u2062 la &#8230; <a title=\"N\u00e9on Personnalis\u00e9 : L&rsquo;Art Lumineux de l&rsquo;Expression Cr\u00e9ative\" class=\"read-more\" href=\"http:\/\/www.habitat-design.net\/blog\/neon-personnalise-lart-lumineux-de-lexpression-creative\/\" aria-label=\"En savoir plus sur N\u00e9on Personnalis\u00e9 : L&rsquo;Art Lumineux de l&rsquo;Expression Cr\u00e9ative\">Lire plus<\/a><\/p>\n","protected":false},"author":1,"featured_media":358,"comment_status":"open","ping_status":"open","sticky":false,"template":"","format":"standard","meta":{"footnotes":""},"categories":[1],"tags":[],"class_list":["post-357","post","type-post","status-publish","format-standard","has-post-thumbnail","hentry","category-maison"],"yoast_head":"<!-- This site is optimized with the Yoast SEO plugin v26.8 - https:\/\/yoast.com\/product\/yoast-seo-wordpress\/ -->\n<title>N\u00e9on Personnalis\u00e9 : L&#039;Art Lumineux de l&#039;Expression Cr\u00e9ative -<\/title>\n<meta name=\"description\" content=\"D\u00e9couvrez l&#039;art lumineux des n\u00e9ons personnalis\u00e9s et explorez leurs multiples applications, de la d\u00e9coration int\u00e9rieure aux enseignes lumineuses, en passant par les cadeaux personnalis\u00e9s. Apprenez comment ces \u0153uvres d&#039;art lumineuses sont fabriqu\u00e9es sur mesure pour exprimer votre cr\u00e9ativit\u00e9. Les n\u00e9ons personnalis\u00e9s : une touche unique pour \u00e9clairer votre vie\" \/>\n<meta name=\"robots\" content=\"index, follow, max-snippet:-1, max-image-preview:large, max-video-preview:-1\" \/>\n<link rel=\"canonical\" href=\"http:\/\/www.habitat-design.net\/blog\/neon-personnalise-lart-lumineux-de-lexpression-creative\/\" \/>\n<meta property=\"og:locale\" content=\"fr_FR\" \/>\n<meta property=\"og:type\" content=\"article\" \/>\n<meta property=\"og:title\" content=\"N\u00e9on Personnalis\u00e9 : L&#039;Art Lumineux de l&#039;Expression Cr\u00e9ative -\" \/>\n<meta property=\"og:description\" content=\"D\u00e9couvrez l&#039;art lumineux des n\u00e9ons personnalis\u00e9s et explorez leurs multiples applications, de la d\u00e9coration int\u00e9rieure aux enseignes lumineuses, en passant par les cadeaux personnalis\u00e9s. Apprenez comment ces \u0153uvres d&#039;art lumineuses sont fabriqu\u00e9es sur mesure pour exprimer votre cr\u00e9ativit\u00e9. Les n\u00e9ons personnalis\u00e9s : une touche unique pour \u00e9clairer votre vie\" \/>\n<meta property=\"og:url\" content=\"http:\/\/www.habitat-design.net\/blog\/neon-personnalise-lart-lumineux-de-lexpression-creative\/\" \/>\n<meta property=\"article:published_time\" content=\"2023-12-09T09:19:07+00:00\" \/>\n<meta property=\"article:modified_time\" content=\"2023-12-11T12:29:11+00:00\" \/>\n<meta property=\"og:image\" content=\"http:\/\/www.habitat-design.net\/blog\/wp-content\/uploads\/2023\/12\/work-harder-1845901_640.jpg\" \/>\n\t<meta property=\"og:image:width\" content=\"640\" \/>\n\t<meta property=\"og:image:height\" content=\"360\" \/>\n\t<meta property=\"og:image:type\" content=\"image\/jpeg\" \/>\n<meta name=\"author\" content=\"Julien Laurent\" \/>\n<meta name=\"twitter:card\" content=\"summary_large_image\" \/>\n<meta name=\"twitter:label1\" content=\"\u00c9crit par\" \/>\n\t<meta name=\"twitter:data1\" content=\"Julien Laurent\" \/>\n\t<meta name=\"twitter:label2\" content=\"Dur\u00e9e de lecture estim\u00e9e\" \/>\n\t<meta name=\"twitter:data2\" content=\"12 minutes\" \/>\n<script type=\"application\/ld+json\" class=\"yoast-schema-graph\">{\"@context\":\"https:\/\/schema.org\",\"@graph\":[{\"@type\":\"Article\",\"@id\":\"http:\/\/www.habitat-design.net\/blog\/neon-personnalise-lart-lumineux-de-lexpression-creative\/#article\",\"isPartOf\":{\"@id\":\"http:\/\/www.habitat-design.net\/blog\/neon-personnalise-lart-lumineux-de-lexpression-creative\/\"},\"author\":{\"name\":\"Julien Laurent\",\"@id\":\"https:\/\/www.habitat-design.net\/blog\/#\/schema\/person\/f81363ecfab7ff0bfb976328793ce2e5\"},\"headline\":\"N\u00e9on Personnalis\u00e9 : L&rsquo;Art Lumineux de l&rsquo;Expression Cr\u00e9ative\",\"datePublished\":\"2023-12-09T09:19:07+00:00\",\"dateModified\":\"2023-12-11T12:29:11+00:00\",\"mainEntityOfPage\":{\"@id\":\"http:\/\/www.habitat-design.net\/blog\/neon-personnalise-lart-lumineux-de-lexpression-creative\/\"},\"wordCount\":2567,\"commentCount\":0,\"image\":{\"@id\":\"http:\/\/www.habitat-design.net\/blog\/neon-personnalise-lart-lumineux-de-lexpression-creative\/#primaryimage\"},\"thumbnailUrl\":\"http:\/\/www.habitat-design.net\/blog\/wp-content\/uploads\/2023\/12\/work-harder-1845901_640.jpg\",\"articleSection\":[\"Maison &amp; d\u00e9coration\"],\"inLanguage\":\"fr-FR\",\"potentialAction\":[{\"@type\":\"CommentAction\",\"name\":\"Comment\",\"target\":[\"http:\/\/www.habitat-design.net\/blog\/neon-personnalise-lart-lumineux-de-lexpression-creative\/#respond\"]}]},{\"@type\":\"WebPage\",\"@id\":\"http:\/\/www.habitat-design.net\/blog\/neon-personnalise-lart-lumineux-de-lexpression-creative\/\",\"url\":\"http:\/\/www.habitat-design.net\/blog\/neon-personnalise-lart-lumineux-de-lexpression-creative\/\",\"name\":\"N\u00e9on Personnalis\u00e9 : L'Art Lumineux de l'Expression Cr\u00e9ative -\",\"isPartOf\":{\"@id\":\"https:\/\/www.habitat-design.net\/blog\/#website\"},\"primaryImageOfPage\":{\"@id\":\"http:\/\/www.habitat-design.net\/blog\/neon-personnalise-lart-lumineux-de-lexpression-creative\/#primaryimage\"},\"image\":{\"@id\":\"http:\/\/www.habitat-design.net\/blog\/neon-personnalise-lart-lumineux-de-lexpression-creative\/#primaryimage\"},\"thumbnailUrl\":\"http:\/\/www.habitat-design.net\/blog\/wp-content\/uploads\/2023\/12\/work-harder-1845901_640.jpg\",\"datePublished\":\"2023-12-09T09:19:07+00:00\",\"dateModified\":\"2023-12-11T12:29:11+00:00\",\"author\":{\"@id\":\"https:\/\/www.habitat-design.net\/blog\/#\/schema\/person\/f81363ecfab7ff0bfb976328793ce2e5\"},\"description\":\"D\u00e9couvrez l'art lumineux des n\u00e9ons personnalis\u00e9s et explorez leurs multiples applications, de la d\u00e9coration int\u00e9rieure aux enseignes lumineuses, en passant par les cadeaux personnalis\u00e9s. Apprenez comment ces \u0153uvres d'art lumineuses sont fabriqu\u00e9es sur mesure pour exprimer votre cr\u00e9ativit\u00e9. Les n\u00e9ons personnalis\u00e9s : une touche unique pour \u00e9clairer votre vie\",\"breadcrumb\":{\"@id\":\"http:\/\/www.habitat-design.net\/blog\/neon-personnalise-lart-lumineux-de-lexpression-creative\/#breadcrumb\"},\"inLanguage\":\"fr-FR\",\"potentialAction\":[{\"@type\":\"ReadAction\",\"target\":[\"http:\/\/www.habitat-design.net\/blog\/neon-personnalise-lart-lumineux-de-lexpression-creative\/\"]}]},{\"@type\":\"ImageObject\",\"inLanguage\":\"fr-FR\",\"@id\":\"http:\/\/www.habitat-design.net\/blog\/neon-personnalise-lart-lumineux-de-lexpression-creative\/#primaryimage\",\"url\":\"http:\/\/www.habitat-design.net\/blog\/wp-content\/uploads\/2023\/12\/work-harder-1845901_640.jpg\",\"contentUrl\":\"http:\/\/www.habitat-design.net\/blog\/wp-content\/uploads\/2023\/12\/work-harder-1845901_640.jpg\",\"width\":640,\"height\":360},{\"@type\":\"BreadcrumbList\",\"@id\":\"http:\/\/www.habitat-design.net\/blog\/neon-personnalise-lart-lumineux-de-lexpression-creative\/#breadcrumb\",\"itemListElement\":[{\"@type\":\"ListItem\",\"position\":1,\"name\":\"Accueil\",\"item\":\"https:\/\/www.habitat-design.net\/blog\/\"},{\"@type\":\"ListItem\",\"position\":2,\"name\":\"N\u00e9on Personnalis\u00e9 : L&rsquo;Art Lumineux de l&rsquo;Expression Cr\u00e9ative\"}]},{\"@type\":\"WebSite\",\"@id\":\"https:\/\/www.habitat-design.net\/blog\/#website\",\"url\":\"https:\/\/www.habitat-design.net\/blog\/\",\"name\":\"\",\"description\":\"\",\"potentialAction\":[{\"@type\":\"SearchAction\",\"target\":{\"@type\":\"EntryPoint\",\"urlTemplate\":\"https:\/\/www.habitat-design.net\/blog\/?s={search_term_string}\"},\"query-input\":{\"@type\":\"PropertyValueSpecification\",\"valueRequired\":true,\"valueName\":\"search_term_string\"}}],\"inLanguage\":\"fr-FR\"},{\"@type\":\"Person\",\"@id\":\"https:\/\/www.habitat-design.net\/blog\/#\/schema\/person\/f81363ecfab7ff0bfb976328793ce2e5\",\"name\":\"Julien Laurent\",\"image\":{\"@type\":\"ImageObject\",\"inLanguage\":\"fr-FR\",\"@id\":\"https:\/\/www.habitat-design.net\/blog\/#\/schema\/person\/image\/\",\"url\":\"https:\/\/secure.gravatar.com\/avatar\/36c5f08b15b2f828b41156cb6e69b449?s=96&d=mm&r=g\",\"contentUrl\":\"https:\/\/secure.gravatar.com\/avatar\/36c5f08b15b2f828b41156cb6e69b449?s=96&d=mm&r=g\",\"caption\":\"Julien Laurent\"},\"description\":\"Julien Laurent est un blogueur passionn\u00e9 par le domaine de la d\u00e9coration int\u00e9rieure et du design. Avec un dipl\u00f4me en design d'int\u00e9rieur et plusieurs ann\u00e9es d'exp\u00e9rience en tant que d\u00e9corateur, il partage des conseils pratiques pour embellir et optimiser les espaces de vie. Ses articles inspirants et informatifs visent \u00e0 aider ses lecteurs \u00e0 cr\u00e9er des int\u00e9rieurs harmonieux et esth\u00e9tiques, refl\u00e9tant leur personnalit\u00e9 et leur style.\",\"sameAs\":[\"http:\/\/www.habitat-design.net\/blog\"],\"url\":\"http:\/\/www.habitat-design.net\/blog\/author\/contacthabitat-design-net\/\"}]}<\/script>\n<!-- \/ Yoast SEO plugin. -->","yoast_head_json":{"title":"N\u00e9on Personnalis\u00e9 : L'Art Lumineux de l'Expression Cr\u00e9ative -","description":"D\u00e9couvrez l'art lumineux des n\u00e9ons personnalis\u00e9s et explorez leurs multiples applications, de la d\u00e9coration int\u00e9rieure aux enseignes lumineuses, en passant par les cadeaux personnalis\u00e9s. Apprenez comment ces \u0153uvres d'art lumineuses sont fabriqu\u00e9es sur mesure pour exprimer votre cr\u00e9ativit\u00e9. Les n\u00e9ons personnalis\u00e9s : une touche unique pour \u00e9clairer votre vie","robots":{"index":"index","follow":"follow","max-snippet":"max-snippet:-1","max-image-preview":"max-image-preview:large","max-video-preview":"max-video-preview:-1"},"canonical":"http:\/\/www.habitat-design.net\/blog\/neon-personnalise-lart-lumineux-de-lexpression-creative\/","og_locale":"fr_FR","og_type":"article","og_title":"N\u00e9on Personnalis\u00e9 : L'Art Lumineux de l'Expression Cr\u00e9ative -","og_description":"D\u00e9couvrez l'art lumineux des n\u00e9ons personnalis\u00e9s et explorez leurs multiples applications, de la d\u00e9coration int\u00e9rieure aux enseignes lumineuses, en passant par les cadeaux personnalis\u00e9s. Apprenez comment ces \u0153uvres d'art lumineuses sont fabriqu\u00e9es sur mesure pour exprimer votre cr\u00e9ativit\u00e9. Les n\u00e9ons personnalis\u00e9s : une touche unique pour \u00e9clairer votre vie","og_url":"http:\/\/www.habitat-design.net\/blog\/neon-personnalise-lart-lumineux-de-lexpression-creative\/","article_published_time":"2023-12-09T09:19:07+00:00","article_modified_time":"2023-12-11T12:29:11+00:00","og_image":[{"width":640,"height":360,"url":"http:\/\/www.habitat-design.net\/blog\/wp-content\/uploads\/2023\/12\/work-harder-1845901_640.jpg","type":"image\/jpeg"}],"author":"Julien Laurent","twitter_card":"summary_large_image","twitter_misc":{"\u00c9crit par":"Julien Laurent","Dur\u00e9e de lecture estim\u00e9e":"12 minutes"},"schema":{"@context":"https:\/\/schema.org","@graph":[{"@type":"Article","@id":"http:\/\/www.habitat-design.net\/blog\/neon-personnalise-lart-lumineux-de-lexpression-creative\/#article","isPartOf":{"@id":"http:\/\/www.habitat-design.net\/blog\/neon-personnalise-lart-lumineux-de-lexpression-creative\/"},"author":{"name":"Julien Laurent","@id":"https:\/\/www.habitat-design.net\/blog\/#\/schema\/person\/f81363ecfab7ff0bfb976328793ce2e5"},"headline":"N\u00e9on Personnalis\u00e9 : L&rsquo;Art Lumineux de l&rsquo;Expression Cr\u00e9ative","datePublished":"2023-12-09T09:19:07+00:00","dateModified":"2023-12-11T12:29:11+00:00","mainEntityOfPage":{"@id":"http:\/\/www.habitat-design.net\/blog\/neon-personnalise-lart-lumineux-de-lexpression-creative\/"},"wordCount":2567,"commentCount":0,"image":{"@id":"http:\/\/www.habitat-design.net\/blog\/neon-personnalise-lart-lumineux-de-lexpression-creative\/#primaryimage"},"thumbnailUrl":"http:\/\/www.habitat-design.net\/blog\/wp-content\/uploads\/2023\/12\/work-harder-1845901_640.jpg","articleSection":["Maison &amp; d\u00e9coration"],"inLanguage":"fr-FR","potentialAction":[{"@type":"CommentAction","name":"Comment","target":["http:\/\/www.habitat-design.net\/blog\/neon-personnalise-lart-lumineux-de-lexpression-creative\/#respond"]}]},{"@type":"WebPage","@id":"http:\/\/www.habitat-design.net\/blog\/neon-personnalise-lart-lumineux-de-lexpression-creative\/","url":"http:\/\/www.habitat-design.net\/blog\/neon-personnalise-lart-lumineux-de-lexpression-creative\/","name":"N\u00e9on Personnalis\u00e9 : L'Art Lumineux de l'Expression Cr\u00e9ative -","isPartOf":{"@id":"https:\/\/www.habitat-design.net\/blog\/#website"},"primaryImageOfPage":{"@id":"http:\/\/www.habitat-design.net\/blog\/neon-personnalise-lart-lumineux-de-lexpression-creative\/#primaryimage"},"image":{"@id":"http:\/\/www.habitat-design.net\/blog\/neon-personnalise-lart-lumineux-de-lexpression-creative\/#primaryimage"},"thumbnailUrl":"http:\/\/www.habitat-design.net\/blog\/wp-content\/uploads\/2023\/12\/work-harder-1845901_640.jpg","datePublished":"2023-12-09T09:19:07+00:00","dateModified":"2023-12-11T12:29:11+00:00","author":{"@id":"https:\/\/www.habitat-design.net\/blog\/#\/schema\/person\/f81363ecfab7ff0bfb976328793ce2e5"},"description":"D\u00e9couvrez l'art lumineux des n\u00e9ons personnalis\u00e9s et explorez leurs multiples applications, de la d\u00e9coration int\u00e9rieure aux enseignes lumineuses, en passant par les cadeaux personnalis\u00e9s. Apprenez comment ces \u0153uvres d'art lumineuses sont fabriqu\u00e9es sur mesure pour exprimer votre cr\u00e9ativit\u00e9. Les n\u00e9ons personnalis\u00e9s : une touche unique pour \u00e9clairer votre vie","breadcrumb":{"@id":"http:\/\/www.habitat-design.net\/blog\/neon-personnalise-lart-lumineux-de-lexpression-creative\/#breadcrumb"},"inLanguage":"fr-FR","potentialAction":[{"@type":"ReadAction","target":["http:\/\/www.habitat-design.net\/blog\/neon-personnalise-lart-lumineux-de-lexpression-creative\/"]}]},{"@type":"ImageObject","inLanguage":"fr-FR","@id":"http:\/\/www.habitat-design.net\/blog\/neon-personnalise-lart-lumineux-de-lexpression-creative\/#primaryimage","url":"http:\/\/www.habitat-design.net\/blog\/wp-content\/uploads\/2023\/12\/work-harder-1845901_640.jpg","contentUrl":"http:\/\/www.habitat-design.net\/blog\/wp-content\/uploads\/2023\/12\/work-harder-1845901_640.jpg","width":640,"height":360},{"@type":"BreadcrumbList","@id":"http:\/\/www.habitat-design.net\/blog\/neon-personnalise-lart-lumineux-de-lexpression-creative\/#breadcrumb","itemListElement":[{"@type":"ListItem","position":1,"name":"Accueil","item":"https:\/\/www.habitat-design.net\/blog\/"},{"@type":"ListItem","position":2,"name":"N\u00e9on Personnalis\u00e9 : L&rsquo;Art Lumineux de l&rsquo;Expression Cr\u00e9ative"}]},{"@type":"WebSite","@id":"https:\/\/www.habitat-design.net\/blog\/#website","url":"https:\/\/www.habitat-design.net\/blog\/","name":"","description":"","potentialAction":[{"@type":"SearchAction","target":{"@type":"EntryPoint","urlTemplate":"https:\/\/www.habitat-design.net\/blog\/?s={search_term_string}"},"query-input":{"@type":"PropertyValueSpecification","valueRequired":true,"valueName":"search_term_string"}}],"inLanguage":"fr-FR"},{"@type":"Person","@id":"https:\/\/www.habitat-design.net\/blog\/#\/schema\/person\/f81363ecfab7ff0bfb976328793ce2e5","name":"Julien Laurent","image":{"@type":"ImageObject","inLanguage":"fr-FR","@id":"https:\/\/www.habitat-design.net\/blog\/#\/schema\/person\/image\/","url":"https:\/\/secure.gravatar.com\/avatar\/36c5f08b15b2f828b41156cb6e69b449?s=96&d=mm&r=g","contentUrl":"https:\/\/secure.gravatar.com\/avatar\/36c5f08b15b2f828b41156cb6e69b449?s=96&d=mm&r=g","caption":"Julien Laurent"},"description":"Julien Laurent est un blogueur passionn\u00e9 par le domaine de la d\u00e9coration int\u00e9rieure et du design. Avec un dipl\u00f4me en design d'int\u00e9rieur et plusieurs ann\u00e9es d'exp\u00e9rience en tant que d\u00e9corateur, il partage des conseils pratiques pour embellir et optimiser les espaces de vie. Ses articles inspirants et informatifs visent \u00e0 aider ses lecteurs \u00e0 cr\u00e9er des int\u00e9rieurs harmonieux et esth\u00e9tiques, refl\u00e9tant leur personnalit\u00e9 et leur style.","sameAs":["http:\/\/www.habitat-design.net\/blog"],"url":"http:\/\/www.habitat-design.net\/blog\/author\/contacthabitat-design-net\/"}]}},"views":582,"_links":{"self":[{"href":"http:\/\/www.habitat-design.net\/blog\/wp-json\/wp\/v2\/posts\/357","targetHints":{"allow":["GET"]}}],"collection":[{"href":"http:\/\/www.habitat-design.net\/blog\/wp-json\/wp\/v2\/posts"}],"about":[{"href":"http:\/\/www.habitat-design.net\/blog\/wp-json\/wp\/v2\/types\/post"}],"author":[{"embeddable":true,"href":"http:\/\/www.habitat-design.net\/blog\/wp-json\/wp\/v2\/users\/1"}],"replies":[{"embeddable":true,"href":"http:\/\/www.habitat-design.net\/blog\/wp-json\/wp\/v2\/comments?post=357"}],"version-history":[{"count":5,"href":"http:\/\/www.habitat-design.net\/blog\/wp-json\/wp\/v2\/posts\/357\/revisions"}],"predecessor-version":[{"id":375,"href":"http:\/\/www.habitat-design.net\/blog\/wp-json\/wp\/v2\/posts\/357\/revisions\/375"}],"wp:featuredmedia":[{"embeddable":true,"href":"http:\/\/www.habitat-design.net\/blog\/wp-json\/wp\/v2\/media\/358"}],"wp:attachment":[{"href":"http:\/\/www.habitat-design.net\/blog\/wp-json\/wp\/v2\/media?parent=357"}],"wp:term":[{"taxonomy":"category","embeddable":true,"href":"http:\/\/www.habitat-design.net\/blog\/wp-json\/wp\/v2\/categories?post=357"},{"taxonomy":"post_tag","embeddable":true,"href":"http:\/\/www.habitat-design.net\/blog\/wp-json\/wp\/v2\/tags?post=357"}],"curies":[{"name":"wp","href":"https:\/\/api.w.org\/{rel}","templated":true}]}}