
{"id":344,"date":"2023-11-15T16:05:14","date_gmt":"2023-11-15T15:05:14","guid":{"rendered":"https:\/\/www.habitat-design.net\/blog\/?p=344"},"modified":"2023-11-15T16:05:16","modified_gmt":"2023-11-15T15:05:16","slug":"les-verandas-un-element-cle-de-la-maison-moderne","status":"publish","type":"post","link":"http:\/\/www.habitat-design.net\/blog\/les-verandas-un-element-cle-de-la-maison-moderne\/","title":{"rendered":"Les V\u00e9randas : Un \u00c9l\u00e9ment Cl\u00e9 de la Maison Moderne"},"content":{"rendered":"\n<p>Les v\u00e9randas sont devenues un \u00e9l\u00e9ment incontournable de la maison moderne. Ces espaces vitr\u00e9s, \u00e0 mi-chemin entre l&rsquo;int\u00e9rieur et l&rsquo;ext\u00e9rieur, offrent de nombreux avantages, tant sur le plan esth\u00e9tique que fonctionnel. Dans cet article, nous explorerons les diff\u00e9rentes facettes des v\u00e9randas, de leur histoire fascinante \u00e0 leurs multiples utilisations contemporaines. Si vous souhaitez <a href=\"https:\/\/www.batiman.fr\/verandas\/veranda-style-contemporain\">en savoir plus<\/a> sur les avantages, les types de v\u00e9randas, les conseils de conception et d&rsquo;entretien, continuez votre lecture.<\/p>\n\n\n\n<h2 class=\"wp-block-heading\">Une Br\u00e8ve Histoire des V\u00e9randas<\/h2>\n\n\n\n<p>Les v\u00e9randas ont une longue histoire qui remonte \u00e0 l&rsquo;Antiquit\u00e9. Les Romains utilisaient d\u00e9j\u00e0 des structures en verre pour cultiver des plantes et cr\u00e9er des espaces de d\u00e9tente. Cependant, ce n&rsquo;est qu&rsquo;au 18e si\u00e8cle que les v\u00e9randas ont gagn\u00e9 en popularit\u00e9 en Europe, en particulier en Angleterre et en France. \u00c0 l&rsquo;origine, elles \u00e9taient principalement utilis\u00e9es pour abriter des plantes exotiques et cr\u00e9er des jardins d&rsquo;hiver.<\/p>\n\n\n\n<p>Au fil du temps, les v\u00e9randas ont \u00e9volu\u00e9 pour devenir des espaces polyvalents. Au 19e si\u00e8cle, elles \u00e9taient devenues des lieux de sociabilit\u00e9 et de d\u00e9tente, o\u00f9 les gens se r\u00e9unissaient pour prendre le th\u00e9 ou simplement profiter de la lumi\u00e8re naturelle. Les v\u00e9randas \u00e9taient souvent richement d\u00e9cor\u00e9es et servaient de transition entre l&rsquo;int\u00e9rieur et l&rsquo;ext\u00e9rieur de la maison.<\/p>\n\n\n\n<h2 class=\"wp-block-heading\">Les Avantages des V\u00e9randas<\/h2>\n\n\n\n<p>Aujourd&rsquo;hui, les v\u00e9randas sont devenues un \u00e9l\u00e9ment essentiel de la maison moderne pour de nombreuses raisons. Voici quelques-uns de leurs avantages cl\u00e9s :<\/p>\n\n\n\n<h3 class=\"wp-block-heading\">1. Lumi\u00e8re Naturelle Abondante<\/h3>\n\n\n\n<p>Les v\u00e9randas sont principalement constitu\u00e9es de grandes surfaces vitr\u00e9es, ce qui permet \u00e0 la lumi\u00e8re naturelle de p\u00e9n\u00e9trer abondamment dans l&rsquo;espace. Cela cr\u00e9e une atmosph\u00e8re lumineuse et agr\u00e9able, tout en r\u00e9duisant la d\u00e9pendance \u00e0 l&rsquo;\u00e9clairage artificiel pendant la journ\u00e9e. La lumi\u00e8re naturelle favorise \u00e9galement le bien-\u00eatre et peut m\u00eame r\u00e9duire la facture d&rsquo;\u00e9lectricit\u00e9.<\/p>\n\n\n\n<h3 class=\"wp-block-heading\">2. Vue sur l&rsquo;Ext\u00e9rieur<\/h3>\n\n\n\n<p>Les v\u00e9randas offrent une vue panoramique sur le jardin, la cour ou le paysage environnant. Cela cr\u00e9e un lien \u00e9troit avec la nature et permet aux occupants de profiter de la beaut\u00e9 ext\u00e9rieure sans \u00eatre expos\u00e9s aux \u00e9l\u00e9ments. C&rsquo;est un excellent moyen de se d\u00e9tendre tout en restant \u00e0 l&rsquo;abri.<\/p>\n\n\n\n<h3 class=\"wp-block-heading\">3. Polyvalence d&rsquo;Utilisation<\/h3>\n\n\n\n<p>Les v\u00e9randas sont incroyablement polyvalentes. Elles peuvent servir de salle \u00e0 manger en plein air, de salon, de jardin d&rsquo;hiver, de bureau \u00e0 domicile, de salle de jeux, ou m\u00eame de salle de sport. Leur utilisation d\u00e9pend des besoins et des pr\u00e9f\u00e9rences des propri\u00e9taires, ce qui en fait un espace personnalisable et adaptable.<\/p>\n\n\n\n<h3 class=\"wp-block-heading\">4. Augmentation de la Valeur Immobili\u00e8re<\/h3>\n\n\n\n<p>L&rsquo;ajout d&rsquo;une v\u00e9randa \u00e0 une maison peut augmenter consid\u00e9rablement sa valeur immobili\u00e8re. Les acheteurs potentiels sont souvent attir\u00e9s par ces espaces lumineux et polyvalents qui offrent un v\u00e9ritable atout \u00e0 la propri\u00e9t\u00e9.<\/p>\n\n\n\n<h2 class=\"wp-block-heading\">Les Diff\u00e9rents Types de V\u00e9randas<\/h2>\n\n\n\n<p>Il existe plusieurs types de v\u00e9randas, chacune ayant ses caract\u00e9ristiques distinctes. Les principaux types de v\u00e9randas comprennent :<\/p>\n\n\n\n<h3 class=\"wp-block-heading\">1. V\u00e9randa en Aluminium<\/h3>\n\n\n\n<p>Les v\u00e9randas en aluminium sont populaires en raison de leur durabilit\u00e9 et de leur faible entretien. L&rsquo;aluminium est r\u00e9sistant \u00e0 la corrosion, ce qui en fait un mat\u00e9riau id\u00e9al pour les v\u00e9randas expos\u00e9es aux intemp\u00e9ries.<\/p>\n\n\n\n<h3 class=\"wp-block-heading\">2. V\u00e9randa en Bois<\/h3>\n\n\n\n<p>Les v\u00e9randas en bois ont un charme classique et chaleureux. Le bois est un mat\u00e9riau naturellement isolant, ce qui en fait un excellent choix pour les v\u00e9randas qui doivent \u00eatre utilis\u00e9es toute l&rsquo;ann\u00e9e.<\/p>\n\n\n\n<h3 class=\"wp-block-heading\">3. V\u00e9randa en PVC<\/h3>\n\n\n\n<p>Les v\u00e9randas en PVC sont \u00e9conomiques et faciles \u00e0 entretenir. Bien qu&rsquo;elles puissent manquer du charme du bois ou de l&rsquo;aluminium, elles offrent une option abordable pour ceux qui recherchent une extension de maison.<\/p>\n\n\n\n<h3 class=\"wp-block-heading\">4. V\u00e9randa en Acier<\/h3>\n\n\n\n<p>Les v\u00e9randas en acier sont robustes et peuvent supporter de grandes surfaces vitr\u00e9es. Elles sont souvent utilis\u00e9es pour cr\u00e9er des v\u00e9randas de style industriel ou contemporain.<\/p>\n\n\n\n<h3 class=\"wp-block-heading\">5. V\u00e9randa en Verre<\/h3>\n\n\n\n<p>Les v\u00e9randas en verre sont id\u00e9ales pour maximiser la lumi\u00e8re naturelle et la vue sur l&rsquo;ext\u00e9rieur. Elles cr\u00e9ent une sensation d&rsquo;ouverture et de transparence, mais peuvent n\u00e9cessiter une protection solaire pour \u00e9viter la surchauffe en \u00e9t\u00e9.<\/p>\n\n\n\n<h2 class=\"wp-block-heading\">Conseils pour Concevoir et Entretenir une V\u00e9randa<\/h2>\n\n\n\n<p>Lors de la conception d&rsquo;une v\u00e9randa, il est essentiel de prendre en compte plusieurs facteurs, tels que l&#8217;emplacement, l&rsquo;orientation, l&rsquo;isolation et la ventilation. Voici quelques conseils pour concevoir une v\u00e9randa r\u00e9ussie :<\/p>\n\n\n\n<h3 class=\"wp-block-heading\">1. Choisissez le Bon Emplacement<\/h3>\n\n\n\n<p>L&#8217;emplacement de la v\u00e9randa est crucial. Il doit \u00eatre orient\u00e9 de mani\u00e8re \u00e0 recevoir un maximum de lumi\u00e8re naturelle tout en \u00e9vitant une surchauffe excessive en \u00e9t\u00e9. De plus, l&#8217;emplacement doit offrir une vue agr\u00e9able sur l&rsquo;ext\u00e9rieur.<\/p>\n\n\n\n<h3 class=\"wp-block-heading\">2. Investissez dans une Isolation de Qualit\u00e9<\/h3>\n\n\n\n<p>Une isolation ad\u00e9quate est essentielle pour garantir le confort thermique de la v\u00e9randa tout au long de l&rsquo;ann\u00e9e. Assurez-vous d&rsquo;installer des fen\u00eatres \u00e0 double vitrage et d&rsquo;isoler correctement les murs et le toit.<\/p>\n\n\n\n<h3 class=\"wp-block-heading\">3. Pr\u00e9voyez une Ventilation Appropri\u00e9e<\/h3>\n\n\n\n<p>Une ventilation efficace est n\u00e9cessaire pour r\u00e9guler la temp\u00e9rature et \u00e9viter l&rsquo;accumulation d&rsquo;humidit\u00e9. Les fen\u00eatres ouvrantes, les ventilateurs de plafond et les stores peuvent tous contribuer \u00e0 une ventilation ad\u00e9quate.<\/p>\n\n\n\n<h3 class=\"wp-block-heading\">4. Pensez \u00e0 l&rsquo;\u00c9clairage et \u00e0 l&rsquo;\u00c9lectricit\u00e9<\/h3>\n\n\n\n<p>Planifiez soigneusement l&rsquo;\u00e9clairage de votre v\u00e9randa pour qu&rsquo;il soit fonctionnel et esth\u00e9tique. Pr\u00e9voyez \u00e9galement des prises \u00e9lectriques pour alimenter des appareils \u00e9lectriques et des \u00e9quipements.<\/p>\n\n\n\n<h3 class=\"wp-block-heading\">5. Personnalisez la D\u00e9coration<\/h3>\n\n\n\n<p>La d\u00e9coration de la v\u00e9randa d\u00e9pendra de son utilisation. Vous pouvez opter pour un style rustique, contemporain, tropical ou tout autre style qui vous pla\u00eet. N&rsquo;oubliez pas d&rsquo;ajouter des plantes pour cr\u00e9er une atmosph\u00e8re agr\u00e9able.<\/p>\n\n\n\n<p>En ce qui concerne l&rsquo;entretien, les v\u00e9randas n\u00e9cessitent un nettoyage r\u00e9gulier des vitres et des surfaces en verre, ainsi que l&rsquo;inspection des \u00e9l\u00e9ments structurels pour d\u00e9tecter d&rsquo;\u00e9ventuels signes de d\u00e9t\u00e9rioration. L&rsquo;entretien pr\u00e9ventif contribuera \u00e0 prolonger la dur\u00e9e de vie de votre v\u00e9randa.<\/p>\n\n\n\n<h2 class=\"wp-block-heading\">Conclusion<\/h2>\n\n\n\n<p>Les v\u00e9randas sont devenues un \u00e9l\u00e9ment essentiel de la maison moderne en raison de leur polyvalence, de leur esth\u00e9tique attrayante et de leur capacit\u00e9 \u00e0 apporter la lumi\u00e8re naturelle \u00e0 l&rsquo;int\u00e9rieur de nos espaces de vie. Que vous utilisiez votre v\u00e9randa pour vous d\u00e9tendre, travailler ou vous divertir, elle peut \u00eatre un ajout pr\u00e9cieux \u00e0 votre maison. En gardant \u00e0 l&rsquo;esprit les conseils de conception et d&rsquo;entretien, vous pouvez profiter pleinement de tous les avantages qu&rsquo;une v\u00e9randa peut offrir. Alors, consid\u00e9rez s\u00e9rieusement l&rsquo;ajout d&rsquo;une v\u00e9randa \u00e0 votre maison et cr\u00e9ez un espace o\u00f9 vous pourrez vous \u00e9panouir toute l&rsquo;ann\u00e9e.<\/p>\n","protected":false},"excerpt":{"rendered":"<p>Les v\u00e9randas sont devenues un \u00e9l\u00e9ment incontournable de la maison moderne. Ces espaces vitr\u00e9s, \u00e0 mi-chemin entre l&rsquo;int\u00e9rieur et l&rsquo;ext\u00e9rieur, offrent de nombreux avantages, tant sur le plan esth\u00e9tique que fonctionnel. Dans cet article, nous explorerons les diff\u00e9rentes facettes des v\u00e9randas, de leur histoire fascinante \u00e0 leurs multiples utilisations contemporaines. Si vous souhaitez en savoir &#8230; <a title=\"Les V\u00e9randas : Un \u00c9l\u00e9ment Cl\u00e9 de la Maison Moderne\" class=\"read-more\" href=\"http:\/\/www.habitat-design.net\/blog\/les-verandas-un-element-cle-de-la-maison-moderne\/\" aria-label=\"En savoir plus sur Les V\u00e9randas : Un \u00c9l\u00e9ment Cl\u00e9 de la Maison Moderne\">Lire plus<\/a><\/p>\n","protected":false},"author":1,"featured_media":345,"comment_status":"open","ping_status":"open","sticky":false,"template":"","format":"standard","meta":{"footnotes":""},"categories":[1],"tags":[],"class_list":["post-344","post","type-post","status-publish","format-standard","has-post-thumbnail","hentry","category-maison"],"yoast_head":"<!-- This site is optimized with the Yoast SEO plugin v26.8 - https:\/\/yoast.com\/product\/yoast-seo-wordpress\/ -->\n<title>Les V\u00e9randas : Un \u00c9l\u00e9ment Cl\u00e9 de la Maison Moderne -<\/title>\n<meta name=\"description\" content=\"D\u00e9couvrez les avantages des v\u00e9randas modernes, leur histoire fascinante, les diff\u00e9rents types disponibles, ainsi que des conseils de conception et d&#039;entretien. Cr\u00e9ez un espace lumineux et polyvalent dans votre maison gr\u00e2ce aux v\u00e9randas\" \/>\n<meta name=\"robots\" content=\"index, follow, max-snippet:-1, max-image-preview:large, max-video-preview:-1\" \/>\n<link rel=\"canonical\" href=\"http:\/\/www.habitat-design.net\/blog\/les-verandas-un-element-cle-de-la-maison-moderne\/\" \/>\n<meta property=\"og:locale\" content=\"fr_FR\" \/>\n<meta property=\"og:type\" content=\"article\" \/>\n<meta property=\"og:title\" content=\"Les V\u00e9randas : Un \u00c9l\u00e9ment Cl\u00e9 de la Maison Moderne -\" \/>\n<meta property=\"og:description\" content=\"D\u00e9couvrez les avantages des v\u00e9randas modernes, leur histoire fascinante, les diff\u00e9rents types disponibles, ainsi que des conseils de conception et d&#039;entretien. Cr\u00e9ez un espace lumineux et polyvalent dans votre maison gr\u00e2ce aux v\u00e9randas\" \/>\n<meta property=\"og:url\" content=\"http:\/\/www.habitat-design.net\/blog\/les-verandas-un-element-cle-de-la-maison-moderne\/\" \/>\n<meta property=\"article:published_time\" content=\"2023-11-15T15:05:14+00:00\" \/>\n<meta property=\"article:modified_time\" content=\"2023-11-15T15:05:16+00:00\" \/>\n<meta property=\"og:image\" content=\"http:\/\/www.habitat-design.net\/blog\/wp-content\/uploads\/2023\/11\/cottage-1318073_640.jpg\" \/>\n\t<meta property=\"og:image:width\" content=\"640\" \/>\n\t<meta property=\"og:image:height\" content=\"427\" \/>\n\t<meta property=\"og:image:type\" content=\"image\/jpeg\" \/>\n<meta name=\"author\" content=\"Julien Laurent\" \/>\n<meta name=\"twitter:card\" content=\"summary_large_image\" \/>\n<meta name=\"twitter:label1\" content=\"\u00c9crit par\" \/>\n\t<meta name=\"twitter:data1\" content=\"Julien Laurent\" \/>\n\t<meta name=\"twitter:label2\" content=\"Dur\u00e9e de lecture estim\u00e9e\" \/>\n\t<meta name=\"twitter:data2\" content=\"6 minutes\" \/>\n<script type=\"application\/ld+json\" class=\"yoast-schema-graph\">{\"@context\":\"https:\/\/schema.org\",\"@graph\":[{\"@type\":\"Article\",\"@id\":\"http:\/\/www.habitat-design.net\/blog\/les-verandas-un-element-cle-de-la-maison-moderne\/#article\",\"isPartOf\":{\"@id\":\"http:\/\/www.habitat-design.net\/blog\/les-verandas-un-element-cle-de-la-maison-moderne\/\"},\"author\":{\"name\":\"Julien Laurent\",\"@id\":\"https:\/\/www.habitat-design.net\/blog\/#\/schema\/person\/f81363ecfab7ff0bfb976328793ce2e5\"},\"headline\":\"Les V\u00e9randas : Un \u00c9l\u00e9ment Cl\u00e9 de la Maison Moderne\",\"datePublished\":\"2023-11-15T15:05:14+00:00\",\"dateModified\":\"2023-11-15T15:05:16+00:00\",\"mainEntityOfPage\":{\"@id\":\"http:\/\/www.habitat-design.net\/blog\/les-verandas-un-element-cle-de-la-maison-moderne\/\"},\"wordCount\":1145,\"commentCount\":0,\"image\":{\"@id\":\"http:\/\/www.habitat-design.net\/blog\/les-verandas-un-element-cle-de-la-maison-moderne\/#primaryimage\"},\"thumbnailUrl\":\"http:\/\/www.habitat-design.net\/blog\/wp-content\/uploads\/2023\/11\/cottage-1318073_640.jpg\",\"articleSection\":[\"Maison &amp; d\u00e9coration\"],\"inLanguage\":\"fr-FR\",\"potentialAction\":[{\"@type\":\"CommentAction\",\"name\":\"Comment\",\"target\":[\"http:\/\/www.habitat-design.net\/blog\/les-verandas-un-element-cle-de-la-maison-moderne\/#respond\"]}]},{\"@type\":\"WebPage\",\"@id\":\"http:\/\/www.habitat-design.net\/blog\/les-verandas-un-element-cle-de-la-maison-moderne\/\",\"url\":\"http:\/\/www.habitat-design.net\/blog\/les-verandas-un-element-cle-de-la-maison-moderne\/\",\"name\":\"Les V\u00e9randas : Un \u00c9l\u00e9ment Cl\u00e9 de la Maison Moderne -\",\"isPartOf\":{\"@id\":\"https:\/\/www.habitat-design.net\/blog\/#website\"},\"primaryImageOfPage\":{\"@id\":\"http:\/\/www.habitat-design.net\/blog\/les-verandas-un-element-cle-de-la-maison-moderne\/#primaryimage\"},\"image\":{\"@id\":\"http:\/\/www.habitat-design.net\/blog\/les-verandas-un-element-cle-de-la-maison-moderne\/#primaryimage\"},\"thumbnailUrl\":\"http:\/\/www.habitat-design.net\/blog\/wp-content\/uploads\/2023\/11\/cottage-1318073_640.jpg\",\"datePublished\":\"2023-11-15T15:05:14+00:00\",\"dateModified\":\"2023-11-15T15:05:16+00:00\",\"author\":{\"@id\":\"https:\/\/www.habitat-design.net\/blog\/#\/schema\/person\/f81363ecfab7ff0bfb976328793ce2e5\"},\"description\":\"D\u00e9couvrez les avantages des v\u00e9randas modernes, leur histoire fascinante, les diff\u00e9rents types disponibles, ainsi que des conseils de conception et d'entretien. Cr\u00e9ez un espace lumineux et polyvalent dans votre maison gr\u00e2ce aux v\u00e9randas\",\"breadcrumb\":{\"@id\":\"http:\/\/www.habitat-design.net\/blog\/les-verandas-un-element-cle-de-la-maison-moderne\/#breadcrumb\"},\"inLanguage\":\"fr-FR\",\"potentialAction\":[{\"@type\":\"ReadAction\",\"target\":[\"http:\/\/www.habitat-design.net\/blog\/les-verandas-un-element-cle-de-la-maison-moderne\/\"]}]},{\"@type\":\"ImageObject\",\"inLanguage\":\"fr-FR\",\"@id\":\"http:\/\/www.habitat-design.net\/blog\/les-verandas-un-element-cle-de-la-maison-moderne\/#primaryimage\",\"url\":\"http:\/\/www.habitat-design.net\/blog\/wp-content\/uploads\/2023\/11\/cottage-1318073_640.jpg\",\"contentUrl\":\"http:\/\/www.habitat-design.net\/blog\/wp-content\/uploads\/2023\/11\/cottage-1318073_640.jpg\",\"width\":640,\"height\":427},{\"@type\":\"BreadcrumbList\",\"@id\":\"http:\/\/www.habitat-design.net\/blog\/les-verandas-un-element-cle-de-la-maison-moderne\/#breadcrumb\",\"itemListElement\":[{\"@type\":\"ListItem\",\"position\":1,\"name\":\"Accueil\",\"item\":\"https:\/\/www.habitat-design.net\/blog\/\"},{\"@type\":\"ListItem\",\"position\":2,\"name\":\"Les V\u00e9randas : Un \u00c9l\u00e9ment Cl\u00e9 de la Maison Moderne\"}]},{\"@type\":\"WebSite\",\"@id\":\"https:\/\/www.habitat-design.net\/blog\/#website\",\"url\":\"https:\/\/www.habitat-design.net\/blog\/\",\"name\":\"\",\"description\":\"\",\"potentialAction\":[{\"@type\":\"SearchAction\",\"target\":{\"@type\":\"EntryPoint\",\"urlTemplate\":\"https:\/\/www.habitat-design.net\/blog\/?s={search_term_string}\"},\"query-input\":{\"@type\":\"PropertyValueSpecification\",\"valueRequired\":true,\"valueName\":\"search_term_string\"}}],\"inLanguage\":\"fr-FR\"},{\"@type\":\"Person\",\"@id\":\"https:\/\/www.habitat-design.net\/blog\/#\/schema\/person\/f81363ecfab7ff0bfb976328793ce2e5\",\"name\":\"Julien Laurent\",\"image\":{\"@type\":\"ImageObject\",\"inLanguage\":\"fr-FR\",\"@id\":\"https:\/\/www.habitat-design.net\/blog\/#\/schema\/person\/image\/\",\"url\":\"https:\/\/secure.gravatar.com\/avatar\/36c5f08b15b2f828b41156cb6e69b449?s=96&d=mm&r=g\",\"contentUrl\":\"https:\/\/secure.gravatar.com\/avatar\/36c5f08b15b2f828b41156cb6e69b449?s=96&d=mm&r=g\",\"caption\":\"Julien Laurent\"},\"description\":\"Julien Laurent est un blogueur passionn\u00e9 par le domaine de la d\u00e9coration int\u00e9rieure et du design. Avec un dipl\u00f4me en design d'int\u00e9rieur et plusieurs ann\u00e9es d'exp\u00e9rience en tant que d\u00e9corateur, il partage des conseils pratiques pour embellir et optimiser les espaces de vie. Ses articles inspirants et informatifs visent \u00e0 aider ses lecteurs \u00e0 cr\u00e9er des int\u00e9rieurs harmonieux et esth\u00e9tiques, refl\u00e9tant leur personnalit\u00e9 et leur style.\",\"sameAs\":[\"http:\/\/www.habitat-design.net\/blog\"],\"url\":\"http:\/\/www.habitat-design.net\/blog\/author\/contacthabitat-design-net\/\"}]}<\/script>\n<!-- \/ Yoast SEO plugin. -->","yoast_head_json":{"title":"Les V\u00e9randas : Un \u00c9l\u00e9ment Cl\u00e9 de la Maison Moderne -","description":"D\u00e9couvrez les avantages des v\u00e9randas modernes, leur histoire fascinante, les diff\u00e9rents types disponibles, ainsi que des conseils de conception et d'entretien. Cr\u00e9ez un espace lumineux et polyvalent dans votre maison gr\u00e2ce aux v\u00e9randas","robots":{"index":"index","follow":"follow","max-snippet":"max-snippet:-1","max-image-preview":"max-image-preview:large","max-video-preview":"max-video-preview:-1"},"canonical":"http:\/\/www.habitat-design.net\/blog\/les-verandas-un-element-cle-de-la-maison-moderne\/","og_locale":"fr_FR","og_type":"article","og_title":"Les V\u00e9randas : Un \u00c9l\u00e9ment Cl\u00e9 de la Maison Moderne -","og_description":"D\u00e9couvrez les avantages des v\u00e9randas modernes, leur histoire fascinante, les diff\u00e9rents types disponibles, ainsi que des conseils de conception et d'entretien. Cr\u00e9ez un espace lumineux et polyvalent dans votre maison gr\u00e2ce aux v\u00e9randas","og_url":"http:\/\/www.habitat-design.net\/blog\/les-verandas-un-element-cle-de-la-maison-moderne\/","article_published_time":"2023-11-15T15:05:14+00:00","article_modified_time":"2023-11-15T15:05:16+00:00","og_image":[{"width":640,"height":427,"url":"http:\/\/www.habitat-design.net\/blog\/wp-content\/uploads\/2023\/11\/cottage-1318073_640.jpg","type":"image\/jpeg"}],"author":"Julien Laurent","twitter_card":"summary_large_image","twitter_misc":{"\u00c9crit par":"Julien Laurent","Dur\u00e9e de lecture estim\u00e9e":"6 minutes"},"schema":{"@context":"https:\/\/schema.org","@graph":[{"@type":"Article","@id":"http:\/\/www.habitat-design.net\/blog\/les-verandas-un-element-cle-de-la-maison-moderne\/#article","isPartOf":{"@id":"http:\/\/www.habitat-design.net\/blog\/les-verandas-un-element-cle-de-la-maison-moderne\/"},"author":{"name":"Julien Laurent","@id":"https:\/\/www.habitat-design.net\/blog\/#\/schema\/person\/f81363ecfab7ff0bfb976328793ce2e5"},"headline":"Les V\u00e9randas : Un \u00c9l\u00e9ment Cl\u00e9 de la Maison Moderne","datePublished":"2023-11-15T15:05:14+00:00","dateModified":"2023-11-15T15:05:16+00:00","mainEntityOfPage":{"@id":"http:\/\/www.habitat-design.net\/blog\/les-verandas-un-element-cle-de-la-maison-moderne\/"},"wordCount":1145,"commentCount":0,"image":{"@id":"http:\/\/www.habitat-design.net\/blog\/les-verandas-un-element-cle-de-la-maison-moderne\/#primaryimage"},"thumbnailUrl":"http:\/\/www.habitat-design.net\/blog\/wp-content\/uploads\/2023\/11\/cottage-1318073_640.jpg","articleSection":["Maison &amp; d\u00e9coration"],"inLanguage":"fr-FR","potentialAction":[{"@type":"CommentAction","name":"Comment","target":["http:\/\/www.habitat-design.net\/blog\/les-verandas-un-element-cle-de-la-maison-moderne\/#respond"]}]},{"@type":"WebPage","@id":"http:\/\/www.habitat-design.net\/blog\/les-verandas-un-element-cle-de-la-maison-moderne\/","url":"http:\/\/www.habitat-design.net\/blog\/les-verandas-un-element-cle-de-la-maison-moderne\/","name":"Les V\u00e9randas : Un \u00c9l\u00e9ment Cl\u00e9 de la Maison Moderne -","isPartOf":{"@id":"https:\/\/www.habitat-design.net\/blog\/#website"},"primaryImageOfPage":{"@id":"http:\/\/www.habitat-design.net\/blog\/les-verandas-un-element-cle-de-la-maison-moderne\/#primaryimage"},"image":{"@id":"http:\/\/www.habitat-design.net\/blog\/les-verandas-un-element-cle-de-la-maison-moderne\/#primaryimage"},"thumbnailUrl":"http:\/\/www.habitat-design.net\/blog\/wp-content\/uploads\/2023\/11\/cottage-1318073_640.jpg","datePublished":"2023-11-15T15:05:14+00:00","dateModified":"2023-11-15T15:05:16+00:00","author":{"@id":"https:\/\/www.habitat-design.net\/blog\/#\/schema\/person\/f81363ecfab7ff0bfb976328793ce2e5"},"description":"D\u00e9couvrez les avantages des v\u00e9randas modernes, leur histoire fascinante, les diff\u00e9rents types disponibles, ainsi que des conseils de conception et d'entretien. Cr\u00e9ez un espace lumineux et polyvalent dans votre maison gr\u00e2ce aux v\u00e9randas","breadcrumb":{"@id":"http:\/\/www.habitat-design.net\/blog\/les-verandas-un-element-cle-de-la-maison-moderne\/#breadcrumb"},"inLanguage":"fr-FR","potentialAction":[{"@type":"ReadAction","target":["http:\/\/www.habitat-design.net\/blog\/les-verandas-un-element-cle-de-la-maison-moderne\/"]}]},{"@type":"ImageObject","inLanguage":"fr-FR","@id":"http:\/\/www.habitat-design.net\/blog\/les-verandas-un-element-cle-de-la-maison-moderne\/#primaryimage","url":"http:\/\/www.habitat-design.net\/blog\/wp-content\/uploads\/2023\/11\/cottage-1318073_640.jpg","contentUrl":"http:\/\/www.habitat-design.net\/blog\/wp-content\/uploads\/2023\/11\/cottage-1318073_640.jpg","width":640,"height":427},{"@type":"BreadcrumbList","@id":"http:\/\/www.habitat-design.net\/blog\/les-verandas-un-element-cle-de-la-maison-moderne\/#breadcrumb","itemListElement":[{"@type":"ListItem","position":1,"name":"Accueil","item":"https:\/\/www.habitat-design.net\/blog\/"},{"@type":"ListItem","position":2,"name":"Les V\u00e9randas : Un \u00c9l\u00e9ment Cl\u00e9 de la Maison Moderne"}]},{"@type":"WebSite","@id":"https:\/\/www.habitat-design.net\/blog\/#website","url":"https:\/\/www.habitat-design.net\/blog\/","name":"","description":"","potentialAction":[{"@type":"SearchAction","target":{"@type":"EntryPoint","urlTemplate":"https:\/\/www.habitat-design.net\/blog\/?s={search_term_string}"},"query-input":{"@type":"PropertyValueSpecification","valueRequired":true,"valueName":"search_term_string"}}],"inLanguage":"fr-FR"},{"@type":"Person","@id":"https:\/\/www.habitat-design.net\/blog\/#\/schema\/person\/f81363ecfab7ff0bfb976328793ce2e5","name":"Julien Laurent","image":{"@type":"ImageObject","inLanguage":"fr-FR","@id":"https:\/\/www.habitat-design.net\/blog\/#\/schema\/person\/image\/","url":"https:\/\/secure.gravatar.com\/avatar\/36c5f08b15b2f828b41156cb6e69b449?s=96&d=mm&r=g","contentUrl":"https:\/\/secure.gravatar.com\/avatar\/36c5f08b15b2f828b41156cb6e69b449?s=96&d=mm&r=g","caption":"Julien Laurent"},"description":"Julien Laurent est un blogueur passionn\u00e9 par le domaine de la d\u00e9coration int\u00e9rieure et du design. Avec un dipl\u00f4me en design d'int\u00e9rieur et plusieurs ann\u00e9es d'exp\u00e9rience en tant que d\u00e9corateur, il partage des conseils pratiques pour embellir et optimiser les espaces de vie. Ses articles inspirants et informatifs visent \u00e0 aider ses lecteurs \u00e0 cr\u00e9er des int\u00e9rieurs harmonieux et esth\u00e9tiques, refl\u00e9tant leur personnalit\u00e9 et leur style.","sameAs":["http:\/\/www.habitat-design.net\/blog"],"url":"http:\/\/www.habitat-design.net\/blog\/author\/contacthabitat-design-net\/"}]}},"views":635,"_links":{"self":[{"href":"http:\/\/www.habitat-design.net\/blog\/wp-json\/wp\/v2\/posts\/344","targetHints":{"allow":["GET"]}}],"collection":[{"href":"http:\/\/www.habitat-design.net\/blog\/wp-json\/wp\/v2\/posts"}],"about":[{"href":"http:\/\/www.habitat-design.net\/blog\/wp-json\/wp\/v2\/types\/post"}],"author":[{"embeddable":true,"href":"http:\/\/www.habitat-design.net\/blog\/wp-json\/wp\/v2\/users\/1"}],"replies":[{"embeddable":true,"href":"http:\/\/www.habitat-design.net\/blog\/wp-json\/wp\/v2\/comments?post=344"}],"version-history":[{"count":1,"href":"http:\/\/www.habitat-design.net\/blog\/wp-json\/wp\/v2\/posts\/344\/revisions"}],"predecessor-version":[{"id":346,"href":"http:\/\/www.habitat-design.net\/blog\/wp-json\/wp\/v2\/posts\/344\/revisions\/346"}],"wp:featuredmedia":[{"embeddable":true,"href":"http:\/\/www.habitat-design.net\/blog\/wp-json\/wp\/v2\/media\/345"}],"wp:attachment":[{"href":"http:\/\/www.habitat-design.net\/blog\/wp-json\/wp\/v2\/media?parent=344"}],"wp:term":[{"taxonomy":"category","embeddable":true,"href":"http:\/\/www.habitat-design.net\/blog\/wp-json\/wp\/v2\/categories?post=344"},{"taxonomy":"post_tag","embeddable":true,"href":"http:\/\/www.habitat-design.net\/blog\/wp-json\/wp\/v2\/tags?post=344"}],"curies":[{"name":"wp","href":"https:\/\/api.w.org\/{rel}","templated":true}]}}