
{"id":285,"date":"2023-10-24T15:35:00","date_gmt":"2023-10-24T13:35:00","guid":{"rendered":"https:\/\/www.habitat-design.net\/blog\/?p=285"},"modified":"2023-10-24T15:37:18","modified_gmt":"2023-10-24T13:37:18","slug":"corinne-houssin-votre-architecte-dinterieur-a-versailles","status":"publish","type":"post","link":"http:\/\/www.habitat-design.net\/blog\/corinne-houssin-votre-architecte-dinterieur-a-versailles\/","title":{"rendered":"<strong>Corinne Houssin : Votre Architecte d&rsquo;Int\u00e9rieur \u00e0 Versailles<\/strong>"},"content":{"rendered":"\n<p><em>\u00c0 Versailles, une ville embl\u00e9matique, l&rsquo;architecture int\u00e9rieure trouve son apog\u00e9e gr\u00e2ce \u00e0 des professionnels d\u00e9vou\u00e9s tels que Corinne Houssin. Dans cet article, nous explorerons l&rsquo;univers de cette talentueuse architecte d&rsquo;int\u00e9rieur, mettant en lumi\u00e8re son entreprise, ses services, tout en d\u00e9taillant les avantages de faire appel \u00e0 un architecte d&rsquo;int\u00e9rieur \u00e0 Versailles.<\/em><\/p>\n\n\n\n<p><strong>Corinne Houssin : <a href=\"https:\/\/www.expression-interieure.com\/architecte-interieur-versailles\/\">Architecte d&rsquo;Int\u00e9rieur  Versailles<\/a><\/strong><\/p>\n\n\n\n<p>Corinne Houssin, une architecte d&rsquo;int\u00e9rieur de renom bas\u00e9e \u00e0 Versailles, excelle dans l&rsquo;art de sublimer les int\u00e9rieurs. Son entreprise, reconnue pour son d\u00e9vouement \u00e0 l&rsquo;histoire et au charme de la ville, se distingue par son approche m\u00e9ticuleuse de chaque projet d&rsquo;architecture d&rsquo;int\u00e9rieur \u00e0 Versailles. Que ce soit pour la r\u00e9novation d&rsquo;une r\u00e9sidence classique ou la cr\u00e9ation d&rsquo;un espace contemporain, son \u00e9quipe d&rsquo;architectes d&rsquo;int\u00e9rieur Versailles s&rsquo;efforce de cr\u00e9er des int\u00e9rieurs qui refl\u00e8tent les pr\u00e9f\u00e9rences et le style de vie uniques de chaque client, tout en pr\u00e9servant l&rsquo;esth\u00e9tique versaillaise.<\/p>\n\n\n\n<p>L&rsquo;entreprise de Corinne Houssin se caract\u00e9rise par son engagement envers l&rsquo;histoire et l&rsquo;esth\u00e9tique de Versailles. Cette ville, c\u00e9l\u00e8bre pour son architecture magnifique et unique, est un v\u00e9ritable joyau du patrimoine fran\u00e7ais. Avec une histoire riche en \u00e9v\u00e9nements historiques et culturels, Versailles a laiss\u00e9 une empreinte ind\u00e9l\u00e9bile sur l&rsquo;architecture et l&rsquo;art de l&rsquo;\u00e9poque. L&rsquo;entreprise de Corinne Houssin s&rsquo;efforce de pr\u00e9server et d&rsquo;int\u00e9grer cette riche histoire dans chacun de ses projets d&rsquo;architecture d&rsquo;int\u00e9rieur.<\/p>\n\n\n\n<h3 class=\"wp-block-heading\">Les Services Propos\u00e9s<\/h3>\n\n\n\n<p>L&rsquo;expertise de Corinne Houssin en architecture d&rsquo;int\u00e9rieur s&rsquo;\u00e9tend \u00e0 une gamme vari\u00e9e de services. De la conception \u00e0 la d\u00e9coration en passant par l&rsquo;am\u00e9nagement, chaque \u00e9tape est minutieusement planifi\u00e9e pour garantir la satisfaction du client. Les conceptions sur mesure, qu&rsquo;elles soient classiques, traditionnelles ou modernes, prennent en compte les moindres d\u00e9tails, cr\u00e9ant des espaces int\u00e9rieurs qui refl\u00e8tent la personnalit\u00e9 et les go\u00fbts individuels.<\/p>\n\n\n\n<p>La gamme compl\u00e8te de services propos\u00e9e par Corinne Houssin comprend :<\/p>\n\n\n\n<h4 class=\"wp-block-heading\">1. Conception d&rsquo;Int\u00e9rieur<\/h4>\n\n\n\n<p>L&rsquo;\u00e9quipe de Corinne Houssin travaille en \u00e9troite collaboration avec les clients pour comprendre leurs besoins, leurs r\u00eaves et leurs objectifs. Chaque projet commence par une phase de consultation approfondie, o\u00f9 les clients ont l&rsquo;occasion d&rsquo;exprimer leurs id\u00e9es et leurs pr\u00e9f\u00e9rences. Cette phase de conception se base sur la vision unique de chaque client et s&rsquo;appuie sur l&rsquo;expertise de l&rsquo;architecte d&rsquo;int\u00e9rieur pour la r\u00e9aliser.<\/p>\n\n\n\n<h4 class=\"wp-block-heading\">2. D\u00e9coration<\/h4>\n\n\n\n<p>La d\u00e9coration est un \u00e9l\u00e9ment cl\u00e9 de tout projet d&rsquo;architecture d&rsquo;int\u00e9rieur. Corinne Houssin veille \u00e0 ce que chaque \u00e9l\u00e9ment, du mobilier aux \u0153uvres d&rsquo;art, soit s\u00e9lectionn\u00e9 avec soin pour cr\u00e9er une ambiance coh\u00e9rente et harmonieuse. La d\u00e9coration peut transformer un espace en un lieu chaleureux, accueillant et esth\u00e9tiquement plaisant.<\/p>\n\n\n\n<h4 class=\"wp-block-heading\">3. Am\u00e9nagement<\/h4>\n\n\n\n<p>L&rsquo;am\u00e9nagement int\u00e9rieur consiste \u00e0 optimiser l&rsquo;utilisation de l&rsquo;espace disponible de mani\u00e8re fonctionnelle et esth\u00e9tique. Cela inclut la disposition des meubles, l&rsquo;\u00e9clairage, la circulation et bien d&rsquo;autres aspects qui contribuent \u00e0 la convivialit\u00e9 d&rsquo;un espace. Corinne Houssin excelle dans la cr\u00e9ation d&rsquo;am\u00e9nagements qui maximisent l&rsquo;utilisation de l&rsquo;espace tout en conservant son caract\u00e8re unique.<\/p>\n\n\n\n<h3 class=\"wp-block-heading\">La Particularit\u00e9 de Versailles<\/h3>\n\n\n\n<p>Versailles, ville embl\u00e9matique, joue un r\u00f4le vital dans l&rsquo;attractivit\u00e9 et la renomm\u00e9e gr\u00e2ce \u00e0 son architecture unique, influenc\u00e9e par le baroque et le n\u00e9oclassique. Corinne Houssin s&rsquo;impr\u00e8gne de l&rsquo;histoire et de l&rsquo;architecture de Versailles, comprenant les ornements baroques, les lignes classiques et les proportions \u00e9quilibr\u00e9es pour cr\u00e9er des espaces int\u00e9rieurs harmonieux avec l&rsquo;environnement riche de la ville.<\/p>\n\n\n\n<p>Versailles est bien plus qu&rsquo;une ville ; c&rsquo;est un tr\u00e9sor culturel. Le c\u00e9l\u00e8bre Ch\u00e2teau de Versailles, symbole de l&rsquo;opulence et de la grandeur de la France, est le point culminant de l&rsquo;architecture versaillaise. Les jardins \u00e0 la fran\u00e7aise, les sculptures et les d\u00e9tails architecturaux font de Versailles un endroit exceptionnel.<\/p>\n\n\n\n<h3 class=\"wp-block-heading\">Les Avantages de Faire Appel \u00e0 un Architecte d&rsquo;Int\u00e9rieur<\/h3>\n\n\n\n<p>Faire appel \u00e0 un architecte d&rsquo;int\u00e9rieur comme Corinne Houssin \u00e0 Versailles comporte de nombreux avantages. Ces professionnels comprennent l&rsquo;importance de l&rsquo;\u00e9quilibre entre fonctionnalit\u00e9 et esth\u00e9tique, et ils sont \u00e0 m\u00eame de cr\u00e9er des int\u00e9rieurs uniques et \u00e9l\u00e9gants qui r\u00e9pondent aux besoins contemporains tout en pr\u00e9servant l&rsquo;essence et le caract\u00e8re de la ville.<\/p>\n\n\n\n<p>Les avantages de faire appel \u00e0 un architecte d&rsquo;int\u00e9rieur comprennent :<\/p>\n\n\n\n<h4 class=\"wp-block-heading\">1. Expertise Technique<\/h4>\n\n\n\n<p>Les architectes d&rsquo;int\u00e9rieur poss\u00e8dent une connaissance approfondie des techniques de construction, des mat\u00e9riaux et des normes de s\u00e9curit\u00e9. Ils veillent \u00e0 ce que chaque projet respecte ces crit\u00e8res, garantissant la qualit\u00e9 et la durabilit\u00e9 des r\u00e9sultats.<\/p>\n\n\n\n<h4 class=\"wp-block-heading\">2. Personnalisation<\/h4>\n\n\n\n<p>Chaque projet est adapt\u00e9 aux besoins et aux pr\u00e9f\u00e9rences du client. Les architectes d&rsquo;int\u00e9rieur travaillent en \u00e9troite collaboration avec les clients pour cr\u00e9er des espaces qui refl\u00e8tent leur style de vie et leurs go\u00fbts.<\/p>\n\n\n\n<h4 class=\"wp-block-heading\">3. Gain de Temps<\/h4>\n\n\n\n<p>La gestion de projets de r\u00e9novation peut \u00eatre complexe. Les architectes d&rsquo;int\u00e9rieur prennent en charge la coordination des travaux, des achats de mat\u00e9riaux \u00e0 la supervision de la construction, ce qui permet au client de gagner du temps.<\/p>\n\n\n\n<h4 class=\"wp-block-heading\">4. Maximisation de l&rsquo;Espace<\/h4>\n\n\n\n<p>Les architectes d&rsquo;int\u00e9rieur sont des experts en am\u00e9nagement et en optimisation de l&rsquo;espace. Ils veillent \u00e0 ce que chaque centim\u00e8tre soit utilis\u00e9 de mani\u00e8re efficace.<\/p>\n\n\n\n<h3 class=\"wp-block-heading\">N\u00e9cessit\u00e9 de Passer par un Architecte d&rsquo;Int\u00e9rieur<\/h3>\n\n\n\n<p>La complexit\u00e9 des projets de r\u00e9novation et de conception d&rsquo;int\u00e9rieur n\u00e9cessite l&rsquo;expertise d&rsquo;un architecte. Corinne Houssin et son \u00e9quipe g\u00e8rent chaque d\u00e9tail, du concept \u00e0 la r\u00e9alisation, avec professionnalisme et efficacit\u00e9, garantissant des r\u00e9sultats qui d\u00e9passent les attentes.<\/p>\n\n\n\n<p>En conclusion, Corinne Houssin, architecte d&rsquo;int\u00e9rieur \u00e0 Versailles, incarne la passion pour la pr\u00e9servation de l&rsquo;identit\u00e9 culturelle et historique de la ville, tout en cr\u00e9ant des espaces int\u00e9rieurs magnifiques et fonctionnels. Son entreprise offre des services sur mesure et une approche attentive aux d\u00e9tails, faisant d&rsquo;elle une figure incontournable pour quiconque souhaite sublimer son int\u00e9rieur dans cette ville prestigieuse. La magie de Versailles se refl\u00e8te dans chaque projet, o\u00f9 le pass\u00e9 et le pr\u00e9sent se marient pour cr\u00e9er des int\u00e9rieurs uniques et \u00e9l\u00e9gants. Faire appel \u00e0 un architecte d&rsquo;int\u00e9rieur \u00e0 Versailles comme Corinne Houssin est un investissement dans la beaut\u00e9, le confort et la fonctionnalit\u00e9 de votre espace de vie. Ne laissez pas l&rsquo;histoire et le charme de Versailles passer \u00e0 c\u00f4t\u00e9 de vous ; int\u00e9grez-les dans votre foyer avec l&rsquo;aide d&rsquo;un professionnel qui comprend leur valeur inestimable.<\/p>\n","protected":false},"excerpt":{"rendered":"<p>\u00c0 Versailles, une ville embl\u00e9matique, l&rsquo;architecture int\u00e9rieure trouve son apog\u00e9e gr\u00e2ce \u00e0 des professionnels d\u00e9vou\u00e9s tels que Corinne Houssin. Dans cet article, nous explorerons l&rsquo;univers de cette talentueuse architecte d&rsquo;int\u00e9rieur, mettant en lumi\u00e8re son entreprise, ses services, tout en d\u00e9taillant les avantages de faire appel \u00e0 un architecte d&rsquo;int\u00e9rieur \u00e0 Versailles. Corinne Houssin : Architecte &#8230; <a title=\"Corinne Houssin : Votre Architecte d&rsquo;Int\u00e9rieur \u00e0 Versailles\" class=\"read-more\" href=\"http:\/\/www.habitat-design.net\/blog\/corinne-houssin-votre-architecte-dinterieur-a-versailles\/\" aria-label=\"En savoir plus sur Corinne Houssin : Votre Architecte d&rsquo;Int\u00e9rieur \u00e0 Versailles\">Lire plus<\/a><\/p>\n","protected":false},"author":1,"featured_media":297,"comment_status":"open","ping_status":"open","sticky":false,"template":"","format":"standard","meta":{"footnotes":""},"categories":[1],"tags":[],"class_list":["post-285","post","type-post","status-publish","format-standard","has-post-thumbnail","hentry","category-maison"],"yoast_head":"<!-- This site is optimized with the Yoast SEO plugin v26.8 - https:\/\/yoast.com\/product\/yoast-seo-wordpress\/ -->\n<title>Corinne Houssin : Votre Architecte d&#039;Int\u00e9rieur \u00e0 Versailles -<\/title>\n<meta name=\"description\" content=\"Corinne Houssin : Votre Architecte d&#039;Int\u00e9rieur \u00e0 Versailles -\" \/>\n<meta name=\"robots\" content=\"index, follow, max-snippet:-1, max-image-preview:large, max-video-preview:-1\" \/>\n<link rel=\"canonical\" href=\"http:\/\/www.habitat-design.net\/blog\/corinne-houssin-votre-architecte-dinterieur-a-versailles\/\" \/>\n<meta property=\"og:locale\" content=\"fr_FR\" \/>\n<meta property=\"og:type\" content=\"article\" \/>\n<meta property=\"og:title\" content=\"Corinne Houssin : Votre Architecte d&#039;Int\u00e9rieur \u00e0 Versailles -\" \/>\n<meta property=\"og:description\" content=\"Corinne Houssin : Votre Architecte d&#039;Int\u00e9rieur \u00e0 Versailles -\" \/>\n<meta property=\"og:url\" content=\"http:\/\/www.habitat-design.net\/blog\/corinne-houssin-votre-architecte-dinterieur-a-versailles\/\" \/>\n<meta property=\"article:published_time\" content=\"2023-10-24T13:35:00+00:00\" \/>\n<meta property=\"article:modified_time\" content=\"2023-10-24T13:37:18+00:00\" \/>\n<meta property=\"og:image\" content=\"http:\/\/www.habitat-design.net\/blog\/wp-content\/uploads\/2023\/10\/meeting-2284501_960_720.jpg\" \/>\n\t<meta property=\"og:image:width\" content=\"960\" \/>\n\t<meta property=\"og:image:height\" content=\"600\" \/>\n\t<meta property=\"og:image:type\" content=\"image\/jpeg\" \/>\n<meta name=\"author\" content=\"Julien Laurent\" \/>\n<meta name=\"twitter:card\" content=\"summary_large_image\" \/>\n<meta name=\"twitter:label1\" content=\"\u00c9crit par\" \/>\n\t<meta name=\"twitter:data1\" content=\"Julien Laurent\" \/>\n\t<meta name=\"twitter:label2\" content=\"Dur\u00e9e de lecture estim\u00e9e\" \/>\n\t<meta name=\"twitter:data2\" content=\"5 minutes\" \/>\n<script type=\"application\/ld+json\" class=\"yoast-schema-graph\">{\"@context\":\"https:\/\/schema.org\",\"@graph\":[{\"@type\":\"Article\",\"@id\":\"http:\/\/www.habitat-design.net\/blog\/corinne-houssin-votre-architecte-dinterieur-a-versailles\/#article\",\"isPartOf\":{\"@id\":\"http:\/\/www.habitat-design.net\/blog\/corinne-houssin-votre-architecte-dinterieur-a-versailles\/\"},\"author\":{\"name\":\"Julien Laurent\",\"@id\":\"http:\/\/www.habitat-design.net\/blog\/#\/schema\/person\/f81363ecfab7ff0bfb976328793ce2e5\"},\"headline\":\"Corinne Houssin : Votre Architecte d&rsquo;Int\u00e9rieur \u00e0 Versailles\",\"datePublished\":\"2023-10-24T13:35:00+00:00\",\"dateModified\":\"2023-10-24T13:37:18+00:00\",\"mainEntityOfPage\":{\"@id\":\"http:\/\/www.habitat-design.net\/blog\/corinne-houssin-votre-architecte-dinterieur-a-versailles\/\"},\"wordCount\":1096,\"commentCount\":0,\"image\":{\"@id\":\"http:\/\/www.habitat-design.net\/blog\/corinne-houssin-votre-architecte-dinterieur-a-versailles\/#primaryimage\"},\"thumbnailUrl\":\"http:\/\/www.habitat-design.net\/blog\/wp-content\/uploads\/2023\/10\/meeting-2284501_960_720.jpg\",\"articleSection\":[\"Maison &amp; d\u00e9coration\"],\"inLanguage\":\"fr-FR\",\"potentialAction\":[{\"@type\":\"CommentAction\",\"name\":\"Comment\",\"target\":[\"http:\/\/www.habitat-design.net\/blog\/corinne-houssin-votre-architecte-dinterieur-a-versailles\/#respond\"]}]},{\"@type\":\"WebPage\",\"@id\":\"http:\/\/www.habitat-design.net\/blog\/corinne-houssin-votre-architecte-dinterieur-a-versailles\/\",\"url\":\"http:\/\/www.habitat-design.net\/blog\/corinne-houssin-votre-architecte-dinterieur-a-versailles\/\",\"name\":\"Corinne Houssin : Votre Architecte d'Int\u00e9rieur \u00e0 Versailles -\",\"isPartOf\":{\"@id\":\"http:\/\/www.habitat-design.net\/blog\/#website\"},\"primaryImageOfPage\":{\"@id\":\"http:\/\/www.habitat-design.net\/blog\/corinne-houssin-votre-architecte-dinterieur-a-versailles\/#primaryimage\"},\"image\":{\"@id\":\"http:\/\/www.habitat-design.net\/blog\/corinne-houssin-votre-architecte-dinterieur-a-versailles\/#primaryimage\"},\"thumbnailUrl\":\"http:\/\/www.habitat-design.net\/blog\/wp-content\/uploads\/2023\/10\/meeting-2284501_960_720.jpg\",\"datePublished\":\"2023-10-24T13:35:00+00:00\",\"dateModified\":\"2023-10-24T13:37:18+00:00\",\"author\":{\"@id\":\"http:\/\/www.habitat-design.net\/blog\/#\/schema\/person\/f81363ecfab7ff0bfb976328793ce2e5\"},\"description\":\"Corinne Houssin : Votre Architecte d'Int\u00e9rieur \u00e0 Versailles -\",\"breadcrumb\":{\"@id\":\"http:\/\/www.habitat-design.net\/blog\/corinne-houssin-votre-architecte-dinterieur-a-versailles\/#breadcrumb\"},\"inLanguage\":\"fr-FR\",\"potentialAction\":[{\"@type\":\"ReadAction\",\"target\":[\"http:\/\/www.habitat-design.net\/blog\/corinne-houssin-votre-architecte-dinterieur-a-versailles\/\"]}]},{\"@type\":\"ImageObject\",\"inLanguage\":\"fr-FR\",\"@id\":\"http:\/\/www.habitat-design.net\/blog\/corinne-houssin-votre-architecte-dinterieur-a-versailles\/#primaryimage\",\"url\":\"http:\/\/www.habitat-design.net\/blog\/wp-content\/uploads\/2023\/10\/meeting-2284501_960_720.jpg\",\"contentUrl\":\"http:\/\/www.habitat-design.net\/blog\/wp-content\/uploads\/2023\/10\/meeting-2284501_960_720.jpg\",\"width\":960,\"height\":600},{\"@type\":\"BreadcrumbList\",\"@id\":\"http:\/\/www.habitat-design.net\/blog\/corinne-houssin-votre-architecte-dinterieur-a-versailles\/#breadcrumb\",\"itemListElement\":[{\"@type\":\"ListItem\",\"position\":1,\"name\":\"Accueil\",\"item\":\"http:\/\/www.habitat-design.net\/blog\/\"},{\"@type\":\"ListItem\",\"position\":2,\"name\":\"Corinne Houssin : Votre Architecte d&rsquo;Int\u00e9rieur \u00e0 Versailles\"}]},{\"@type\":\"WebSite\",\"@id\":\"http:\/\/www.habitat-design.net\/blog\/#website\",\"url\":\"http:\/\/www.habitat-design.net\/blog\/\",\"name\":\"\",\"description\":\"\",\"potentialAction\":[{\"@type\":\"SearchAction\",\"target\":{\"@type\":\"EntryPoint\",\"urlTemplate\":\"http:\/\/www.habitat-design.net\/blog\/?s={search_term_string}\"},\"query-input\":{\"@type\":\"PropertyValueSpecification\",\"valueRequired\":true,\"valueName\":\"search_term_string\"}}],\"inLanguage\":\"fr-FR\"},{\"@type\":\"Person\",\"@id\":\"http:\/\/www.habitat-design.net\/blog\/#\/schema\/person\/f81363ecfab7ff0bfb976328793ce2e5\",\"name\":\"Julien Laurent\",\"image\":{\"@type\":\"ImageObject\",\"inLanguage\":\"fr-FR\",\"@id\":\"http:\/\/www.habitat-design.net\/blog\/#\/schema\/person\/image\/\",\"url\":\"https:\/\/secure.gravatar.com\/avatar\/36c5f08b15b2f828b41156cb6e69b449?s=96&d=mm&r=g\",\"contentUrl\":\"https:\/\/secure.gravatar.com\/avatar\/36c5f08b15b2f828b41156cb6e69b449?s=96&d=mm&r=g\",\"caption\":\"Julien Laurent\"},\"description\":\"Julien Laurent est un blogueur passionn\u00e9 par le domaine de la d\u00e9coration int\u00e9rieure et du design. Avec un dipl\u00f4me en design d'int\u00e9rieur et plusieurs ann\u00e9es d'exp\u00e9rience en tant que d\u00e9corateur, il partage des conseils pratiques pour embellir et optimiser les espaces de vie. Ses articles inspirants et informatifs visent \u00e0 aider ses lecteurs \u00e0 cr\u00e9er des int\u00e9rieurs harmonieux et esth\u00e9tiques, refl\u00e9tant leur personnalit\u00e9 et leur style.\",\"sameAs\":[\"http:\/\/www.habitat-design.net\/blog\"],\"url\":\"http:\/\/www.habitat-design.net\/blog\/author\/contacthabitat-design-net\/\"}]}<\/script>\n<!-- \/ Yoast SEO plugin. -->","yoast_head_json":{"title":"Corinne Houssin : Votre Architecte d'Int\u00e9rieur \u00e0 Versailles -","description":"Corinne Houssin : Votre Architecte d'Int\u00e9rieur \u00e0 Versailles -","robots":{"index":"index","follow":"follow","max-snippet":"max-snippet:-1","max-image-preview":"max-image-preview:large","max-video-preview":"max-video-preview:-1"},"canonical":"http:\/\/www.habitat-design.net\/blog\/corinne-houssin-votre-architecte-dinterieur-a-versailles\/","og_locale":"fr_FR","og_type":"article","og_title":"Corinne Houssin : Votre Architecte d'Int\u00e9rieur \u00e0 Versailles -","og_description":"Corinne Houssin : Votre Architecte d'Int\u00e9rieur \u00e0 Versailles -","og_url":"http:\/\/www.habitat-design.net\/blog\/corinne-houssin-votre-architecte-dinterieur-a-versailles\/","article_published_time":"2023-10-24T13:35:00+00:00","article_modified_time":"2023-10-24T13:37:18+00:00","og_image":[{"width":960,"height":600,"url":"http:\/\/www.habitat-design.net\/blog\/wp-content\/uploads\/2023\/10\/meeting-2284501_960_720.jpg","type":"image\/jpeg"}],"author":"Julien Laurent","twitter_card":"summary_large_image","twitter_misc":{"\u00c9crit par":"Julien Laurent","Dur\u00e9e de lecture estim\u00e9e":"5 minutes"},"schema":{"@context":"https:\/\/schema.org","@graph":[{"@type":"Article","@id":"http:\/\/www.habitat-design.net\/blog\/corinne-houssin-votre-architecte-dinterieur-a-versailles\/#article","isPartOf":{"@id":"http:\/\/www.habitat-design.net\/blog\/corinne-houssin-votre-architecte-dinterieur-a-versailles\/"},"author":{"name":"Julien Laurent","@id":"http:\/\/www.habitat-design.net\/blog\/#\/schema\/person\/f81363ecfab7ff0bfb976328793ce2e5"},"headline":"Corinne Houssin : Votre Architecte d&rsquo;Int\u00e9rieur \u00e0 Versailles","datePublished":"2023-10-24T13:35:00+00:00","dateModified":"2023-10-24T13:37:18+00:00","mainEntityOfPage":{"@id":"http:\/\/www.habitat-design.net\/blog\/corinne-houssin-votre-architecte-dinterieur-a-versailles\/"},"wordCount":1096,"commentCount":0,"image":{"@id":"http:\/\/www.habitat-design.net\/blog\/corinne-houssin-votre-architecte-dinterieur-a-versailles\/#primaryimage"},"thumbnailUrl":"http:\/\/www.habitat-design.net\/blog\/wp-content\/uploads\/2023\/10\/meeting-2284501_960_720.jpg","articleSection":["Maison &amp; d\u00e9coration"],"inLanguage":"fr-FR","potentialAction":[{"@type":"CommentAction","name":"Comment","target":["http:\/\/www.habitat-design.net\/blog\/corinne-houssin-votre-architecte-dinterieur-a-versailles\/#respond"]}]},{"@type":"WebPage","@id":"http:\/\/www.habitat-design.net\/blog\/corinne-houssin-votre-architecte-dinterieur-a-versailles\/","url":"http:\/\/www.habitat-design.net\/blog\/corinne-houssin-votre-architecte-dinterieur-a-versailles\/","name":"Corinne Houssin : Votre Architecte d'Int\u00e9rieur \u00e0 Versailles -","isPartOf":{"@id":"http:\/\/www.habitat-design.net\/blog\/#website"},"primaryImageOfPage":{"@id":"http:\/\/www.habitat-design.net\/blog\/corinne-houssin-votre-architecte-dinterieur-a-versailles\/#primaryimage"},"image":{"@id":"http:\/\/www.habitat-design.net\/blog\/corinne-houssin-votre-architecte-dinterieur-a-versailles\/#primaryimage"},"thumbnailUrl":"http:\/\/www.habitat-design.net\/blog\/wp-content\/uploads\/2023\/10\/meeting-2284501_960_720.jpg","datePublished":"2023-10-24T13:35:00+00:00","dateModified":"2023-10-24T13:37:18+00:00","author":{"@id":"http:\/\/www.habitat-design.net\/blog\/#\/schema\/person\/f81363ecfab7ff0bfb976328793ce2e5"},"description":"Corinne Houssin : Votre Architecte d'Int\u00e9rieur \u00e0 Versailles -","breadcrumb":{"@id":"http:\/\/www.habitat-design.net\/blog\/corinne-houssin-votre-architecte-dinterieur-a-versailles\/#breadcrumb"},"inLanguage":"fr-FR","potentialAction":[{"@type":"ReadAction","target":["http:\/\/www.habitat-design.net\/blog\/corinne-houssin-votre-architecte-dinterieur-a-versailles\/"]}]},{"@type":"ImageObject","inLanguage":"fr-FR","@id":"http:\/\/www.habitat-design.net\/blog\/corinne-houssin-votre-architecte-dinterieur-a-versailles\/#primaryimage","url":"http:\/\/www.habitat-design.net\/blog\/wp-content\/uploads\/2023\/10\/meeting-2284501_960_720.jpg","contentUrl":"http:\/\/www.habitat-design.net\/blog\/wp-content\/uploads\/2023\/10\/meeting-2284501_960_720.jpg","width":960,"height":600},{"@type":"BreadcrumbList","@id":"http:\/\/www.habitat-design.net\/blog\/corinne-houssin-votre-architecte-dinterieur-a-versailles\/#breadcrumb","itemListElement":[{"@type":"ListItem","position":1,"name":"Accueil","item":"http:\/\/www.habitat-design.net\/blog\/"},{"@type":"ListItem","position":2,"name":"Corinne Houssin : Votre Architecte d&rsquo;Int\u00e9rieur \u00e0 Versailles"}]},{"@type":"WebSite","@id":"http:\/\/www.habitat-design.net\/blog\/#website","url":"http:\/\/www.habitat-design.net\/blog\/","name":"","description":"","potentialAction":[{"@type":"SearchAction","target":{"@type":"EntryPoint","urlTemplate":"http:\/\/www.habitat-design.net\/blog\/?s={search_term_string}"},"query-input":{"@type":"PropertyValueSpecification","valueRequired":true,"valueName":"search_term_string"}}],"inLanguage":"fr-FR"},{"@type":"Person","@id":"http:\/\/www.habitat-design.net\/blog\/#\/schema\/person\/f81363ecfab7ff0bfb976328793ce2e5","name":"Julien Laurent","image":{"@type":"ImageObject","inLanguage":"fr-FR","@id":"http:\/\/www.habitat-design.net\/blog\/#\/schema\/person\/image\/","url":"https:\/\/secure.gravatar.com\/avatar\/36c5f08b15b2f828b41156cb6e69b449?s=96&d=mm&r=g","contentUrl":"https:\/\/secure.gravatar.com\/avatar\/36c5f08b15b2f828b41156cb6e69b449?s=96&d=mm&r=g","caption":"Julien Laurent"},"description":"Julien Laurent est un blogueur passionn\u00e9 par le domaine de la d\u00e9coration int\u00e9rieure et du design. Avec un dipl\u00f4me en design d'int\u00e9rieur et plusieurs ann\u00e9es d'exp\u00e9rience en tant que d\u00e9corateur, il partage des conseils pratiques pour embellir et optimiser les espaces de vie. Ses articles inspirants et informatifs visent \u00e0 aider ses lecteurs \u00e0 cr\u00e9er des int\u00e9rieurs harmonieux et esth\u00e9tiques, refl\u00e9tant leur personnalit\u00e9 et leur style.","sameAs":["http:\/\/www.habitat-design.net\/blog"],"url":"http:\/\/www.habitat-design.net\/blog\/author\/contacthabitat-design-net\/"}]}},"views":582,"_links":{"self":[{"href":"http:\/\/www.habitat-design.net\/blog\/wp-json\/wp\/v2\/posts\/285","targetHints":{"allow":["GET"]}}],"collection":[{"href":"http:\/\/www.habitat-design.net\/blog\/wp-json\/wp\/v2\/posts"}],"about":[{"href":"http:\/\/www.habitat-design.net\/blog\/wp-json\/wp\/v2\/types\/post"}],"author":[{"embeddable":true,"href":"http:\/\/www.habitat-design.net\/blog\/wp-json\/wp\/v2\/users\/1"}],"replies":[{"embeddable":true,"href":"http:\/\/www.habitat-design.net\/blog\/wp-json\/wp\/v2\/comments?post=285"}],"version-history":[{"count":3,"href":"http:\/\/www.habitat-design.net\/blog\/wp-json\/wp\/v2\/posts\/285\/revisions"}],"predecessor-version":[{"id":298,"href":"http:\/\/www.habitat-design.net\/blog\/wp-json\/wp\/v2\/posts\/285\/revisions\/298"}],"wp:featuredmedia":[{"embeddable":true,"href":"http:\/\/www.habitat-design.net\/blog\/wp-json\/wp\/v2\/media\/297"}],"wp:attachment":[{"href":"http:\/\/www.habitat-design.net\/blog\/wp-json\/wp\/v2\/media?parent=285"}],"wp:term":[{"taxonomy":"category","embeddable":true,"href":"http:\/\/www.habitat-design.net\/blog\/wp-json\/wp\/v2\/categories?post=285"},{"taxonomy":"post_tag","embeddable":true,"href":"http:\/\/www.habitat-design.net\/blog\/wp-json\/wp\/v2\/tags?post=285"}],"curies":[{"name":"wp","href":"https:\/\/api.w.org\/{rel}","templated":true}]}}