
{"id":1921,"date":"2025-11-14T07:36:24","date_gmt":"2025-11-14T06:36:24","guid":{"rendered":"http:\/\/www.habitat-design.net\/blog\/decoration-salon-chic\/"},"modified":"2025-11-22T09:52:38","modified_gmt":"2025-11-22T08:52:38","slug":"decoration-salon-chic","status":"publish","type":"post","link":"http:\/\/www.habitat-design.net\/blog\/decoration-salon-chic\/","title":{"rendered":"D\u00e9coration salon chic : cr\u00e9ez un espace \u00e9l\u00e9gant en 2025"},"content":{"rendered":"<p>Le salon est sans conteste l&rsquo;un des espaces les plus importants de notre maison. En 2025, il devient le v\u00e9ritable reflet de notre personnalit\u00e9, un lieu o\u00f9 le style rencontre le confort. Les tendances d\u00e9co prennent d&rsquo;assaut nos int\u00e9rieurs, m\u00ealant audace et chic intemporel, tout en respectant un besoin croissant de durabilit\u00e9 et d&rsquo;authenticit\u00e9. Avec une multitude de mat\u00e9riaux, couleurs et styles \u00e0 notre disposition, il est d\u00e9sormais possible de cr\u00e9er un cocon \u00e9l\u00e9gant o\u00f9 l&rsquo;on se sent bien. Que tu sois fan de style minimaliste, r\u00e9tro, ou biophilique, il y a forc\u00e9ment une tendance qui saura te s\u00e9duire. Alors, pr\u00eat \u00e0 transformer ton salon en un espace chic qui \u00e9patera tes invit\u00e9s ? Suivons ensemble les tendances de cette nouvelle ann\u00e9e !<\/p>\n\n<h2 class=\"wp-block-heading\">Les styles incontournables pour un salon chic en 2025<\/h2>\n\n<p>Le d\u00e9cor de salon de 2025 s&rsquo;enrichit de styles vari\u00e9s, apportant une touche d&rsquo;originalit\u00e9 \u00e0 chaque pi\u00e8ce. Parmi les tendances les plus marquantes, le m\u00e9lange harmonieux de styles et de mat\u00e9riaux se d\u00e9marque pour cr\u00e9er un espace unique. Le style <strong>Japandi<\/strong> est \u00e0 l&rsquo;honneur, se caract\u00e9risant par des lignes \u00e9pur\u00e9es, des mat\u00e9riaux naturels comme le ch\u00eane, le coton ou le lin, et une palette de couleurs douces qui favorisent un environnement calme et apaisant. Son succ\u00e8s s&rsquo;explique par l&rsquo;\u00e9quilibre subtil entre fonctionnalit\u00e9 et esth\u00e9tique, id\u00e9al pour les petits espaces o\u00f9 le confort est cl\u00e9.<\/p>\n\n<ul class=\"wp-block-list\"><li>\ud83c\udf3f <strong>Style Japandi<\/strong> : Puret\u00e9 et chaleur avec du mobilier en bois clair et des textures douces.<\/li><li>\ud83c\udfa8 <strong>R\u00e9tro revisit\u00e9<\/strong> : Inspir\u00e9 des ann\u00e9es 70 et 80, ce style fait la part belle aux couleurs chaudes et aux formes arrondies, parfait pour une ambiance cosy.<\/li><li>\ud83c\udf31 <strong>Style biophilique<\/strong> : Int\u00e9grer des \u00e9l\u00e9ments naturels comme des plantes vertes et des mat\u00e9riaux organiques pour cr\u00e9er une atmosph\u00e8re vivante.<\/li><\/ul>\n\n<p>Le style <strong>biophilique<\/strong> fait \u00e9galement son entr\u00e9e en force dans nos salons. Ce mouvement invite la nature \u00e0 l&rsquo;int\u00e9rieur, en mettant l&rsquo;accent sur les mat\u00e9riaux organiques et les grandes fen\u00eatres pour maximiser la lumi\u00e8re naturelle. Les murs v\u00e9g\u00e9taux, les plantes en pots et les d\u00e9corations en bois brut apportent une touche de fra\u00eecheur et d&rsquo;authenticit\u00e9. La personnalisation est la cl\u00e9 : chaque style peut \u00eatre adapt\u00e9 selon tes go\u00fbts et tes envies. Alors, quel style vas-tu choisir pour apporter du caract\u00e8re \u00e0 ton espace ?<\/p>\n\n<figure class=\"wp-block-table\"><table>\n<thead>\n<tr>\n<th>Style<\/th>\n<th>Caract\u00e9ristiques<\/th>\n<\/tr>\n<\/thead>\n<tbody>\n<tr>\n<td>Japandi<\/td>\n<td>Lignes \u00e9pur\u00e9es, mat\u00e9riaux naturels, couleurs douces.<\/td>\n<\/tr>\n<tr>\n<td>R\u00e9tro<\/td>\n<td>Couleurs chaudes, formes arrondies, accessoires vintage.<\/td>\n<\/tr>\n<tr>\n<td>Biophilique<\/td>\n<td>Plantes, mat\u00e9riaux organiques, lumi\u00e8re naturelle.<\/td>\n<\/tr>\n<\/tbody>\n<\/table><\/figure>\n\n<h2 class=\"wp-block-heading\">Palette de couleurs : sobri\u00e9t\u00e9 et audace ma\u00eetris\u00e9e<\/h2>\n\n<p>En mati\u00e8re de couleurs pour le salon, 2025 marie habilement <strong>sobri\u00e9t\u00e9<\/strong> et <strong>audace<\/strong>. Les palettes de couleurs \u00e9voluent pour offrir un m\u00e9lange de tons naturels et de teintes vibrantes. Les couleurs terre cuite, beige sable et vert sauge dominent les murs, tandis que les accents de jaune moutarde, turquoise et terracotta ajoutent une touche tonique sans \u00eatre envahissants. L&rsquo;art de la couleur r\u00e9side dans la fa\u00e7on dont elles interagissent avec les mat\u00e9riaux qui les entourent.<\/p>\n\n<ul class=\"wp-block-list\"><li>\ud83c\udfa8 <strong>Tons neutres<\/strong> : Les teintes douces comme le beige et le blanc sont id\u00e9ales pour cr\u00e9er une base apaisante.<\/li><li>\ud83c\udf08 <strong>Accents color\u00e9s<\/strong> : Les coussins, tapis et objets d\u00e9coratifs en jaune moutarde ou turquoise apportent du relief.<\/li><li>\ud83d\udda4 <strong>Noir mat<\/strong> : Une touche de noir sur les cadres ou luminaires renforce le caract\u00e8re graphique du salon.<\/li><\/ul>\n\n<p>L&rsquo;astuce pour rendre ton espace vivant ? Peindre un seul mur dans une teinte audacieuse, ou jouer avec de grands tapis graphiques pour structurer la pi\u00e8ce. Ce contraste permet de donner de la profondeur tout en respectant une harmonie globale. Mais attention, l&rsquo;objectif est de garder une atmosph\u00e8re \u00e9quilibr\u00e9e sans surcharger l&rsquo;espace. En explorant les mat\u00e9riaux qui s&rsquo;accordent avec ces couleurs, comme le lin ou le coton, tu peux multiplier les sensations de confort, rendant ainsi ton salon non seulement \u00e9l\u00e9gant mais aussi chaleureux.<\/p>\n\n<figure class=\"wp-block-table\"><table>\n<thead>\n<tr>\n<th>Couleur<\/th>\n<th>Utilisation<\/th>\n<\/tr>\n<\/thead>\n<tbody>\n<tr>\n<td>Beige<\/td>\n<td>Fond neutre apaisant<\/td>\n<\/tr>\n<tr>\n<td>Vert sauge<\/td>\n<td>Murs ou grandes pi\u00e8ces<\/td>\n<\/tr>\n<tr>\n<td>Jaune moutarde<\/td>\n<td>Accents dans les coussins et accessoires<\/td>\n<\/tr>\n<\/tbody>\n<\/table><\/figure>\n\n<h2 class=\"wp-block-heading\">Mat\u00e9riaux \u00e0 privil\u00e9gier : durabilit\u00e9 et textures chaleureuses<\/h2>\n\n<p>La s\u00e9lection des mat\u00e9riaux est cruciale pour d\u00e9finir l&rsquo;esth\u00e9tique et le confort de ton salon. En 2025, on observe un penchant pour des mat\u00e9riaux durables et chaleureux, qui allient beaut\u00e9 et \u00e9coresponsabilit\u00e9. Le bois, sous toutes ses formes, reste un incontournable. Il est de plus en plus choisi pour ses propri\u00e9t\u00e9s \u00e9cologiques et son charme intemporel. Des figuration en ch\u00eane, noyer ou encore h\u00eatre sont pris\u00e9es pour le mobilier et les \u00e9tag\u00e8res.<\/p>\n\n<ul class=\"wp-block-list\"><li>\ud83c\udf33 <strong>Bois<\/strong> : Mobilier en bois recycl\u00e9 ou provenant de sources durables.<\/li><li>\ud83e\uddf6 <strong>Textiles naturels<\/strong> : Lin, coton bio et velours \u00e9coresponsable pour coussins et rideaux.<\/li><li>\ud83d\udca1 <strong>Objets d\u00e9co<\/strong> : C\u00e9ramique artisanale et m\u00e9tal brut, parfaits pour associer esth\u00e9tique et respect de l\u2019environnement.<\/li><\/ul>\n\n<p>Ce choix de mat\u00e9riaux ne se limite pas \u00e0 la simple apparence ; il v\u00e9hicule \u00e9galement des valeurs de durabilit\u00e9 et de respect envers notre environnement. Par ailleurs, pour apporter une dimension tactile et chaleureuse \u00e0 ton salon, opte pour des textiles doux, des coussins en laine ou des tapis en fibres naturelles. Chaque pi\u00e8ce doit raconter une histoire, valoriser le savoir-faire artisanal tout en respectant l\u2019harmonie des couleurs et des textures.<\/p>\n\n<figure class=\"wp-block-table\"><table>\n<thead>\n<tr>\n<th>Mat\u00e9riau<\/th>\n<th>Utilisation<\/th>\n<\/tr>\n<\/thead>\n<tbody>\n<tr>\n<td>Bois<\/td>\n<td>Meubles et \u00e9tag\u00e8res<\/td>\n<\/tr>\n<tr>\n<td>Linge de maison<\/td>\n<td>Coussins et rideaux en lin<\/td>\n<\/tr>\n<tr>\n<td>C\u00e9ramique<\/td>\n<td>Objets et d\u00e9corations artisanales<\/td>\n<\/tr>\n<\/tbody>\n<\/table><\/figure>\n\n<h2 class=\"wp-block-heading\">Accessoires et \u00e9clairage : les d\u00e9tails qui subliment l\u2019espace<\/h2>\n\n<p>Un salon \u00e9l\u00e9gant et chic se construit \u00e9galement gr\u00e2ce aux accessoires et \u00e0 l&rsquo;\u00e9clairage. Ces \u00e9l\u00e9ments finissent de personnaliser la d\u00e9coration, apportant une touche unique et cr\u00e9ant diff\u00e9rentes ambiances. Les lampes \u00e0 intensit\u00e9 variable permettent de jouer avec la lumi\u00e8re et de transformer l&rsquo;atmosph\u00e8re selon l&rsquo;heure et l&rsquo;humeur. Les suspensions en mat\u00e9riaux naturels, comme le rotin ou le bambou, sont tendance et ajoutent du caract\u00e8re.<\/p>\n\n<ul class=\"wp-block-list\"><li>\ud83d\udca1 <strong>Lampes \u00e0 variateur<\/strong> : Cr\u00e9er des ambiances vari\u00e9es selon les moments.<\/li><li>\ud83e\uddfa <strong>Accessoires en rotin<\/strong> : \u00c0 la fois pratiques et esth\u00e9tiques.<\/li><li>\ud83d\uddbc\ufe0f <strong>\u0152uvres d&rsquo;art et tableaux<\/strong> : \u00c0 int\u00e9grer pour personnaliser ton salon et donner vie aux murs.<\/li><\/ul>\n\n<p>Pense aussi \u00e0 int\u00e9grer des miroirs qui agrandissent visuellement l&rsquo;espace et r\u00e9fl\u00e9chissent la lumi\u00e8re. Un miroir \u00e0 cadre fin, par exemple en m\u00e9tal noir, peut devenir un point focal tout en contribuant \u00e0 un sentiment d\u2019espace. En jouant sur les textures, les couleurs et les formes de tes accessoires, tu apportes une dimension d\u2019exception \u00e0 ton int\u00e9rieur, rendant chaque pi\u00e8ce unique et accueillante.<\/p>\n\n<figure class=\"wp-block-table\"><table>\n<thead>\n<tr>\n<th>Accessoire<\/th>\n<th>Impact visuel<\/th>\n<\/tr>\n<\/thead>\n<tbody>\n<tr>\n<td>Lampe \u00e0 variateur<\/td>\n<td>Ambiance modulable selon le moment<\/td>\n<\/tr>\n<tr>\n<td>Miroir fin<\/td>\n<td>Agrandit l&rsquo;espace<\/td>\n<\/tr>\n<tr>\n<td>\u0152uvre d&rsquo;art<\/td>\n<td>Personnalise et dynamise les murs<\/td>\n<\/tr>\n<\/tbody>\n<\/table><\/figure>\n\n<script type=\"application\/ld+json\">\n{\"@context\":\"https:\/\/schema.org\",\"@type\":\"FAQPage\",\"mainEntity\":[{\"@type\":\"Question\",\"name\":\"Comment choisir les couleurs de mon salon ?\",\"acceptedAnswer\":{\"@type\":\"Answer\",\"text\":\"Optez pour des tons neutres pour le fond et ajoutez des touches de couleurs vives u00e0 travers des accessoires tels que des coussins ou des u0153uvres d'art.\"}},{\"@type\":\"Question\",\"name\":\"Quels matu00e9riaux privilu00e9gier pour un salon durable ?\",\"acceptedAnswer\":{\"@type\":\"Answer\",\"text\":\"Privilu00e9giez des matu00e9riaux comme le bois recyclu00e9, le lin bio et des textiles u00e9coresponsables pour assurer une durabilitu00e9 optimale.\"}},{\"@type\":\"Question\",\"name\":\"Comment personnalisr mon espace ?\",\"acceptedAnswer\":{\"@type\":\"Answer\",\"text\":\"Ajoutez des u0153uvres d'art, des objets uniques et jouez avec les textures pour donner du caractu00e8re u00e0 votre salon.\"}},{\"@type\":\"Question\",\"name\":\"Quel style choisir pour mon salon ?\",\"acceptedAnswer\":{\"@type\":\"Answer\",\"text\":\"Choisissez un style qui reflu00e8te votre personnalitu00e9, que ce soit Japandi, ru00e9tro ou biophilique, et n'hu00e9sitez pas u00e0 mixer les influences.\"}},{\"@type\":\"Question\",\"name\":\"Comment cru00e9er une ambiance chaleureuse ?\",\"acceptedAnswer\":{\"@type\":\"Answer\",\"text\":\"Misez sur l'u00e9clairage doux, les textures chaleureuses et les couleurs apaisantes pour un salon accueillant.\"}}]}\n<\/script>\n<h3>Comment choisir les couleurs de mon salon ?<\/h3>\n<p>Optez pour des tons neutres pour le fond et ajoutez des touches de couleurs vives \u00e0 travers des accessoires tels que des coussins ou des \u0153uvres d&rsquo;art.<\/p>\n<h3>Quels mat\u00e9riaux privil\u00e9gier pour un salon durable ?<\/h3>\n<p>Privil\u00e9giez des mat\u00e9riaux comme le bois recycl\u00e9, le lin bio et des textiles \u00e9coresponsables pour assurer une durabilit\u00e9 optimale.<\/p>\n<h3>Comment personnalisr mon espace ?<\/h3>\n<p>Ajoutez des \u0153uvres d&rsquo;art, des objets uniques et jouez avec les textures pour donner du caract\u00e8re \u00e0 votre salon.<\/p>\n<h3>Quel style choisir pour mon salon ?<\/h3>\n<p>Choisissez un style qui refl\u00e8te votre personnalit\u00e9, que ce soit Japandi, r\u00e9tro ou biophilique, et n&rsquo;h\u00e9sitez pas \u00e0 mixer les influences.<\/p>\n<h3>Comment cr\u00e9er une ambiance chaleureuse ?<\/h3>\n<p>Misez sur l&rsquo;\u00e9clairage doux, les textures chaleureuses et les couleurs apaisantes pour un salon accueillant.<\/p>\n\n","protected":false},"excerpt":{"rendered":"<p>Le salon est sans conteste l&rsquo;un des espaces les plus importants de notre maison. En 2025, il devient le v\u00e9ritable reflet de notre personnalit\u00e9, un lieu o\u00f9 le style rencontre le confort. Les tendances d\u00e9co prennent d&rsquo;assaut nos int\u00e9rieurs, m\u00ealant audace et chic intemporel, tout en respectant un besoin croissant de durabilit\u00e9 et d&rsquo;authenticit\u00e9. Avec &#8230; <a title=\"D\u00e9coration salon chic : cr\u00e9ez un espace \u00e9l\u00e9gant en 2025\" class=\"read-more\" href=\"http:\/\/www.habitat-design.net\/blog\/decoration-salon-chic\/\" aria-label=\"En savoir plus sur D\u00e9coration salon chic : cr\u00e9ez un espace \u00e9l\u00e9gant en 2025\">Lire plus<\/a><\/p>\n","protected":false},"author":1,"featured_media":1938,"comment_status":"closed","ping_status":"closed","sticky":false,"template":"","format":"standard","meta":{"footnotes":""},"categories":[1],"tags":[676,674,675,677,678],"class_list":["post-1921","post","type-post","status-publish","format-standard","has-post-thumbnail","hentry","category-maison","tag-decoration-2025","tag-decoration-salon-chic","tag-espace-elegant","tag-salon-moderne","tag-style-elegant"],"yoast_head":"<!-- This site is optimized with the Yoast SEO plugin v26.8 - https:\/\/yoast.com\/product\/yoast-seo-wordpress\/ -->\n<title>Salon chic 2025 : l&#039;\u00e9l\u00e9gance repens\u00e9e<\/title>\n<meta name=\"description\" content=\"D\u00e9coration salon chic 2025 : astuces et tendances pour un espace \u00e9l\u00e9gant et raffin\u00e9, alliant confort et style moderne.\" \/>\n<meta name=\"robots\" content=\"index, follow, max-snippet:-1, max-image-preview:large, max-video-preview:-1\" \/>\n<link rel=\"canonical\" href=\"http:\/\/www.habitat-design.net\/blog\/decoration-salon-chic\/\" \/>\n<meta property=\"og:locale\" content=\"fr_FR\" \/>\n<meta property=\"og:type\" content=\"article\" \/>\n<meta property=\"og:title\" content=\"Salon chic 2025 : l&#039;\u00e9l\u00e9gance repens\u00e9e\" \/>\n<meta property=\"og:description\" content=\"D\u00e9coration salon chic 2025 : astuces et tendances pour un espace \u00e9l\u00e9gant et raffin\u00e9, alliant confort et style moderne.\" \/>\n<meta property=\"og:url\" content=\"http:\/\/www.habitat-design.net\/blog\/decoration-salon-chic\/\" \/>\n<meta property=\"article:published_time\" content=\"2025-11-14T06:36:24+00:00\" \/>\n<meta property=\"article:modified_time\" content=\"2025-11-22T08:52:38+00:00\" \/>\n<meta property=\"og:image\" content=\"http:\/\/www.habitat-design.net\/blog\/wp-content\/uploads\/2025\/11\/Salon-chic-2025-aux-tendances-Japandi-retro-et-biophiliques.jpg\" \/>\n\t<meta property=\"og:image:width\" content=\"1344\" \/>\n\t<meta property=\"og:image:height\" content=\"768\" \/>\n\t<meta property=\"og:image:type\" content=\"image\/jpeg\" \/>\n<meta name=\"author\" content=\"Julien Laurent\" \/>\n<meta name=\"twitter:card\" content=\"summary_large_image\" \/>\n<meta name=\"twitter:label1\" content=\"\u00c9crit par\" \/>\n\t<meta name=\"twitter:data1\" content=\"Julien Laurent\" \/>\n\t<meta name=\"twitter:label2\" content=\"Dur\u00e9e de lecture estim\u00e9e\" \/>\n\t<meta name=\"twitter:data2\" content=\"7 minutes\" \/>\n<script type=\"application\/ld+json\" class=\"yoast-schema-graph\">{\"@context\":\"https:\/\/schema.org\",\"@graph\":[{\"@type\":\"Article\",\"@id\":\"http:\/\/www.habitat-design.net\/blog\/decoration-salon-chic\/#article\",\"isPartOf\":{\"@id\":\"http:\/\/www.habitat-design.net\/blog\/decoration-salon-chic\/\"},\"author\":{\"name\":\"Julien Laurent\",\"@id\":\"https:\/\/www.habitat-design.net\/blog\/#\/schema\/person\/f81363ecfab7ff0bfb976328793ce2e5\"},\"headline\":\"D\u00e9coration salon chic : cr\u00e9ez un espace \u00e9l\u00e9gant en 2025\",\"datePublished\":\"2025-11-14T06:36:24+00:00\",\"dateModified\":\"2025-11-22T08:52:38+00:00\",\"mainEntityOfPage\":{\"@id\":\"http:\/\/www.habitat-design.net\/blog\/decoration-salon-chic\/\"},\"wordCount\":1270,\"image\":{\"@id\":\"http:\/\/www.habitat-design.net\/blog\/decoration-salon-chic\/#primaryimage\"},\"thumbnailUrl\":\"http:\/\/www.habitat-design.net\/blog\/wp-content\/uploads\/2025\/11\/Salon-chic-2025-aux-tendances-Japandi-retro-et-biophiliques.jpg\",\"keywords\":[\"d\u00e9coration 2025\",\"d\u00e9coration salon chic\",\"espace \u00e9l\u00e9gant\",\"salon moderne\",\"style \u00e9l\u00e9gant\"],\"articleSection\":[\"Maison &amp; d\u00e9coration\"],\"inLanguage\":\"fr-FR\"},{\"@type\":\"WebPage\",\"@id\":\"http:\/\/www.habitat-design.net\/blog\/decoration-salon-chic\/\",\"url\":\"http:\/\/www.habitat-design.net\/blog\/decoration-salon-chic\/\",\"name\":\"Salon chic 2025 : l'\u00e9l\u00e9gance repens\u00e9e\",\"isPartOf\":{\"@id\":\"https:\/\/www.habitat-design.net\/blog\/#website\"},\"primaryImageOfPage\":{\"@id\":\"http:\/\/www.habitat-design.net\/blog\/decoration-salon-chic\/#primaryimage\"},\"image\":{\"@id\":\"http:\/\/www.habitat-design.net\/blog\/decoration-salon-chic\/#primaryimage\"},\"thumbnailUrl\":\"http:\/\/www.habitat-design.net\/blog\/wp-content\/uploads\/2025\/11\/Salon-chic-2025-aux-tendances-Japandi-retro-et-biophiliques.jpg\",\"datePublished\":\"2025-11-14T06:36:24+00:00\",\"dateModified\":\"2025-11-22T08:52:38+00:00\",\"author\":{\"@id\":\"https:\/\/www.habitat-design.net\/blog\/#\/schema\/person\/f81363ecfab7ff0bfb976328793ce2e5\"},\"description\":\"D\u00e9coration salon chic 2025 : astuces et tendances pour un espace \u00e9l\u00e9gant et raffin\u00e9, alliant confort et style moderne.\",\"breadcrumb\":{\"@id\":\"http:\/\/www.habitat-design.net\/blog\/decoration-salon-chic\/#breadcrumb\"},\"inLanguage\":\"fr-FR\",\"potentialAction\":[{\"@type\":\"ReadAction\",\"target\":[\"http:\/\/www.habitat-design.net\/blog\/decoration-salon-chic\/\"]}]},{\"@type\":\"ImageObject\",\"inLanguage\":\"fr-FR\",\"@id\":\"http:\/\/www.habitat-design.net\/blog\/decoration-salon-chic\/#primaryimage\",\"url\":\"http:\/\/www.habitat-design.net\/blog\/wp-content\/uploads\/2025\/11\/Salon-chic-2025-aux-tendances-Japandi-retro-et-biophiliques.jpg\",\"contentUrl\":\"http:\/\/www.habitat-design.net\/blog\/wp-content\/uploads\/2025\/11\/Salon-chic-2025-aux-tendances-Japandi-retro-et-biophiliques.jpg\",\"width\":1344,\"height\":768,\"caption\":\"Salon chic 2025 aux tendances Japandi, r\u00e9tro et biophiliques\"},{\"@type\":\"BreadcrumbList\",\"@id\":\"http:\/\/www.habitat-design.net\/blog\/decoration-salon-chic\/#breadcrumb\",\"itemListElement\":[{\"@type\":\"ListItem\",\"position\":1,\"name\":\"Accueil\",\"item\":\"https:\/\/www.habitat-design.net\/blog\/\"},{\"@type\":\"ListItem\",\"position\":2,\"name\":\"D\u00e9coration salon chic : cr\u00e9ez un espace \u00e9l\u00e9gant en 2025\"}]},{\"@type\":\"WebSite\",\"@id\":\"https:\/\/www.habitat-design.net\/blog\/#website\",\"url\":\"https:\/\/www.habitat-design.net\/blog\/\",\"name\":\"\",\"description\":\"\",\"potentialAction\":[{\"@type\":\"SearchAction\",\"target\":{\"@type\":\"EntryPoint\",\"urlTemplate\":\"https:\/\/www.habitat-design.net\/blog\/?s={search_term_string}\"},\"query-input\":{\"@type\":\"PropertyValueSpecification\",\"valueRequired\":true,\"valueName\":\"search_term_string\"}}],\"inLanguage\":\"fr-FR\"},{\"@type\":\"Person\",\"@id\":\"https:\/\/www.habitat-design.net\/blog\/#\/schema\/person\/f81363ecfab7ff0bfb976328793ce2e5\",\"name\":\"Julien Laurent\",\"image\":{\"@type\":\"ImageObject\",\"inLanguage\":\"fr-FR\",\"@id\":\"https:\/\/www.habitat-design.net\/blog\/#\/schema\/person\/image\/\",\"url\":\"https:\/\/secure.gravatar.com\/avatar\/36c5f08b15b2f828b41156cb6e69b449?s=96&d=mm&r=g\",\"contentUrl\":\"https:\/\/secure.gravatar.com\/avatar\/36c5f08b15b2f828b41156cb6e69b449?s=96&d=mm&r=g\",\"caption\":\"Julien Laurent\"},\"description\":\"Julien Laurent est un blogueur passionn\u00e9 par le domaine de la d\u00e9coration int\u00e9rieure et du design. Avec un dipl\u00f4me en design d'int\u00e9rieur et plusieurs ann\u00e9es d'exp\u00e9rience en tant que d\u00e9corateur, il partage des conseils pratiques pour embellir et optimiser les espaces de vie. Ses articles inspirants et informatifs visent \u00e0 aider ses lecteurs \u00e0 cr\u00e9er des int\u00e9rieurs harmonieux et esth\u00e9tiques, refl\u00e9tant leur personnalit\u00e9 et leur style.\",\"sameAs\":[\"http:\/\/www.habitat-design.net\/blog\"],\"url\":\"http:\/\/www.habitat-design.net\/blog\/author\/contacthabitat-design-net\/\"}]}<\/script>\n<!-- \/ Yoast SEO plugin. -->","yoast_head_json":{"title":"Salon chic 2025 : l'\u00e9l\u00e9gance repens\u00e9e","description":"D\u00e9coration salon chic 2025 : astuces et tendances pour un espace \u00e9l\u00e9gant et raffin\u00e9, alliant confort et style moderne.","robots":{"index":"index","follow":"follow","max-snippet":"max-snippet:-1","max-image-preview":"max-image-preview:large","max-video-preview":"max-video-preview:-1"},"canonical":"http:\/\/www.habitat-design.net\/blog\/decoration-salon-chic\/","og_locale":"fr_FR","og_type":"article","og_title":"Salon chic 2025 : l'\u00e9l\u00e9gance repens\u00e9e","og_description":"D\u00e9coration salon chic 2025 : astuces et tendances pour un espace \u00e9l\u00e9gant et raffin\u00e9, alliant confort et style moderne.","og_url":"http:\/\/www.habitat-design.net\/blog\/decoration-salon-chic\/","article_published_time":"2025-11-14T06:36:24+00:00","article_modified_time":"2025-11-22T08:52:38+00:00","og_image":[{"width":1344,"height":768,"url":"http:\/\/www.habitat-design.net\/blog\/wp-content\/uploads\/2025\/11\/Salon-chic-2025-aux-tendances-Japandi-retro-et-biophiliques.jpg","type":"image\/jpeg"}],"author":"Julien Laurent","twitter_card":"summary_large_image","twitter_misc":{"\u00c9crit par":"Julien Laurent","Dur\u00e9e de lecture estim\u00e9e":"7 minutes"},"schema":{"@context":"https:\/\/schema.org","@graph":[{"@type":"Article","@id":"http:\/\/www.habitat-design.net\/blog\/decoration-salon-chic\/#article","isPartOf":{"@id":"http:\/\/www.habitat-design.net\/blog\/decoration-salon-chic\/"},"author":{"name":"Julien Laurent","@id":"https:\/\/www.habitat-design.net\/blog\/#\/schema\/person\/f81363ecfab7ff0bfb976328793ce2e5"},"headline":"D\u00e9coration salon chic : cr\u00e9ez un espace \u00e9l\u00e9gant en 2025","datePublished":"2025-11-14T06:36:24+00:00","dateModified":"2025-11-22T08:52:38+00:00","mainEntityOfPage":{"@id":"http:\/\/www.habitat-design.net\/blog\/decoration-salon-chic\/"},"wordCount":1270,"image":{"@id":"http:\/\/www.habitat-design.net\/blog\/decoration-salon-chic\/#primaryimage"},"thumbnailUrl":"http:\/\/www.habitat-design.net\/blog\/wp-content\/uploads\/2025\/11\/Salon-chic-2025-aux-tendances-Japandi-retro-et-biophiliques.jpg","keywords":["d\u00e9coration 2025","d\u00e9coration salon chic","espace \u00e9l\u00e9gant","salon moderne","style \u00e9l\u00e9gant"],"articleSection":["Maison &amp; d\u00e9coration"],"inLanguage":"fr-FR"},{"@type":"WebPage","@id":"http:\/\/www.habitat-design.net\/blog\/decoration-salon-chic\/","url":"http:\/\/www.habitat-design.net\/blog\/decoration-salon-chic\/","name":"Salon chic 2025 : l'\u00e9l\u00e9gance repens\u00e9e","isPartOf":{"@id":"https:\/\/www.habitat-design.net\/blog\/#website"},"primaryImageOfPage":{"@id":"http:\/\/www.habitat-design.net\/blog\/decoration-salon-chic\/#primaryimage"},"image":{"@id":"http:\/\/www.habitat-design.net\/blog\/decoration-salon-chic\/#primaryimage"},"thumbnailUrl":"http:\/\/www.habitat-design.net\/blog\/wp-content\/uploads\/2025\/11\/Salon-chic-2025-aux-tendances-Japandi-retro-et-biophiliques.jpg","datePublished":"2025-11-14T06:36:24+00:00","dateModified":"2025-11-22T08:52:38+00:00","author":{"@id":"https:\/\/www.habitat-design.net\/blog\/#\/schema\/person\/f81363ecfab7ff0bfb976328793ce2e5"},"description":"D\u00e9coration salon chic 2025 : astuces et tendances pour un espace \u00e9l\u00e9gant et raffin\u00e9, alliant confort et style moderne.","breadcrumb":{"@id":"http:\/\/www.habitat-design.net\/blog\/decoration-salon-chic\/#breadcrumb"},"inLanguage":"fr-FR","potentialAction":[{"@type":"ReadAction","target":["http:\/\/www.habitat-design.net\/blog\/decoration-salon-chic\/"]}]},{"@type":"ImageObject","inLanguage":"fr-FR","@id":"http:\/\/www.habitat-design.net\/blog\/decoration-salon-chic\/#primaryimage","url":"http:\/\/www.habitat-design.net\/blog\/wp-content\/uploads\/2025\/11\/Salon-chic-2025-aux-tendances-Japandi-retro-et-biophiliques.jpg","contentUrl":"http:\/\/www.habitat-design.net\/blog\/wp-content\/uploads\/2025\/11\/Salon-chic-2025-aux-tendances-Japandi-retro-et-biophiliques.jpg","width":1344,"height":768,"caption":"Salon chic 2025 aux tendances Japandi, r\u00e9tro et biophiliques"},{"@type":"BreadcrumbList","@id":"http:\/\/www.habitat-design.net\/blog\/decoration-salon-chic\/#breadcrumb","itemListElement":[{"@type":"ListItem","position":1,"name":"Accueil","item":"https:\/\/www.habitat-design.net\/blog\/"},{"@type":"ListItem","position":2,"name":"D\u00e9coration salon chic : cr\u00e9ez un espace \u00e9l\u00e9gant en 2025"}]},{"@type":"WebSite","@id":"https:\/\/www.habitat-design.net\/blog\/#website","url":"https:\/\/www.habitat-design.net\/blog\/","name":"","description":"","potentialAction":[{"@type":"SearchAction","target":{"@type":"EntryPoint","urlTemplate":"https:\/\/www.habitat-design.net\/blog\/?s={search_term_string}"},"query-input":{"@type":"PropertyValueSpecification","valueRequired":true,"valueName":"search_term_string"}}],"inLanguage":"fr-FR"},{"@type":"Person","@id":"https:\/\/www.habitat-design.net\/blog\/#\/schema\/person\/f81363ecfab7ff0bfb976328793ce2e5","name":"Julien Laurent","image":{"@type":"ImageObject","inLanguage":"fr-FR","@id":"https:\/\/www.habitat-design.net\/blog\/#\/schema\/person\/image\/","url":"https:\/\/secure.gravatar.com\/avatar\/36c5f08b15b2f828b41156cb6e69b449?s=96&d=mm&r=g","contentUrl":"https:\/\/secure.gravatar.com\/avatar\/36c5f08b15b2f828b41156cb6e69b449?s=96&d=mm&r=g","caption":"Julien Laurent"},"description":"Julien Laurent est un blogueur passionn\u00e9 par le domaine de la d\u00e9coration int\u00e9rieure et du design. Avec un dipl\u00f4me en design d'int\u00e9rieur et plusieurs ann\u00e9es d'exp\u00e9rience en tant que d\u00e9corateur, il partage des conseils pratiques pour embellir et optimiser les espaces de vie. Ses articles inspirants et informatifs visent \u00e0 aider ses lecteurs \u00e0 cr\u00e9er des int\u00e9rieurs harmonieux et esth\u00e9tiques, refl\u00e9tant leur personnalit\u00e9 et leur style.","sameAs":["http:\/\/www.habitat-design.net\/blog"],"url":"http:\/\/www.habitat-design.net\/blog\/author\/contacthabitat-design-net\/"}]}},"views":7,"_links":{"self":[{"href":"http:\/\/www.habitat-design.net\/blog\/wp-json\/wp\/v2\/posts\/1921","targetHints":{"allow":["GET"]}}],"collection":[{"href":"http:\/\/www.habitat-design.net\/blog\/wp-json\/wp\/v2\/posts"}],"about":[{"href":"http:\/\/www.habitat-design.net\/blog\/wp-json\/wp\/v2\/types\/post"}],"author":[{"embeddable":true,"href":"http:\/\/www.habitat-design.net\/blog\/wp-json\/wp\/v2\/users\/1"}],"replies":[{"embeddable":true,"href":"http:\/\/www.habitat-design.net\/blog\/wp-json\/wp\/v2\/comments?post=1921"}],"version-history":[{"count":1,"href":"http:\/\/www.habitat-design.net\/blog\/wp-json\/wp\/v2\/posts\/1921\/revisions"}],"predecessor-version":[{"id":1939,"href":"http:\/\/www.habitat-design.net\/blog\/wp-json\/wp\/v2\/posts\/1921\/revisions\/1939"}],"wp:featuredmedia":[{"embeddable":true,"href":"http:\/\/www.habitat-design.net\/blog\/wp-json\/wp\/v2\/media\/1938"}],"wp:attachment":[{"href":"http:\/\/www.habitat-design.net\/blog\/wp-json\/wp\/v2\/media?parent=1921"}],"wp:term":[{"taxonomy":"category","embeddable":true,"href":"http:\/\/www.habitat-design.net\/blog\/wp-json\/wp\/v2\/categories?post=1921"},{"taxonomy":"post_tag","embeddable":true,"href":"http:\/\/www.habitat-design.net\/blog\/wp-json\/wp\/v2\/tags?post=1921"}],"curies":[{"name":"wp","href":"https:\/\/api.w.org\/{rel}","templated":true}]}}