
{"id":1920,"date":"2025-11-13T22:11:10","date_gmt":"2025-11-13T21:11:10","guid":{"rendered":"https:\/\/www.habitat-design.net\/blog\/vegetal-stabilise-murs-verts\/"},"modified":"2025-11-22T09:55:40","modified_gmt":"2025-11-22T08:55:40","slug":"vegetal-stabilise-murs-verts","status":"publish","type":"post","link":"http:\/\/www.habitat-design.net\/blog\/vegetal-stabilise-murs-verts\/","title":{"rendered":"V\u00e9g\u00e9tal stabilis\u00e9 : cadres et murs verts sans entretien"},"content":{"rendered":"<p>Imagine transformer ton int\u00e9rieur en un havre de fra\u00eecheur sans jamais sortir l\u2019arrosoir ni te soucier des tailles r\u00e9guli\u00e8res. Les cadres verts et murs naturels \u00e0 base de v\u00e9g\u00e9tal stabilis\u00e9 offrent cette petite r\u00e9volution ! Gr\u00e2ce \u00e0 une technique innovante, les plantes stabilis\u00e9es gardent leur \u00e9clat et leur texture, comme fra\u00eeches cueillies, pendant des ann\u00e9es. Tu vas d\u00e9couvrir comment cette solution \u00e9co-responsable issue de l\u2019univers <strong>\u00c9coV\u00e9g\u00e9tal<\/strong> et <strong>GreenArt<\/strong> peut booster ton bien-\u00eatre tout en sublimant ton d\u00e9cor sans effort.<\/p>\n\n<p>En bref :\n<\/p>\n\n<ul class=\"wp-block-list\"><li><strong>V\u00e9g\u00e9tal Luxe<\/strong> : une apparence ultra-r\u00e9aliste et un toucher naturel gr\u00e2ce au proc\u00e9d\u00e9 de stabilisation.<\/li><li><strong>Mur Vivant<\/strong> sans entretien : z\u00e9ro arrosage, z\u00e9ro taille.<\/li><li><strong>Cadres Botaniques<\/strong> personnalisables pour s\u2019adapter \u00e0 tous les espaces.<\/li><li>Une s\u00e9lection attentive, sans allerg\u00e8nes, qui respecte l\u2019environnement.<\/li><li>Alternatives : v\u00e9g\u00e9tal stabilis\u00e9 ou artificiel selon l\u2019emplacement et tes pr\u00e9f\u00e9rences.<\/li><\/ul>\n\n<h2 class=\"wp-block-heading\">Pourquoi choisir un mur v\u00e9g\u00e9tal stabilis\u00e9 pour ton int\u00e9rieur ?<\/h2>\n\n<p>Les murs verts en v\u00e9g\u00e9tal stabilis\u00e9, c\u2019est l\u2019alliance parfaite entre nature et modernit\u00e9. Contrairement aux plantes vivantes, ils restent impeccables sans n\u00e9cessit\u00e9 d\u2019arrosage ou lumi\u00e8re. Ce sont des <strong>Murs Naturels<\/strong> qui se paient le luxe d\u2019une durabilit\u00e9 exceptionnelle, conservant leur \u00e9clat et leur forme gr\u00e2ce \u00e0 une solution \u00e0 base de glyc\u00e9rine qui remplace la s\u00e8ve. Ce proc\u00e9d\u00e9, valid\u00e9 par des sp\u00e9cialistes comme ceux de <strong>Vert \u00c9ternel<\/strong>, garantit un rendu biologique, apaisant et sans allerg\u00e8nes, parfait pour tous les environnements, du salon \u00e0 un bureau d\u2019entreprise.<\/p>\n\n<ul class=\"wp-block-list\"><li>Appearance hyper-realiste, m\u00eame au toucher.<\/li><li>Installation sur mesure, adapt\u00e9e \u00e0 la taille et au style de ton espace.<\/li><li>Aucune contrainte li\u00e9e \u00e0 la lumi\u00e8re ou \u00e0 l\u2019arrosage.<\/li><li>Respect strict des r\u00e9coltes durables pour limiter l\u2019impact environnemental.<\/li><li>Favorise la connexion biophilique, boosting ton bien-\u00eatre au quotidien.<\/li><\/ul>\n\n<h3 class=\"wp-block-heading\">Les \u00e9tapes pour installer ton cadre ou mur v\u00e9g\u00e9tal stabilis\u00e9<\/h3>\n\n<p>Suivre ces \u00e9tapes te permettra d\u2019int\u00e9grer facilement un v\u00e9ritable bijou v\u00e9g\u00e9tal \u00e0 ton int\u00e9rieur :<\/p>\n\n<ol class=\"wp-block-list\"><li><strong>Choisis ton style<\/strong> : cadre botanique ou grand mur v\u00e9g\u00e9tal, selon ton espace et ton envie.<\/li><li><strong>D\u00e9finis la taille et la forme<\/strong> avec un expert pour un rendu optimal et personnalis\u00e9.<\/li><li><strong>S\u00e9lectionne les plantes stabilis\u00e9es<\/strong> correspondant \u00e0 ton inspiration et ambiance, du lichen au feuillage vari\u00e9.<\/li><li><strong>Installation soign\u00e9e<\/strong> pour int\u00e9grer harmonieusement l&rsquo;\u0153uvre dans ton d\u00e9cor, avec finition bois ou mousse pour un effet continu.<\/li><li><strong>Appr\u00e9cie un espace vert durable<\/strong> sans entretien ni compromis esth\u00e9tique.<\/li><\/ol>\n\n<h2 class=\"wp-block-heading\">V\u00e9g\u00e9tal stabilis\u00e9 ou artificiel : comment choisir ?<\/h2>\n\n<p>Deux options s\u2019offrent \u00e0 toi selon ton projet. Le stabilis\u00e9 mise sur l\u2019authenticit\u00e9, la long\u00e9vit\u00e9 et le respect environnemental, tandis que l\u2019artificiel offre une vari\u00e9t\u00e9 infinie et une robustesse face aux conditions extr\u00eames. Par exemple :<\/p>\n\n<ul class=\"wp-block-list\"><li><strong>V\u00e9g\u00e9tal stabilis\u00e9<\/strong> : id\u00e9al en int\u00e9rieur, donne un cachet naturel sans allerg\u00e8nes et entretien.<\/li><li><strong>V\u00e9g\u00e9tal artificiel<\/strong> : parfait pour les espaces \u00e0 forte circulation ou o\u00f9 l\u2019humidit\u00e9 est importante, avec un nettoyage facile.<\/li><\/ul>\n\n<p>Le choix d\u00e9pend de ton espace, de ta sensibilit\u00e9 au naturel et de la dur\u00e9e souhait\u00e9e pour le d\u00e9cor. Note que la stabilisation est plus co\u00fbteuse mais plus \u00e9cologique, tandis que l\u2019artificiel peut mieux r\u00e9sister en ext\u00e9rieur s&rsquo;il est con\u00e7u pour \u00e7a.<\/p>\n\n<h3 class=\"wp-block-heading\">Finitions et personnalisations pour un r\u00e9sultat unique<\/h3>\n\n<p>Tu peux agr\u00e9menter ton mur ou ton cadre avec des finitions en bois pour renforcer l\u2019aspect biophilique, ou avec des bordures en mousse qui prolongent visuellement le v\u00e9g\u00e9tal. Certains optent pour des touches de bois flott\u00e9 qui ajoutent du caract\u00e8re et un charme naturel suppl\u00e9mentaire. L\u2019important est que le r\u00e9sultat refl\u00e8te ton univers tout en pr\u00e9servant la facilit\u00e9 d\u2019entretien.<\/p>\n\n<ul class=\"wp-block-list\"><li>Cadres en bois, noirci ou naturel, pour une ambiance chaleureuse.<\/li><li>Bordures en mousse pour un effet sans rupture visuelle.<\/li><li>Int\u00e9gration de bois flott\u00e9 pour un rendu organique.<\/li><li>Incorporation de touches color\u00e9es pour personnaliser selon l\u2019usage ou la taille de l\u2019espace.<\/li><\/ul>\n\n<p>En associant un mur v\u00e9g\u00e9tal stabilis\u00e9 <strong>Nature Stable<\/strong> \u00e0 ton int\u00e9rieur, tu b\u00e9n\u00e9ficies d\u2019une esth\u00e9tique hors pair conjuguant durabilit\u00e9 et simplicit\u00e9. Le prochain pas ? Prends contact avec un sp\u00e9cialiste <strong>V\u00e9rtica<\/strong> et lance-toi pour un espace vivant et relaxant sans l\u2019ombre d\u2019un entretien.<\/p>\n\n","protected":false},"excerpt":{"rendered":"<p>Imagine transformer ton int\u00e9rieur en un havre de fra\u00eecheur sans jamais sortir l\u2019arrosoir ni te soucier des tailles r\u00e9guli\u00e8res. Les cadres verts et murs naturels \u00e0 base de v\u00e9g\u00e9tal stabilis\u00e9 offrent cette petite r\u00e9volution ! Gr\u00e2ce \u00e0 une technique innovante, les plantes stabilis\u00e9es gardent leur \u00e9clat et leur texture, comme fra\u00eeches cueillies, pendant des ann\u00e9es. &#8230; <a title=\"V\u00e9g\u00e9tal stabilis\u00e9 : cadres et murs verts sans entretien\" class=\"read-more\" href=\"http:\/\/www.habitat-design.net\/blog\/vegetal-stabilise-murs-verts\/\" aria-label=\"En savoir plus sur V\u00e9g\u00e9tal stabilis\u00e9 : cadres et murs verts sans entretien\">Lire plus<\/a><\/p>\n","protected":false},"author":1,"featured_media":1940,"comment_status":"closed","ping_status":"closed","sticky":false,"template":"","format":"standard","meta":{"footnotes":""},"categories":[1],"tags":[670,672,671,673,669],"class_list":["post-1920","post","type-post","status-publish","format-standard","has-post-thumbnail","hentry","category-maison","tag-cadres-vegetaux","tag-decoration-vegetale","tag-murs-verts","tag-plantes-sans-entretien","tag-vegetal-stabilise"],"yoast_head":"<!-- This site is optimized with the Yoast SEO plugin v26.8 - https:\/\/yoast.com\/product\/yoast-seo-wordpress\/ -->\n<title>V\u00e9g\u00e9tal stabilis\u00e9 : cadres et murs verts sans entretien<\/title>\n<meta name=\"description\" content=\"D\u00e9couvrez nos cadres et murs v\u00e9g\u00e9taux stabilis\u00e9s, naturels et sans entretien, pour une d\u00e9co verte durable et \u00e9l\u00e9gante dans votre int\u00e9rieur.\" \/>\n<meta name=\"robots\" content=\"index, follow, max-snippet:-1, max-image-preview:large, max-video-preview:-1\" \/>\n<link rel=\"canonical\" href=\"http:\/\/www.habitat-design.net\/blog\/vegetal-stabilise-murs-verts\/\" \/>\n<meta property=\"og:locale\" content=\"fr_FR\" \/>\n<meta property=\"og:type\" content=\"article\" \/>\n<meta property=\"og:title\" content=\"V\u00e9g\u00e9tal stabilis\u00e9 : cadres et murs verts sans entretien\" \/>\n<meta property=\"og:description\" content=\"D\u00e9couvrez nos cadres et murs v\u00e9g\u00e9taux stabilis\u00e9s, naturels et sans entretien, pour une d\u00e9co verte durable et \u00e9l\u00e9gante dans votre int\u00e9rieur.\" \/>\n<meta property=\"og:url\" content=\"http:\/\/www.habitat-design.net\/blog\/vegetal-stabilise-murs-verts\/\" \/>\n<meta property=\"article:published_time\" content=\"2025-11-13T21:11:10+00:00\" \/>\n<meta property=\"article:modified_time\" content=\"2025-11-22T08:55:40+00:00\" \/>\n<meta property=\"og:image\" content=\"http:\/\/www.habitat-design.net\/blog\/wp-content\/uploads\/2025\/11\/Mur-vegetal-stabilise-design-et-decor-naturel-sans-entretien.jpg\" \/>\n\t<meta property=\"og:image:width\" content=\"1344\" \/>\n\t<meta property=\"og:image:height\" content=\"768\" \/>\n\t<meta property=\"og:image:type\" content=\"image\/jpeg\" \/>\n<meta name=\"author\" content=\"Julien Laurent\" \/>\n<meta name=\"twitter:card\" content=\"summary_large_image\" \/>\n<meta name=\"twitter:label1\" content=\"\u00c9crit par\" \/>\n\t<meta name=\"twitter:data1\" content=\"Julien Laurent\" \/>\n\t<meta name=\"twitter:label2\" content=\"Dur\u00e9e de lecture estim\u00e9e\" \/>\n\t<meta name=\"twitter:data2\" content=\"4 minutes\" \/>\n<script type=\"application\/ld+json\" class=\"yoast-schema-graph\">{\"@context\":\"https:\/\/schema.org\",\"@graph\":[{\"@type\":\"Article\",\"@id\":\"http:\/\/www.habitat-design.net\/blog\/vegetal-stabilise-murs-verts\/#article\",\"isPartOf\":{\"@id\":\"http:\/\/www.habitat-design.net\/blog\/vegetal-stabilise-murs-verts\/\"},\"author\":{\"name\":\"Julien Laurent\",\"@id\":\"https:\/\/www.habitat-design.net\/blog\/#\/schema\/person\/f81363ecfab7ff0bfb976328793ce2e5\"},\"headline\":\"V\u00e9g\u00e9tal stabilis\u00e9 : cadres et murs verts sans entretien\",\"datePublished\":\"2025-11-13T21:11:10+00:00\",\"dateModified\":\"2025-11-22T08:55:40+00:00\",\"mainEntityOfPage\":{\"@id\":\"http:\/\/www.habitat-design.net\/blog\/vegetal-stabilise-murs-verts\/\"},\"wordCount\":755,\"image\":{\"@id\":\"http:\/\/www.habitat-design.net\/blog\/vegetal-stabilise-murs-verts\/#primaryimage\"},\"thumbnailUrl\":\"http:\/\/www.habitat-design.net\/blog\/wp-content\/uploads\/2025\/11\/Mur-vegetal-stabilise-design-et-decor-naturel-sans-entretien.jpg\",\"keywords\":[\"cadres v\u00e9g\u00e9taux\",\"d\u00e9coration v\u00e9g\u00e9tale\",\"murs verts\",\"plantes sans entretien\",\"v\u00e9g\u00e9tal stabilis\u00e9\"],\"articleSection\":[\"Maison &amp; d\u00e9coration\"],\"inLanguage\":\"fr-FR\"},{\"@type\":\"WebPage\",\"@id\":\"http:\/\/www.habitat-design.net\/blog\/vegetal-stabilise-murs-verts\/\",\"url\":\"http:\/\/www.habitat-design.net\/blog\/vegetal-stabilise-murs-verts\/\",\"name\":\"V\u00e9g\u00e9tal stabilis\u00e9 : cadres et murs verts sans entretien\",\"isPartOf\":{\"@id\":\"https:\/\/www.habitat-design.net\/blog\/#website\"},\"primaryImageOfPage\":{\"@id\":\"http:\/\/www.habitat-design.net\/blog\/vegetal-stabilise-murs-verts\/#primaryimage\"},\"image\":{\"@id\":\"http:\/\/www.habitat-design.net\/blog\/vegetal-stabilise-murs-verts\/#primaryimage\"},\"thumbnailUrl\":\"http:\/\/www.habitat-design.net\/blog\/wp-content\/uploads\/2025\/11\/Mur-vegetal-stabilise-design-et-decor-naturel-sans-entretien.jpg\",\"datePublished\":\"2025-11-13T21:11:10+00:00\",\"dateModified\":\"2025-11-22T08:55:40+00:00\",\"author\":{\"@id\":\"https:\/\/www.habitat-design.net\/blog\/#\/schema\/person\/f81363ecfab7ff0bfb976328793ce2e5\"},\"description\":\"D\u00e9couvrez nos cadres et murs v\u00e9g\u00e9taux stabilis\u00e9s, naturels et sans entretien, pour une d\u00e9co verte durable et \u00e9l\u00e9gante dans votre int\u00e9rieur.\",\"breadcrumb\":{\"@id\":\"http:\/\/www.habitat-design.net\/blog\/vegetal-stabilise-murs-verts\/#breadcrumb\"},\"inLanguage\":\"fr-FR\",\"potentialAction\":[{\"@type\":\"ReadAction\",\"target\":[\"http:\/\/www.habitat-design.net\/blog\/vegetal-stabilise-murs-verts\/\"]}]},{\"@type\":\"ImageObject\",\"inLanguage\":\"fr-FR\",\"@id\":\"http:\/\/www.habitat-design.net\/blog\/vegetal-stabilise-murs-verts\/#primaryimage\",\"url\":\"http:\/\/www.habitat-design.net\/blog\/wp-content\/uploads\/2025\/11\/Mur-vegetal-stabilise-design-et-decor-naturel-sans-entretien.jpg\",\"contentUrl\":\"http:\/\/www.habitat-design.net\/blog\/wp-content\/uploads\/2025\/11\/Mur-vegetal-stabilise-design-et-decor-naturel-sans-entretien.jpg\",\"width\":1344,\"height\":768,\"caption\":\"Mur v\u00e9g\u00e9tal stabilis\u00e9 design et d\u00e9cor naturel sans entretien\"},{\"@type\":\"BreadcrumbList\",\"@id\":\"http:\/\/www.habitat-design.net\/blog\/vegetal-stabilise-murs-verts\/#breadcrumb\",\"itemListElement\":[{\"@type\":\"ListItem\",\"position\":1,\"name\":\"Accueil\",\"item\":\"https:\/\/www.habitat-design.net\/blog\/\"},{\"@type\":\"ListItem\",\"position\":2,\"name\":\"V\u00e9g\u00e9tal stabilis\u00e9 : cadres et murs verts sans entretien\"}]},{\"@type\":\"WebSite\",\"@id\":\"https:\/\/www.habitat-design.net\/blog\/#website\",\"url\":\"https:\/\/www.habitat-design.net\/blog\/\",\"name\":\"\",\"description\":\"\",\"potentialAction\":[{\"@type\":\"SearchAction\",\"target\":{\"@type\":\"EntryPoint\",\"urlTemplate\":\"https:\/\/www.habitat-design.net\/blog\/?s={search_term_string}\"},\"query-input\":{\"@type\":\"PropertyValueSpecification\",\"valueRequired\":true,\"valueName\":\"search_term_string\"}}],\"inLanguage\":\"fr-FR\"},{\"@type\":\"Person\",\"@id\":\"https:\/\/www.habitat-design.net\/blog\/#\/schema\/person\/f81363ecfab7ff0bfb976328793ce2e5\",\"name\":\"Julien Laurent\",\"image\":{\"@type\":\"ImageObject\",\"inLanguage\":\"fr-FR\",\"@id\":\"https:\/\/www.habitat-design.net\/blog\/#\/schema\/person\/image\/\",\"url\":\"https:\/\/secure.gravatar.com\/avatar\/36c5f08b15b2f828b41156cb6e69b449?s=96&d=mm&r=g\",\"contentUrl\":\"https:\/\/secure.gravatar.com\/avatar\/36c5f08b15b2f828b41156cb6e69b449?s=96&d=mm&r=g\",\"caption\":\"Julien Laurent\"},\"description\":\"Julien Laurent est un blogueur passionn\u00e9 par le domaine de la d\u00e9coration int\u00e9rieure et du design. Avec un dipl\u00f4me en design d'int\u00e9rieur et plusieurs ann\u00e9es d'exp\u00e9rience en tant que d\u00e9corateur, il partage des conseils pratiques pour embellir et optimiser les espaces de vie. Ses articles inspirants et informatifs visent \u00e0 aider ses lecteurs \u00e0 cr\u00e9er des int\u00e9rieurs harmonieux et esth\u00e9tiques, refl\u00e9tant leur personnalit\u00e9 et leur style.\",\"sameAs\":[\"http:\/\/www.habitat-design.net\/blog\"],\"url\":\"http:\/\/www.habitat-design.net\/blog\/author\/contacthabitat-design-net\/\"}]}<\/script>\n<!-- \/ Yoast SEO plugin. -->","yoast_head_json":{"title":"V\u00e9g\u00e9tal stabilis\u00e9 : cadres et murs verts sans entretien","description":"D\u00e9couvrez nos cadres et murs v\u00e9g\u00e9taux stabilis\u00e9s, naturels et sans entretien, pour une d\u00e9co verte durable et \u00e9l\u00e9gante dans votre int\u00e9rieur.","robots":{"index":"index","follow":"follow","max-snippet":"max-snippet:-1","max-image-preview":"max-image-preview:large","max-video-preview":"max-video-preview:-1"},"canonical":"http:\/\/www.habitat-design.net\/blog\/vegetal-stabilise-murs-verts\/","og_locale":"fr_FR","og_type":"article","og_title":"V\u00e9g\u00e9tal stabilis\u00e9 : cadres et murs verts sans entretien","og_description":"D\u00e9couvrez nos cadres et murs v\u00e9g\u00e9taux stabilis\u00e9s, naturels et sans entretien, pour une d\u00e9co verte durable et \u00e9l\u00e9gante dans votre int\u00e9rieur.","og_url":"http:\/\/www.habitat-design.net\/blog\/vegetal-stabilise-murs-verts\/","article_published_time":"2025-11-13T21:11:10+00:00","article_modified_time":"2025-11-22T08:55:40+00:00","og_image":[{"width":1344,"height":768,"url":"http:\/\/www.habitat-design.net\/blog\/wp-content\/uploads\/2025\/11\/Mur-vegetal-stabilise-design-et-decor-naturel-sans-entretien.jpg","type":"image\/jpeg"}],"author":"Julien Laurent","twitter_card":"summary_large_image","twitter_misc":{"\u00c9crit par":"Julien Laurent","Dur\u00e9e de lecture estim\u00e9e":"4 minutes"},"schema":{"@context":"https:\/\/schema.org","@graph":[{"@type":"Article","@id":"http:\/\/www.habitat-design.net\/blog\/vegetal-stabilise-murs-verts\/#article","isPartOf":{"@id":"http:\/\/www.habitat-design.net\/blog\/vegetal-stabilise-murs-verts\/"},"author":{"name":"Julien Laurent","@id":"https:\/\/www.habitat-design.net\/blog\/#\/schema\/person\/f81363ecfab7ff0bfb976328793ce2e5"},"headline":"V\u00e9g\u00e9tal stabilis\u00e9 : cadres et murs verts sans entretien","datePublished":"2025-11-13T21:11:10+00:00","dateModified":"2025-11-22T08:55:40+00:00","mainEntityOfPage":{"@id":"http:\/\/www.habitat-design.net\/blog\/vegetal-stabilise-murs-verts\/"},"wordCount":755,"image":{"@id":"http:\/\/www.habitat-design.net\/blog\/vegetal-stabilise-murs-verts\/#primaryimage"},"thumbnailUrl":"http:\/\/www.habitat-design.net\/blog\/wp-content\/uploads\/2025\/11\/Mur-vegetal-stabilise-design-et-decor-naturel-sans-entretien.jpg","keywords":["cadres v\u00e9g\u00e9taux","d\u00e9coration v\u00e9g\u00e9tale","murs verts","plantes sans entretien","v\u00e9g\u00e9tal stabilis\u00e9"],"articleSection":["Maison &amp; d\u00e9coration"],"inLanguage":"fr-FR"},{"@type":"WebPage","@id":"http:\/\/www.habitat-design.net\/blog\/vegetal-stabilise-murs-verts\/","url":"http:\/\/www.habitat-design.net\/blog\/vegetal-stabilise-murs-verts\/","name":"V\u00e9g\u00e9tal stabilis\u00e9 : cadres et murs verts sans entretien","isPartOf":{"@id":"https:\/\/www.habitat-design.net\/blog\/#website"},"primaryImageOfPage":{"@id":"http:\/\/www.habitat-design.net\/blog\/vegetal-stabilise-murs-verts\/#primaryimage"},"image":{"@id":"http:\/\/www.habitat-design.net\/blog\/vegetal-stabilise-murs-verts\/#primaryimage"},"thumbnailUrl":"http:\/\/www.habitat-design.net\/blog\/wp-content\/uploads\/2025\/11\/Mur-vegetal-stabilise-design-et-decor-naturel-sans-entretien.jpg","datePublished":"2025-11-13T21:11:10+00:00","dateModified":"2025-11-22T08:55:40+00:00","author":{"@id":"https:\/\/www.habitat-design.net\/blog\/#\/schema\/person\/f81363ecfab7ff0bfb976328793ce2e5"},"description":"D\u00e9couvrez nos cadres et murs v\u00e9g\u00e9taux stabilis\u00e9s, naturels et sans entretien, pour une d\u00e9co verte durable et \u00e9l\u00e9gante dans votre int\u00e9rieur.","breadcrumb":{"@id":"http:\/\/www.habitat-design.net\/blog\/vegetal-stabilise-murs-verts\/#breadcrumb"},"inLanguage":"fr-FR","potentialAction":[{"@type":"ReadAction","target":["http:\/\/www.habitat-design.net\/blog\/vegetal-stabilise-murs-verts\/"]}]},{"@type":"ImageObject","inLanguage":"fr-FR","@id":"http:\/\/www.habitat-design.net\/blog\/vegetal-stabilise-murs-verts\/#primaryimage","url":"http:\/\/www.habitat-design.net\/blog\/wp-content\/uploads\/2025\/11\/Mur-vegetal-stabilise-design-et-decor-naturel-sans-entretien.jpg","contentUrl":"http:\/\/www.habitat-design.net\/blog\/wp-content\/uploads\/2025\/11\/Mur-vegetal-stabilise-design-et-decor-naturel-sans-entretien.jpg","width":1344,"height":768,"caption":"Mur v\u00e9g\u00e9tal stabilis\u00e9 design et d\u00e9cor naturel sans entretien"},{"@type":"BreadcrumbList","@id":"http:\/\/www.habitat-design.net\/blog\/vegetal-stabilise-murs-verts\/#breadcrumb","itemListElement":[{"@type":"ListItem","position":1,"name":"Accueil","item":"https:\/\/www.habitat-design.net\/blog\/"},{"@type":"ListItem","position":2,"name":"V\u00e9g\u00e9tal stabilis\u00e9 : cadres et murs verts sans entretien"}]},{"@type":"WebSite","@id":"https:\/\/www.habitat-design.net\/blog\/#website","url":"https:\/\/www.habitat-design.net\/blog\/","name":"","description":"","potentialAction":[{"@type":"SearchAction","target":{"@type":"EntryPoint","urlTemplate":"https:\/\/www.habitat-design.net\/blog\/?s={search_term_string}"},"query-input":{"@type":"PropertyValueSpecification","valueRequired":true,"valueName":"search_term_string"}}],"inLanguage":"fr-FR"},{"@type":"Person","@id":"https:\/\/www.habitat-design.net\/blog\/#\/schema\/person\/f81363ecfab7ff0bfb976328793ce2e5","name":"Julien Laurent","image":{"@type":"ImageObject","inLanguage":"fr-FR","@id":"https:\/\/www.habitat-design.net\/blog\/#\/schema\/person\/image\/","url":"https:\/\/secure.gravatar.com\/avatar\/36c5f08b15b2f828b41156cb6e69b449?s=96&d=mm&r=g","contentUrl":"https:\/\/secure.gravatar.com\/avatar\/36c5f08b15b2f828b41156cb6e69b449?s=96&d=mm&r=g","caption":"Julien Laurent"},"description":"Julien Laurent est un blogueur passionn\u00e9 par le domaine de la d\u00e9coration int\u00e9rieure et du design. Avec un dipl\u00f4me en design d'int\u00e9rieur et plusieurs ann\u00e9es d'exp\u00e9rience en tant que d\u00e9corateur, il partage des conseils pratiques pour embellir et optimiser les espaces de vie. Ses articles inspirants et informatifs visent \u00e0 aider ses lecteurs \u00e0 cr\u00e9er des int\u00e9rieurs harmonieux et esth\u00e9tiques, refl\u00e9tant leur personnalit\u00e9 et leur style.","sameAs":["http:\/\/www.habitat-design.net\/blog"],"url":"http:\/\/www.habitat-design.net\/blog\/author\/contacthabitat-design-net\/"}]}},"views":2,"_links":{"self":[{"href":"http:\/\/www.habitat-design.net\/blog\/wp-json\/wp\/v2\/posts\/1920","targetHints":{"allow":["GET"]}}],"collection":[{"href":"http:\/\/www.habitat-design.net\/blog\/wp-json\/wp\/v2\/posts"}],"about":[{"href":"http:\/\/www.habitat-design.net\/blog\/wp-json\/wp\/v2\/types\/post"}],"author":[{"embeddable":true,"href":"http:\/\/www.habitat-design.net\/blog\/wp-json\/wp\/v2\/users\/1"}],"replies":[{"embeddable":true,"href":"http:\/\/www.habitat-design.net\/blog\/wp-json\/wp\/v2\/comments?post=1920"}],"version-history":[{"count":1,"href":"http:\/\/www.habitat-design.net\/blog\/wp-json\/wp\/v2\/posts\/1920\/revisions"}],"predecessor-version":[{"id":1941,"href":"http:\/\/www.habitat-design.net\/blog\/wp-json\/wp\/v2\/posts\/1920\/revisions\/1941"}],"wp:featuredmedia":[{"embeddable":true,"href":"http:\/\/www.habitat-design.net\/blog\/wp-json\/wp\/v2\/media\/1940"}],"wp:attachment":[{"href":"http:\/\/www.habitat-design.net\/blog\/wp-json\/wp\/v2\/media?parent=1920"}],"wp:term":[{"taxonomy":"category","embeddable":true,"href":"http:\/\/www.habitat-design.net\/blog\/wp-json\/wp\/v2\/categories?post=1920"},{"taxonomy":"post_tag","embeddable":true,"href":"http:\/\/www.habitat-design.net\/blog\/wp-json\/wp\/v2\/tags?post=1920"}],"curies":[{"name":"wp","href":"https:\/\/api.w.org\/{rel}","templated":true}]}}