
{"id":1919,"date":"2025-11-13T07:39:53","date_gmt":"2025-11-13T06:39:53","guid":{"rendered":"http:\/\/www.habitat-design.net\/blog\/galerie-escaliers-disposition\/"},"modified":"2025-11-13T07:39:53","modified_gmt":"2025-11-13T06:39:53","slug":"galerie-escaliers-disposition","status":"publish","type":"post","link":"http:\/\/www.habitat-design.net\/blog\/galerie-escaliers-disposition\/","title":{"rendered":"Galerie d\u2019escaliers : disposition et espacements sans percer partout"},"content":{"rendered":"<p>Dans un int\u00e9rieur restreint, optimiser l&rsquo;espace autour d\u2019un escalier demande des solutions astucieuses qui ne n\u00e9cessitent pas de percer tous les murs. La disposition et les espacements deviennent cl\u00e9s pour installer un escalier pris\u00e9, \u00e9l\u00e9gant et fonctionnel. \u00c0 travers cet article, d\u00e9couvre comment cr\u00e9er une galerie d\u2019escaliers qui allie design innovant, praticit\u00e9 et respect des sols et murs existants sans recourir \u00e0 des fixations invasives. Tu apprendras aussi quelles alternatives choisir selon tes contraintes et quels b\u00e9n\u00e9fices attendre pour ton int\u00e9rieur.<\/p>\n\n<p><strong>En bref<\/strong> :\n<\/p>\n\n<ul class=\"wp-block-list\"><li><strong>Escalier innovant<\/strong> avec fixation discr\u00e8te pour pr\u00e9server murs et sols.<\/li><li>Importance des <strong>espacements optimaux<\/strong> pour garantir confort et s\u00e9curit\u00e9.<\/li><li><strong>Escalier modulable<\/strong> et adaptable \u00e0 plusieurs configurations gr\u00e2ce \u00e0 des techniques sans per\u00e7age multiple.<\/li><li><strong>Art escaliers<\/strong> : allier esth\u00e9tique et fonctionnalit\u00e9 sans encombrer.<\/li><li>Options selon usage : mod\u00e8les droits, quart-tournants ou colima\u00e7on.<\/li><\/ul>\n\n<h2 class=\"wp-block-heading\">Optimiser l\u2019espace escalier sans percer partout, c\u2019est possible<\/h2>\n\n<p>L\u2019id\u00e9e d\u2019une installation d\u2019escalier peut vite devenir un casse-t\u00eate quand on veut \u00e9viter de multiplier les trous dans la maison. La bonne nouvelle, c\u2019est que gr\u00e2ce \u00e0 des m\u00e9thodes modernes d\u2019<strong>EscalierPratique<\/strong> et une <strong>FixationDiscr\u00e8te<\/strong>, on peut d\u00e9sormais disposer un escalier en limitant les points d\u2019ancrage. Ces solutions prot\u00e8gent ta structure sans sacrifier la solidit\u00e9 ou la s\u00e9curit\u00e9.<\/p>\n\n<p>Par exemple, installer un escalier modulable aux points d\u2019appui soigneusement \u00e9tudi\u00e9s permet de minimiser les impacts. L\u2019espace disponible peut \u00eatre ainsi maximis\u00e9 en jouant finement avec les dimensions et les zones de passage. Cela ouvre la voie \u00e0 des escaliers fonctionnels pour acc\u00e9der \u00e0 une mezzanine, un duplex ou une terrasse sans modifications lourdes.<\/p>\n\n<ul class=\"wp-block-list\"><li>Pr\u00e9f\u00e9rer une fixation sur un mur porteur unique.<\/li><li>Opter pour des limons m\u00e9talliques fins et robustes qui prennent peu de place.<\/li><li>Choisir des marches ajour\u00e9es ou suspendues pour plus de l\u00e9g\u00e8ret\u00e9 visuelle et moins de poids pos\u00e9.<\/li><\/ul>\n\n<figure class=\"wp-block-image size-full\"><img decoding=\"async\" width=\"1344\" height=\"768\" src=\"http:\/\/www.habitat-design.net\/blog\/wp-content\/uploads\/2025\/11\/Galerie-descaliers-disposition-et-espacements-sans-percer-partout-1.jpg\" alt=\"d\u00e9couvrez notre galerie d&#039;escaliers avec des conseils sur la disposition et les espacements, pour installer vos escaliers sans percer partout et pr\u00e9server vos murs.\" class=\"wp-image-1918\" srcset=\"http:\/\/www.habitat-design.net\/blog\/wp-content\/uploads\/2025\/11\/Galerie-descaliers-disposition-et-espacements-sans-percer-partout-1.jpg 1344w, http:\/\/www.habitat-design.net\/blog\/wp-content\/uploads\/2025\/11\/Galerie-descaliers-disposition-et-espacements-sans-percer-partout-1-300x171.jpg 300w, http:\/\/www.habitat-design.net\/blog\/wp-content\/uploads\/2025\/11\/Galerie-descaliers-disposition-et-espacements-sans-percer-partout-1-1024x585.jpg 1024w, http:\/\/www.habitat-design.net\/blog\/wp-content\/uploads\/2025\/11\/Galerie-descaliers-disposition-et-espacements-sans-percer-partout-1-768x439.jpg 768w\" sizes=\"(max-width: 1344px) 100vw, 1344px\" \/><\/figure>\n\n<h3 class=\"wp-block-heading\">Les espacements id\u00e9aux pour un escalier fonctionnel et adapt\u00e9 aux petits espaces<\/h3>\n\n<p>Conna\u00eetre les distances et hauteurs mexanique dans ta <strong>EspaceEscalier<\/strong> te donne un gain de confort et assure ta s\u00e9curit\u00e9 au quotidien. La norme recommande :<\/p>\n\n<ul class=\"wp-block-list\"><li><strong>Hauteur des marches :<\/strong> entre 16 et 18 cm pour un bon d\u00e9roul\u00e9.<\/li><li><strong>Profondeur des marches :<\/strong> minimum 22 \u00e0 24 cm, assurant un appui s\u00fbr du pied.<\/li><li><strong>Distance sous plafond :<\/strong> au moins 200 cm pour \u00e9viter les chocs.<\/li><li><strong>Largeur minimum :<\/strong> dans un espace habituel, 70 cm pour passer confortablement.<\/li><\/ul>\n\n<p>Ces crit\u00e8res garantissent un escalier \u00e0 la fois pratique et avec un <strong>EscalierFacile<\/strong> d\u2019usage. S\u2019ils sont refus\u00e9s, on risque de se cogner ou de se sentir \u00e0 l\u2019\u00e9troit, ce qui nuit \u00e0 la vie quotidienne.<\/p>\n\n<h2 class=\"wp-block-heading\">3 \u00e9tapes pour cr\u00e9er ta galerie d\u2019escaliers sans percer partout<\/h2>\n\n<ol class=\"wp-block-list\"><li><strong>Choisir un escalier adapt\u00e9<\/strong> : privil\u00e9gie un mod\u00e8le modulaire ou pr\u00e9fabriqu\u00e9 con\u00e7u pour les fixations minimales, comme ceux propos\u00e9s chez certains <a href=\"http:\/\/www.habitat-design.net\/blog\/fabricant-descalier\/\">fabricants d\u2019escaliers<\/a> sp\u00e9cialis\u00e9s dans le gain de place.<\/li><li><strong>Planifier les points de fixation<\/strong> : identifie les murs porteurs et les zones l\u00e9g\u00e8res o\u00f9 fixer, en limitant les per\u00e7ages au strict n\u00e9cessaire. V\u00e9rifie \u00e9galement la possibilit\u00e9 de fixation au sol si le plafond est bas ou fragile.<\/li><li><strong>Installer sans per\u00e7age invasif<\/strong> : exploite des syst\u00e8mes \u00e0 fixation par serrage, des supports en tension, ou encore des fixations invisibles con\u00e7ues pour pr\u00e9server la structure tout en garantissant un maintien robuste.<\/li><\/ol>\n\n<h3 class=\"wp-block-heading\">Alternatives et limites \u00e0 consid\u00e9rer<\/h3>\n\n<p>Il existe plusieurs alternatives \u00e0 l\u2019escalier avec fixation murale classique :<\/p>\n\n<ul class=\"wp-block-list\"><li><strong>Escalier autoportant<\/strong> : ce type repose uniquement sur ses appuis au sol, mais n\u00e9cessite une surface plus grande.<\/li><li>Escalier avec fixation au plafond, adapt\u00e9 aux espaces avec plafond solide, mais le montage est plus technique.<\/li><li><strong>Escalier en colima\u00e7on<\/strong> : compact mais demande plus d\u2019attention au confort et \u00e0 la s\u00e9curit\u00e9 compte tenu de ses marches \u00e9troites.<\/li><\/ul>\n\n<p>En revanche, certaines contraintes architecturales ou de mat\u00e9riaux peuvent limiter ces options, notamment dans des b\u00e2timents anciens ou soumis \u00e0 des r\u00e8gles strictes. Il sera alors utile de demander conseil \u00e0 un professionnel afin d\u2019\u00e9valuer le meilleur compromis entre <strong>EscalierDesign<\/strong> et contraintes techniques.<\/p>\n\n<h2 class=\"wp-block-heading\">Bien choisir pour un espace escalier optimis\u00e9 : esth\u00e9tique et durable<\/h2>\n\n<p>Pour un projet durable et esth\u00e9tique, le choix des mat\u00e9riaux et des finitions est brutalement important. Par exemple :<\/p>\n\n<ul class=\"wp-block-list\"><li><strong>Bois clair<\/strong> : chaleureux, l\u00e9ger et facile \u00e0 personnaliser, parfait pour un cadre naturel et contemporain.<\/li><li><strong>Acier peint<\/strong> : permet des formes l\u00e9g\u00e8res, modernes, avec une grande solidit\u00e9 sans alourdir la pi\u00e8ce.<\/li><li><strong>Verre ou plexiglas<\/strong> pour les garde-corps : maximise la luminosit\u00e9, cr\u00e9e un effet <strong>EscalierSansTrace<\/strong>, et amplifie la sensation d\u2019espace.<\/li><\/ul>\n\n<p>Ces options sont souvent propos\u00e9es par des marques de menuiserie alu et bois que tu peux d\u00e9couvrir dans des guides comme celui de <a href=\"http:\/\/www.habitat-design.net\/blog\/menuiserie-alu-a-saintes-5-astuces-pour-reussir-ton-projet-sans-stress-%f0%9f%9a%aa%e2%9c%a8\/\">menuiserie alu \u00e0 Saintes<\/a>. Enfin, pour un am\u00e9nagement int\u00e9rieur complet, n\u2019h\u00e9site pas \u00e0 consulter des conseils pour <a href=\"http:\/\/www.habitat-design.net\/blog\/les-meilleures-solutions-de-rangement-pour-une-maison-bien-organisee\/\">trouver les meilleures solutions de rangement<\/a> compatibles avec l\u2019espace sous escalier.<\/p>\n\n","protected":false},"excerpt":{"rendered":"<p>Dans un int\u00e9rieur restreint, optimiser l&rsquo;espace autour d\u2019un escalier demande des solutions astucieuses qui ne n\u00e9cessitent pas de percer tous les murs. La disposition et les espacements deviennent cl\u00e9s pour installer un escalier pris\u00e9, \u00e9l\u00e9gant et fonctionnel. \u00c0 travers cet article, d\u00e9couvre comment cr\u00e9er une galerie d\u2019escaliers qui allie design innovant, praticit\u00e9 et respect des &#8230; <a title=\"Galerie d\u2019escaliers : disposition et espacements sans percer partout\" class=\"read-more\" href=\"http:\/\/www.habitat-design.net\/blog\/galerie-escaliers-disposition\/\" aria-label=\"En savoir plus sur Galerie d\u2019escaliers : disposition et espacements sans percer partout\">Lire plus<\/a><\/p>\n","protected":false},"author":1,"featured_media":1917,"comment_status":"","ping_status":"","sticky":false,"template":"","format":"standard","meta":{"footnotes":""},"categories":[1],"tags":[668,665,666,664,667],"class_list":["post-1919","post","type-post","status-publish","format-standard","has-post-thumbnail","hentry","category-maison","tag-decoration-sans-percer","tag-disposition-descaliers","tag-espacements-descaliers","tag-galerie-descaliers","tag-installation-sans-percage"],"yoast_head":"<!-- This site is optimized with the Yoast SEO plugin v26.8 - https:\/\/yoast.com\/product\/yoast-seo-wordpress\/ -->\n<title>Galerie d\u2019escaliers : agencement ing\u00e9nieux sans per\u00e7age<\/title>\n<meta name=\"description\" content=\"D\u00e9couvrez comment am\u00e9nager votre galerie d\u2019escaliers avec une disposition optimale et des espacements sans percer partout pour un rendu \u00e9l\u00e9gant et pratique.\" \/>\n<meta name=\"robots\" content=\"index, follow, max-snippet:-1, max-image-preview:large, max-video-preview:-1\" \/>\n<link rel=\"canonical\" href=\"http:\/\/www.habitat-design.net\/blog\/galerie-escaliers-disposition\/\" \/>\n<meta property=\"og:locale\" content=\"fr_FR\" \/>\n<meta property=\"og:type\" content=\"article\" \/>\n<meta property=\"og:title\" content=\"Galerie d\u2019escaliers : agencement ing\u00e9nieux sans per\u00e7age\" \/>\n<meta property=\"og:description\" content=\"D\u00e9couvrez comment am\u00e9nager votre galerie d\u2019escaliers avec une disposition optimale et des espacements sans percer partout pour un rendu \u00e9l\u00e9gant et pratique.\" \/>\n<meta property=\"og:url\" content=\"http:\/\/www.habitat-design.net\/blog\/galerie-escaliers-disposition\/\" \/>\n<meta property=\"article:published_time\" content=\"2025-11-13T06:39:53+00:00\" \/>\n<meta property=\"og:image\" content=\"http:\/\/www.habitat-design.net\/blog\/wp-content\/uploads\/2025\/11\/Galerie-descaliers-disposition-et-espacements-sans-percer-partout.jpg\" \/>\n\t<meta property=\"og:image:width\" content=\"1344\" \/>\n\t<meta property=\"og:image:height\" content=\"768\" \/>\n\t<meta property=\"og:image:type\" content=\"image\/jpeg\" \/>\n<meta name=\"author\" content=\"Julien Laurent\" \/>\n<meta name=\"twitter:card\" content=\"summary_large_image\" \/>\n<meta name=\"twitter:label1\" content=\"\u00c9crit par\" \/>\n\t<meta name=\"twitter:data1\" content=\"Julien Laurent\" \/>\n\t<meta name=\"twitter:label2\" content=\"Dur\u00e9e de lecture estim\u00e9e\" \/>\n\t<meta name=\"twitter:data2\" content=\"4 minutes\" \/>\n<script type=\"application\/ld+json\" class=\"yoast-schema-graph\">{\"@context\":\"https:\/\/schema.org\",\"@graph\":[{\"@type\":\"Article\",\"@id\":\"http:\/\/www.habitat-design.net\/blog\/galerie-escaliers-disposition\/#article\",\"isPartOf\":{\"@id\":\"http:\/\/www.habitat-design.net\/blog\/galerie-escaliers-disposition\/\"},\"author\":{\"name\":\"Julien Laurent\",\"@id\":\"https:\/\/www.habitat-design.net\/blog\/#\/schema\/person\/f81363ecfab7ff0bfb976328793ce2e5\"},\"headline\":\"Galerie d\u2019escaliers : disposition et espacements sans percer partout\",\"datePublished\":\"2025-11-13T06:39:53+00:00\",\"mainEntityOfPage\":{\"@id\":\"http:\/\/www.habitat-design.net\/blog\/galerie-escaliers-disposition\/\"},\"wordCount\":834,\"image\":{\"@id\":\"http:\/\/www.habitat-design.net\/blog\/galerie-escaliers-disposition\/#primaryimage\"},\"thumbnailUrl\":\"http:\/\/www.habitat-design.net\/blog\/wp-content\/uploads\/2025\/11\/Galerie-descaliers-disposition-et-espacements-sans-percer-partout.jpg\",\"keywords\":[\"d\u00e9coration sans percer\",\"disposition d\u2019escaliers\",\"espacements d\u2019escaliers\",\"galerie d\u2019escaliers\",\"installation sans per\u00e7age\"],\"articleSection\":[\"Maison &amp; d\u00e9coration\"],\"inLanguage\":\"fr-FR\"},{\"@type\":\"WebPage\",\"@id\":\"http:\/\/www.habitat-design.net\/blog\/galerie-escaliers-disposition\/\",\"url\":\"http:\/\/www.habitat-design.net\/blog\/galerie-escaliers-disposition\/\",\"name\":\"Galerie d\u2019escaliers : agencement ing\u00e9nieux sans per\u00e7age\",\"isPartOf\":{\"@id\":\"https:\/\/www.habitat-design.net\/blog\/#website\"},\"primaryImageOfPage\":{\"@id\":\"http:\/\/www.habitat-design.net\/blog\/galerie-escaliers-disposition\/#primaryimage\"},\"image\":{\"@id\":\"http:\/\/www.habitat-design.net\/blog\/galerie-escaliers-disposition\/#primaryimage\"},\"thumbnailUrl\":\"http:\/\/www.habitat-design.net\/blog\/wp-content\/uploads\/2025\/11\/Galerie-descaliers-disposition-et-espacements-sans-percer-partout.jpg\",\"datePublished\":\"2025-11-13T06:39:53+00:00\",\"author\":{\"@id\":\"https:\/\/www.habitat-design.net\/blog\/#\/schema\/person\/f81363ecfab7ff0bfb976328793ce2e5\"},\"description\":\"D\u00e9couvrez comment am\u00e9nager votre galerie d\u2019escaliers avec une disposition optimale et des espacements sans percer partout pour un rendu \u00e9l\u00e9gant et pratique.\",\"breadcrumb\":{\"@id\":\"http:\/\/www.habitat-design.net\/blog\/galerie-escaliers-disposition\/#breadcrumb\"},\"inLanguage\":\"fr-FR\",\"potentialAction\":[{\"@type\":\"ReadAction\",\"target\":[\"http:\/\/www.habitat-design.net\/blog\/galerie-escaliers-disposition\/\"]}]},{\"@type\":\"ImageObject\",\"inLanguage\":\"fr-FR\",\"@id\":\"http:\/\/www.habitat-design.net\/blog\/galerie-escaliers-disposition\/#primaryimage\",\"url\":\"http:\/\/www.habitat-design.net\/blog\/wp-content\/uploads\/2025\/11\/Galerie-descaliers-disposition-et-espacements-sans-percer-partout.jpg\",\"contentUrl\":\"http:\/\/www.habitat-design.net\/blog\/wp-content\/uploads\/2025\/11\/Galerie-descaliers-disposition-et-espacements-sans-percer-partout.jpg\",\"width\":1344,\"height\":768,\"caption\":\"d\u00e9couvrez notre galerie d'escaliers avec des conseils pratiques pour une disposition optimale et des espacements adapt\u00e9s, sans percer partout. trouvez l'inspiration pour am\u00e9nager vos escaliers facilement et efficacement.\"},{\"@type\":\"BreadcrumbList\",\"@id\":\"http:\/\/www.habitat-design.net\/blog\/galerie-escaliers-disposition\/#breadcrumb\",\"itemListElement\":[{\"@type\":\"ListItem\",\"position\":1,\"name\":\"Accueil\",\"item\":\"https:\/\/www.habitat-design.net\/blog\/\"},{\"@type\":\"ListItem\",\"position\":2,\"name\":\"Galerie d\u2019escaliers : disposition et espacements sans percer partout\"}]},{\"@type\":\"WebSite\",\"@id\":\"https:\/\/www.habitat-design.net\/blog\/#website\",\"url\":\"https:\/\/www.habitat-design.net\/blog\/\",\"name\":\"\",\"description\":\"\",\"potentialAction\":[{\"@type\":\"SearchAction\",\"target\":{\"@type\":\"EntryPoint\",\"urlTemplate\":\"https:\/\/www.habitat-design.net\/blog\/?s={search_term_string}\"},\"query-input\":{\"@type\":\"PropertyValueSpecification\",\"valueRequired\":true,\"valueName\":\"search_term_string\"}}],\"inLanguage\":\"fr-FR\"},{\"@type\":\"Person\",\"@id\":\"https:\/\/www.habitat-design.net\/blog\/#\/schema\/person\/f81363ecfab7ff0bfb976328793ce2e5\",\"name\":\"Julien Laurent\",\"image\":{\"@type\":\"ImageObject\",\"inLanguage\":\"fr-FR\",\"@id\":\"https:\/\/www.habitat-design.net\/blog\/#\/schema\/person\/image\/\",\"url\":\"https:\/\/secure.gravatar.com\/avatar\/36c5f08b15b2f828b41156cb6e69b449?s=96&d=mm&r=g\",\"contentUrl\":\"https:\/\/secure.gravatar.com\/avatar\/36c5f08b15b2f828b41156cb6e69b449?s=96&d=mm&r=g\",\"caption\":\"Julien Laurent\"},\"description\":\"Julien Laurent est un blogueur passionn\u00e9 par le domaine de la d\u00e9coration int\u00e9rieure et du design. Avec un dipl\u00f4me en design d'int\u00e9rieur et plusieurs ann\u00e9es d'exp\u00e9rience en tant que d\u00e9corateur, il partage des conseils pratiques pour embellir et optimiser les espaces de vie. Ses articles inspirants et informatifs visent \u00e0 aider ses lecteurs \u00e0 cr\u00e9er des int\u00e9rieurs harmonieux et esth\u00e9tiques, refl\u00e9tant leur personnalit\u00e9 et leur style.\",\"sameAs\":[\"http:\/\/www.habitat-design.net\/blog\"],\"url\":\"http:\/\/www.habitat-design.net\/blog\/author\/contacthabitat-design-net\/\"}]}<\/script>\n<!-- \/ Yoast SEO plugin. -->","yoast_head_json":{"title":"Galerie d\u2019escaliers : agencement ing\u00e9nieux sans per\u00e7age","description":"D\u00e9couvrez comment am\u00e9nager votre galerie d\u2019escaliers avec une disposition optimale et des espacements sans percer partout pour un rendu \u00e9l\u00e9gant et pratique.","robots":{"index":"index","follow":"follow","max-snippet":"max-snippet:-1","max-image-preview":"max-image-preview:large","max-video-preview":"max-video-preview:-1"},"canonical":"http:\/\/www.habitat-design.net\/blog\/galerie-escaliers-disposition\/","og_locale":"fr_FR","og_type":"article","og_title":"Galerie d\u2019escaliers : agencement ing\u00e9nieux sans per\u00e7age","og_description":"D\u00e9couvrez comment am\u00e9nager votre galerie d\u2019escaliers avec une disposition optimale et des espacements sans percer partout pour un rendu \u00e9l\u00e9gant et pratique.","og_url":"http:\/\/www.habitat-design.net\/blog\/galerie-escaliers-disposition\/","article_published_time":"2025-11-13T06:39:53+00:00","og_image":[{"width":1344,"height":768,"url":"http:\/\/www.habitat-design.net\/blog\/wp-content\/uploads\/2025\/11\/Galerie-descaliers-disposition-et-espacements-sans-percer-partout.jpg","type":"image\/jpeg"}],"author":"Julien Laurent","twitter_card":"summary_large_image","twitter_misc":{"\u00c9crit par":"Julien Laurent","Dur\u00e9e de lecture estim\u00e9e":"4 minutes"},"schema":{"@context":"https:\/\/schema.org","@graph":[{"@type":"Article","@id":"http:\/\/www.habitat-design.net\/blog\/galerie-escaliers-disposition\/#article","isPartOf":{"@id":"http:\/\/www.habitat-design.net\/blog\/galerie-escaliers-disposition\/"},"author":{"name":"Julien Laurent","@id":"https:\/\/www.habitat-design.net\/blog\/#\/schema\/person\/f81363ecfab7ff0bfb976328793ce2e5"},"headline":"Galerie d\u2019escaliers : disposition et espacements sans percer partout","datePublished":"2025-11-13T06:39:53+00:00","mainEntityOfPage":{"@id":"http:\/\/www.habitat-design.net\/blog\/galerie-escaliers-disposition\/"},"wordCount":834,"image":{"@id":"http:\/\/www.habitat-design.net\/blog\/galerie-escaliers-disposition\/#primaryimage"},"thumbnailUrl":"http:\/\/www.habitat-design.net\/blog\/wp-content\/uploads\/2025\/11\/Galerie-descaliers-disposition-et-espacements-sans-percer-partout.jpg","keywords":["d\u00e9coration sans percer","disposition d\u2019escaliers","espacements d\u2019escaliers","galerie d\u2019escaliers","installation sans per\u00e7age"],"articleSection":["Maison &amp; d\u00e9coration"],"inLanguage":"fr-FR"},{"@type":"WebPage","@id":"http:\/\/www.habitat-design.net\/blog\/galerie-escaliers-disposition\/","url":"http:\/\/www.habitat-design.net\/blog\/galerie-escaliers-disposition\/","name":"Galerie d\u2019escaliers : agencement ing\u00e9nieux sans per\u00e7age","isPartOf":{"@id":"https:\/\/www.habitat-design.net\/blog\/#website"},"primaryImageOfPage":{"@id":"http:\/\/www.habitat-design.net\/blog\/galerie-escaliers-disposition\/#primaryimage"},"image":{"@id":"http:\/\/www.habitat-design.net\/blog\/galerie-escaliers-disposition\/#primaryimage"},"thumbnailUrl":"http:\/\/www.habitat-design.net\/blog\/wp-content\/uploads\/2025\/11\/Galerie-descaliers-disposition-et-espacements-sans-percer-partout.jpg","datePublished":"2025-11-13T06:39:53+00:00","author":{"@id":"https:\/\/www.habitat-design.net\/blog\/#\/schema\/person\/f81363ecfab7ff0bfb976328793ce2e5"},"description":"D\u00e9couvrez comment am\u00e9nager votre galerie d\u2019escaliers avec une disposition optimale et des espacements sans percer partout pour un rendu \u00e9l\u00e9gant et pratique.","breadcrumb":{"@id":"http:\/\/www.habitat-design.net\/blog\/galerie-escaliers-disposition\/#breadcrumb"},"inLanguage":"fr-FR","potentialAction":[{"@type":"ReadAction","target":["http:\/\/www.habitat-design.net\/blog\/galerie-escaliers-disposition\/"]}]},{"@type":"ImageObject","inLanguage":"fr-FR","@id":"http:\/\/www.habitat-design.net\/blog\/galerie-escaliers-disposition\/#primaryimage","url":"http:\/\/www.habitat-design.net\/blog\/wp-content\/uploads\/2025\/11\/Galerie-descaliers-disposition-et-espacements-sans-percer-partout.jpg","contentUrl":"http:\/\/www.habitat-design.net\/blog\/wp-content\/uploads\/2025\/11\/Galerie-descaliers-disposition-et-espacements-sans-percer-partout.jpg","width":1344,"height":768,"caption":"d\u00e9couvrez notre galerie d'escaliers avec des conseils pratiques pour une disposition optimale et des espacements adapt\u00e9s, sans percer partout. trouvez l'inspiration pour am\u00e9nager vos escaliers facilement et efficacement."},{"@type":"BreadcrumbList","@id":"http:\/\/www.habitat-design.net\/blog\/galerie-escaliers-disposition\/#breadcrumb","itemListElement":[{"@type":"ListItem","position":1,"name":"Accueil","item":"https:\/\/www.habitat-design.net\/blog\/"},{"@type":"ListItem","position":2,"name":"Galerie d\u2019escaliers : disposition et espacements sans percer partout"}]},{"@type":"WebSite","@id":"https:\/\/www.habitat-design.net\/blog\/#website","url":"https:\/\/www.habitat-design.net\/blog\/","name":"","description":"","potentialAction":[{"@type":"SearchAction","target":{"@type":"EntryPoint","urlTemplate":"https:\/\/www.habitat-design.net\/blog\/?s={search_term_string}"},"query-input":{"@type":"PropertyValueSpecification","valueRequired":true,"valueName":"search_term_string"}}],"inLanguage":"fr-FR"},{"@type":"Person","@id":"https:\/\/www.habitat-design.net\/blog\/#\/schema\/person\/f81363ecfab7ff0bfb976328793ce2e5","name":"Julien Laurent","image":{"@type":"ImageObject","inLanguage":"fr-FR","@id":"https:\/\/www.habitat-design.net\/blog\/#\/schema\/person\/image\/","url":"https:\/\/secure.gravatar.com\/avatar\/36c5f08b15b2f828b41156cb6e69b449?s=96&d=mm&r=g","contentUrl":"https:\/\/secure.gravatar.com\/avatar\/36c5f08b15b2f828b41156cb6e69b449?s=96&d=mm&r=g","caption":"Julien Laurent"},"description":"Julien Laurent est un blogueur passionn\u00e9 par le domaine de la d\u00e9coration int\u00e9rieure et du design. Avec un dipl\u00f4me en design d'int\u00e9rieur et plusieurs ann\u00e9es d'exp\u00e9rience en tant que d\u00e9corateur, il partage des conseils pratiques pour embellir et optimiser les espaces de vie. Ses articles inspirants et informatifs visent \u00e0 aider ses lecteurs \u00e0 cr\u00e9er des int\u00e9rieurs harmonieux et esth\u00e9tiques, refl\u00e9tant leur personnalit\u00e9 et leur style.","sameAs":["http:\/\/www.habitat-design.net\/blog"],"url":"http:\/\/www.habitat-design.net\/blog\/author\/contacthabitat-design-net\/"}]}},"views":8,"_links":{"self":[{"href":"http:\/\/www.habitat-design.net\/blog\/wp-json\/wp\/v2\/posts\/1919","targetHints":{"allow":["GET"]}}],"collection":[{"href":"http:\/\/www.habitat-design.net\/blog\/wp-json\/wp\/v2\/posts"}],"about":[{"href":"http:\/\/www.habitat-design.net\/blog\/wp-json\/wp\/v2\/types\/post"}],"author":[{"embeddable":true,"href":"http:\/\/www.habitat-design.net\/blog\/wp-json\/wp\/v2\/users\/1"}],"replies":[{"embeddable":true,"href":"http:\/\/www.habitat-design.net\/blog\/wp-json\/wp\/v2\/comments?post=1919"}],"version-history":[{"count":0,"href":"http:\/\/www.habitat-design.net\/blog\/wp-json\/wp\/v2\/posts\/1919\/revisions"}],"wp:featuredmedia":[{"embeddable":true,"href":"http:\/\/www.habitat-design.net\/blog\/wp-json\/wp\/v2\/media\/1917"}],"wp:attachment":[{"href":"http:\/\/www.habitat-design.net\/blog\/wp-json\/wp\/v2\/media?parent=1919"}],"wp:term":[{"taxonomy":"category","embeddable":true,"href":"http:\/\/www.habitat-design.net\/blog\/wp-json\/wp\/v2\/categories?post=1919"},{"taxonomy":"post_tag","embeddable":true,"href":"http:\/\/www.habitat-design.net\/blog\/wp-json\/wp\/v2\/tags?post=1919"}],"curies":[{"name":"wp","href":"https:\/\/api.w.org\/{rel}","templated":true}]}}