
{"id":1482,"date":"2025-05-15T09:02:26","date_gmt":"2025-05-15T07:02:26","guid":{"rendered":"http:\/\/www.habitat-design.net\/blog\/chute-activite-meubles-decoration-2025\/"},"modified":"2025-05-15T09:02:26","modified_gmt":"2025-05-15T07:02:26","slug":"chute-activite-meubles-decoration-2025","status":"publish","type":"post","link":"http:\/\/www.habitat-design.net\/blog\/chute-activite-meubles-decoration-2025\/","title":{"rendered":"Maisons du Monde : une chute significative de l&rsquo;activit\u00e9 meubles et d\u00e9coration au premier trimestre 2025"},"content":{"rendered":"<p>Les temps sont durs pour l&rsquo;enseigne Maisons du Monde, qui est au c\u0153ur d&rsquo;une temp\u00eate \u00e9conomique. En plein premier trimestre de 2025, l&rsquo;entreprise sp\u00e9cialis\u00e9e dans l&rsquo;ameublement et la d\u00e9coration doit faire face \u00e0 une chute significative de son activit\u00e9. Dans un contexte \u00e9conomique difficile o\u00f9 les consommateurs sont de plus en plus m\u00e9fiants, la marque observe des r\u00e9sultats alarmants. Ainsi, il devient urgent de d\u00e9chiffrer les raisons derri\u00e8re ce d\u00e9clin et les perspectives d&rsquo;avenir pour cette entreprise embl\u00e9matique du paysage fran\u00e7ais.<\/p>\n\n<ul class=\"wp-block-list\"><li>La chute des ventes : un constat amer<\/li><li>Les chiffres alarmants de Maisons du Monde<\/li><li>Le contexte \u00e9conomique et ses impacts<\/li><li>Les comparaisons avec les concurrents : IKEA, Conforama et autres<\/li><li>Les strat\u00e9gies d&rsquo;adaptation de l&rsquo;enseigne<\/li><\/ul>\n\n<h2 class=\"wp-block-heading\">La chute des ventes : un constat amer<\/h2>\n\n<p>C&rsquo;est un fait, il n&rsquo;y a pas plus amer qu&rsquo;un bilan financier qui fait grincer des dents. Au premier trimestre 2025, Maisons du Monde a enregistr\u00e9 une baisse de <strong>10,9 %<\/strong> de ses ventes par rapport \u00e0 l&rsquo;ann\u00e9e pr\u00e9c\u00e9dente. Un coup dur qui ne laisse pas indiff\u00e9rent dans l&rsquo;univers de l&rsquo;ameublement. Les chiffres ne mentent pas mais ils sont souvent un reflet des comportements des consommateurs. De plus, le fondateur de la marque peut se permettre de s&rsquo;interroger : o\u00f9 sont pass\u00e9s les consommateurs ? On se souvient des rayons achaland\u00e9s lors des p\u00e9riodes de soldes, mais aujourd&rsquo;hui, l&rsquo;ambiance est plut\u00f4t morose.<\/p>\n\n<p>Pour remettre les pendules \u00e0 l\u2019heure, il convient d\u2019interroger les causes profondes de cette chute. La tendance actuelle vers un mode de consommation plus responsable et minimaliste n\u2019aide que tr\u00e8s peu. Les consommateurs cherchent des solutions plus durables et moins co\u00fbteuses. Quand on voit les offres promotionnelles d&rsquo;enseigne comme <strong>IKEA<\/strong> qui s&rsquo;int\u00e8grent parfaitement dans cette nouvelle vision d&rsquo;achat \u00e9coresponsable, il est urgent que Maisons du Monde s&rsquo;adapte. Compar\u00e9 \u00e0 ses rivaux tels que <strong>Alin\u00e9a<\/strong>, <strong>G\u00e9mo<\/strong>, ou m\u00eame <strong>Fly<\/strong>, la marque fran\u00e7aise doit innover pour s\u00e9duire de nouveau son public.<\/p>\n\n<h3 class=\"wp-block-heading\">Les chiffres alarmants de Maisons du Monde<\/h3>\n\n<p>Quand les chiffres parlent d&rsquo;eux-m\u00eames, il est difficile de faire la sourde oreille. Maisons du Monde a vu son <strong>chiffre d&rsquo;affaires<\/strong> s&rsquo;effondrer \u00e0 <strong>221,4 millions d&rsquo;euros<\/strong>. Ce n&rsquo;est pas juste une simple baisse, c&rsquo;est un <strong>collapsus<\/strong> des ventes qui se fait ressentir non seulement dans les vitrines mais \u00e9galement dans les \u00e9tats financiers de l&rsquo;entreprise. Pour donner un peu plus de contexte, on peut \u00e9tablir un tableau r\u00e9capitulatif des performances de l&rsquo;enseigne comparativement aux ann\u00e9es pr\u00e9c\u00e9dentes :<\/p>\n\n<figure class=\"wp-block-table\"><table>\n<thead>\n<tr>\n<th>Ann\u00e9e<\/th>\n<th>Chiffre d&rsquo;affaires (en Millions \u20ac)<\/th>\n<th>Variation par rapport \u00e0 l&rsquo;ann\u00e9e pr\u00e9c\u00e9dente<\/th>\n<\/tr>\n<\/thead>\n<tbody>\n<tr>\n<td>2021<\/td>\n<td>1,2 milliards<\/td>\n<td>+5%<\/td>\n<\/tr>\n<tr>\n<td>2022<\/td>\n<td>1,1 milliards<\/td>\n<td>-8,3%<\/td>\n<\/tr>\n<tr>\n<td>2023<\/td>\n<td>1 milliard<\/td>\n<td>-9,1%<\/td>\n<\/tr>\n<tr>\n<td>2025 (T1)<\/td>\n<td>221,4 millions<\/td>\n<td>-10,9%<\/td>\n<\/tr>\n<\/tbody>\n<\/table><\/figure>\n\n<p>Comme on peut le voir, la tendance est clairement \u00e0 la baisse. Cela devrait inciter la direction \u00e0 envisager des mesures radicales, pour inverser la courbe. Les clients veulent des produits adapt\u00e9s \u00e0 leurs besoins, tendances et surtout accessibles. En simplifiant le parcours d&rsquo;achat, Maisons du Monde doit transformer cette crise en opportunit\u00e9.<\/p>\n\n<h2 class=\"wp-block-heading\">Le contexte \u00e9conomique et ses impacts<\/h2>\n\n<p>Le climat macro-\u00e9conomique affecte tout un chacun, et Maisons du Monde n\u2019est pas en reste. Le ralentissement \u00e9conomique en France exacerbe la r\u00e9sistance \u00e0 l&rsquo;achat d&rsquo;articles non essentiels comme les meubles et objets de d\u00e9coration. La confiance des consommateurs, d&rsquo;une mani\u00e8re g\u00e9n\u00e9rale, semble disparue, et cela se traduit par des habitudes d&rsquo;achat de plus en plus prudentes. Les acteurs du secteur doivent faire face \u00e0 un <strong>contexte politique instable<\/strong> qui n\u2019arrange rien. Chaque jour, les enjeux \u00e9conomiques prennent davantage de place dans les discussions au caf\u00e9 et dans les salons.<\/p>\n\n<p>Loin de favoriser l&rsquo;optimisme, cette instabilit\u00e9 a des r\u00e9percussions directes sur le pouvoir d&rsquo;achat des m\u00e9nages. \u00c0 cela s&rsquo;ajoute une inflation galopante qui p\u00e8se lourd sur les budgets des Fran\u00e7ais. Au lieu de prendre le temps de red\u00e9corer leur int\u00e9rieur avec des produits de Maisons du Monde, beaucoup choisissent de se recentrer sur l&rsquo;essentiel. En effet, qui aurait os\u00e9 penser qu&rsquo;un *canap\u00e9* ou une *\u00e9tag\u00e8re* pouvaient devenir des luxes dans ce contexte ?<\/p>\n\n<p>Dans un tableau simplifi\u00e9 sur les perceptions des consommateurs, on peut \u00e9tablir quelques donn\u00e9es cl\u00e9s :<\/p>\n\n<figure class=\"wp-block-table\"><table>\n<thead>\n<tr>\n<th>\u00c9l\u00e9ment<\/th>\n<th>Impact sur l&rsquo;achat<\/th>\n<\/tr>\n<\/thead>\n<tbody>\n<tr>\n<td>Confiance des consommateurs<\/td>\n<td>Baisse significative<\/td>\n<\/tr>\n<tr>\n<td>Inflation<\/td>\n<td>R\u00e9duction du pouvoir d&rsquo;achat<\/td>\n<\/tr>\n<tr>\n<td>Stabilit\u00e9 politique<\/td>\n<td>Incertitude \u00e9conomique augment\u00e9e<\/td>\n<\/tr>\n<\/tbody>\n<\/table><\/figure>\n\n<p>Face \u00e0 ce tableau alarmant, il est fort probable que d&rsquo;autres acteurs du secteur, comme <strong>BHV<\/strong> ou <strong>La Redoute Int\u00e9rieurs<\/strong>, rencontrent \u00e9galement de s\u00e9rieuses difficult\u00e9s. Si Maisons du Monde ne fait pas preuve d&rsquo;agilit\u00e9 et d&rsquo;innovation, le risque d&rsquo;une perte de visibilit\u00e9 est fort.<\/p>\n\n<h2 class=\"wp-block-heading\">Les comparaisons avec les concurrents : IKEA, Conforama et autres<\/h2>\n\n<p>En mati\u00e8re de meubles et de d\u00e9coration, il est toujours int\u00e9ressant de jeter un \u0153il du c\u00f4t\u00e9 de la concurrence, car elle peut offrir d&rsquo;excellentes occasions de s&rsquo;am\u00e9liorer. Par exemple, des enseignes comme <strong>IKEA<\/strong> et <strong>Conforama<\/strong> ont su tirer leur \u00e9pingle du jeu dans un march\u00e9 en d\u00e9clin, en faisant preuve d&rsquo;innovation constante, de service client irr\u00e9prochable et de communication efficace. Qui aurait cru qu&rsquo;un simple d\u00e9montage de meuble pourrait devenir un \u00e9v\u00e9nement festif ? IKEA a su cr\u00e9er cet engouement autour de son concept, \u00e0 tel point que m\u00eame monter un meuble devient une exp\u00e9rience (et pas seulement un tourment !).<\/p>\n\n<p>Ce qu\u2019il faut comprendre, c\u2019est que la concurrence ne reste pas les bras crois\u00e9s. Voici quelques \u00e9l\u00e9ments sur les strat\u00e9gies adopt\u00e9es par ces enseignes :<\/p>\n\n<ul class=\"wp-block-list\"><li><strong>IKEA<\/strong> : Offre de promotions agressives et adaptation rapide des gammes selon les tendances du march\u00e9. \ud83d\udecb\ufe0f<\/li><li><strong>Conforama<\/strong> : Amplification de la communication digitale, rendant l&rsquo;achat en ligne plus accessible. \ud83d\udcf1<\/li><li><strong>Alin\u00e9a<\/strong> : Mise en avant de l&rsquo;authenticit\u00e9 et de la durabilit\u00e9 des produits. \ud83c\udf31<\/li><\/ul>\n\n<p>Il semble donc primordial que Maisons du Monde revoit son plan d&rsquo;action et cela, rapidement ! Observer les pratiques de concurrence pourrait signifier le tournant qu\u2019il lui faut pour \u00e9vincer ce d\u00e9clin. Les centres de distribution doivent \u00eatre modernis\u00e9s, tandis que l\u2019int\u00e9gration en ligne pourrait bien \u00eatre le souffle d&rsquo;air frais dont elle a besoin. Mais que fait Maisons du Monde pendant ce temps ?<\/p>\n\n<h2 class=\"wp-block-heading\">Les strat\u00e9gies d&rsquo;adaptation de l&rsquo;enseigne<\/h2>\n\n<p>Face \u00e0 ces d\u00e9fis, Maisons du Monde n\u2019a pas dit son dernier mot. Comme un phoenix renaissant de ses cendres, elle commence \u00e0 mettre en place des strat\u00e9gies de renouvellement. Il s&rsquo;agit de passer \u00e0 l&rsquo;action d\u00e8s maintenant avant que le navire ne coule d\u00e9finitivement. Derni\u00e8rement, la marque a lanc\u00e9 plusieurs initiatives pour essayer de r\u00e9pondre \u00e0 ces enjeux de vente et de confiance client.<\/p>\n\n<h3 class=\"wp-block-heading\">Innovation produit<\/h3>\n\n<p>La premi\u00e8re \u00e9tape d&rsquo;un renouveau est souvent l&rsquo;innovation produit. Maisons du Monde s&rsquo;int\u00e9resse de plus en plus aux mati\u00e8res \u00e9cologiques et durables. Le vent de la responsabilit\u00e9 soci\u00e9tale se l\u00e8ve, et la marque commence \u00e0 s&rsquo;adapter. Produire des meubles qui ne soient pas seulement esth\u00e9tiques, mais aussi respectueux de l&rsquo;environnement pourrait bien redonner un coup de fouet \u00e0 l&rsquo;image de l&rsquo;enseigne. Consid\u00e9rer qu&rsquo;un meuble doit \u00e0 la fois s\u00e9duire et <strong>responsabiliser<\/strong> est un pas dans la bonne direction.<\/p>\n\n<h3 class=\"wp-block-heading\">Renforcement de la pr\u00e9sence digitale<\/h3>\n\n<p>La transition num\u00e9rique est aussi au c\u0153ur des pr\u00e9occupations. Maisons du Monde investit dans des campagnes digitales pour capter l&rsquo;attention de la g\u00e9n\u00e9ration Z et des mill\u00e9niaux. La mise en place d&rsquo;applications de r\u00e9alit\u00e9 augment\u00e9e pour visualiser les meubles \u00e0 domicile avant l&rsquo;achat est un projet qui pourrait totalement changer la donne. Imagine un canap\u00e9 \ud83d\udc56 qui s&rsquo;affiche directement dans ton salon sans que tu aies \u00e0 te d\u00e9placer !<\/p>\n\n<h3 class=\"wp-block-heading\">\u00c9v\u00e9nements au point de vente<\/h3>\n\n<p>Organiser des \u00e9v\u00e9nements et des ateliers dans ses magasins pourrait aussi raviver l&rsquo;int\u00e9r\u00eat pour la marque. Pourquoi ne pas inviter les clients \u00e0 cr\u00e9er leur propre d\u00e9cor en magasin, avec des produits Maisons du Monde ? Si tu penses que le <strong>DIY<\/strong> (Do It Yourself) pourrait cr\u00e9er davantage d&rsquo;engagement, tu n&rsquo;as pas tort. Cela cr\u00e9e une dynamique, et le client se sent impliqu\u00e9 !<\/p>\n\n<h2 class=\"wp-block-heading\">FAQ<\/h2>\n\n<p><dl>\n<dt>Quel est le principal concurrent de Maisons du Monde ?<\/dt>\n<dd>IKEA reste le principal concurrent, offrant des prix attractifs et une grande vari\u00e9t\u00e9 de produits.<\/dd>\n<dt>Quelles sont les cons\u00e9quences du contexte \u00e9conomique sur l&rsquo;achat de meubles ?<\/dt>\n<dd>Le ralentissement \u00e9conomique a entra\u00een\u00e9 une r\u00e9duction du pouvoir d&rsquo;achat des consommateurs, ce qui limite leurs d\u00e9penses dans le secteur des meubles.<\/dd>\n<dt>Maisons du Monde a-t-il des strat\u00e9gies pour s&rsquo;adapter \u00e0 cette situation ?<\/dt>\n<dd>Oui, l&rsquo;entreprise se concentre sur l&rsquo;innovation produit et le renforcement de sa pr\u00e9sence en ligne.<\/dd>\n<dt>Comment Maisons du Monde se compare-t-il avec des marques comme Conforama et Alin\u00e9a ?<\/dt>\n<dd>Ces marques ont r\u00e9ussi \u00e0 s\u2019adapter en innovant davantage et en am\u00e9liorant leur communication avec les clients.<\/dd>\n<dt>Est-ce que la durabilit\u00e9 est une priorit\u00e9 pour Maisons du Monde ?<\/dt>\n<dd>Oui, la marque int\u00e8gre de plus en plus de mat\u00e9riaux durables et \u00e9cologiques dans sa production.<\/dd>\n<\/dl><\/p>\n\n","protected":false},"excerpt":{"rendered":"<p>Les temps sont durs pour l&rsquo;enseigne Maisons du Monde, qui est au c\u0153ur d&rsquo;une temp\u00eate \u00e9conomique. En plein premier trimestre de 2025, l&rsquo;entreprise sp\u00e9cialis\u00e9e dans l&rsquo;ameublement et la d\u00e9coration doit faire face \u00e0 une chute significative de son activit\u00e9. Dans un contexte \u00e9conomique difficile o\u00f9 les consommateurs sont de plus en plus m\u00e9fiants, la marque &#8230; <a title=\"Maisons du Monde : une chute significative de l&rsquo;activit\u00e9 meubles et d\u00e9coration au premier trimestre 2025\" class=\"read-more\" href=\"http:\/\/www.habitat-design.net\/blog\/chute-activite-meubles-decoration-2025\/\" aria-label=\"En savoir plus sur Maisons du Monde : une chute significative de l&rsquo;activit\u00e9 meubles et d\u00e9coration au premier trimestre 2025\">Lire plus<\/a><\/p>\n","protected":false},"author":1,"featured_media":1481,"comment_status":"","ping_status":"","sticky":false,"template":"","format":"standard","meta":{"footnotes":""},"categories":[1],"tags":[236,235,55,132,118],"class_list":["post-1482","post","type-post","status-publish","format-standard","has-post-thumbnail","hentry","category-maison","tag-activite","tag-chute-significative","tag-decoration","tag-maisons-du-monde","tag-meubles"],"yoast_head":"<!-- This site is optimized with the Yoast SEO plugin v26.8 - https:\/\/yoast.com\/product\/yoast-seo-wordpress\/ -->\n<title>Maisons du Monde : plongeon dans l&#039;univers meubles et d\u00e9co au T1 2025<\/title>\n<meta name=\"description\" content=\"D\u00e9couvrez comment Maisons du Monde a connu une chute significative de son activit\u00e9 meubles et d\u00e9coration au premier trimestre 2025. Analyse des facteurs \u00e9conomiques, des tendances du march\u00e9 et des impacts sur la strat\u00e9gie de l&#039;entreprise. Restez inform\u00e9 des derni\u00e8res actualit\u00e9s et insights du secteur de l&#039;ameublement.\" \/>\n<meta name=\"robots\" content=\"index, follow, max-snippet:-1, max-image-preview:large, max-video-preview:-1\" \/>\n<link rel=\"canonical\" href=\"http:\/\/www.habitat-design.net\/blog\/chute-activite-meubles-decoration-2025\/\" \/>\n<meta property=\"og:locale\" content=\"fr_FR\" \/>\n<meta property=\"og:type\" content=\"article\" \/>\n<meta property=\"og:title\" content=\"Maisons du Monde : plongeon dans l&#039;univers meubles et d\u00e9co au T1 2025\" \/>\n<meta property=\"og:description\" content=\"D\u00e9couvrez comment Maisons du Monde a connu une chute significative de son activit\u00e9 meubles et d\u00e9coration au premier trimestre 2025. Analyse des facteurs \u00e9conomiques, des tendances du march\u00e9 et des impacts sur la strat\u00e9gie de l&#039;entreprise. Restez inform\u00e9 des derni\u00e8res actualit\u00e9s et insights du secteur de l&#039;ameublement.\" \/>\n<meta property=\"og:url\" content=\"http:\/\/www.habitat-design.net\/blog\/chute-activite-meubles-decoration-2025\/\" \/>\n<meta property=\"article:published_time\" content=\"2025-05-15T07:02:26+00:00\" \/>\n<meta property=\"og:image\" content=\"http:\/\/www.habitat-design.net\/blog\/wp-content\/uploads\/2025\/05\/Maisons-du-Monde-une-chute-significative-de-lactivite-meubles-et-decoration-au-premier-trimestre-2025.jpg\" \/>\n\t<meta property=\"og:image:width\" content=\"1344\" \/>\n\t<meta property=\"og:image:height\" content=\"768\" \/>\n\t<meta property=\"og:image:type\" content=\"image\/jpeg\" \/>\n<meta name=\"author\" content=\"Julien Laurent\" \/>\n<meta name=\"twitter:card\" content=\"summary_large_image\" \/>\n<meta name=\"twitter:label1\" content=\"\u00c9crit par\" \/>\n\t<meta name=\"twitter:data1\" content=\"Julien Laurent\" \/>\n\t<meta name=\"twitter:label2\" content=\"Dur\u00e9e de lecture estim\u00e9e\" \/>\n\t<meta name=\"twitter:data2\" content=\"7 minutes\" \/>\n<script type=\"application\/ld+json\" class=\"yoast-schema-graph\">{\"@context\":\"https:\/\/schema.org\",\"@graph\":[{\"@type\":\"Article\",\"@id\":\"http:\/\/www.habitat-design.net\/blog\/chute-activite-meubles-decoration-2025\/#article\",\"isPartOf\":{\"@id\":\"http:\/\/www.habitat-design.net\/blog\/chute-activite-meubles-decoration-2025\/\"},\"author\":{\"name\":\"Julien Laurent\",\"@id\":\"https:\/\/www.habitat-design.net\/blog\/#\/schema\/person\/f81363ecfab7ff0bfb976328793ce2e5\"},\"headline\":\"Maisons du Monde : une chute significative de l&rsquo;activit\u00e9 meubles et d\u00e9coration au premier trimestre 2025\",\"datePublished\":\"2025-05-15T07:02:26+00:00\",\"mainEntityOfPage\":{\"@id\":\"http:\/\/www.habitat-design.net\/blog\/chute-activite-meubles-decoration-2025\/\"},\"wordCount\":1498,\"image\":{\"@id\":\"http:\/\/www.habitat-design.net\/blog\/chute-activite-meubles-decoration-2025\/#primaryimage\"},\"thumbnailUrl\":\"http:\/\/www.habitat-design.net\/blog\/wp-content\/uploads\/2025\/05\/Maisons-du-Monde-une-chute-significative-de-lactivite-meubles-et-decoration-au-premier-trimestre-2025.jpg\",\"keywords\":[\"activit\u00e9\",\"chute significative\",\"d\u00e9coration\",\"maisons du monde\",\"meubles\"],\"articleSection\":[\"Maison &amp; d\u00e9coration\"],\"inLanguage\":\"fr-FR\"},{\"@type\":\"WebPage\",\"@id\":\"http:\/\/www.habitat-design.net\/blog\/chute-activite-meubles-decoration-2025\/\",\"url\":\"http:\/\/www.habitat-design.net\/blog\/chute-activite-meubles-decoration-2025\/\",\"name\":\"Maisons du Monde : plongeon dans l'univers meubles et d\u00e9co au T1 2025\",\"isPartOf\":{\"@id\":\"https:\/\/www.habitat-design.net\/blog\/#website\"},\"primaryImageOfPage\":{\"@id\":\"http:\/\/www.habitat-design.net\/blog\/chute-activite-meubles-decoration-2025\/#primaryimage\"},\"image\":{\"@id\":\"http:\/\/www.habitat-design.net\/blog\/chute-activite-meubles-decoration-2025\/#primaryimage\"},\"thumbnailUrl\":\"http:\/\/www.habitat-design.net\/blog\/wp-content\/uploads\/2025\/05\/Maisons-du-Monde-une-chute-significative-de-lactivite-meubles-et-decoration-au-premier-trimestre-2025.jpg\",\"datePublished\":\"2025-05-15T07:02:26+00:00\",\"author\":{\"@id\":\"https:\/\/www.habitat-design.net\/blog\/#\/schema\/person\/f81363ecfab7ff0bfb976328793ce2e5\"},\"description\":\"D\u00e9couvrez comment Maisons du Monde a connu une chute significative de son activit\u00e9 meubles et d\u00e9coration au premier trimestre 2025. Analyse des facteurs \u00e9conomiques, des tendances du march\u00e9 et des impacts sur la strat\u00e9gie de l'entreprise. Restez inform\u00e9 des derni\u00e8res actualit\u00e9s et insights du secteur de l'ameublement.\",\"breadcrumb\":{\"@id\":\"http:\/\/www.habitat-design.net\/blog\/chute-activite-meubles-decoration-2025\/#breadcrumb\"},\"inLanguage\":\"fr-FR\",\"potentialAction\":[{\"@type\":\"ReadAction\",\"target\":[\"http:\/\/www.habitat-design.net\/blog\/chute-activite-meubles-decoration-2025\/\"]}]},{\"@type\":\"ImageObject\",\"inLanguage\":\"fr-FR\",\"@id\":\"http:\/\/www.habitat-design.net\/blog\/chute-activite-meubles-decoration-2025\/#primaryimage\",\"url\":\"http:\/\/www.habitat-design.net\/blog\/wp-content\/uploads\/2025\/05\/Maisons-du-Monde-une-chute-significative-de-lactivite-meubles-et-decoration-au-premier-trimestre-2025.jpg\",\"contentUrl\":\"http:\/\/www.habitat-design.net\/blog\/wp-content\/uploads\/2025\/05\/Maisons-du-Monde-une-chute-significative-de-lactivite-meubles-et-decoration-au-premier-trimestre-2025.jpg\",\"width\":1344,\"height\":768,\"caption\":\"d\u00e9couvrez les derni\u00e8res tendances de l'ameublement avec maisons du monde, qui annonce une chute significative de son activit\u00e9 meubles et d\u00e9coration au premier trimestre 2025. analyse des impacts et perspectives pour le march\u00e9 !\"},{\"@type\":\"BreadcrumbList\",\"@id\":\"http:\/\/www.habitat-design.net\/blog\/chute-activite-meubles-decoration-2025\/#breadcrumb\",\"itemListElement\":[{\"@type\":\"ListItem\",\"position\":1,\"name\":\"Accueil\",\"item\":\"https:\/\/www.habitat-design.net\/blog\/\"},{\"@type\":\"ListItem\",\"position\":2,\"name\":\"Maisons du Monde : une chute significative de l&rsquo;activit\u00e9 meubles et d\u00e9coration au premier trimestre 2025\"}]},{\"@type\":\"WebSite\",\"@id\":\"https:\/\/www.habitat-design.net\/blog\/#website\",\"url\":\"https:\/\/www.habitat-design.net\/blog\/\",\"name\":\"\",\"description\":\"\",\"potentialAction\":[{\"@type\":\"SearchAction\",\"target\":{\"@type\":\"EntryPoint\",\"urlTemplate\":\"https:\/\/www.habitat-design.net\/blog\/?s={search_term_string}\"},\"query-input\":{\"@type\":\"PropertyValueSpecification\",\"valueRequired\":true,\"valueName\":\"search_term_string\"}}],\"inLanguage\":\"fr-FR\"},{\"@type\":\"Person\",\"@id\":\"https:\/\/www.habitat-design.net\/blog\/#\/schema\/person\/f81363ecfab7ff0bfb976328793ce2e5\",\"name\":\"Julien Laurent\",\"image\":{\"@type\":\"ImageObject\",\"inLanguage\":\"fr-FR\",\"@id\":\"https:\/\/www.habitat-design.net\/blog\/#\/schema\/person\/image\/\",\"url\":\"https:\/\/secure.gravatar.com\/avatar\/36c5f08b15b2f828b41156cb6e69b449?s=96&d=mm&r=g\",\"contentUrl\":\"https:\/\/secure.gravatar.com\/avatar\/36c5f08b15b2f828b41156cb6e69b449?s=96&d=mm&r=g\",\"caption\":\"Julien Laurent\"},\"description\":\"Julien Laurent est un blogueur passionn\u00e9 par le domaine de la d\u00e9coration int\u00e9rieure et du design. Avec un dipl\u00f4me en design d'int\u00e9rieur et plusieurs ann\u00e9es d'exp\u00e9rience en tant que d\u00e9corateur, il partage des conseils pratiques pour embellir et optimiser les espaces de vie. Ses articles inspirants et informatifs visent \u00e0 aider ses lecteurs \u00e0 cr\u00e9er des int\u00e9rieurs harmonieux et esth\u00e9tiques, refl\u00e9tant leur personnalit\u00e9 et leur style.\",\"sameAs\":[\"http:\/\/www.habitat-design.net\/blog\"],\"url\":\"http:\/\/www.habitat-design.net\/blog\/author\/contacthabitat-design-net\/\"}]}<\/script>\n<!-- \/ Yoast SEO plugin. -->","yoast_head_json":{"title":"Maisons du Monde : plongeon dans l'univers meubles et d\u00e9co au T1 2025","description":"D\u00e9couvrez comment Maisons du Monde a connu une chute significative de son activit\u00e9 meubles et d\u00e9coration au premier trimestre 2025. Analyse des facteurs \u00e9conomiques, des tendances du march\u00e9 et des impacts sur la strat\u00e9gie de l'entreprise. Restez inform\u00e9 des derni\u00e8res actualit\u00e9s et insights du secteur de l'ameublement.","robots":{"index":"index","follow":"follow","max-snippet":"max-snippet:-1","max-image-preview":"max-image-preview:large","max-video-preview":"max-video-preview:-1"},"canonical":"http:\/\/www.habitat-design.net\/blog\/chute-activite-meubles-decoration-2025\/","og_locale":"fr_FR","og_type":"article","og_title":"Maisons du Monde : plongeon dans l'univers meubles et d\u00e9co au T1 2025","og_description":"D\u00e9couvrez comment Maisons du Monde a connu une chute significative de son activit\u00e9 meubles et d\u00e9coration au premier trimestre 2025. Analyse des facteurs \u00e9conomiques, des tendances du march\u00e9 et des impacts sur la strat\u00e9gie de l'entreprise. Restez inform\u00e9 des derni\u00e8res actualit\u00e9s et insights du secteur de l'ameublement.","og_url":"http:\/\/www.habitat-design.net\/blog\/chute-activite-meubles-decoration-2025\/","article_published_time":"2025-05-15T07:02:26+00:00","og_image":[{"width":1344,"height":768,"url":"http:\/\/www.habitat-design.net\/blog\/wp-content\/uploads\/2025\/05\/Maisons-du-Monde-une-chute-significative-de-lactivite-meubles-et-decoration-au-premier-trimestre-2025.jpg","type":"image\/jpeg"}],"author":"Julien Laurent","twitter_card":"summary_large_image","twitter_misc":{"\u00c9crit par":"Julien Laurent","Dur\u00e9e de lecture estim\u00e9e":"7 minutes"},"schema":{"@context":"https:\/\/schema.org","@graph":[{"@type":"Article","@id":"http:\/\/www.habitat-design.net\/blog\/chute-activite-meubles-decoration-2025\/#article","isPartOf":{"@id":"http:\/\/www.habitat-design.net\/blog\/chute-activite-meubles-decoration-2025\/"},"author":{"name":"Julien Laurent","@id":"https:\/\/www.habitat-design.net\/blog\/#\/schema\/person\/f81363ecfab7ff0bfb976328793ce2e5"},"headline":"Maisons du Monde : une chute significative de l&rsquo;activit\u00e9 meubles et d\u00e9coration au premier trimestre 2025","datePublished":"2025-05-15T07:02:26+00:00","mainEntityOfPage":{"@id":"http:\/\/www.habitat-design.net\/blog\/chute-activite-meubles-decoration-2025\/"},"wordCount":1498,"image":{"@id":"http:\/\/www.habitat-design.net\/blog\/chute-activite-meubles-decoration-2025\/#primaryimage"},"thumbnailUrl":"http:\/\/www.habitat-design.net\/blog\/wp-content\/uploads\/2025\/05\/Maisons-du-Monde-une-chute-significative-de-lactivite-meubles-et-decoration-au-premier-trimestre-2025.jpg","keywords":["activit\u00e9","chute significative","d\u00e9coration","maisons du monde","meubles"],"articleSection":["Maison &amp; d\u00e9coration"],"inLanguage":"fr-FR"},{"@type":"WebPage","@id":"http:\/\/www.habitat-design.net\/blog\/chute-activite-meubles-decoration-2025\/","url":"http:\/\/www.habitat-design.net\/blog\/chute-activite-meubles-decoration-2025\/","name":"Maisons du Monde : plongeon dans l'univers meubles et d\u00e9co au T1 2025","isPartOf":{"@id":"https:\/\/www.habitat-design.net\/blog\/#website"},"primaryImageOfPage":{"@id":"http:\/\/www.habitat-design.net\/blog\/chute-activite-meubles-decoration-2025\/#primaryimage"},"image":{"@id":"http:\/\/www.habitat-design.net\/blog\/chute-activite-meubles-decoration-2025\/#primaryimage"},"thumbnailUrl":"http:\/\/www.habitat-design.net\/blog\/wp-content\/uploads\/2025\/05\/Maisons-du-Monde-une-chute-significative-de-lactivite-meubles-et-decoration-au-premier-trimestre-2025.jpg","datePublished":"2025-05-15T07:02:26+00:00","author":{"@id":"https:\/\/www.habitat-design.net\/blog\/#\/schema\/person\/f81363ecfab7ff0bfb976328793ce2e5"},"description":"D\u00e9couvrez comment Maisons du Monde a connu une chute significative de son activit\u00e9 meubles et d\u00e9coration au premier trimestre 2025. Analyse des facteurs \u00e9conomiques, des tendances du march\u00e9 et des impacts sur la strat\u00e9gie de l'entreprise. Restez inform\u00e9 des derni\u00e8res actualit\u00e9s et insights du secteur de l'ameublement.","breadcrumb":{"@id":"http:\/\/www.habitat-design.net\/blog\/chute-activite-meubles-decoration-2025\/#breadcrumb"},"inLanguage":"fr-FR","potentialAction":[{"@type":"ReadAction","target":["http:\/\/www.habitat-design.net\/blog\/chute-activite-meubles-decoration-2025\/"]}]},{"@type":"ImageObject","inLanguage":"fr-FR","@id":"http:\/\/www.habitat-design.net\/blog\/chute-activite-meubles-decoration-2025\/#primaryimage","url":"http:\/\/www.habitat-design.net\/blog\/wp-content\/uploads\/2025\/05\/Maisons-du-Monde-une-chute-significative-de-lactivite-meubles-et-decoration-au-premier-trimestre-2025.jpg","contentUrl":"http:\/\/www.habitat-design.net\/blog\/wp-content\/uploads\/2025\/05\/Maisons-du-Monde-une-chute-significative-de-lactivite-meubles-et-decoration-au-premier-trimestre-2025.jpg","width":1344,"height":768,"caption":"d\u00e9couvrez les derni\u00e8res tendances de l'ameublement avec maisons du monde, qui annonce une chute significative de son activit\u00e9 meubles et d\u00e9coration au premier trimestre 2025. analyse des impacts et perspectives pour le march\u00e9 !"},{"@type":"BreadcrumbList","@id":"http:\/\/www.habitat-design.net\/blog\/chute-activite-meubles-decoration-2025\/#breadcrumb","itemListElement":[{"@type":"ListItem","position":1,"name":"Accueil","item":"https:\/\/www.habitat-design.net\/blog\/"},{"@type":"ListItem","position":2,"name":"Maisons du Monde : une chute significative de l&rsquo;activit\u00e9 meubles et d\u00e9coration au premier trimestre 2025"}]},{"@type":"WebSite","@id":"https:\/\/www.habitat-design.net\/blog\/#website","url":"https:\/\/www.habitat-design.net\/blog\/","name":"","description":"","potentialAction":[{"@type":"SearchAction","target":{"@type":"EntryPoint","urlTemplate":"https:\/\/www.habitat-design.net\/blog\/?s={search_term_string}"},"query-input":{"@type":"PropertyValueSpecification","valueRequired":true,"valueName":"search_term_string"}}],"inLanguage":"fr-FR"},{"@type":"Person","@id":"https:\/\/www.habitat-design.net\/blog\/#\/schema\/person\/f81363ecfab7ff0bfb976328793ce2e5","name":"Julien Laurent","image":{"@type":"ImageObject","inLanguage":"fr-FR","@id":"https:\/\/www.habitat-design.net\/blog\/#\/schema\/person\/image\/","url":"https:\/\/secure.gravatar.com\/avatar\/36c5f08b15b2f828b41156cb6e69b449?s=96&d=mm&r=g","contentUrl":"https:\/\/secure.gravatar.com\/avatar\/36c5f08b15b2f828b41156cb6e69b449?s=96&d=mm&r=g","caption":"Julien Laurent"},"description":"Julien Laurent est un blogueur passionn\u00e9 par le domaine de la d\u00e9coration int\u00e9rieure et du design. Avec un dipl\u00f4me en design d'int\u00e9rieur et plusieurs ann\u00e9es d'exp\u00e9rience en tant que d\u00e9corateur, il partage des conseils pratiques pour embellir et optimiser les espaces de vie. Ses articles inspirants et informatifs visent \u00e0 aider ses lecteurs \u00e0 cr\u00e9er des int\u00e9rieurs harmonieux et esth\u00e9tiques, refl\u00e9tant leur personnalit\u00e9 et leur style.","sameAs":["http:\/\/www.habitat-design.net\/blog"],"url":"http:\/\/www.habitat-design.net\/blog\/author\/contacthabitat-design-net\/"}]}},"views":86,"_links":{"self":[{"href":"http:\/\/www.habitat-design.net\/blog\/wp-json\/wp\/v2\/posts\/1482","targetHints":{"allow":["GET"]}}],"collection":[{"href":"http:\/\/www.habitat-design.net\/blog\/wp-json\/wp\/v2\/posts"}],"about":[{"href":"http:\/\/www.habitat-design.net\/blog\/wp-json\/wp\/v2\/types\/post"}],"author":[{"embeddable":true,"href":"http:\/\/www.habitat-design.net\/blog\/wp-json\/wp\/v2\/users\/1"}],"replies":[{"embeddable":true,"href":"http:\/\/www.habitat-design.net\/blog\/wp-json\/wp\/v2\/comments?post=1482"}],"version-history":[{"count":0,"href":"http:\/\/www.habitat-design.net\/blog\/wp-json\/wp\/v2\/posts\/1482\/revisions"}],"wp:featuredmedia":[{"embeddable":true,"href":"http:\/\/www.habitat-design.net\/blog\/wp-json\/wp\/v2\/media\/1481"}],"wp:attachment":[{"href":"http:\/\/www.habitat-design.net\/blog\/wp-json\/wp\/v2\/media?parent=1482"}],"wp:term":[{"taxonomy":"category","embeddable":true,"href":"http:\/\/www.habitat-design.net\/blog\/wp-json\/wp\/v2\/categories?post=1482"},{"taxonomy":"post_tag","embeddable":true,"href":"http:\/\/www.habitat-design.net\/blog\/wp-json\/wp\/v2\/tags?post=1482"}],"curies":[{"name":"wp","href":"https:\/\/api.w.org\/{rel}","templated":true}]}}