
{"id":1466,"date":"2025-05-11T09:05:25","date_gmt":"2025-05-11T07:05:25","guid":{"rendered":"https:\/\/www.habitat-design.net\/blog\/salon-habitat-decoration-calais\/"},"modified":"2025-05-11T09:05:25","modified_gmt":"2025-05-11T07:05:25","slug":"salon-habitat-decoration-calais","status":"publish","type":"post","link":"http:\/\/www.habitat-design.net\/blog\/salon-habitat-decoration-calais\/","title":{"rendered":"Calais : le salon de l&rsquo;habitat et de la d\u00e9coration se poursuit ce week-end"},"content":{"rendered":"<p>Ce week-end, Calais s&#8217;embrase avec la troisi\u00e8me \u00e9dition du Salon de l&rsquo;Habitat et de la D\u00e9coration, un \u00e9v\u00e9nement incontournable pour tous les passionn\u00e9s de r\u00e9novation, d&rsquo;am\u00e9nagement int\u00e9rieur et de d\u00e9coration. Les visiteurs pourront d\u00e9couvrir un \u00e9ventail de stands, des conseils d&rsquo;experts et des astuces pratiques pour transformer leur espace de vie. Que tu sois en qu\u00eate d&rsquo;inspiration pour ta future maison, que tu souhaites renouveler ta d\u00e9co ou tester les derni\u00e8res tendances, cet \u00e9v\u00e9nement est fait pour toi !<\/p>\n\n<h2 class=\"wp-block-heading\">Les tendances qui font le buzz au salon<\/h2>\n\n<p>Dans le monde de la d\u00e9coration, certaines tendances \u00e9mergent de plus en plus et s&rsquo;affichent fi\u00e8rement au Salon de l&rsquo;Habitat. Imagine, par exemple, la mont\u00e9e en puissance du style scandinave, qui allie simplicit\u00e9 et fonctionnalit\u00e9, tout en apportant chaleur et confort. Les visiteurs pourront admirer des meubles en bois clair, des textiles doux et des couleurs pastel. Un incontournable pour ceux qui aspirent \u00e0 cr\u00e9er un cocon douillet !<\/p>\n\n<p>Mais ce n&rsquo;est pas tout ! Les mat\u00e9riaux \u00e9coresponsables font \u00e9galement leur entr\u00e9e en force, avec une gamme renouvel\u00e9e de meubles fabriqu\u00e9s \u00e0 partir de mat\u00e9riaux recycl\u00e9s. Des marques comme<br>\n<strong>IKEA<\/strong>, <strong>Maisons du Monde<\/strong> et <strong>Conforama<\/strong> mettent en avant leur d\u00e9marche verte avec des produits alliant design et respect de l&rsquo;environnement. Imagine une table fait \u00e0 partir de bois r\u00e9cup\u00e9r\u00e9 qui racontent une histoire \u00e0 chaque \u00e9raflure et n\u0153ud ! \ud83c\udf33<\/p>\n\n<h3 class=\"wp-block-heading\">Zoom sur les exposants incontournables<\/h3>\n\n<p>Les exposants pr\u00e9sents au salon rivalisent d&rsquo;ing\u00e9niosit\u00e9 pour pr\u00e9senter leurs produits. Voici quelques noms \u00e0 ne pas manquer :<\/p>\n\n<ul class=\"wp-block-list\"><li>\ud83d\udd39 <strong>Castorama<\/strong> &#8211; pour tes projets de bricolage et d&rsquo;am\u00e9nagement.<\/li><li>\ud83d\udd39 <strong>Bricorama<\/strong> &#8211; si tu es un fan de DIY.<\/li><li>\ud83d\udd39 <strong>Leroy Merlin<\/strong> &#8211; le sp\u00e9cialiste des mat\u00e9riaux et \u00e9quipements.<\/li><li>\ud83d\udd39 <strong>L&rsquo;Atelier du Bois<\/strong> &#8211; pour des cr\u00e9ations en bois sur mesure.<\/li><li>\ud83d\udd39 <strong>BHV<\/strong> &#8211; pour ceux qui aiment les objets d\u00e9co uniques.<\/li><\/ul>\n\n<p>Chaque stand est une invitation \u00e0 d\u00e9couvrir des astuces d\u00e9co et \u00e0 discuter avec des professionnels passionn\u00e9s qui n&rsquo;h\u00e9siteront pas \u00e0 partager leurs conseils pour r\u00e9veiller l\u2019\u00e2me de ton habitation.<\/p>\n\n<h3 class=\"wp-block-heading\">Les ateliers pratiques : apprends en t\u2019amusant !<\/h3>\n\n<p>Le salon ne se limite pas \u00e0 de simples stands. Des ateliers pratiques sont organis\u00e9s pour encourager l&rsquo;apprentissage et la cr\u00e9ativit\u00e9. Les visiteurs ont la possibilit\u00e9 de s&rsquo;inscrire \u00e0 plusieurs ateliers, tels que :<\/p>\n\n<ol class=\"wp-block-list\"><li>\ud83c\udfa8 Personnalisation de meubles avec des peintures et des pochoirs.<\/li><li>\ud83c\udf31 Cr\u00e9ation de terrariums avec des plantes succulentes.<\/li><li>\ud83d\udee0\ufe0f Initiation au bricolage pour apprendre \u00e0 r\u00e9aliser soi-m\u00eame ses am\u00e9liorations.<\/li><\/ol>\n\n<p>Ces ateliers sont une v\u00e9ritable aubaine pour ceux qui souhaitent se lancer dans des projets DIY, en b\u00e9n\u00e9ficiant de l&rsquo;accompagnement d&rsquo;experts. Qui sait, peut-\u00eatre que tu d\u00e9couvriras en toi un futur designer d\u2019int\u00e9rieur !<\/p>\n\n<h2 class=\"wp-block-heading\">Les conseils des professionnels pour une d\u00e9co r\u00e9ussie<\/h2>\n\n<p>Assister \u00e0 ce salon, c&rsquo;est aussi obtenir des conseils pratiques pour son am\u00e9nagement. Des experts en d\u00e9coration y partagent leurs astuces pour te permettre d&rsquo;optimiser chaque espace de ton domicile. Par exemple, il est souvent conseill\u00e9 de commencer par \u00e9tablir une palette de couleurs harmonieuses, allant du choix des murs jusqu&rsquo;\u00e0 la d\u00e9coration finale.<\/p>\n\n<h3 class=\"wp-block-heading\">5 astuces pour r\u00e9ussir ta d\u00e9co<\/h3>\n\n<p>Voici quelques conseils \u00e0 retenir pour donner un coup de frais \u00e0 ton int\u00e9rieur :<\/p>\n\n<ul class=\"wp-block-list\"><li>\ud83d\udd38 Opte pour des couleurs neutres sur les murs pour cr\u00e9er une toile de fond apaisante.<\/li><li>\ud83d\udd38 Ajoute des touches de couleurs vives avec des accessoires comme des coussins ou des tableaux.<\/li><li>\ud83d\udd38 Pense \u00e0 la lumi\u00e8re : accumule les sources lumineuses pour cr\u00e9er une ambiance chaleureuse.<\/li><li>\ud83d\udd38 N&rsquo;h\u00e9site pas \u00e0 m\u00e9langer les styles : un mobilier vintage avec des pi\u00e8ces contemporaines peut cr\u00e9er un effet tr\u00e8s tendance.<\/li><li>\ud83d\udd38 Enfin, n\u2019oublie pas la v\u00e9g\u00e9talisation : les plantes apportent vie et fra\u00eecheur \u00e0 chaque pi\u00e8ce ! \ud83c\udf3f<\/li><\/ul>\n\n<p>Chaque conseil est une perle \u00e0 ch\u00e9rir, permettant d&rsquo;affiner son style tout en respectant ses go\u00fbts et ses envies.<\/p>\n\n<figure class=\"wp-block-table\"><table>\n<thead>\n<tr>\n<th><strong>Astuces<\/strong><\/th>\n<th><strong>Impact sur l&rsquo;espace<\/strong><\/th>\n<\/tr>\n<\/thead>\n<tbody>\n<tr>\n<td>Utilisation de couleurs neutres<\/td>\n<td>Donne une impression d&rsquo;espace et de s\u00e9r\u00e9nit\u00e9 \ud83c\udf08<\/td>\n<\/tr>\n<tr>\n<td>M\u00e9lange des styles<\/td>\n<td>Ajoute de la personnalit\u00e9 et du caract\u00e8re \ud83c\udf89<\/td>\n<\/tr>\n<tr>\n<td>Accent sur la lumi\u00e8re<\/td>\n<td>Rend l&rsquo;espace accueillant et chaleureux \u2600\ufe0f<\/td>\n<\/tr>\n<tr>\n<td>Ajout de v\u00e9g\u00e9taux<\/td>\n<td>Purifie l&rsquo;air et r\u00e9veille les sens \ud83c\udf43<\/td>\n<\/tr>\n<\/tbody>\n<\/table><\/figure>\n\n<h2 class=\"wp-block-heading\">Les incontournables \u00e0 ne pas rater<\/h2>\n\n<p>Bien qu&rsquo;il y ait tant de choses \u00e0 voir au Salon de l&rsquo;Habitat et de la D\u00e9coration, certains moments forts ne doivent pas \u00eatre manqu\u00e9s. Il faut planifier sa visite pour profiter au maximum de chaque exp\u00e9rience. Par exemple, ne rate pas les conf\u00e9rences qui aborderont des th\u00e9matiques comme la transition \u00e9cologique dans la d\u00e9coration ou les tendances de l&rsquo;habitat pour 2025.<\/p>\n\n<h3 class=\"wp-block-heading\">Les sujets passionnants des conf\u00e9rences<\/h3>\n\n<p>Voici un petit aper\u00e7u des conf\u00e9rences \u00e0 venir :<\/p>\n\n<ul class=\"wp-block-list\"><li>\ud83d\udd38 Am\u00e9nager son espace de travail \u00e0 domicile : les cl\u00e9s d&rsquo;une productivit\u00e9 renforc\u00e9e.<\/li><li>\ud83d\udd38 La d\u00e9coration \u00e9coresponsable : des solutions concr\u00e8tes ! \u267b\ufe0f<\/li><li>\ud83d\udd38 L&rsquo;impact des couleurs sur notre \u00e9tat d&rsquo;esprit : comment bien les choisir ? \ud83c\udf08<\/li><\/ul>\n\n<p>Ces \u00e9changes enrichissants invitent \u00e0 r\u00e9fl\u00e9chir et \u00e0 se projeter vers un futur o\u00f9 l&rsquo;habitat et le bien-\u00eatre personnel sont \u00e9troitement li\u00e9s. Qui ne r\u00eave pas de vivre dans un int\u00e9rieur qui lui ressemble et qui lui fait du bien ?<\/p>\n\n<h2 class=\"wp-block-heading\">Les offres sp\u00e9ciales : du r\u00eave \u00e0 la r\u00e9alit\u00e9<\/h2>\n\n<p>Les bons plans, c&rsquo;est l&rsquo;un des meilleurs aspects du salon ! Les visiteurs auront la chance de b\u00e9n\u00e9ficier d&rsquo;offres et de remises exclusives, que ce soit sur des produits de d\u00e9coration, sur des meubles ou m\u00eame des services d\u2019am\u00e9nagement int\u00e9rieur.<\/p>\n\n<h3 class=\"wp-block-heading\">Les marques qui font le show<\/h3>\n\n<p>Des marques comme <strong>Alin\u00e9a<\/strong>, <strong>La Foire Fouille<\/strong> et autres enseignes embl\u00e9matiques du secteur proposeront des remises allant jusqu\u2019\u00e0 30% sur des collections s\u00e9lectionn\u00e9es. Voil\u00e0 une belle opportunit\u00e9 d\u2019acqu\u00e9rir le fauteuil douillet dont tu as toujours r\u00eav\u00e9, ou cette commode vintage qui fera sensation dans ton salon ! \ud83d\udecb\ufe0f<\/p>\n\n<figure class=\"wp-block-table\"><table>\n<thead>\n<tr>\n<th><strong>Marque<\/strong><\/th>\n<th><strong>Offre sp\u00e9ciale<\/strong><\/th>\n<\/tr>\n<\/thead>\n<tbody>\n<tr>\n<td><strong>Alin\u00e9a<\/strong><\/td>\n<td>Remises jusqu&rsquo;\u00e0 30% sur une s\u00e9lection de meubles \ud83e\udd11<\/td>\n<\/tr>\n<tr>\n<td><strong>La Foire Fouille<\/strong><\/td>\n<td>Offres sp\u00e9ciales sur la d\u00e9co mode \ud83c\udf42<\/td>\n<\/tr>\n<tr>\n<td><strong>Maisons du Monde<\/strong><\/td>\n<td>Promo sur les accessoires de d\u00e9coration ! \ud83c\udf81<\/td>\n<\/tr>\n<\/tbody>\n<\/table><\/figure>\n\n<h2 class=\"wp-block-heading\">FAQ<\/h2>\n\n<h3 class=\"wp-block-heading\">Quels sont les horaires du Salon de l&rsquo;Habitat ?<\/h3>\n\n<p>Le salon est ouvert de 10h \u00e0 19h jusqu&rsquo;\u00e0 dimanche, ne manque pas ta chance !<\/p>\n\n<h3 class=\"wp-block-heading\">Y aura-t-il des ateliers pour les enfants ?<\/h3>\n\n<p>Oui, plusieurs activit\u00e9s sont propos\u00e9es pour les enfants, leur permettant de s&rsquo;amuser tout en apprenant !<\/p>\n\n<h3 class=\"wp-block-heading\">Peut-on acheter des produits directement sur place ?<\/h3>\n\n<p>Absolument, de nombreuses marques et artisans vendent des produits directement au salon avec des offres sp\u00e9ciales.<\/p>\n\n<h3 class=\"wp-block-heading\">Comment se rendre au Salon de l&rsquo;Habitat \u00e0 Calais ?<\/h3>\n\n<p>Le salon est accessible en transport en commun ou en voiture, avec des parkings \u00e0 proximit\u00e9. Consulte les infos sur les transports locaux pour plus de d\u00e9tails.<\/p>\n\n<h3 class=\"wp-block-heading\">Y aura-t-il des conf\u00e9rences en plus des ateliers ?<\/h3>\n\n<p>Oui, plusieurs conf\u00e9rences sont pr\u00e9vues sur des th\u00e8mes passionnants li\u00e9s \u00e0 la d\u00e9coration et \u00e0 l&rsquo;habitat. Assure-toi de consulter le programme complet lors de ta visite !<\/p>\n\n","protected":false},"excerpt":{"rendered":"<p>Ce week-end, Calais s&#8217;embrase avec la troisi\u00e8me \u00e9dition du Salon de l&rsquo;Habitat et de la D\u00e9coration, un \u00e9v\u00e9nement incontournable pour tous les passionn\u00e9s de r\u00e9novation, d&rsquo;am\u00e9nagement int\u00e9rieur et de d\u00e9coration. Les visiteurs pourront d\u00e9couvrir un \u00e9ventail de stands, des conseils d&rsquo;experts et des astuces pratiques pour transformer leur espace de vie. Que tu sois en &#8230; <a title=\"Calais : le salon de l&rsquo;habitat et de la d\u00e9coration se poursuit ce week-end\" class=\"read-more\" href=\"http:\/\/www.habitat-design.net\/blog\/salon-habitat-decoration-calais\/\" aria-label=\"En savoir plus sur Calais : le salon de l&rsquo;habitat et de la d\u00e9coration se poursuit ce week-end\">Lire plus<\/a><\/p>\n","protected":false},"author":1,"featured_media":1465,"comment_status":"","ping_status":"","sticky":false,"template":"","format":"standard","meta":{"footnotes":""},"categories":[1],"tags":[200,203,201,202,204],"class_list":["post-1466","post","type-post","status-publish","format-standard","has-post-thumbnail","hentry","category-maison","tag-calais","tag-evenements-calais","tag-salon-de-lhabitat","tag-salon-de-la-decoration","tag-week-end"],"yoast_head":"<!-- This site is optimized with the Yoast SEO plugin v26.8 - https:\/\/yoast.com\/product\/yoast-seo-wordpress\/ -->\n<title>Calais : un week-end inspirant pour l&#039;habitat et la d\u00e9coration<\/title>\n<meta name=\"description\" content=\"D\u00e9couvrez le salon de l&#039;habitat et de la d\u00e9coration \u00e0 Calais ce week-end ! Explorez des id\u00e9es novatrices pour votre int\u00e9rieur, rencontrez des experts du secteur et profitez d&#039;offres exclusives. Ne manquez pas cet \u00e9v\u00e9nement incontournable pour tous les passionn\u00e9s de d\u00e9coration !\" \/>\n<meta name=\"robots\" content=\"index, follow, max-snippet:-1, max-image-preview:large, max-video-preview:-1\" \/>\n<link rel=\"canonical\" href=\"http:\/\/www.habitat-design.net\/blog\/salon-habitat-decoration-calais\/\" \/>\n<meta property=\"og:locale\" content=\"fr_FR\" \/>\n<meta property=\"og:type\" content=\"article\" \/>\n<meta property=\"og:title\" content=\"Calais : un week-end inspirant pour l&#039;habitat et la d\u00e9coration\" \/>\n<meta property=\"og:description\" content=\"D\u00e9couvrez le salon de l&#039;habitat et de la d\u00e9coration \u00e0 Calais ce week-end ! Explorez des id\u00e9es novatrices pour votre int\u00e9rieur, rencontrez des experts du secteur et profitez d&#039;offres exclusives. Ne manquez pas cet \u00e9v\u00e9nement incontournable pour tous les passionn\u00e9s de d\u00e9coration !\" \/>\n<meta property=\"og:url\" content=\"http:\/\/www.habitat-design.net\/blog\/salon-habitat-decoration-calais\/\" \/>\n<meta property=\"article:published_time\" content=\"2025-05-11T07:05:25+00:00\" \/>\n<meta property=\"og:image\" content=\"http:\/\/www.habitat-design.net\/blog\/wp-content\/uploads\/2025\/05\/Calais-le-salon-de-lhabitat-et-de-la-decoration-se-poursuit-ce-week-end.jpg\" \/>\n\t<meta property=\"og:image:width\" content=\"1344\" \/>\n\t<meta property=\"og:image:height\" content=\"768\" \/>\n\t<meta property=\"og:image:type\" content=\"image\/jpeg\" \/>\n<meta name=\"author\" content=\"Julien Laurent\" \/>\n<meta name=\"twitter:card\" content=\"summary_large_image\" \/>\n<meta name=\"twitter:label1\" content=\"\u00c9crit par\" \/>\n\t<meta name=\"twitter:data1\" content=\"Julien Laurent\" \/>\n\t<meta name=\"twitter:label2\" content=\"Dur\u00e9e de lecture estim\u00e9e\" \/>\n\t<meta name=\"twitter:data2\" content=\"6 minutes\" \/>\n<script type=\"application\/ld+json\" class=\"yoast-schema-graph\">{\"@context\":\"https:\/\/schema.org\",\"@graph\":[{\"@type\":\"Article\",\"@id\":\"http:\/\/www.habitat-design.net\/blog\/salon-habitat-decoration-calais\/#article\",\"isPartOf\":{\"@id\":\"http:\/\/www.habitat-design.net\/blog\/salon-habitat-decoration-calais\/\"},\"author\":{\"name\":\"Julien Laurent\",\"@id\":\"https:\/\/www.habitat-design.net\/blog\/#\/schema\/person\/f81363ecfab7ff0bfb976328793ce2e5\"},\"headline\":\"Calais : le salon de l&rsquo;habitat et de la d\u00e9coration se poursuit ce week-end\",\"datePublished\":\"2025-05-11T07:05:25+00:00\",\"mainEntityOfPage\":{\"@id\":\"http:\/\/www.habitat-design.net\/blog\/salon-habitat-decoration-calais\/\"},\"wordCount\":1178,\"image\":{\"@id\":\"http:\/\/www.habitat-design.net\/blog\/salon-habitat-decoration-calais\/#primaryimage\"},\"thumbnailUrl\":\"http:\/\/www.habitat-design.net\/blog\/wp-content\/uploads\/2025\/05\/Calais-le-salon-de-lhabitat-et-de-la-decoration-se-poursuit-ce-week-end.jpg\",\"keywords\":[\"calais\",\"\u00e9v\u00e9nements calais\",\"salon de l'habitat\",\"salon de la d\u00e9coration\",\"week-end\"],\"articleSection\":[\"Maison &amp; d\u00e9coration\"],\"inLanguage\":\"fr-FR\"},{\"@type\":\"WebPage\",\"@id\":\"http:\/\/www.habitat-design.net\/blog\/salon-habitat-decoration-calais\/\",\"url\":\"http:\/\/www.habitat-design.net\/blog\/salon-habitat-decoration-calais\/\",\"name\":\"Calais : un week-end inspirant pour l'habitat et la d\u00e9coration\",\"isPartOf\":{\"@id\":\"https:\/\/www.habitat-design.net\/blog\/#website\"},\"primaryImageOfPage\":{\"@id\":\"http:\/\/www.habitat-design.net\/blog\/salon-habitat-decoration-calais\/#primaryimage\"},\"image\":{\"@id\":\"http:\/\/www.habitat-design.net\/blog\/salon-habitat-decoration-calais\/#primaryimage\"},\"thumbnailUrl\":\"http:\/\/www.habitat-design.net\/blog\/wp-content\/uploads\/2025\/05\/Calais-le-salon-de-lhabitat-et-de-la-decoration-se-poursuit-ce-week-end.jpg\",\"datePublished\":\"2025-05-11T07:05:25+00:00\",\"author\":{\"@id\":\"https:\/\/www.habitat-design.net\/blog\/#\/schema\/person\/f81363ecfab7ff0bfb976328793ce2e5\"},\"description\":\"D\u00e9couvrez le salon de l'habitat et de la d\u00e9coration \u00e0 Calais ce week-end ! Explorez des id\u00e9es novatrices pour votre int\u00e9rieur, rencontrez des experts du secteur et profitez d'offres exclusives. Ne manquez pas cet \u00e9v\u00e9nement incontournable pour tous les passionn\u00e9s de d\u00e9coration !\",\"breadcrumb\":{\"@id\":\"http:\/\/www.habitat-design.net\/blog\/salon-habitat-decoration-calais\/#breadcrumb\"},\"inLanguage\":\"fr-FR\",\"potentialAction\":[{\"@type\":\"ReadAction\",\"target\":[\"http:\/\/www.habitat-design.net\/blog\/salon-habitat-decoration-calais\/\"]}]},{\"@type\":\"ImageObject\",\"inLanguage\":\"fr-FR\",\"@id\":\"http:\/\/www.habitat-design.net\/blog\/salon-habitat-decoration-calais\/#primaryimage\",\"url\":\"http:\/\/www.habitat-design.net\/blog\/wp-content\/uploads\/2025\/05\/Calais-le-salon-de-lhabitat-et-de-la-decoration-se-poursuit-ce-week-end.jpg\",\"contentUrl\":\"http:\/\/www.habitat-design.net\/blog\/wp-content\/uploads\/2025\/05\/Calais-le-salon-de-lhabitat-et-de-la-decoration-se-poursuit-ce-week-end.jpg\",\"width\":1344,\"height\":768,\"caption\":\"d\u00e9couvrez le salon de l'habitat et de la d\u00e9coration \u00e0 calais ce week-end ! explorez les derni\u00e8res tendances en mati\u00e8re de d\u00e9coration, d'am\u00e9nagement int\u00e9rieur et d'innovation pour transformer votre espace de vie. ne manquez pas cet \u00e9v\u00e9nement incontournable pour les passionn\u00e9s de design et de d\u00e9coration.\"},{\"@type\":\"BreadcrumbList\",\"@id\":\"http:\/\/www.habitat-design.net\/blog\/salon-habitat-decoration-calais\/#breadcrumb\",\"itemListElement\":[{\"@type\":\"ListItem\",\"position\":1,\"name\":\"Accueil\",\"item\":\"https:\/\/www.habitat-design.net\/blog\/\"},{\"@type\":\"ListItem\",\"position\":2,\"name\":\"Calais : le salon de l&rsquo;habitat et de la d\u00e9coration se poursuit ce week-end\"}]},{\"@type\":\"WebSite\",\"@id\":\"https:\/\/www.habitat-design.net\/blog\/#website\",\"url\":\"https:\/\/www.habitat-design.net\/blog\/\",\"name\":\"\",\"description\":\"\",\"potentialAction\":[{\"@type\":\"SearchAction\",\"target\":{\"@type\":\"EntryPoint\",\"urlTemplate\":\"https:\/\/www.habitat-design.net\/blog\/?s={search_term_string}\"},\"query-input\":{\"@type\":\"PropertyValueSpecification\",\"valueRequired\":true,\"valueName\":\"search_term_string\"}}],\"inLanguage\":\"fr-FR\"},{\"@type\":\"Person\",\"@id\":\"https:\/\/www.habitat-design.net\/blog\/#\/schema\/person\/f81363ecfab7ff0bfb976328793ce2e5\",\"name\":\"Julien Laurent\",\"image\":{\"@type\":\"ImageObject\",\"inLanguage\":\"fr-FR\",\"@id\":\"https:\/\/www.habitat-design.net\/blog\/#\/schema\/person\/image\/\",\"url\":\"https:\/\/secure.gravatar.com\/avatar\/36c5f08b15b2f828b41156cb6e69b449?s=96&d=mm&r=g\",\"contentUrl\":\"https:\/\/secure.gravatar.com\/avatar\/36c5f08b15b2f828b41156cb6e69b449?s=96&d=mm&r=g\",\"caption\":\"Julien Laurent\"},\"description\":\"Julien Laurent est un blogueur passionn\u00e9 par le domaine de la d\u00e9coration int\u00e9rieure et du design. Avec un dipl\u00f4me en design d'int\u00e9rieur et plusieurs ann\u00e9es d'exp\u00e9rience en tant que d\u00e9corateur, il partage des conseils pratiques pour embellir et optimiser les espaces de vie. Ses articles inspirants et informatifs visent \u00e0 aider ses lecteurs \u00e0 cr\u00e9er des int\u00e9rieurs harmonieux et esth\u00e9tiques, refl\u00e9tant leur personnalit\u00e9 et leur style.\",\"sameAs\":[\"http:\/\/www.habitat-design.net\/blog\"],\"url\":\"http:\/\/www.habitat-design.net\/blog\/author\/contacthabitat-design-net\/\"}]}<\/script>\n<!-- \/ Yoast SEO plugin. -->","yoast_head_json":{"title":"Calais : un week-end inspirant pour l'habitat et la d\u00e9coration","description":"D\u00e9couvrez le salon de l'habitat et de la d\u00e9coration \u00e0 Calais ce week-end ! Explorez des id\u00e9es novatrices pour votre int\u00e9rieur, rencontrez des experts du secteur et profitez d'offres exclusives. Ne manquez pas cet \u00e9v\u00e9nement incontournable pour tous les passionn\u00e9s de d\u00e9coration !","robots":{"index":"index","follow":"follow","max-snippet":"max-snippet:-1","max-image-preview":"max-image-preview:large","max-video-preview":"max-video-preview:-1"},"canonical":"http:\/\/www.habitat-design.net\/blog\/salon-habitat-decoration-calais\/","og_locale":"fr_FR","og_type":"article","og_title":"Calais : un week-end inspirant pour l'habitat et la d\u00e9coration","og_description":"D\u00e9couvrez le salon de l'habitat et de la d\u00e9coration \u00e0 Calais ce week-end ! Explorez des id\u00e9es novatrices pour votre int\u00e9rieur, rencontrez des experts du secteur et profitez d'offres exclusives. Ne manquez pas cet \u00e9v\u00e9nement incontournable pour tous les passionn\u00e9s de d\u00e9coration !","og_url":"http:\/\/www.habitat-design.net\/blog\/salon-habitat-decoration-calais\/","article_published_time":"2025-05-11T07:05:25+00:00","og_image":[{"width":1344,"height":768,"url":"http:\/\/www.habitat-design.net\/blog\/wp-content\/uploads\/2025\/05\/Calais-le-salon-de-lhabitat-et-de-la-decoration-se-poursuit-ce-week-end.jpg","type":"image\/jpeg"}],"author":"Julien Laurent","twitter_card":"summary_large_image","twitter_misc":{"\u00c9crit par":"Julien Laurent","Dur\u00e9e de lecture estim\u00e9e":"6 minutes"},"schema":{"@context":"https:\/\/schema.org","@graph":[{"@type":"Article","@id":"http:\/\/www.habitat-design.net\/blog\/salon-habitat-decoration-calais\/#article","isPartOf":{"@id":"http:\/\/www.habitat-design.net\/blog\/salon-habitat-decoration-calais\/"},"author":{"name":"Julien Laurent","@id":"https:\/\/www.habitat-design.net\/blog\/#\/schema\/person\/f81363ecfab7ff0bfb976328793ce2e5"},"headline":"Calais : le salon de l&rsquo;habitat et de la d\u00e9coration se poursuit ce week-end","datePublished":"2025-05-11T07:05:25+00:00","mainEntityOfPage":{"@id":"http:\/\/www.habitat-design.net\/blog\/salon-habitat-decoration-calais\/"},"wordCount":1178,"image":{"@id":"http:\/\/www.habitat-design.net\/blog\/salon-habitat-decoration-calais\/#primaryimage"},"thumbnailUrl":"http:\/\/www.habitat-design.net\/blog\/wp-content\/uploads\/2025\/05\/Calais-le-salon-de-lhabitat-et-de-la-decoration-se-poursuit-ce-week-end.jpg","keywords":["calais","\u00e9v\u00e9nements calais","salon de l'habitat","salon de la d\u00e9coration","week-end"],"articleSection":["Maison &amp; d\u00e9coration"],"inLanguage":"fr-FR"},{"@type":"WebPage","@id":"http:\/\/www.habitat-design.net\/blog\/salon-habitat-decoration-calais\/","url":"http:\/\/www.habitat-design.net\/blog\/salon-habitat-decoration-calais\/","name":"Calais : un week-end inspirant pour l'habitat et la d\u00e9coration","isPartOf":{"@id":"https:\/\/www.habitat-design.net\/blog\/#website"},"primaryImageOfPage":{"@id":"http:\/\/www.habitat-design.net\/blog\/salon-habitat-decoration-calais\/#primaryimage"},"image":{"@id":"http:\/\/www.habitat-design.net\/blog\/salon-habitat-decoration-calais\/#primaryimage"},"thumbnailUrl":"http:\/\/www.habitat-design.net\/blog\/wp-content\/uploads\/2025\/05\/Calais-le-salon-de-lhabitat-et-de-la-decoration-se-poursuit-ce-week-end.jpg","datePublished":"2025-05-11T07:05:25+00:00","author":{"@id":"https:\/\/www.habitat-design.net\/blog\/#\/schema\/person\/f81363ecfab7ff0bfb976328793ce2e5"},"description":"D\u00e9couvrez le salon de l'habitat et de la d\u00e9coration \u00e0 Calais ce week-end ! Explorez des id\u00e9es novatrices pour votre int\u00e9rieur, rencontrez des experts du secteur et profitez d'offres exclusives. Ne manquez pas cet \u00e9v\u00e9nement incontournable pour tous les passionn\u00e9s de d\u00e9coration !","breadcrumb":{"@id":"http:\/\/www.habitat-design.net\/blog\/salon-habitat-decoration-calais\/#breadcrumb"},"inLanguage":"fr-FR","potentialAction":[{"@type":"ReadAction","target":["http:\/\/www.habitat-design.net\/blog\/salon-habitat-decoration-calais\/"]}]},{"@type":"ImageObject","inLanguage":"fr-FR","@id":"http:\/\/www.habitat-design.net\/blog\/salon-habitat-decoration-calais\/#primaryimage","url":"http:\/\/www.habitat-design.net\/blog\/wp-content\/uploads\/2025\/05\/Calais-le-salon-de-lhabitat-et-de-la-decoration-se-poursuit-ce-week-end.jpg","contentUrl":"http:\/\/www.habitat-design.net\/blog\/wp-content\/uploads\/2025\/05\/Calais-le-salon-de-lhabitat-et-de-la-decoration-se-poursuit-ce-week-end.jpg","width":1344,"height":768,"caption":"d\u00e9couvrez le salon de l'habitat et de la d\u00e9coration \u00e0 calais ce week-end ! explorez les derni\u00e8res tendances en mati\u00e8re de d\u00e9coration, d'am\u00e9nagement int\u00e9rieur et d'innovation pour transformer votre espace de vie. ne manquez pas cet \u00e9v\u00e9nement incontournable pour les passionn\u00e9s de design et de d\u00e9coration."},{"@type":"BreadcrumbList","@id":"http:\/\/www.habitat-design.net\/blog\/salon-habitat-decoration-calais\/#breadcrumb","itemListElement":[{"@type":"ListItem","position":1,"name":"Accueil","item":"https:\/\/www.habitat-design.net\/blog\/"},{"@type":"ListItem","position":2,"name":"Calais : le salon de l&rsquo;habitat et de la d\u00e9coration se poursuit ce week-end"}]},{"@type":"WebSite","@id":"https:\/\/www.habitat-design.net\/blog\/#website","url":"https:\/\/www.habitat-design.net\/blog\/","name":"","description":"","potentialAction":[{"@type":"SearchAction","target":{"@type":"EntryPoint","urlTemplate":"https:\/\/www.habitat-design.net\/blog\/?s={search_term_string}"},"query-input":{"@type":"PropertyValueSpecification","valueRequired":true,"valueName":"search_term_string"}}],"inLanguage":"fr-FR"},{"@type":"Person","@id":"https:\/\/www.habitat-design.net\/blog\/#\/schema\/person\/f81363ecfab7ff0bfb976328793ce2e5","name":"Julien Laurent","image":{"@type":"ImageObject","inLanguage":"fr-FR","@id":"https:\/\/www.habitat-design.net\/blog\/#\/schema\/person\/image\/","url":"https:\/\/secure.gravatar.com\/avatar\/36c5f08b15b2f828b41156cb6e69b449?s=96&d=mm&r=g","contentUrl":"https:\/\/secure.gravatar.com\/avatar\/36c5f08b15b2f828b41156cb6e69b449?s=96&d=mm&r=g","caption":"Julien Laurent"},"description":"Julien Laurent est un blogueur passionn\u00e9 par le domaine de la d\u00e9coration int\u00e9rieure et du design. Avec un dipl\u00f4me en design d'int\u00e9rieur et plusieurs ann\u00e9es d'exp\u00e9rience en tant que d\u00e9corateur, il partage des conseils pratiques pour embellir et optimiser les espaces de vie. Ses articles inspirants et informatifs visent \u00e0 aider ses lecteurs \u00e0 cr\u00e9er des int\u00e9rieurs harmonieux et esth\u00e9tiques, refl\u00e9tant leur personnalit\u00e9 et leur style.","sameAs":["http:\/\/www.habitat-design.net\/blog"],"url":"http:\/\/www.habitat-design.net\/blog\/author\/contacthabitat-design-net\/"}]}},"views":87,"_links":{"self":[{"href":"http:\/\/www.habitat-design.net\/blog\/wp-json\/wp\/v2\/posts\/1466","targetHints":{"allow":["GET"]}}],"collection":[{"href":"http:\/\/www.habitat-design.net\/blog\/wp-json\/wp\/v2\/posts"}],"about":[{"href":"http:\/\/www.habitat-design.net\/blog\/wp-json\/wp\/v2\/types\/post"}],"author":[{"embeddable":true,"href":"http:\/\/www.habitat-design.net\/blog\/wp-json\/wp\/v2\/users\/1"}],"replies":[{"embeddable":true,"href":"http:\/\/www.habitat-design.net\/blog\/wp-json\/wp\/v2\/comments?post=1466"}],"version-history":[{"count":0,"href":"http:\/\/www.habitat-design.net\/blog\/wp-json\/wp\/v2\/posts\/1466\/revisions"}],"wp:featuredmedia":[{"embeddable":true,"href":"http:\/\/www.habitat-design.net\/blog\/wp-json\/wp\/v2\/media\/1465"}],"wp:attachment":[{"href":"http:\/\/www.habitat-design.net\/blog\/wp-json\/wp\/v2\/media?parent=1466"}],"wp:term":[{"taxonomy":"category","embeddable":true,"href":"http:\/\/www.habitat-design.net\/blog\/wp-json\/wp\/v2\/categories?post=1466"},{"taxonomy":"post_tag","embeddable":true,"href":"http:\/\/www.habitat-design.net\/blog\/wp-json\/wp\/v2\/tags?post=1466"}],"curies":[{"name":"wp","href":"https:\/\/api.w.org\/{rel}","templated":true}]}}