
{"id":1444,"date":"2025-05-05T09:04:17","date_gmt":"2025-05-05T07:04:17","guid":{"rendered":"http:\/\/www.habitat-design.net\/blog\/bois-fonce-decoration-design\/"},"modified":"2025-05-05T09:04:17","modified_gmt":"2025-05-05T07:04:17","slug":"bois-fonce-decoration-design","status":"publish","type":"post","link":"http:\/\/www.habitat-design.net\/blog\/bois-fonce-decoration-design\/","title":{"rendered":"Le bois fonc\u00e9 : l&rsquo;engouement des designers pour une d\u00e9coration au caract\u00e8re affirm\u00e9"},"content":{"rendered":"<p>Explore l&rsquo;univers fascinant du bois fonc\u00e9, qui devient la star incontest\u00e9e de l&rsquo;\u00e9l\u00e9gance int\u00e9rieure et s\u00e9duit les designers du monde entier. Cette tendance flamboyante s&rsquo;inscrit dans un d\u00e9sir croissant de se reconnecter \u00e0 des mat\u00e9riaux authentiques, chaleureux et empreints de caract\u00e8re. \u00c0 travers cet article, d\u00e9couvre comment le bois fonc\u00e9 fait son grand retour sur le devant de la sc\u00e8ne d\u00e9co, avec des exemples inspirants et des conseils pratiques pour int\u00e9grer ces richesses dans ton propre espace. Plonge dans l&rsquo;univers du bois d&rsquo;\u00e9b\u00e8ne, du ch\u00eane noir ou du noyer premium et apprends \u00e0 revitaliser ton int\u00e9rieur !<\/p>\n\n<h2 class=\"wp-block-heading\">Le bois fonc\u00e9 : une essence captivante \u00e0 travers les tendances d\u00e9co<\/h2>\n\n<p>Le bois fonc\u00e9 s&rsquo;inscrit id\u00e9alement dans les tendances 2025, red\u00e9finissant les codes de la d\u00e9coration int\u00e9rieure. Ce mat\u00e9riau, souvent per\u00e7u comme traditionnel, est aujourd&rsquo;hui r\u00e9invent\u00e9 par des designers audacieux, qui l&rsquo;int\u00e8grent dans des concepts modernes et contemporains. On peut appr\u00e9cier la beaut\u00e9 brute du <strong>noir d&rsquo;acajou<\/strong>, du <strong>teck fonc\u00e9<\/strong> ou encore du <strong>merisier noir<\/strong>, chacun apportant sa touche personnelle \u00e0 un int\u00e9rieur. Les designers nous offrent un v\u00e9ritable festival d&rsquo;id\u00e9es, o\u00f9 le bois fonc\u00e9 ne se contente plus d&rsquo;\u00eatre un simple support, mais devient une pi\u00e8ce ma\u00eetresse de la d\u00e9co.<\/p>\n\n<p>Adopter le bois fonc\u00e9 pour sa d\u00e9coration, c&rsquo;est faire le choix d&rsquo;un mat\u00e9riau qui \u00e9voque le luxe et la sophistication. En effet, chaque essence a ses propres caract\u00e9ristiques et un charme unique, qui permettent d&rsquo;associer les meubles et les d\u00e9tails d\u00e9coratifs de mani\u00e8re harmonieuse. Que ce soit pour des meubles fabriqu\u00e9s en <strong>noyer premium<\/strong> ou pour des \u00e9l\u00e9ments architecturaux en <strong>sapin de sombre<\/strong>, les possibilit\u00e9s sont infinies.<\/p>\n\n<h3 class=\"wp-block-heading\">Les diff\u00e9rentes essences de bois fonc\u00e9 et leurs particularit\u00e9s<\/h3>\n\n<p>Voyons ensemble quelques essences de bois fonc\u00e9 qui font fureur cette ann\u00e9e :<\/p>\n\n<ul class=\"wp-block-list\"><li>\ud83e\udeb5 <strong>Bois d&rsquo;\u00c9b\u00e8ne<\/strong> &#8211; Souvent consid\u00e9r\u00e9 comme le plus pr\u00e9cieux, cet bois est synonyme de luxe et de sophistication.<\/li><li>\ud83e\udeb5 <strong>Ch\u00eane Noir<\/strong> &#8211; Un classique intemporel qui allie robustesse et \u00e9l\u00e9gance.<\/li><li>\ud83e\udeb5 <strong>Noir d&rsquo;Acajou<\/strong> &#8211; Tr\u00e8s recherch\u00e9 pour ses nuances chatoyantes et sa r\u00e9sistance.<\/li><li>\ud83e\udeb5 <strong>Noyer Premium<\/strong> &#8211; Avec son veinage remarquable, il illumine les espaces de vie avec une touche de modernit\u00e9.<\/li><li>\ud83e\udeb5 <strong>Bambou Sombre<\/strong> &#8211; Un choix \u00e9cologique qui offre une esth\u00e9tique unique et exotique.<\/li><\/ul>\n\n<p>Chaque essence est unique par ses propri\u00e9t\u00e9s, son apparence et son utilisation dans la d\u00e9coration. Les designers se laissent guider par ces caract\u00e9ristiques pour cr\u00e9er des ambiances vari\u00e9es. Par exemple, un meuble en <strong>c\u00e8dre profond<\/strong> peut apporter une odeur bois\u00e9e rien qu&rsquo;en le touchant, tandis qu&rsquo;une \u00e9tag\u00e8re en <strong>eucalyptus noir<\/strong> peut transformer un mur en un v\u00e9ritable tableau vivant.<\/p>\n\n<figure class=\"wp-block-table\"><table>\n<thead>\n<tr>\n<th>Essence de Bois<\/th>\n<th>Caract\u00e9ristiques<\/th>\n<th>Utilisations Fr\u00e9quentes<\/th>\n<\/tr>\n<\/thead>\n<tbody>\n<tr>\n<td>Bois d&rsquo;\u00c9b\u00e8ne<\/td>\n<td>Tr\u00e8s dense et durable<\/td>\n<td>Mobilier haut de gamme, objets d&rsquo;art<\/td>\n<\/tr>\n<tr>\n<td>Ch\u00eane Noir<\/td>\n<td>Robuste, avec un \u00e9clat naturel<\/td>\n<td>Planchers, armoires<\/td>\n<\/tr>\n<tr>\n<td>Noir d&rsquo;Acajou<\/td>\n<td>Richesse de teinte et de texture<\/td>\n<td>Meubles, panneaux muraux<\/td>\n<\/tr>\n<tr>\n<td>Noyer Premium<\/td>\n<td>Veinage distinct, chaleureux<\/td>\n<td>Tables, meubles design<\/td>\n<\/tr>\n<tr>\n<td>Bambou Sombre<\/td>\n<td>L\u00e9ger mais r\u00e9sistant<\/td>\n<td>D\u00e9corations, meubles contemporains<\/td>\n<\/tr>\n<\/tbody>\n<\/table><\/figure>\n\n<p>\u00c0 travers ces essences, les designers r\u00e9inventent l&rsquo;esprit des espaces pour donner vie \u00e0 des ambiances \u00e0 la fois modernes et chaleureuses. Les possibilit\u00e9s d&rsquo;association sont \u00e9galement larges : du m\u00e9tal noir pour un effet industriel \u00e0 des teintes pastel pour cr\u00e9er une atmosph\u00e8re douce et accueillante. Alors, pr\u00eat \u00e0 passer au bois fonc\u00e9 ? \ud83c\udf33<\/p>\n\n<h2 class=\"wp-block-heading\">Int\u00e9gration du bois fonc\u00e9 dans diff\u00e9rents styles d\u00e9coratifs<\/h2>\n\n<p>Un des grands atouts du bois fonc\u00e9, c&rsquo;est sa capacit\u00e9 \u00e0 s\u2019int\u00e9grer facilement dans diff\u00e9rents styles d\u00e9coratifs. Qu&rsquo;il s&rsquo;agisse d&rsquo;un int\u00e9rieur contemporain, d&rsquo;un style rustique ou encore de l&rsquo;ultra-moderne, ce mat\u00e9riau sait s\u2019adapter et apporter sa riche personnalit\u00e9. Mais comment s&rsquo;assurer que chaque pi\u00e8ce de bois fonc\u00e9 trouve sa place au sein d&rsquo;un d\u00e9cor coh\u00e9rent ?<\/p>\n\n<h3 class=\"wp-block-heading\">Cr\u00e9ation d&rsquo;une atmosph\u00e8re cocooning<\/h3>\n\n<p>Pour une ambiance chaleureuse, le bois fonc\u00e9 est parfait. Imagine un salon o\u00f9 des canap\u00e9s clairs s&rsquo;alignent avec une table basse en <strong>noyer premium<\/strong> et des \u00e9l\u00e9ments d\u00e9coratifs en <strong>ch\u00eane noir<\/strong>. Cette combinaison cr\u00e9e une atmosph\u00e8re cocooning, invitant \u00e0 la d\u00e9tente et au partage. Et si l&rsquo;on ajoute quelques coussins color\u00e9s, le tour est jou\u00e9 !<\/p>\n\n<h3 class=\"wp-block-heading\">Des touches de bois fonc\u00e9 dans un style scandinave<\/h3>\n\n<p>On a souvent associ\u00e9 le style scandinave \u00e0 des teintes claires, mais ces derni\u00e8res ann\u00e9es, une tendance s&rsquo;est invers\u00e9e. Le bois noir se marie \u00e0 la perfection avec le design minimaliste scandinave. En introduisant du <strong>teck fonc\u00e9<\/strong> dans un d\u00e9cor \u00e9pur\u00e9, il est possible d\u2019installer un \u00e9quilibre agr\u00e9able entre chaleur et puret\u00e9. Vous pouvez facilement introduire quelques touches de couleur pastel sur les murs pour que le tout soit bien harmonieux.<\/p>\n\n<ul class=\"wp-block-list\"><li>\u2728 Combine avec du m\u00e9tal clair pour une touche moderne !<\/li><li>\u2728 Pense \u00e0 ajouter des plantes vertes pour rehausser le tout !<\/li><li>\u2728 Un \u00e9clairage doux mettra en valeur la beaut\u00e9 du bois fonc\u00e9 !<\/li><\/ul>\n\n<h3 class=\"wp-block-heading\">Bois fonc\u00e9 et style industriel<\/h3>\n\n<p>L&rsquo;esth\u00e9tique industrielle est une autre grande tendance qui met en valeur le bois fonc\u00e9. L&rsquo;association du m\u00e9tal brut et du bois fonc\u00e9, comme le <strong>sapin de sombre<\/strong>, cr\u00e9e un contraste \u00e9poustouflant et ajoute du caract\u00e8re \u00e0 n&rsquo;importe quel espace. Pense \u00e0 des \u00e9tag\u00e8res en bois d&rsquo;\u00e9b\u00e8ne, pos\u00e9es sur des supports en m\u00e9tal noir, une v\u00e9ritable d\u00e9claration d&rsquo;intention !<\/p>\n\n<figure class=\"wp-block-table\"><table>\n<thead>\n<tr>\n<th>Style D\u00e9co<\/th>\n<th>Marier le Bois Fonc\u00e9<\/th>\n<th>\u00c9l\u00e9ments Compl\u00e9mentaires<\/th>\n<\/tr>\n<\/thead>\n<tbody>\n<tr>\n<td>Scandinave<\/td>\n<td>Teck Fonc\u00e9<\/td>\n<td>Couleurs Pastel, M\u00e9tal Clair<\/td>\n<\/tr>\n<tr>\n<td>Industriel<\/td>\n<td>Sapin de Sombre<\/td>\n<td>M\u00e9tal Brut, B\u00e9ton<\/td>\n<\/tr>\n<tr>\n<td>Rustique<\/td>\n<td>Ch\u00eane Noir<\/td>\n<td>Textiles Naturels, Pierre<\/td>\n<\/tr>\n<tr>\n<td>Contemporain<\/td>\n<td>Noir d&rsquo;Acajou<\/td>\n<td>\u00c9clairage Designer, Art Abstrait<\/td>\n<\/tr>\n<tr>\n<td>\u00c9cologique<\/td>\n<td>Bambou Sombre<\/td>\n<td>Mat\u00e9riaux Recycl\u00e9s, Plantes Vertes<\/td>\n<\/tr>\n<\/tbody>\n<\/table><\/figure>\n\n<p>En prenant en compte ces associations et \u00e9l\u00e9ments compl\u00e9mentaires, il devient possible d\u2019imaginer des espaces riches et chaleureux, transformant une maison en un v\u00e9ritable cocon. Le bois fonc\u00e9, bien plus qu\u2019un simple choix de mat\u00e9riaux, est l\u2019essence m\u00eame d\u2019un art de vivre !<\/p>\n\n<h2 class=\"wp-block-heading\">Le bois fonc\u00e9, \u00e9coresponsabilit\u00e9 et artisanat<\/h2>\n\n<p>\u00c0 l&rsquo;heure actuelle, l&rsquo;\u00e9coresponsabilit\u00e9 est au c\u0153ur des pr\u00e9occupations des consommateurs. De plus en plus de personnes cherchent \u00e0 consommer de mani\u00e8re r\u00e9fl\u00e9chie et \u00e9thique. Les designers ont pris conscience de cette exigence et int\u00e8grent donc le <strong>bois fonc\u00e9<\/strong> dans des cr\u00e9ations qui refl\u00e8tent cette philosophie.<\/p>\n\n<h3 class=\"wp-block-heading\">Des choix responsables pour une d\u00e9coration au caract\u00e8re affirm\u00e9<\/h3>\n\n<p>Choisir du bois, c&rsquo;est avant tout orienter son int\u00e9rieur vers une ambiance naturelle et chaleureuse. Cependant, il est essentiel de privil\u00e9gier les ressources durables. Voici quelques conseils pour choisir un bois fonc\u00e9 \u00e9coresponsable :<\/p>\n\n<ul class=\"wp-block-list\"><li>\ud83c\udf31 Opter pour des bois certifi\u00e9s FSC ou PEFC pour une gestion foresti\u00e8re responsable.<\/li><li>\ud83c\udf31 Privil\u00e9gier le bois recycl\u00e9 pour des \u00e9l\u00e9ments de d\u00e9coration uniques.<\/li><li>\ud83c\udf31 Soutenir les artisans locaux qui proposent du mobilier sur mesure en bois fonc\u00e9.<\/li><\/ul>\n\n<h3 class=\"wp-block-heading\">Artisanat et savoir-faire local<\/h3>\n\n<p>Le retour vers des cr\u00e9ations artisanales a \u00e9galement fait un grand bond. De nombreux designers s&rsquo;attachent \u00e0 retrouver des techniques de travail du bois ancestrales, ce qui permet de mettre en valeur les propri\u00e9t\u00e9s uniques de chaque essence, comme le <strong>c\u00e8dre profond<\/strong> ou le <strong>bambou sombre<\/strong>. Les cr\u00e9ations sur mesure, comme celles d\u00e9crites dans cet article sur <a href=\"http:\/\/www.habitat-design.net\/blog\/escalier-en-bois-sur-mesure\/\">les escaliers en bois sur mesure<\/a>, prennent ainsi vie, pr\u00e9servant la qualit\u00e9 du bois utilis\u00e9 tout en garantissant une esth\u00e9tique moderne.<\/p>\n\n<figure class=\"wp-block-table\"><table>\n<thead>\n<tr>\n<th>\u00c9l\u00e9ment<\/th>\n<th>Caract\u00e9ristique<\/th>\n<th>Type de Bois<\/th>\n<\/tr>\n<\/thead>\n<tbody>\n<tr>\n<td>Mobilier Personnalis\u00e9<\/td>\n<td>Unique, adapt\u00e9 \u00e0 chaque espace<\/td>\n<td>Noir d&rsquo;Acajou<\/td>\n<\/tr>\n<tr>\n<td>D\u00e9corations Murales<\/td>\n<td>Textur\u00e9 et naturel<\/td>\n<td>Merisier Noir<\/td>\n<\/tr>\n<tr>\n<td>Accessoires de Table<\/td>\n<td>\u00c9sth\u00e9tiques et pratiques<\/td>\n<td>Sapin de Sombre<\/td>\n<\/tr>\n<tr>\n<td>\u00c9tag\u00e8res<\/td>\n<td>Esth\u00e9tique moderne<\/td>\n<td>C\u00e8dre Profond<\/td>\n<\/tr>\n<tr>\n<td>\u00c9clairages en Bois<\/td>\n<td>Chaleureux et apaisants<\/td>\n<td>Eucalyptus Noir<\/td>\n<\/tr>\n<\/tbody>\n<\/table><\/figure>\n\n<p>Opter pour des produits \u00e9coresponsables permet d\u2019apporter un vrai caract\u00e8re \u00e0 une d\u00e9coration tout en respectant la plan\u00e8te. Le bois fonc\u00e9 est ainsi le symbole d&rsquo;un choix esth\u00e9tique r\u00e9fl\u00e9chissant les valeurs de chacun.<\/p>\n\n<h2 class=\"wp-block-heading\">Des id\u00e9es cr\u00e9atives pour utiliser le bois fonc\u00e9 dans chaque pi\u00e8ce<\/h2>\n\n<p>La polyvalence du bois fonc\u00e9 offre d&rsquo;innombrables possibilit\u00e9s pour animer chaque pi\u00e8ce de la maison. Que ce soit pour le salon, la chambre ou m\u00eame la salle de bain, le bois fonc\u00e9 ne demande qu&rsquo;\u00e0 \u00eatre mis en valeur.<\/p>\n\n<h3 class=\"wp-block-heading\">Salon : une pi\u00e8ce au caract\u00e8re affirm\u00e9<\/h3>\n\n<p>Dans le salon, le bois fonc\u00e9 peut jouer le r\u00f4le principal. Pense \u00e0 un grand canap\u00e9 clair associ\u00e9 \u00e0 une table basse en <strong>noyer premium<\/strong>. Pour les accessoires, des coussins et des plaids viennent rehausser le tout. Le m\u00e9lange de teintes claires et fonc\u00e9es cr\u00e9e une harmonie parfaite.<\/p>\n\n<h3 class=\"wp-block-heading\">Chambre : un cocon apaisant<\/h3>\n\n<p>Pour une chambre chaleureuse, un lit en <strong>ch\u00eane noir<\/strong> apportera imm\u00e9diatement un charme intemporel. N&rsquo;oublie pas les accessoires color\u00e9s pour briser la monotonie. Un mobilier en bois fonc\u00e9 ajoutera une touche \u00e9l\u00e9gante et reposante.<\/p>\n\n<h3 class=\"wp-block-heading\">Salle de bain : romantisme et authenticit\u00e9<\/h3>\n\n<p>L&rsquo;originalit\u00e9 peut \u00e9galement se glisser dans la salle de bain. Imagine un meuble sous vasque en <strong>bambou sombre<\/strong> ou un miroir en <strong>c\u00e8dre profond<\/strong>. C&rsquo;est l&rsquo;endroit id\u00e9al pour laisser s&rsquo;exprimer son go\u00fbt pour le design et installer une ambiance \u00e0 la fois \u00e9pur\u00e9e et \u00e9l\u00e9gante.<\/p>\n\n<ul class=\"wp-block-list\"><li>\ud83d\udecb\ufe0f <strong>Salon:<\/strong> M\u00e9langer les teintes pour cr\u00e9er un espace accueillant.<\/li><li>\ud83d\udecf\ufe0f <strong>Chambre:<\/strong> \u00c9quilibrer avec des couleurs vives pour \u00e9viter le trop sombre.<\/li><li>\ud83d\udec1 <strong>Salle de bain:<\/strong> Utiliser des mat\u00e9riaux naturels pour l\u2019authenticit\u00e9.<\/li><\/ul>\n\n<figure class=\"wp-block-table\"><table>\n<thead>\n<tr>\n<th>Pi\u00e8ce<\/th>\n<th>\u00c9l\u00e9ments en Bois Fonc\u00e9<\/th>\n<th>Astuce D\u00e9co<\/th>\n<\/tr>\n<\/thead>\n<tbody>\n<tr>\n<td>Salon<\/td>\n<td>Table Basse en Noyer<\/td>\n<td>Jouer sur les textures !<\/td>\n<\/tr>\n<tr>\n<td>Chambre<\/td>\n<td>Lit en Ch\u00eane Noir<\/td>\n<td>\u00c9quilibrer avec des pastels<\/td>\n<\/tr>\n<tr>\n<td>Salle de Bain<\/td>\n<td>Meuble en Bambou Sombre<\/td>\n<td>Accessoiriser avec du m\u00e9tal<\/td>\n<\/tr>\n<\/tbody>\n<\/table><\/figure>\n\n<p>Le bois fonc\u00e9, lorsqu&rsquo;il est utilis\u00e9 intelligemment, transforme chaque pi\u00e8ce en une \u0153uvre d&rsquo;art vivante. Alors, ose les m\u00e9langes, les textures et joue avec les volumes pour donner corps \u00e0 ta cr\u00e9ativit\u00e9 ! \ud83c\udfa8<\/p>\n\n<h2 class=\"wp-block-heading\">FAQ sur le bois fonc\u00e9 en d\u00e9coration int\u00e9rieure<\/h2>\n\n<p><strong>Quels sont les avantages du bois fonc\u00e9 dans la d\u00e9coration ?<\/strong><\/p>\n\n<p>Le bois fonc\u00e9 apporte une atmosph\u00e8re chaleureuse, sophistiqu\u00e9e et authentique \u00e0 un int\u00e9rieur. Sa vari\u00e9t\u00e9 d&rsquo;essences permet d&rsquo;adapter chaque choix d\u00e9coratif selon le style souhait\u00e9.<\/p>\n\n<p><strong>Comment entretenir les meubles en bois fonc\u00e9 ?<\/strong><\/p>\n\n<p>Pour les entretenir, il est recommand\u00e9 d&rsquo;utiliser un chiffon doux et un produit d&rsquo;entretien sp\u00e9cifique pour le bois. \u00c9viter l&rsquo;eau directement pour ne pas d\u00e9t\u00e9riorer les surfaces.<\/p>\n\n<p><strong>Le bois fonc\u00e9 peut-il \u00eatre utilis\u00e9 de mani\u00e8re \u00e9coresponsable ?<\/strong><\/p>\n\n<p>Oui ! En choisissant des essences certifi\u00e9es, recycl\u00e9es ou provenant de sources durables, il est tout \u00e0 fait possible de l&rsquo;int\u00e9grer de fa\u00e7on \u00e9coresponsable.<\/p>\n\n<p><strong>Quelles couleurs s&rsquo;associent bien avec le bois fonc\u00e9 ?<\/strong><\/p>\n\n<p>Les couleurs pastel, les teintes neutres et m\u00eame quelques touches de m\u00e9tal peuvent souligner la beaut\u00e9 du bois fonc\u00e9 tout en \u00e9quilibrant les espaces.<\/p>\n\n<p><strong>Le bois fonc\u00e9 est-il adapt\u00e9 \u00e0 tous les styles ?<\/strong><\/p>\n\n<p>Totalement ! Il s&rsquo;adapte \u00e0 de nombreux styles, qu&rsquo;ils soient modernes, industriels, rustiques ou m\u00eame scandinaves.<\/p>\n\n","protected":false},"excerpt":{"rendered":"<p>Explore l&rsquo;univers fascinant du bois fonc\u00e9, qui devient la star incontest\u00e9e de l&rsquo;\u00e9l\u00e9gance int\u00e9rieure et s\u00e9duit les designers du monde entier. Cette tendance flamboyante s&rsquo;inscrit dans un d\u00e9sir croissant de se reconnecter \u00e0 des mat\u00e9riaux authentiques, chaleureux et empreints de caract\u00e8re. \u00c0 travers cet article, d\u00e9couvre comment le bois fonc\u00e9 fait son grand retour sur &#8230; <a title=\"Le bois fonc\u00e9 : l&rsquo;engouement des designers pour une d\u00e9coration au caract\u00e8re affirm\u00e9\" class=\"read-more\" href=\"http:\/\/www.habitat-design.net\/blog\/bois-fonce-decoration-design\/\" aria-label=\"En savoir plus sur Le bois fonc\u00e9 : l&rsquo;engouement des designers pour une d\u00e9coration au caract\u00e8re affirm\u00e9\">Lire plus<\/a><\/p>\n","protected":false},"author":1,"featured_media":1443,"comment_status":"","ping_status":"","sticky":false,"template":"","format":"standard","meta":{"footnotes":""},"categories":[1],"tags":[174,176,47,175,104],"class_list":["post-1444","post","type-post","status-publish","format-standard","has-post-thumbnail","hentry","category-maison","tag-bois-fonce","tag-caractere-affirme","tag-decoration-interieure","tag-design-contemporain","tag-tendances-deco"],"yoast_head":"<!-- This site is optimized with the Yoast SEO plugin v26.8 - https:\/\/yoast.com\/product\/yoast-seo-wordpress\/ -->\n<title>Le bois fonc\u00e9 : la tendance d\u00e9co qui affirme votre style<\/title>\n<meta name=\"description\" content=\"D\u00e9couvrez comment le bois fonc\u00e9 r\u00e9volutionne la d\u00e9coration int\u00e9rieure avec un caract\u00e8re affirm\u00e9. Explorez les tendances actuelles et le choix des designers pour cr\u00e9er des espaces \u00e9l\u00e9gants et intemporels gr\u00e2ce \u00e0 ce mat\u00e9riau chaleureux et unique.\" \/>\n<meta name=\"robots\" content=\"index, follow, max-snippet:-1, max-image-preview:large, max-video-preview:-1\" \/>\n<link rel=\"canonical\" href=\"http:\/\/www.habitat-design.net\/blog\/bois-fonce-decoration-design\/\" \/>\n<meta property=\"og:locale\" content=\"fr_FR\" \/>\n<meta property=\"og:type\" content=\"article\" \/>\n<meta property=\"og:title\" content=\"Le bois fonc\u00e9 : la tendance d\u00e9co qui affirme votre style\" \/>\n<meta property=\"og:description\" content=\"D\u00e9couvrez comment le bois fonc\u00e9 r\u00e9volutionne la d\u00e9coration int\u00e9rieure avec un caract\u00e8re affirm\u00e9. Explorez les tendances actuelles et le choix des designers pour cr\u00e9er des espaces \u00e9l\u00e9gants et intemporels gr\u00e2ce \u00e0 ce mat\u00e9riau chaleureux et unique.\" \/>\n<meta property=\"og:url\" content=\"http:\/\/www.habitat-design.net\/blog\/bois-fonce-decoration-design\/\" \/>\n<meta property=\"article:published_time\" content=\"2025-05-05T07:04:17+00:00\" \/>\n<meta property=\"og:image\" content=\"http:\/\/www.habitat-design.net\/blog\/wp-content\/uploads\/2025\/05\/Le-bois-fonce-lengouement-des-designers-pour-une-decoration-au-caractere-affirme.jpg\" \/>\n\t<meta property=\"og:image:width\" content=\"1344\" \/>\n\t<meta property=\"og:image:height\" content=\"768\" \/>\n\t<meta property=\"og:image:type\" content=\"image\/jpeg\" \/>\n<meta name=\"author\" content=\"Julien Laurent\" \/>\n<meta name=\"twitter:card\" content=\"summary_large_image\" \/>\n<meta name=\"twitter:label1\" content=\"\u00c9crit par\" \/>\n\t<meta name=\"twitter:data1\" content=\"Julien Laurent\" \/>\n\t<meta name=\"twitter:label2\" content=\"Dur\u00e9e de lecture estim\u00e9e\" \/>\n\t<meta name=\"twitter:data2\" content=\"9 minutes\" \/>\n<script type=\"application\/ld+json\" class=\"yoast-schema-graph\">{\"@context\":\"https:\/\/schema.org\",\"@graph\":[{\"@type\":\"Article\",\"@id\":\"http:\/\/www.habitat-design.net\/blog\/bois-fonce-decoration-design\/#article\",\"isPartOf\":{\"@id\":\"http:\/\/www.habitat-design.net\/blog\/bois-fonce-decoration-design\/\"},\"author\":{\"name\":\"Julien Laurent\",\"@id\":\"https:\/\/www.habitat-design.net\/blog\/#\/schema\/person\/f81363ecfab7ff0bfb976328793ce2e5\"},\"headline\":\"Le bois fonc\u00e9 : l&rsquo;engouement des designers pour une d\u00e9coration au caract\u00e8re affirm\u00e9\",\"datePublished\":\"2025-05-05T07:04:17+00:00\",\"mainEntityOfPage\":{\"@id\":\"http:\/\/www.habitat-design.net\/blog\/bois-fonce-decoration-design\/\"},\"wordCount\":1857,\"image\":{\"@id\":\"http:\/\/www.habitat-design.net\/blog\/bois-fonce-decoration-design\/#primaryimage\"},\"thumbnailUrl\":\"http:\/\/www.habitat-design.net\/blog\/wp-content\/uploads\/2025\/05\/Le-bois-fonce-lengouement-des-designers-pour-une-decoration-au-caractere-affirme.jpg\",\"keywords\":[\"bois fonc\u00e9\",\"caract\u00e8re affirm\u00e9\",\"d\u00e9coration int\u00e9rieure\",\"design contemporain\",\"tendances d\u00e9co\"],\"articleSection\":[\"Maison &amp; d\u00e9coration\"],\"inLanguage\":\"fr-FR\"},{\"@type\":\"WebPage\",\"@id\":\"http:\/\/www.habitat-design.net\/blog\/bois-fonce-decoration-design\/\",\"url\":\"http:\/\/www.habitat-design.net\/blog\/bois-fonce-decoration-design\/\",\"name\":\"Le bois fonc\u00e9 : la tendance d\u00e9co qui affirme votre style\",\"isPartOf\":{\"@id\":\"https:\/\/www.habitat-design.net\/blog\/#website\"},\"primaryImageOfPage\":{\"@id\":\"http:\/\/www.habitat-design.net\/blog\/bois-fonce-decoration-design\/#primaryimage\"},\"image\":{\"@id\":\"http:\/\/www.habitat-design.net\/blog\/bois-fonce-decoration-design\/#primaryimage\"},\"thumbnailUrl\":\"http:\/\/www.habitat-design.net\/blog\/wp-content\/uploads\/2025\/05\/Le-bois-fonce-lengouement-des-designers-pour-une-decoration-au-caractere-affirme.jpg\",\"datePublished\":\"2025-05-05T07:04:17+00:00\",\"author\":{\"@id\":\"https:\/\/www.habitat-design.net\/blog\/#\/schema\/person\/f81363ecfab7ff0bfb976328793ce2e5\"},\"description\":\"D\u00e9couvrez comment le bois fonc\u00e9 r\u00e9volutionne la d\u00e9coration int\u00e9rieure avec un caract\u00e8re affirm\u00e9. Explorez les tendances actuelles et le choix des designers pour cr\u00e9er des espaces \u00e9l\u00e9gants et intemporels gr\u00e2ce \u00e0 ce mat\u00e9riau chaleureux et unique.\",\"breadcrumb\":{\"@id\":\"http:\/\/www.habitat-design.net\/blog\/bois-fonce-decoration-design\/#breadcrumb\"},\"inLanguage\":\"fr-FR\",\"potentialAction\":[{\"@type\":\"ReadAction\",\"target\":[\"http:\/\/www.habitat-design.net\/blog\/bois-fonce-decoration-design\/\"]}]},{\"@type\":\"ImageObject\",\"inLanguage\":\"fr-FR\",\"@id\":\"http:\/\/www.habitat-design.net\/blog\/bois-fonce-decoration-design\/#primaryimage\",\"url\":\"http:\/\/www.habitat-design.net\/blog\/wp-content\/uploads\/2025\/05\/Le-bois-fonce-lengouement-des-designers-pour-une-decoration-au-caractere-affirme.jpg\",\"contentUrl\":\"http:\/\/www.habitat-design.net\/blog\/wp-content\/uploads\/2025\/05\/Le-bois-fonce-lengouement-des-designers-pour-une-decoration-au-caractere-affirme.jpg\",\"width\":1344,\"height\":768,\"caption\":\"d\u00e9couvrez comment le bois fonc\u00e9 s'impose dans les tendances d\u00e9coratives actuelles, s\u00e9duisant les designers par son caract\u00e8re marqu\u00e9 et son \u00e9l\u00e9gance intemporelle. explorez les conseils pour l'int\u00e9grer dans votre int\u00e9rieur et apporter chaleur et sophistication \u00e0 votre espace.\"},{\"@type\":\"BreadcrumbList\",\"@id\":\"http:\/\/www.habitat-design.net\/blog\/bois-fonce-decoration-design\/#breadcrumb\",\"itemListElement\":[{\"@type\":\"ListItem\",\"position\":1,\"name\":\"Accueil\",\"item\":\"https:\/\/www.habitat-design.net\/blog\/\"},{\"@type\":\"ListItem\",\"position\":2,\"name\":\"Le bois fonc\u00e9 : l&rsquo;engouement des designers pour une d\u00e9coration au caract\u00e8re affirm\u00e9\"}]},{\"@type\":\"WebSite\",\"@id\":\"https:\/\/www.habitat-design.net\/blog\/#website\",\"url\":\"https:\/\/www.habitat-design.net\/blog\/\",\"name\":\"\",\"description\":\"\",\"potentialAction\":[{\"@type\":\"SearchAction\",\"target\":{\"@type\":\"EntryPoint\",\"urlTemplate\":\"https:\/\/www.habitat-design.net\/blog\/?s={search_term_string}\"},\"query-input\":{\"@type\":\"PropertyValueSpecification\",\"valueRequired\":true,\"valueName\":\"search_term_string\"}}],\"inLanguage\":\"fr-FR\"},{\"@type\":\"Person\",\"@id\":\"https:\/\/www.habitat-design.net\/blog\/#\/schema\/person\/f81363ecfab7ff0bfb976328793ce2e5\",\"name\":\"Julien Laurent\",\"image\":{\"@type\":\"ImageObject\",\"inLanguage\":\"fr-FR\",\"@id\":\"https:\/\/www.habitat-design.net\/blog\/#\/schema\/person\/image\/\",\"url\":\"https:\/\/secure.gravatar.com\/avatar\/36c5f08b15b2f828b41156cb6e69b449?s=96&d=mm&r=g\",\"contentUrl\":\"https:\/\/secure.gravatar.com\/avatar\/36c5f08b15b2f828b41156cb6e69b449?s=96&d=mm&r=g\",\"caption\":\"Julien Laurent\"},\"description\":\"Julien Laurent est un blogueur passionn\u00e9 par le domaine de la d\u00e9coration int\u00e9rieure et du design. Avec un dipl\u00f4me en design d'int\u00e9rieur et plusieurs ann\u00e9es d'exp\u00e9rience en tant que d\u00e9corateur, il partage des conseils pratiques pour embellir et optimiser les espaces de vie. Ses articles inspirants et informatifs visent \u00e0 aider ses lecteurs \u00e0 cr\u00e9er des int\u00e9rieurs harmonieux et esth\u00e9tiques, refl\u00e9tant leur personnalit\u00e9 et leur style.\",\"sameAs\":[\"http:\/\/www.habitat-design.net\/blog\"],\"url\":\"http:\/\/www.habitat-design.net\/blog\/author\/contacthabitat-design-net\/\"}]}<\/script>\n<!-- \/ Yoast SEO plugin. -->","yoast_head_json":{"title":"Le bois fonc\u00e9 : la tendance d\u00e9co qui affirme votre style","description":"D\u00e9couvrez comment le bois fonc\u00e9 r\u00e9volutionne la d\u00e9coration int\u00e9rieure avec un caract\u00e8re affirm\u00e9. Explorez les tendances actuelles et le choix des designers pour cr\u00e9er des espaces \u00e9l\u00e9gants et intemporels gr\u00e2ce \u00e0 ce mat\u00e9riau chaleureux et unique.","robots":{"index":"index","follow":"follow","max-snippet":"max-snippet:-1","max-image-preview":"max-image-preview:large","max-video-preview":"max-video-preview:-1"},"canonical":"http:\/\/www.habitat-design.net\/blog\/bois-fonce-decoration-design\/","og_locale":"fr_FR","og_type":"article","og_title":"Le bois fonc\u00e9 : la tendance d\u00e9co qui affirme votre style","og_description":"D\u00e9couvrez comment le bois fonc\u00e9 r\u00e9volutionne la d\u00e9coration int\u00e9rieure avec un caract\u00e8re affirm\u00e9. Explorez les tendances actuelles et le choix des designers pour cr\u00e9er des espaces \u00e9l\u00e9gants et intemporels gr\u00e2ce \u00e0 ce mat\u00e9riau chaleureux et unique.","og_url":"http:\/\/www.habitat-design.net\/blog\/bois-fonce-decoration-design\/","article_published_time":"2025-05-05T07:04:17+00:00","og_image":[{"width":1344,"height":768,"url":"http:\/\/www.habitat-design.net\/blog\/wp-content\/uploads\/2025\/05\/Le-bois-fonce-lengouement-des-designers-pour-une-decoration-au-caractere-affirme.jpg","type":"image\/jpeg"}],"author":"Julien Laurent","twitter_card":"summary_large_image","twitter_misc":{"\u00c9crit par":"Julien Laurent","Dur\u00e9e de lecture estim\u00e9e":"9 minutes"},"schema":{"@context":"https:\/\/schema.org","@graph":[{"@type":"Article","@id":"http:\/\/www.habitat-design.net\/blog\/bois-fonce-decoration-design\/#article","isPartOf":{"@id":"http:\/\/www.habitat-design.net\/blog\/bois-fonce-decoration-design\/"},"author":{"name":"Julien Laurent","@id":"https:\/\/www.habitat-design.net\/blog\/#\/schema\/person\/f81363ecfab7ff0bfb976328793ce2e5"},"headline":"Le bois fonc\u00e9 : l&rsquo;engouement des designers pour une d\u00e9coration au caract\u00e8re affirm\u00e9","datePublished":"2025-05-05T07:04:17+00:00","mainEntityOfPage":{"@id":"http:\/\/www.habitat-design.net\/blog\/bois-fonce-decoration-design\/"},"wordCount":1857,"image":{"@id":"http:\/\/www.habitat-design.net\/blog\/bois-fonce-decoration-design\/#primaryimage"},"thumbnailUrl":"http:\/\/www.habitat-design.net\/blog\/wp-content\/uploads\/2025\/05\/Le-bois-fonce-lengouement-des-designers-pour-une-decoration-au-caractere-affirme.jpg","keywords":["bois fonc\u00e9","caract\u00e8re affirm\u00e9","d\u00e9coration int\u00e9rieure","design contemporain","tendances d\u00e9co"],"articleSection":["Maison &amp; d\u00e9coration"],"inLanguage":"fr-FR"},{"@type":"WebPage","@id":"http:\/\/www.habitat-design.net\/blog\/bois-fonce-decoration-design\/","url":"http:\/\/www.habitat-design.net\/blog\/bois-fonce-decoration-design\/","name":"Le bois fonc\u00e9 : la tendance d\u00e9co qui affirme votre style","isPartOf":{"@id":"https:\/\/www.habitat-design.net\/blog\/#website"},"primaryImageOfPage":{"@id":"http:\/\/www.habitat-design.net\/blog\/bois-fonce-decoration-design\/#primaryimage"},"image":{"@id":"http:\/\/www.habitat-design.net\/blog\/bois-fonce-decoration-design\/#primaryimage"},"thumbnailUrl":"http:\/\/www.habitat-design.net\/blog\/wp-content\/uploads\/2025\/05\/Le-bois-fonce-lengouement-des-designers-pour-une-decoration-au-caractere-affirme.jpg","datePublished":"2025-05-05T07:04:17+00:00","author":{"@id":"https:\/\/www.habitat-design.net\/blog\/#\/schema\/person\/f81363ecfab7ff0bfb976328793ce2e5"},"description":"D\u00e9couvrez comment le bois fonc\u00e9 r\u00e9volutionne la d\u00e9coration int\u00e9rieure avec un caract\u00e8re affirm\u00e9. Explorez les tendances actuelles et le choix des designers pour cr\u00e9er des espaces \u00e9l\u00e9gants et intemporels gr\u00e2ce \u00e0 ce mat\u00e9riau chaleureux et unique.","breadcrumb":{"@id":"http:\/\/www.habitat-design.net\/blog\/bois-fonce-decoration-design\/#breadcrumb"},"inLanguage":"fr-FR","potentialAction":[{"@type":"ReadAction","target":["http:\/\/www.habitat-design.net\/blog\/bois-fonce-decoration-design\/"]}]},{"@type":"ImageObject","inLanguage":"fr-FR","@id":"http:\/\/www.habitat-design.net\/blog\/bois-fonce-decoration-design\/#primaryimage","url":"http:\/\/www.habitat-design.net\/blog\/wp-content\/uploads\/2025\/05\/Le-bois-fonce-lengouement-des-designers-pour-une-decoration-au-caractere-affirme.jpg","contentUrl":"http:\/\/www.habitat-design.net\/blog\/wp-content\/uploads\/2025\/05\/Le-bois-fonce-lengouement-des-designers-pour-une-decoration-au-caractere-affirme.jpg","width":1344,"height":768,"caption":"d\u00e9couvrez comment le bois fonc\u00e9 s'impose dans les tendances d\u00e9coratives actuelles, s\u00e9duisant les designers par son caract\u00e8re marqu\u00e9 et son \u00e9l\u00e9gance intemporelle. explorez les conseils pour l'int\u00e9grer dans votre int\u00e9rieur et apporter chaleur et sophistication \u00e0 votre espace."},{"@type":"BreadcrumbList","@id":"http:\/\/www.habitat-design.net\/blog\/bois-fonce-decoration-design\/#breadcrumb","itemListElement":[{"@type":"ListItem","position":1,"name":"Accueil","item":"https:\/\/www.habitat-design.net\/blog\/"},{"@type":"ListItem","position":2,"name":"Le bois fonc\u00e9 : l&rsquo;engouement des designers pour une d\u00e9coration au caract\u00e8re affirm\u00e9"}]},{"@type":"WebSite","@id":"https:\/\/www.habitat-design.net\/blog\/#website","url":"https:\/\/www.habitat-design.net\/blog\/","name":"","description":"","potentialAction":[{"@type":"SearchAction","target":{"@type":"EntryPoint","urlTemplate":"https:\/\/www.habitat-design.net\/blog\/?s={search_term_string}"},"query-input":{"@type":"PropertyValueSpecification","valueRequired":true,"valueName":"search_term_string"}}],"inLanguage":"fr-FR"},{"@type":"Person","@id":"https:\/\/www.habitat-design.net\/blog\/#\/schema\/person\/f81363ecfab7ff0bfb976328793ce2e5","name":"Julien Laurent","image":{"@type":"ImageObject","inLanguage":"fr-FR","@id":"https:\/\/www.habitat-design.net\/blog\/#\/schema\/person\/image\/","url":"https:\/\/secure.gravatar.com\/avatar\/36c5f08b15b2f828b41156cb6e69b449?s=96&d=mm&r=g","contentUrl":"https:\/\/secure.gravatar.com\/avatar\/36c5f08b15b2f828b41156cb6e69b449?s=96&d=mm&r=g","caption":"Julien Laurent"},"description":"Julien Laurent est un blogueur passionn\u00e9 par le domaine de la d\u00e9coration int\u00e9rieure et du design. Avec un dipl\u00f4me en design d'int\u00e9rieur et plusieurs ann\u00e9es d'exp\u00e9rience en tant que d\u00e9corateur, il partage des conseils pratiques pour embellir et optimiser les espaces de vie. Ses articles inspirants et informatifs visent \u00e0 aider ses lecteurs \u00e0 cr\u00e9er des int\u00e9rieurs harmonieux et esth\u00e9tiques, refl\u00e9tant leur personnalit\u00e9 et leur style.","sameAs":["http:\/\/www.habitat-design.net\/blog"],"url":"http:\/\/www.habitat-design.net\/blog\/author\/contacthabitat-design-net\/"}]}},"views":77,"_links":{"self":[{"href":"http:\/\/www.habitat-design.net\/blog\/wp-json\/wp\/v2\/posts\/1444","targetHints":{"allow":["GET"]}}],"collection":[{"href":"http:\/\/www.habitat-design.net\/blog\/wp-json\/wp\/v2\/posts"}],"about":[{"href":"http:\/\/www.habitat-design.net\/blog\/wp-json\/wp\/v2\/types\/post"}],"author":[{"embeddable":true,"href":"http:\/\/www.habitat-design.net\/blog\/wp-json\/wp\/v2\/users\/1"}],"replies":[{"embeddable":true,"href":"http:\/\/www.habitat-design.net\/blog\/wp-json\/wp\/v2\/comments?post=1444"}],"version-history":[{"count":0,"href":"http:\/\/www.habitat-design.net\/blog\/wp-json\/wp\/v2\/posts\/1444\/revisions"}],"wp:featuredmedia":[{"embeddable":true,"href":"http:\/\/www.habitat-design.net\/blog\/wp-json\/wp\/v2\/media\/1443"}],"wp:attachment":[{"href":"http:\/\/www.habitat-design.net\/blog\/wp-json\/wp\/v2\/media?parent=1444"}],"wp:term":[{"taxonomy":"category","embeddable":true,"href":"http:\/\/www.habitat-design.net\/blog\/wp-json\/wp\/v2\/categories?post=1444"},{"taxonomy":"post_tag","embeddable":true,"href":"http:\/\/www.habitat-design.net\/blog\/wp-json\/wp\/v2\/tags?post=1444"}],"curies":[{"name":"wp","href":"https:\/\/api.w.org\/{rel}","templated":true}]}}