
{"id":1442,"date":"2025-05-04T09:02:02","date_gmt":"2025-05-04T07:02:02","guid":{"rendered":"https:\/\/www.habitat-design.net\/blog\/fermeture-bouchara-soissons\/"},"modified":"2025-05-04T09:02:02","modified_gmt":"2025-05-04T07:02:02","slug":"fermeture-bouchara-soissons","status":"publish","type":"post","link":"http:\/\/www.habitat-design.net\/blog\/fermeture-bouchara-soissons\/","title":{"rendered":"La boutique de d\u00e9coration Bouchara \u00e0 Soissons annoncera sa fermeture d\u00e9finitive fin juin 2025"},"content":{"rendered":"<p>La triste nouvelle est tomb\u00e9e : la boutique de d\u00e9coration <strong>Bouchara<\/strong>, install\u00e9e \u00e0 <strong>Soissons<\/strong>, va fermer d\u00e9finitivement ses portes \u00e0 la fin de juin <strong>2025<\/strong>. C&rsquo;est un vrai coup dur pour les amateurs de <strong>d\u00e9coration<\/strong> et ceux en qu\u00eate d&rsquo;<strong>accessoires<\/strong> tendance pour embellir leur <strong>maison<\/strong>. Depuis son arriv\u00e9e dans la ville, l&rsquo;enseigne a su marquer les esprits avec son style unique et ses produits inspirants. Alors, que s&rsquo;est-il pass\u00e9 pour que cette boutique embl\u00e9matique tire sa r\u00e9v\u00e9rence ? D\u00e9couvrons les coulisses de cette fermeture annonc\u00e9e.<\/p>\n\n<h2 class=\"wp-block-heading\">Les raisons derri\u00e8re la fermeture de Bouchara \u00e0 Soissons<\/h2>\n\n<p>La raison principale qui pousse la boutique <strong>Bouchara<\/strong> \u00e0 fermer ses portes se situe dans un ensemble de facteurs \u00e9conomiques et strat\u00e9giques. Bien que les d\u00e9tails exacts restent flous, il devient \u00e9vident que le march\u00e9 de la <strong>d\u00e9coration<\/strong> subit des transformations radicales. La croissance de l&rsquo;e-commerce, par exemple, a red\u00e9fini la fa\u00e7on dont les consommateurs ach\u00e8tent des produits pour leur <strong>int\u00e9rieur<\/strong>.<\/p>\n\n<h3 class=\"wp-block-heading\">L&rsquo;impact du e-commerce sur les magasins physiques<\/h3>\n\n<p>Les tendances actuelles montrent une migration significative vers l&rsquo;achat en ligne. Les consommateurs, en qu\u00eate de prix comp\u00e9titifs et de commodit\u00e9, passent de moins en moins de temps dans les magasins physiques. <strong>Bouchara<\/strong> n\u2019a pas \u00e9chapp\u00e9 \u00e0 cette r\u00e9alit\u00e9. Voici quelques observations :<\/p>\n\n<ul class=\"wp-block-list\"><li>\ud83d\udce6 Insatisfaction des clients face \u00e0 la disponibilit\u00e9 des produits en ligne.<\/li><li>\ud83d\uded2 Lenteur dans l&rsquo;adaptation aux nouveaux formats de vente.<\/li><li>\ud83d\udcb8 Co\u00fbts d&rsquo;exploitation \u00e9lev\u00e9s pour un magasin physique dans un contexte de baisse de fr\u00e9quentation.<\/li><\/ul>\n\n<p>Avec cette tendance, l&rsquo;enseigne a d\u00fb affronter des chiffres alarmants, indiquant une baisse significative de l&rsquo;afflux de clients et du chiffre d&rsquo;affaires, rendant la situation de plus en plus difficile.<\/p>\n\n<h2 class=\"wp-block-heading\">Les clients parlent de la boutique Bouchara<\/h2>\n\n<p>Une fermeture de cette ampleur n&rsquo;est jamais facile \u00e0 accepter, surtout pour ceux qui ont trouv\u00e9 leur bonheur chez <strong>Bouchara<\/strong>. Les clients semblent partager des souvenirs chaleureux de leurs visites, ce qui t\u00e9moigne de l&rsquo;attachement qu&rsquo;ils ont d\u00e9velopp\u00e9 avec l\u2019enseigne.<\/p>\n\n<h3 class=\"wp-block-heading\">T\u00e9moignages et anecdotes de clients fid\u00e8les<\/h3>\n\n<p>Les fid\u00e8les clients de la boutique actent un souvenir authentique avec des histoires uniques. Voici quelques une d\u2019elles :<\/p>\n\n<ul class=\"wp-block-list\"><li>\ud83c\udf89 Une cliente se souvient avoir trouv\u00e9 l&rsquo;ensemble de coussins parfait pour sa nouvelle <strong>maison<\/strong>, celui qui a figur\u00e9 sur toutes ses photos de famille !<\/li><li>\ud83c\udfe1 Un couple a partag\u00e9 sa joie d\u2019avoir d\u00e9cor\u00e9 leur premi\u00e8re chambre \u00e0 coucher avec les pi\u00e8ces s\u00e9lectionn\u00e9es chez Bouchara.<\/li><li>\ud83d\udc8c Des petits mots laiss\u00e9s dans les cahiers de la boutique, illustrant l&rsquo;impact \u00e9motionnel que cette boutique a eu sur les clients.<\/li><\/ul>\n\n<p>Ces r\u00e9cits refl\u00e8tent que <strong>Bouchara<\/strong> n\u2019a pas seulement \u00e9t\u00e9 un lieu d&rsquo;achat, mais un espace de vie et d&rsquo;inspiration pour de nombreux habitants de Soissons.<\/p>\n\n<h2 class=\"wp-block-heading\">La liquidation du stock : une vente \u00e0 ne pas rater<\/h2>\n\n<p>En attendant la fermeture pr\u00e9vue fin juin 2025, <strong>Bouchara<\/strong> a lanc\u00e9 une grande op\u00e9ration de liquidation. Une occasion en or pour faire le plein d&rsquo;<strong>accessoires<\/strong> et de <strong>d\u00e9coration<\/strong> \u00e0 des prix cass\u00e9s ! Pr\u00e9pare-toi \u00e0 trouver des articles uniques pour ta <strong>maison<\/strong>.<\/p>\n\n<h3 class=\"wp-block-heading\">Ce que les clients peuvent esp\u00e9rer lors de la liquidation<\/h3>\n\n<p>La liquidation du stock s\u2019accompagne de r\u00e9ductions significatives sur un large \u00e9ventail de produits. En voici un aper\u00e7u :<\/p>\n\n<figure class=\"wp-block-table\"><table>\n<thead>\n<tr>\n<th>Type de produit \ud83c\udff7\ufe0f<\/th>\n<th>Prix original \ud83d\udcb0<\/th>\n<th>Prix promotionnel \ud83d\udecd\ufe0f<\/th>\n<\/tr>\n<\/thead>\n<tbody>\n<tr>\n<td>Coussins d\u00e9coratifs<\/td>\n<td>20\u20ac<\/td>\n<td>10\u20ac<\/td>\n<\/tr>\n<tr>\n<td>Vases en c\u00e9ramique<\/td>\n<td>35\u20ac<\/td>\n<td>20\u20ac<\/td>\n<\/tr>\n<tr>\n<td>Tableaux muraux<\/td>\n<td>50\u20ac<\/td>\n<td>30\u20ac<\/td>\n<\/tr>\n<\/tbody>\n<\/table><\/figure>\n\n<p>Les bonnes affaires s\u2019annoncent nombreuses ! Il est aussi possible que certaines pi\u00e8ces, consid\u00e9r\u00e9es comme des best-sellers, partent rapidement. Alors n\u2019h\u00e9site pas \u00e0 te ruer dans le magasin pour d\u00e9nicher des p\u00e9pites !<\/p>\n\n<h2 class=\"wp-block-heading\">L&rsquo;avenir de la d\u00e9coration \u00e0 Soissons sans Bouchara<\/h2>\n\n<p>La fermeture de la boutique <strong>Bouchara<\/strong> soul\u00e8ve la question de l&rsquo;avenir du secteur de la <strong>d\u00e9coration<\/strong> \u00e0 <strong>Soissons<\/strong>. Quelle sera la suite pour les passionn\u00e9s de design et d&rsquo;ambiance int\u00e9rieure ?<\/p>\n\n<h3 class=\"wp-block-heading\">Les alternatives \u00e0 Bouchara pour les amateurs de d\u00e9coration<\/h3>\n\n<p>Dans un monde o\u00f9 les boutiques physiques se font rares, il est essentiel de se tourner vers des alternatives passionnantes :<\/p>\n\n<ul class=\"wp-block-list\"><li>\ud83d\udcbb Les plateformes en ligne pour acheter des articles de <strong>d\u00e9coration<\/strong> \u2014 parfait pour un shopping en pyjama !<\/li><li>\ud83c\udfea Les petites boutiques locales qui \u00e9mergent, apportant une touche unique \u00e0 la <strong>d\u00e9coration<\/strong>.<\/li><li>\ud83d\udd04 Les foires artisanales et march\u00e9s qui offrent des produits locaux et artisanaux \u00e0 des prix abordables.<\/li><\/ul>\n\n<p>Ces options restent bienvenues pour ceux qui souhaitent redonner vie \u00e0 leur <strong>int\u00e9rieur<\/strong> apr\u00e8s la fermeture de <strong>Bouchara<\/strong>.<\/p>\n\n<h2 class=\"wp-block-heading\">FAQ sur la fermeture de Bouchara \u00e0 Soissons<\/h2>\n\n<p>Voici quelques questions fr\u00e9quemment pos\u00e9es concernant la fermeture de la boutique <strong>Bouchara<\/strong> :<\/p>\n\n<ul class=\"wp-block-list\"><li><strong>Quelle est la date exacte de la fermeture ?<\/strong> La boutique fermera ses portes d\u00e9finitivement le 25 juin 2025.<\/li><li><strong>La liquidation commence-t-elle avant la fermeture ?<\/strong> Oui, une grande op\u00e9ration de liquidation est actuellement en cours.<\/li><li><strong>Quels types de produits sont en promotion ?<\/strong> Les clients peuvent trouver des r\u00e9ductions sur divers articles, y compris des coussins, des vases et des tableaux.<\/li><li><strong>Y a-t-il d&rsquo;autres alternatives de d\u00e9coration \u00e0 Soissons ?<\/strong> Oui, il existe plusieurs boutiques locales et plateformes en ligne pour r\u00e9pondre aux besoins en produits de <strong>d\u00e9coration<\/strong>.<\/li><\/ul>\n\n<p>Alors, qu&rsquo;attends-tu pour aller d\u00e9couvrir ou red\u00e9corer ton chez-soi ? La boutique <strong>Bouchara<\/strong> reste une page importante de l&rsquo;histoire de la <strong>d\u00e9coration<\/strong> \u00e0 <strong>Soissons<\/strong>.<\/p>\n\n","protected":false},"excerpt":{"rendered":"<p>La triste nouvelle est tomb\u00e9e : la boutique de d\u00e9coration Bouchara, install\u00e9e \u00e0 Soissons, va fermer d\u00e9finitivement ses portes \u00e0 la fin de juin 2025. C&rsquo;est un vrai coup dur pour les amateurs de d\u00e9coration et ceux en qu\u00eate d&rsquo;accessoires tendance pour embellir leur maison. Depuis son arriv\u00e9e dans la ville, l&rsquo;enseigne a su marquer &#8230; <a title=\"La boutique de d\u00e9coration Bouchara \u00e0 Soissons annoncera sa fermeture d\u00e9finitive fin juin 2025\" class=\"read-more\" href=\"http:\/\/www.habitat-design.net\/blog\/fermeture-bouchara-soissons\/\" aria-label=\"En savoir plus sur La boutique de d\u00e9coration Bouchara \u00e0 Soissons annoncera sa fermeture d\u00e9finitive fin juin 2025\">Lire plus<\/a><\/p>\n","protected":false},"author":1,"featured_media":1441,"comment_status":"","ping_status":"","sticky":false,"template":"","format":"standard","meta":{"footnotes":""},"categories":[1],"tags":[169,170,172,173,171],"class_list":["post-1442","post","type-post","status-publish","format-standard","has-post-thumbnail","hentry","category-maison","tag-bouchara","tag-boutique-de-decoration","tag-fermeture-definitive","tag-juin-2025","tag-soissons"],"yoast_head":"<!-- This site is optimized with the Yoast SEO plugin v26.8 - https:\/\/yoast.com\/product\/yoast-seo-wordpress\/ -->\n<title>La boutique Bouchara de Soissons tirera sa r\u00e9v\u00e9rence en juin 2025<\/title>\n<meta name=\"description\" content=\"D\u00e9couvrez la boutique de d\u00e9coration Bouchara \u00e0 Soissons, qui fermera d\u00e9finitivement ses portes fin juin 2025. Profitez de nos derni\u00e8res promotions et trouvez les pi\u00e8ces uniques qui feront de votre int\u00e9rieur un endroit exceptionnel. Ne manquez pas cette occasion avant notre d\u00e9part !\" \/>\n<meta name=\"robots\" content=\"index, follow, max-snippet:-1, max-image-preview:large, max-video-preview:-1\" \/>\n<link rel=\"canonical\" href=\"http:\/\/www.habitat-design.net\/blog\/fermeture-bouchara-soissons\/\" \/>\n<meta property=\"og:locale\" content=\"fr_FR\" \/>\n<meta property=\"og:type\" content=\"article\" \/>\n<meta property=\"og:title\" content=\"La boutique Bouchara de Soissons tirera sa r\u00e9v\u00e9rence en juin 2025\" \/>\n<meta property=\"og:description\" content=\"D\u00e9couvrez la boutique de d\u00e9coration Bouchara \u00e0 Soissons, qui fermera d\u00e9finitivement ses portes fin juin 2025. Profitez de nos derni\u00e8res promotions et trouvez les pi\u00e8ces uniques qui feront de votre int\u00e9rieur un endroit exceptionnel. Ne manquez pas cette occasion avant notre d\u00e9part !\" \/>\n<meta property=\"og:url\" content=\"http:\/\/www.habitat-design.net\/blog\/fermeture-bouchara-soissons\/\" \/>\n<meta property=\"article:published_time\" content=\"2025-05-04T07:02:02+00:00\" \/>\n<meta property=\"og:image\" content=\"http:\/\/www.habitat-design.net\/blog\/wp-content\/uploads\/2025\/05\/La-boutique-de-decoration-Bouchara-a-Soissons-annoncera-sa-fermeture-definitive-fin-juin-2025.jpg\" \/>\n\t<meta property=\"og:image:width\" content=\"1344\" \/>\n\t<meta property=\"og:image:height\" content=\"768\" \/>\n\t<meta property=\"og:image:type\" content=\"image\/jpeg\" \/>\n<meta name=\"author\" content=\"Julien Laurent\" \/>\n<meta name=\"twitter:card\" content=\"summary_large_image\" \/>\n<meta name=\"twitter:label1\" content=\"\u00c9crit par\" \/>\n\t<meta name=\"twitter:data1\" content=\"Julien Laurent\" \/>\n\t<meta name=\"twitter:label2\" content=\"Dur\u00e9e de lecture estim\u00e9e\" \/>\n\t<meta name=\"twitter:data2\" content=\"4 minutes\" \/>\n<script type=\"application\/ld+json\" class=\"yoast-schema-graph\">{\"@context\":\"https:\/\/schema.org\",\"@graph\":[{\"@type\":\"Article\",\"@id\":\"http:\/\/www.habitat-design.net\/blog\/fermeture-bouchara-soissons\/#article\",\"isPartOf\":{\"@id\":\"http:\/\/www.habitat-design.net\/blog\/fermeture-bouchara-soissons\/\"},\"author\":{\"name\":\"Julien Laurent\",\"@id\":\"https:\/\/www.habitat-design.net\/blog\/#\/schema\/person\/f81363ecfab7ff0bfb976328793ce2e5\"},\"headline\":\"La boutique de d\u00e9coration Bouchara \u00e0 Soissons annoncera sa fermeture d\u00e9finitive fin juin 2025\",\"datePublished\":\"2025-05-04T07:02:02+00:00\",\"mainEntityOfPage\":{\"@id\":\"http:\/\/www.habitat-design.net\/blog\/fermeture-bouchara-soissons\/\"},\"wordCount\":881,\"image\":{\"@id\":\"http:\/\/www.habitat-design.net\/blog\/fermeture-bouchara-soissons\/#primaryimage\"},\"thumbnailUrl\":\"http:\/\/www.habitat-design.net\/blog\/wp-content\/uploads\/2025\/05\/La-boutique-de-decoration-Bouchara-a-Soissons-annoncera-sa-fermeture-definitive-fin-juin-2025.jpg\",\"keywords\":[\"bouchara\",\"boutique de d\u00e9coration\",\"fermeture d\u00e9finitive\",\"juin 2025\",\"soissons\"],\"articleSection\":[\"Maison &amp; d\u00e9coration\"],\"inLanguage\":\"fr-FR\"},{\"@type\":\"WebPage\",\"@id\":\"http:\/\/www.habitat-design.net\/blog\/fermeture-bouchara-soissons\/\",\"url\":\"http:\/\/www.habitat-design.net\/blog\/fermeture-bouchara-soissons\/\",\"name\":\"La boutique Bouchara de Soissons tirera sa r\u00e9v\u00e9rence en juin 2025\",\"isPartOf\":{\"@id\":\"https:\/\/www.habitat-design.net\/blog\/#website\"},\"primaryImageOfPage\":{\"@id\":\"http:\/\/www.habitat-design.net\/blog\/fermeture-bouchara-soissons\/#primaryimage\"},\"image\":{\"@id\":\"http:\/\/www.habitat-design.net\/blog\/fermeture-bouchara-soissons\/#primaryimage\"},\"thumbnailUrl\":\"http:\/\/www.habitat-design.net\/blog\/wp-content\/uploads\/2025\/05\/La-boutique-de-decoration-Bouchara-a-Soissons-annoncera-sa-fermeture-definitive-fin-juin-2025.jpg\",\"datePublished\":\"2025-05-04T07:02:02+00:00\",\"author\":{\"@id\":\"https:\/\/www.habitat-design.net\/blog\/#\/schema\/person\/f81363ecfab7ff0bfb976328793ce2e5\"},\"description\":\"D\u00e9couvrez la boutique de d\u00e9coration Bouchara \u00e0 Soissons, qui fermera d\u00e9finitivement ses portes fin juin 2025. Profitez de nos derni\u00e8res promotions et trouvez les pi\u00e8ces uniques qui feront de votre int\u00e9rieur un endroit exceptionnel. Ne manquez pas cette occasion avant notre d\u00e9part !\",\"breadcrumb\":{\"@id\":\"http:\/\/www.habitat-design.net\/blog\/fermeture-bouchara-soissons\/#breadcrumb\"},\"inLanguage\":\"fr-FR\",\"potentialAction\":[{\"@type\":\"ReadAction\",\"target\":[\"http:\/\/www.habitat-design.net\/blog\/fermeture-bouchara-soissons\/\"]}]},{\"@type\":\"ImageObject\",\"inLanguage\":\"fr-FR\",\"@id\":\"http:\/\/www.habitat-design.net\/blog\/fermeture-bouchara-soissons\/#primaryimage\",\"url\":\"http:\/\/www.habitat-design.net\/blog\/wp-content\/uploads\/2025\/05\/La-boutique-de-decoration-Bouchara-a-Soissons-annoncera-sa-fermeture-definitive-fin-juin-2025.jpg\",\"contentUrl\":\"http:\/\/www.habitat-design.net\/blog\/wp-content\/uploads\/2025\/05\/La-boutique-de-decoration-Bouchara-a-Soissons-annoncera-sa-fermeture-definitive-fin-juin-2025.jpg\",\"width\":1344,\"height\":768,\"caption\":\"d\u00e9couvrez la boutique de d\u00e9coration bouchara \u00e0 soissons, qui fermera d\u00e9finitivement ses portes fin juin 2025. ne manquez pas l'occasion de profiter de notre large s\u00e9lection d'articles de d\u00e9coration uniques et de qualit\u00e9 avant notre d\u00e9part.\"},{\"@type\":\"BreadcrumbList\",\"@id\":\"http:\/\/www.habitat-design.net\/blog\/fermeture-bouchara-soissons\/#breadcrumb\",\"itemListElement\":[{\"@type\":\"ListItem\",\"position\":1,\"name\":\"Accueil\",\"item\":\"https:\/\/www.habitat-design.net\/blog\/\"},{\"@type\":\"ListItem\",\"position\":2,\"name\":\"La boutique de d\u00e9coration Bouchara \u00e0 Soissons annoncera sa fermeture d\u00e9finitive fin juin 2025\"}]},{\"@type\":\"WebSite\",\"@id\":\"https:\/\/www.habitat-design.net\/blog\/#website\",\"url\":\"https:\/\/www.habitat-design.net\/blog\/\",\"name\":\"\",\"description\":\"\",\"potentialAction\":[{\"@type\":\"SearchAction\",\"target\":{\"@type\":\"EntryPoint\",\"urlTemplate\":\"https:\/\/www.habitat-design.net\/blog\/?s={search_term_string}\"},\"query-input\":{\"@type\":\"PropertyValueSpecification\",\"valueRequired\":true,\"valueName\":\"search_term_string\"}}],\"inLanguage\":\"fr-FR\"},{\"@type\":\"Person\",\"@id\":\"https:\/\/www.habitat-design.net\/blog\/#\/schema\/person\/f81363ecfab7ff0bfb976328793ce2e5\",\"name\":\"Julien Laurent\",\"image\":{\"@type\":\"ImageObject\",\"inLanguage\":\"fr-FR\",\"@id\":\"https:\/\/www.habitat-design.net\/blog\/#\/schema\/person\/image\/\",\"url\":\"https:\/\/secure.gravatar.com\/avatar\/36c5f08b15b2f828b41156cb6e69b449?s=96&d=mm&r=g\",\"contentUrl\":\"https:\/\/secure.gravatar.com\/avatar\/36c5f08b15b2f828b41156cb6e69b449?s=96&d=mm&r=g\",\"caption\":\"Julien Laurent\"},\"description\":\"Julien Laurent est un blogueur passionn\u00e9 par le domaine de la d\u00e9coration int\u00e9rieure et du design. Avec un dipl\u00f4me en design d'int\u00e9rieur et plusieurs ann\u00e9es d'exp\u00e9rience en tant que d\u00e9corateur, il partage des conseils pratiques pour embellir et optimiser les espaces de vie. Ses articles inspirants et informatifs visent \u00e0 aider ses lecteurs \u00e0 cr\u00e9er des int\u00e9rieurs harmonieux et esth\u00e9tiques, refl\u00e9tant leur personnalit\u00e9 et leur style.\",\"sameAs\":[\"http:\/\/www.habitat-design.net\/blog\"],\"url\":\"http:\/\/www.habitat-design.net\/blog\/author\/contacthabitat-design-net\/\"}]}<\/script>\n<!-- \/ Yoast SEO plugin. -->","yoast_head_json":{"title":"La boutique Bouchara de Soissons tirera sa r\u00e9v\u00e9rence en juin 2025","description":"D\u00e9couvrez la boutique de d\u00e9coration Bouchara \u00e0 Soissons, qui fermera d\u00e9finitivement ses portes fin juin 2025. Profitez de nos derni\u00e8res promotions et trouvez les pi\u00e8ces uniques qui feront de votre int\u00e9rieur un endroit exceptionnel. Ne manquez pas cette occasion avant notre d\u00e9part !","robots":{"index":"index","follow":"follow","max-snippet":"max-snippet:-1","max-image-preview":"max-image-preview:large","max-video-preview":"max-video-preview:-1"},"canonical":"http:\/\/www.habitat-design.net\/blog\/fermeture-bouchara-soissons\/","og_locale":"fr_FR","og_type":"article","og_title":"La boutique Bouchara de Soissons tirera sa r\u00e9v\u00e9rence en juin 2025","og_description":"D\u00e9couvrez la boutique de d\u00e9coration Bouchara \u00e0 Soissons, qui fermera d\u00e9finitivement ses portes fin juin 2025. Profitez de nos derni\u00e8res promotions et trouvez les pi\u00e8ces uniques qui feront de votre int\u00e9rieur un endroit exceptionnel. Ne manquez pas cette occasion avant notre d\u00e9part !","og_url":"http:\/\/www.habitat-design.net\/blog\/fermeture-bouchara-soissons\/","article_published_time":"2025-05-04T07:02:02+00:00","og_image":[{"width":1344,"height":768,"url":"http:\/\/www.habitat-design.net\/blog\/wp-content\/uploads\/2025\/05\/La-boutique-de-decoration-Bouchara-a-Soissons-annoncera-sa-fermeture-definitive-fin-juin-2025.jpg","type":"image\/jpeg"}],"author":"Julien Laurent","twitter_card":"summary_large_image","twitter_misc":{"\u00c9crit par":"Julien Laurent","Dur\u00e9e de lecture estim\u00e9e":"4 minutes"},"schema":{"@context":"https:\/\/schema.org","@graph":[{"@type":"Article","@id":"http:\/\/www.habitat-design.net\/blog\/fermeture-bouchara-soissons\/#article","isPartOf":{"@id":"http:\/\/www.habitat-design.net\/blog\/fermeture-bouchara-soissons\/"},"author":{"name":"Julien Laurent","@id":"https:\/\/www.habitat-design.net\/blog\/#\/schema\/person\/f81363ecfab7ff0bfb976328793ce2e5"},"headline":"La boutique de d\u00e9coration Bouchara \u00e0 Soissons annoncera sa fermeture d\u00e9finitive fin juin 2025","datePublished":"2025-05-04T07:02:02+00:00","mainEntityOfPage":{"@id":"http:\/\/www.habitat-design.net\/blog\/fermeture-bouchara-soissons\/"},"wordCount":881,"image":{"@id":"http:\/\/www.habitat-design.net\/blog\/fermeture-bouchara-soissons\/#primaryimage"},"thumbnailUrl":"http:\/\/www.habitat-design.net\/blog\/wp-content\/uploads\/2025\/05\/La-boutique-de-decoration-Bouchara-a-Soissons-annoncera-sa-fermeture-definitive-fin-juin-2025.jpg","keywords":["bouchara","boutique de d\u00e9coration","fermeture d\u00e9finitive","juin 2025","soissons"],"articleSection":["Maison &amp; d\u00e9coration"],"inLanguage":"fr-FR"},{"@type":"WebPage","@id":"http:\/\/www.habitat-design.net\/blog\/fermeture-bouchara-soissons\/","url":"http:\/\/www.habitat-design.net\/blog\/fermeture-bouchara-soissons\/","name":"La boutique Bouchara de Soissons tirera sa r\u00e9v\u00e9rence en juin 2025","isPartOf":{"@id":"https:\/\/www.habitat-design.net\/blog\/#website"},"primaryImageOfPage":{"@id":"http:\/\/www.habitat-design.net\/blog\/fermeture-bouchara-soissons\/#primaryimage"},"image":{"@id":"http:\/\/www.habitat-design.net\/blog\/fermeture-bouchara-soissons\/#primaryimage"},"thumbnailUrl":"http:\/\/www.habitat-design.net\/blog\/wp-content\/uploads\/2025\/05\/La-boutique-de-decoration-Bouchara-a-Soissons-annoncera-sa-fermeture-definitive-fin-juin-2025.jpg","datePublished":"2025-05-04T07:02:02+00:00","author":{"@id":"https:\/\/www.habitat-design.net\/blog\/#\/schema\/person\/f81363ecfab7ff0bfb976328793ce2e5"},"description":"D\u00e9couvrez la boutique de d\u00e9coration Bouchara \u00e0 Soissons, qui fermera d\u00e9finitivement ses portes fin juin 2025. Profitez de nos derni\u00e8res promotions et trouvez les pi\u00e8ces uniques qui feront de votre int\u00e9rieur un endroit exceptionnel. Ne manquez pas cette occasion avant notre d\u00e9part !","breadcrumb":{"@id":"http:\/\/www.habitat-design.net\/blog\/fermeture-bouchara-soissons\/#breadcrumb"},"inLanguage":"fr-FR","potentialAction":[{"@type":"ReadAction","target":["http:\/\/www.habitat-design.net\/blog\/fermeture-bouchara-soissons\/"]}]},{"@type":"ImageObject","inLanguage":"fr-FR","@id":"http:\/\/www.habitat-design.net\/blog\/fermeture-bouchara-soissons\/#primaryimage","url":"http:\/\/www.habitat-design.net\/blog\/wp-content\/uploads\/2025\/05\/La-boutique-de-decoration-Bouchara-a-Soissons-annoncera-sa-fermeture-definitive-fin-juin-2025.jpg","contentUrl":"http:\/\/www.habitat-design.net\/blog\/wp-content\/uploads\/2025\/05\/La-boutique-de-decoration-Bouchara-a-Soissons-annoncera-sa-fermeture-definitive-fin-juin-2025.jpg","width":1344,"height":768,"caption":"d\u00e9couvrez la boutique de d\u00e9coration bouchara \u00e0 soissons, qui fermera d\u00e9finitivement ses portes fin juin 2025. ne manquez pas l'occasion de profiter de notre large s\u00e9lection d'articles de d\u00e9coration uniques et de qualit\u00e9 avant notre d\u00e9part."},{"@type":"BreadcrumbList","@id":"http:\/\/www.habitat-design.net\/blog\/fermeture-bouchara-soissons\/#breadcrumb","itemListElement":[{"@type":"ListItem","position":1,"name":"Accueil","item":"https:\/\/www.habitat-design.net\/blog\/"},{"@type":"ListItem","position":2,"name":"La boutique de d\u00e9coration Bouchara \u00e0 Soissons annoncera sa fermeture d\u00e9finitive fin juin 2025"}]},{"@type":"WebSite","@id":"https:\/\/www.habitat-design.net\/blog\/#website","url":"https:\/\/www.habitat-design.net\/blog\/","name":"","description":"","potentialAction":[{"@type":"SearchAction","target":{"@type":"EntryPoint","urlTemplate":"https:\/\/www.habitat-design.net\/blog\/?s={search_term_string}"},"query-input":{"@type":"PropertyValueSpecification","valueRequired":true,"valueName":"search_term_string"}}],"inLanguage":"fr-FR"},{"@type":"Person","@id":"https:\/\/www.habitat-design.net\/blog\/#\/schema\/person\/f81363ecfab7ff0bfb976328793ce2e5","name":"Julien Laurent","image":{"@type":"ImageObject","inLanguage":"fr-FR","@id":"https:\/\/www.habitat-design.net\/blog\/#\/schema\/person\/image\/","url":"https:\/\/secure.gravatar.com\/avatar\/36c5f08b15b2f828b41156cb6e69b449?s=96&d=mm&r=g","contentUrl":"https:\/\/secure.gravatar.com\/avatar\/36c5f08b15b2f828b41156cb6e69b449?s=96&d=mm&r=g","caption":"Julien Laurent"},"description":"Julien Laurent est un blogueur passionn\u00e9 par le domaine de la d\u00e9coration int\u00e9rieure et du design. Avec un dipl\u00f4me en design d'int\u00e9rieur et plusieurs ann\u00e9es d'exp\u00e9rience en tant que d\u00e9corateur, il partage des conseils pratiques pour embellir et optimiser les espaces de vie. Ses articles inspirants et informatifs visent \u00e0 aider ses lecteurs \u00e0 cr\u00e9er des int\u00e9rieurs harmonieux et esth\u00e9tiques, refl\u00e9tant leur personnalit\u00e9 et leur style.","sameAs":["http:\/\/www.habitat-design.net\/blog"],"url":"http:\/\/www.habitat-design.net\/blog\/author\/contacthabitat-design-net\/"}]}},"views":265,"_links":{"self":[{"href":"http:\/\/www.habitat-design.net\/blog\/wp-json\/wp\/v2\/posts\/1442","targetHints":{"allow":["GET"]}}],"collection":[{"href":"http:\/\/www.habitat-design.net\/blog\/wp-json\/wp\/v2\/posts"}],"about":[{"href":"http:\/\/www.habitat-design.net\/blog\/wp-json\/wp\/v2\/types\/post"}],"author":[{"embeddable":true,"href":"http:\/\/www.habitat-design.net\/blog\/wp-json\/wp\/v2\/users\/1"}],"replies":[{"embeddable":true,"href":"http:\/\/www.habitat-design.net\/blog\/wp-json\/wp\/v2\/comments?post=1442"}],"version-history":[{"count":0,"href":"http:\/\/www.habitat-design.net\/blog\/wp-json\/wp\/v2\/posts\/1442\/revisions"}],"wp:featuredmedia":[{"embeddable":true,"href":"http:\/\/www.habitat-design.net\/blog\/wp-json\/wp\/v2\/media\/1441"}],"wp:attachment":[{"href":"http:\/\/www.habitat-design.net\/blog\/wp-json\/wp\/v2\/media?parent=1442"}],"wp:term":[{"taxonomy":"category","embeddable":true,"href":"http:\/\/www.habitat-design.net\/blog\/wp-json\/wp\/v2\/categories?post=1442"},{"taxonomy":"post_tag","embeddable":true,"href":"http:\/\/www.habitat-design.net\/blog\/wp-json\/wp\/v2\/tags?post=1442"}],"curies":[{"name":"wp","href":"https:\/\/api.w.org\/{rel}","templated":true}]}}