
{"id":1421,"date":"2025-05-01T09:05:09","date_gmt":"2025-05-01T07:05:09","guid":{"rendered":"http:\/\/www.habitat-design.net\/blog\/defis-casa-france\/"},"modified":"2025-05-02T13:11:35","modified_gmt":"2025-05-02T11:11:35","slug":"defis-casa-france","status":"publish","type":"post","link":"http:\/\/www.habitat-design.net\/blog\/defis-casa-france\/","title":{"rendered":"D\u00e9coration : un aper\u00e7u des d\u00e9fis rencontr\u00e9s par Casa en France"},"content":{"rendered":"<p>Dans un monde o\u00f9 la d\u00e9coration int\u00e9rieure devient essentielle pour transformer nos espaces de vie en v\u00e9ritables oasis de bien-\u00eatre, certaines enseignes embl\u00e9matiques comme Casa se trouvent aujourd&rsquo;hui \u00e0 la crois\u00e9e des chemins. Que se passe-t-il lorsque la magie de la d\u00e9co s&rsquo;estompe ? Focus sur la situation actuelle de Casa en France, son h\u00e9ritage, ses d\u00e9fis et ses perspectives d&rsquo;avenir.<\/p>\n\n<ul class=\"wp-block-list\"><li>Casa : un pilier de la d\u00e9coration<\/li><li>Les d\u00e9fis financiers de Casa<\/li><li>Concurrence accrue : le r\u00f4le des g\u00e9ants du march\u00e9<\/li><li>Impact de la liquidation de Casa Belgique<\/li><li>Avenir incertain pour les magasins Casa<\/li><\/ul>\n\n<h2 class=\"wp-block-heading\">Casa : un pilier de la d\u00e9coration<\/h2>\n\n<p>Casa, c&rsquo;est un peu le carrefour de tous les styles d\u00e9coratifs. Avec plus de 143 magasins en France, cette enseigne a su se d\u00e9marquer par sa diversit\u00e9 de produits allant des id\u00e9es de d\u00e9coration modernes aux meubles tendance, le tout \u00e0 des prix abordables. L&rsquo;identit\u00e9 de Casa repose sur une philosophie simple : accessible \u00e0 tous. En 2016, l&rsquo;entreprise avait su atteindre un chiffre d&rsquo;affaires de<strong> 130,6 millions d&rsquo;euros<\/strong> en France, symbolisant ainsi son apport significatif dans le secteur de la d\u00e9coration.<\/p>\n\n<p>Souvent compar\u00e9e \u00e0 d&rsquo;autres g\u00e9ants comme <strong>IKEA<\/strong> ou <strong>Maisons du Monde<\/strong>, Casa a su cultiver une ambiance chaleureuse et accueillante qui attire les clients. Leurs collections, des lampes lumineuses aux textiles doux, en passant par des accessoires \u00e9clectiques, ont su ravir des g\u00e9n\u00e9rations enti\u00e8res.<strong> \ud83d\udc96<\/strong><\/p>\n\n<h3 class=\"wp-block-heading\">Une galerie d&rsquo;inspirations<\/h3>\n\n<p>Qui n\u2019a pas fl\u00e2n\u00e9 dans les all\u00e9es de Casa, \u00e0 la recherche d\u2019id\u00e9es d\u00e9co originales ? Que cela soit pour un petit coin tranquille \u00e0 la maison ou pour des am\u00e9nagements plus audacieux, Casa a compris l\u2019importance de s\u2019adapter aux tendances et aux go\u00fbts vari\u00e9s de sa client\u00e8le.<\/p>\n\n<figure class=\"wp-block-table\"><table>\n<thead>\n<tr>\n<th>Ann\u00e9e<\/th>\n<th>Chiffre d&rsquo;affaires (en millions d&rsquo;euros)<\/th>\n<\/tr>\n<\/thead>\n<tbody>\n<tr>\n<td>2016<\/td>\n<td>130,6<\/td>\n<\/tr>\n<tr>\n<td>2023<\/td>\n<td>97,4<\/td>\n<\/tr>\n<tr>\n<td>2024<\/td>\n<td>79<\/td>\n<\/tr>\n<\/tbody>\n<\/table><\/figure>\n\n<p>Malheureusement, m\u00eame les plus belles histoires connaissent des \u00e9preuves. Le chiffre d&rsquo;affaires a chut\u00e9 de<strong> 19%<\/strong> en 2024, pointant vers des d\u00e9fis plus profonds. C&rsquo;est l\u00e0 que l&rsquo;on voit qu&rsquo;il ne suffit pas d&rsquo;avoir de belles couleurs sur les murs si l&rsquo;int\u00e9rieur est en crise.<\/p>\n\n<h2 class=\"wp-block-heading\">Les d\u00e9fis financiers de Casa<\/h2>\n\n<p>Le passage \u00e0 vide de Casa ne fait que mettre en lumi\u00e8re des enjeux financiers complexes. En mars 2023, Casa France a d\u00fb faire un pas difficile : demander son placement en<strong> redressement judiciaire<\/strong>. Les raisons de cette d\u00e9b\u00e2cle financi\u00e8re sont multifactorielles, mais deux causes principales m\u00e9ritent d&rsquo;\u00eatre mises en avant.<\/p>\n\n<h3 class=\"wp-block-heading\">Drop dans les ventes<\/h3>\n\n<p>Tout d&rsquo;abord, la descente aux enfers a commenc\u00e9 avec une chute alarmante des ventes, atteignant des niveaux pr\u00e9occupants. La conjoncture \u00e9conomique actuelle a engendr\u00e9 un d\u00e9sengagement des consommateurs, qui, face \u00e0 l\u2019inflation, freinent leurs d\u00e9penses en d\u00e9coration. Acheter un joli vase lorsqu\u2019on a des factures \u00e0 payer n\u2019est gu\u00e8re prioritaire. \ud83c\udfe6<\/p>\n\n<h3 class=\"wp-block-heading\">La liquidation de Casa Belgique<\/h3>\n\n<p>Ensuite, la liquidation de Casa Belgique est un v\u00e9ritable coup de massue. En effet, cette maison-m\u00e8re jouait un r\u00f4le de soutien crucial en mati\u00e8re de logistique, de finance, et d&rsquo;informatique. La perte de cette structure a laiss\u00e9 Casa France dans une panade totale, car elle se retrouve sans soutien dans un march\u00e9 d\u00e9j\u00e0 difficile. En 2024, cela se traduit surtout par un manque de ressources.<\/p>\n\n<ul class=\"wp-block-list\"><li>Diminution du chiffre d&rsquo;affaires \ud83d\udcc9<\/li><li>Contraction du march\u00e9 immobilier \ud83c\udfd8\ufe0f<\/li><li>R\u00e9duction des budgets de consommation \ud83d\uded2<\/li><\/ul>\n\n<p>Casa doit donc redoubler d&rsquo;efforts pour se redresser. Le d\u00e9fi est de taille, mais pas impossible. Les enseignes concurrentes, comme <strong>Conforama<\/strong> ou <strong>La Redoute Int\u00e9rieurs<\/strong>, sont \u00e9galement \u00e0 l&rsquo;aff\u00fbt, pr\u00eates \u00e0 profiter des faiblesses de Casa. <\/p>\n\n<h2 class=\"wp-block-heading\">Concurrence accrue : le r\u00f4le des g\u00e9ants du march\u00e9<\/h2>\n\n<p>Le march\u00e9 de la d\u00e9coration est devenu un v\u00e9ritable champ de bataille. Gr\u00e2ce \u00e0 des acteurs tels qu&rsquo;IKEA, Leroy Merlin, Gifi ou Cultura, les options pour les consommateurs foisonnent. Qui n&rsquo;a pas succomb\u00e9 \u00e0 l&rsquo;appel des prix attractifs d&rsquo;IKEA ou aux designs branch\u00e9s de Maisons du Monde ?<\/p>\n\n<h3 class=\"wp-block-heading\">Strat\u00e9gies novatrices de la concurrence<\/h3>\n\n<p>Ces g\u00e9ants ne se reposent pas sur leurs lauriers. leurs strat\u00e9gies sont souvent plus efficaces et mieux adapt\u00e9es aux attentes des consommateurs d&rsquo;aujourd&rsquo;hui. Prenons l&rsquo;exemple d&rsquo;IKEA qui a lanc\u00e9 des collections respectant les principes du d\u00e9veloppement durable. Cela attire une nouvelle g\u00e9n\u00e9ration de clients qui privil\u00e9gient la consommation responsable. \ud83c\udf31<\/p>\n\n<p>Face \u00e0 ces d\u00e9fis, Casa doit non seulement innover mais aussi proposer des produits suffisamment attractifs pour rivaliser. Cela passe par:<\/p>\n\n<ul class=\"wp-block-list\"><li>Une augmentation de la pr\u00e9sence en ligne \ud83d\udcbb<\/li><li>Des collaborations avec des designers \u2600\ufe0f<\/li><li>Des offres promotionnelles percutantes \ud83d\udca5<\/li><\/ul>\n\n<p>Il est crucial que Casa se r\u00e9invente pour sortir de son impasse. L&rsquo;\u00e9poque o\u00f9 cette enseigne dominait le march\u00e9 semble r\u00e9volue. \u00c0 quand un retour sur le devant de la sc\u00e8ne ?!<\/p>\n\n<h2 class=\"wp-block-heading\">Impact de la liquidation de Casa Belgique<\/h2>\n\n<p>La liquidation de Casa Belgique a conduit \u00e0 des r\u00e9percussions imm\u00e9diates sur les op\u00e9rations de Casa France. En effet, sans l&rsquo;appui de sa maison-m\u00e8re belge, les 143 magasins en France se sont retrouv\u00e9s en autonomie forc\u00e9e. Le licenciement de salari\u00e9s, la r\u00e9duction de l&rsquo;offre et l&rsquo;effritement de la client\u00e8le sont autant de cons\u00e9quences visibles.<\/p>\n\n<h3 class=\"wp-block-heading\">Les d\u00e9fis logistiques<\/h3>\n\n<p>La perte d&rsquo;un syst\u00e8me logistique solide pose un v\u00e9ritable d\u00e9fi. Les magasins Casa en France doivent maintenant naviguer sans \u00e9chappatoire dans ce contexte administratif tendu.<\/p>\n\n<ul class=\"wp-block-list\"><li>Gestion compliqu\u00e9e des stocks \ud83d\udce6<\/li><li>Baisse des niveaux de service client \ud83d\udecd\ufe0f<\/li><li>Difficult\u00e9 \u00e0 maintenir une offre vari\u00e9e \ud83c\udfa8<\/li><\/ul>\n\n<figure class=\"wp-block-table\"><table>\n<thead>\n<tr>\n<th>Cons\u00e9quences de la liquidation<\/th>\n<th>Impact sur Casa France<\/th>\n<\/tr>\n<\/thead>\n<tbody>\n<tr>\n<td>Perte de soutien logistique<\/td>\n<td>Stocks d\u00e9sorganis\u00e9s<\/td>\n<\/tr>\n<tr>\n<td>Diminution de l&rsquo;offre<\/td>\n<td>Clients d\u00e9\u00e7us<\/td>\n<\/tr>\n<tr>\n<td>R\u00e9duction des effectifs<\/td>\n<td>140 agences menac\u00e9es<\/td>\n<\/tr>\n<\/tbody>\n<\/table><\/figure>\n\n<p>Rien n&rsquo;est facile, surtout lorsque la concurrence est acharn\u00e9e. Mais l&rsquo;essor du commerce en ligne ouvre \u00e9galement des portes. Casa pourrait se lancer dans des partenariats avec des plateformes de vente en ligne ou repenser son propre site pour capter cette client\u00e8le en qu\u00eate d&rsquo;offres uniques dans un cadre confortable. C&rsquo;est d\u00e9sormais un imp\u00e9ratif.<\/p>\n\n<h2 class=\"wp-block-heading\">Avenir incertain pour les magasins Casa<\/h2>\n\n<p>Alors, que va devenir Casa en France avec tous ces retournements ? L&rsquo;\u00e9ventuel redressement est un exercice difficile, car les rumeurs de fermetures de magasins continuent de circuler.  Avec des cons\u00e9quences qui s&rsquo;\u00e9tendent au-del\u00e0 des simples chiffres, c&rsquo;est un vrai casse-t\u00eate pour les employ\u00e9s ainsi que pour les clients fid\u00e8les \u00e0 la marque.<\/p>\n\n<h3 class=\"wp-block-heading\">Les fermetures potentielles<\/h3>\n\n<p>Avec plusieurs magasins sous tension, des petites fermetures vont vraisemblablement s&rsquo;adaapter. Les chiffres font froid dans le dos.<\/p>\n\n<ul class=\"wp-block-list\"><li>143 magasins en France \u26a0\ufe0f<\/li><li>600 employ\u00e9s concern\u00e9s \ud83d\ude1f<\/li><\/ul>\n\n<p>Les temps sont difficiles, mais Casa a encore la possibilit\u00e9 de redresser la barre si elle r\u00e9agit totalement. Diff\u00e9rentes solutions pourraient \u00eatre envisag\u00e9es :<\/p>\n\n<ul class=\"wp-block-list\"><li>R\u00e9inventer l\u2019exp\u00e9rience client pour attirer \u00e0 nouveau la client\u00e8le \ud83d\udc50<\/li><li>Optimiser l&rsquo;offre produit pour correspondre aux attentes \ud83d\udccb<\/li><li>Dynamiser la charte de communication pour \u00e9viter les malentendus \ud83d\udce3<\/li><\/ul>\n\n<p>Bien que l&rsquo;assemblage des pi\u00e8ces ne soit pas encore enti\u00e8rement clair, Casa a le potentiel pour se r\u00e9inventer. Mais, comme toujours dans le monde de la d\u00e9co, la balle est entre les mains des d\u00e9cideurs de l&rsquo;entreprise. De nouveaux choix strat\u00e9giques devraient \u00eatre envisag\u00e9s dans les mois \u00e0 venir.<\/p>\n\n<h3 class=\"wp-block-heading\">FAQ<\/h3>\n\n<p><strong>Pourquoi Casa est-elle en difficult\u00e9 ?<\/strong><br>Casa fait face \u00e0 une diminution de ses ventes li\u00e9e \u00e0 des enjeux \u00e9conomiques et \u00e0 la liquidation de sa maison-m\u00e8re en Belgique.<\/p>\n\n<p><strong>Quel est l&rsquo;avenir de Casa en France ?<\/strong><br>L&rsquo;avenir est incertain, des fermetures de magasins sont possibles, mais l&rsquo;enseigne a des opportunit\u00e9s de redressement en repensant sa strat\u00e9gie.<\/p>\n\n<p><strong>Casa va-t-elle rester une enseigne connue ?<\/strong><br>Tout d\u00e9pend de sa capacit\u00e9 \u00e0 s&rsquo;adapter et \u00e0 \u00e9voluer face \u00e0 la concurrence accrue sur le march\u00e9 de la d\u00e9coration.<\/p>\n\n<p><strong>Quels sont les concurrents principaux de Casa ?<\/strong><br>Les concurrents incluent des g\u00e9ants comme IKEA, Leroy Merlin, Alin\u00e9a et Maisons du Monde, qui sont en constante \u00e9volution.<\/p>\n\n<p><strong>Comment Casa peut-elle se redresser ?<\/strong><br>En am\u00e9liorant son exp\u00e9rience client et en optimisant son offre, Casa pourrait remonter la pente. \ud83d\udcaa<\/p>\n\n","protected":false},"excerpt":{"rendered":"<p>Dans un monde o\u00f9 la d\u00e9coration int\u00e9rieure devient essentielle pour transformer nos espaces de vie en v\u00e9ritables oasis de bien-\u00eatre, certaines enseignes embl\u00e9matiques comme Casa se trouvent aujourd&rsquo;hui \u00e0 la crois\u00e9e des chemins. Que se passe-t-il lorsque la magie de la d\u00e9co s&rsquo;estompe ? Focus sur la situation actuelle de Casa en France, son h\u00e9ritage, &#8230; <a title=\"D\u00e9coration : un aper\u00e7u des d\u00e9fis rencontr\u00e9s par Casa en France\" class=\"read-more\" href=\"http:\/\/www.habitat-design.net\/blog\/defis-casa-france\/\" aria-label=\"En savoir plus sur D\u00e9coration : un aper\u00e7u des d\u00e9fis rencontr\u00e9s par Casa en France\">Lire plus<\/a><\/p>\n","protected":false},"author":1,"featured_media":1427,"comment_status":"open","ping_status":"open","sticky":false,"template":"","format":"standard","meta":{"footnotes":""},"categories":[1],"tags":[163,55,47,161,162],"class_list":["post-1421","post","type-post","status-publish","format-standard","has-post-thumbnail","hentry","category-maison","tag-casa","tag-decoration","tag-decoration-interieure","tag-defis-de-casa","tag-maison-en-france"],"yoast_head":"<!-- This site is optimized with the Yoast SEO plugin v26.8 - https:\/\/yoast.com\/product\/yoast-seo-wordpress\/ -->\n<title>D\u00e9coration : les d\u00e9fis de Casa sur le march\u00e9 fran\u00e7ais<\/title>\n<meta name=\"description\" content=\"D\u00e9couvrez les d\u00e9fis fascinants auxquels Casa est confront\u00e9 dans le secteur de la d\u00e9coration en France. Explorez comment cette marque s&#039;adapte aux tendances changeantes et aux attentes des consommateurs tout en innovant dans ses produits. Plongez dans l&#039;univers de la d\u00e9coration et des strat\u00e9gies mises en place par Casa pour se d\u00e9marquer sur le march\u00e9 fran\u00e7ais.\" \/>\n<meta name=\"robots\" content=\"index, follow, max-snippet:-1, max-image-preview:large, max-video-preview:-1\" \/>\n<link rel=\"canonical\" href=\"https:\/\/www.habitat-design.net\/blog\/defis-casa-france\/\" \/>\n<meta property=\"og:locale\" content=\"fr_FR\" \/>\n<meta property=\"og:type\" content=\"article\" \/>\n<meta property=\"og:title\" content=\"D\u00e9coration : les d\u00e9fis de Casa sur le march\u00e9 fran\u00e7ais\" \/>\n<meta property=\"og:description\" content=\"D\u00e9couvrez les d\u00e9fis fascinants auxquels Casa est confront\u00e9 dans le secteur de la d\u00e9coration en France. Explorez comment cette marque s&#039;adapte aux tendances changeantes et aux attentes des consommateurs tout en innovant dans ses produits. Plongez dans l&#039;univers de la d\u00e9coration et des strat\u00e9gies mises en place par Casa pour se d\u00e9marquer sur le march\u00e9 fran\u00e7ais.\" \/>\n<meta property=\"og:url\" content=\"https:\/\/www.habitat-design.net\/blog\/defis-casa-france\/\" \/>\n<meta property=\"article:published_time\" content=\"2025-05-01T07:05:09+00:00\" \/>\n<meta property=\"article:modified_time\" content=\"2025-05-02T11:11:35+00:00\" \/>\n<meta property=\"og:image\" content=\"https:\/\/www.habitat-design.net\/blog\/wp-content\/uploads\/2025\/05\/decoration-defis-casa-france.jpg\" \/>\n\t<meta property=\"og:image:width\" content=\"1344\" \/>\n\t<meta property=\"og:image:height\" content=\"768\" \/>\n\t<meta property=\"og:image:type\" content=\"image\/jpeg\" \/>\n<meta name=\"author\" content=\"Julien Laurent\" \/>\n<meta name=\"twitter:card\" content=\"summary_large_image\" \/>\n<meta name=\"twitter:label1\" content=\"\u00c9crit par\" \/>\n\t<meta name=\"twitter:data1\" content=\"Julien Laurent\" \/>\n\t<meta name=\"twitter:label2\" content=\"Dur\u00e9e de lecture estim\u00e9e\" \/>\n\t<meta name=\"twitter:data2\" content=\"7 minutes\" \/>\n<script type=\"application\/ld+json\" class=\"yoast-schema-graph\">{\"@context\":\"https:\/\/schema.org\",\"@graph\":[{\"@type\":\"Article\",\"@id\":\"https:\/\/www.habitat-design.net\/blog\/defis-casa-france\/#article\",\"isPartOf\":{\"@id\":\"https:\/\/www.habitat-design.net\/blog\/defis-casa-france\/\"},\"author\":{\"name\":\"Julien Laurent\",\"@id\":\"https:\/\/www.habitat-design.net\/blog\/#\/schema\/person\/f81363ecfab7ff0bfb976328793ce2e5\"},\"headline\":\"D\u00e9coration : un aper\u00e7u des d\u00e9fis rencontr\u00e9s par Casa en France\",\"datePublished\":\"2025-05-01T07:05:09+00:00\",\"dateModified\":\"2025-05-02T11:11:35+00:00\",\"mainEntityOfPage\":{\"@id\":\"https:\/\/www.habitat-design.net\/blog\/defis-casa-france\/\"},\"wordCount\":1346,\"commentCount\":0,\"image\":{\"@id\":\"https:\/\/www.habitat-design.net\/blog\/defis-casa-france\/#primaryimage\"},\"thumbnailUrl\":\"http:\/\/www.habitat-design.net\/blog\/wp-content\/uploads\/2025\/05\/decoration-defis-casa-france.jpg\",\"keywords\":[\"casa\",\"d\u00e9coration\",\"d\u00e9coration int\u00e9rieure\",\"d\u00e9fis de casa\",\"maison en france\"],\"articleSection\":[\"Maison &amp; d\u00e9coration\"],\"inLanguage\":\"fr-FR\",\"potentialAction\":[{\"@type\":\"CommentAction\",\"name\":\"Comment\",\"target\":[\"https:\/\/www.habitat-design.net\/blog\/defis-casa-france\/#respond\"]}]},{\"@type\":\"WebPage\",\"@id\":\"https:\/\/www.habitat-design.net\/blog\/defis-casa-france\/\",\"url\":\"https:\/\/www.habitat-design.net\/blog\/defis-casa-france\/\",\"name\":\"D\u00e9coration : les d\u00e9fis de Casa sur le march\u00e9 fran\u00e7ais\",\"isPartOf\":{\"@id\":\"https:\/\/www.habitat-design.net\/blog\/#website\"},\"primaryImageOfPage\":{\"@id\":\"https:\/\/www.habitat-design.net\/blog\/defis-casa-france\/#primaryimage\"},\"image\":{\"@id\":\"https:\/\/www.habitat-design.net\/blog\/defis-casa-france\/#primaryimage\"},\"thumbnailUrl\":\"http:\/\/www.habitat-design.net\/blog\/wp-content\/uploads\/2025\/05\/decoration-defis-casa-france.jpg\",\"datePublished\":\"2025-05-01T07:05:09+00:00\",\"dateModified\":\"2025-05-02T11:11:35+00:00\",\"author\":{\"@id\":\"https:\/\/www.habitat-design.net\/blog\/#\/schema\/person\/f81363ecfab7ff0bfb976328793ce2e5\"},\"description\":\"D\u00e9couvrez les d\u00e9fis fascinants auxquels Casa est confront\u00e9 dans le secteur de la d\u00e9coration en France. Explorez comment cette marque s'adapte aux tendances changeantes et aux attentes des consommateurs tout en innovant dans ses produits. Plongez dans l'univers de la d\u00e9coration et des strat\u00e9gies mises en place par Casa pour se d\u00e9marquer sur le march\u00e9 fran\u00e7ais.\",\"breadcrumb\":{\"@id\":\"https:\/\/www.habitat-design.net\/blog\/defis-casa-france\/#breadcrumb\"},\"inLanguage\":\"fr-FR\",\"potentialAction\":[{\"@type\":\"ReadAction\",\"target\":[\"https:\/\/www.habitat-design.net\/blog\/defis-casa-france\/\"]}]},{\"@type\":\"ImageObject\",\"inLanguage\":\"fr-FR\",\"@id\":\"https:\/\/www.habitat-design.net\/blog\/defis-casa-france\/#primaryimage\",\"url\":\"http:\/\/www.habitat-design.net\/blog\/wp-content\/uploads\/2025\/05\/decoration-defis-casa-france.jpg\",\"contentUrl\":\"http:\/\/www.habitat-design.net\/blog\/wp-content\/uploads\/2025\/05\/decoration-defis-casa-france.jpg\",\"width\":1344,\"height\":768,\"caption\":\"decoration-defis-casa-france\"},{\"@type\":\"BreadcrumbList\",\"@id\":\"https:\/\/www.habitat-design.net\/blog\/defis-casa-france\/#breadcrumb\",\"itemListElement\":[{\"@type\":\"ListItem\",\"position\":1,\"name\":\"Accueil\",\"item\":\"https:\/\/www.habitat-design.net\/blog\/\"},{\"@type\":\"ListItem\",\"position\":2,\"name\":\"D\u00e9coration : un aper\u00e7u des d\u00e9fis rencontr\u00e9s par Casa en France\"}]},{\"@type\":\"WebSite\",\"@id\":\"https:\/\/www.habitat-design.net\/blog\/#website\",\"url\":\"https:\/\/www.habitat-design.net\/blog\/\",\"name\":\"\",\"description\":\"\",\"potentialAction\":[{\"@type\":\"SearchAction\",\"target\":{\"@type\":\"EntryPoint\",\"urlTemplate\":\"https:\/\/www.habitat-design.net\/blog\/?s={search_term_string}\"},\"query-input\":{\"@type\":\"PropertyValueSpecification\",\"valueRequired\":true,\"valueName\":\"search_term_string\"}}],\"inLanguage\":\"fr-FR\"},{\"@type\":\"Person\",\"@id\":\"https:\/\/www.habitat-design.net\/blog\/#\/schema\/person\/f81363ecfab7ff0bfb976328793ce2e5\",\"name\":\"Julien Laurent\",\"image\":{\"@type\":\"ImageObject\",\"inLanguage\":\"fr-FR\",\"@id\":\"https:\/\/www.habitat-design.net\/blog\/#\/schema\/person\/image\/\",\"url\":\"https:\/\/secure.gravatar.com\/avatar\/36c5f08b15b2f828b41156cb6e69b449?s=96&d=mm&r=g\",\"contentUrl\":\"https:\/\/secure.gravatar.com\/avatar\/36c5f08b15b2f828b41156cb6e69b449?s=96&d=mm&r=g\",\"caption\":\"Julien Laurent\"},\"description\":\"Julien Laurent est un blogueur passionn\u00e9 par le domaine de la d\u00e9coration int\u00e9rieure et du design. Avec un dipl\u00f4me en design d'int\u00e9rieur et plusieurs ann\u00e9es d'exp\u00e9rience en tant que d\u00e9corateur, il partage des conseils pratiques pour embellir et optimiser les espaces de vie. Ses articles inspirants et informatifs visent \u00e0 aider ses lecteurs \u00e0 cr\u00e9er des int\u00e9rieurs harmonieux et esth\u00e9tiques, refl\u00e9tant leur personnalit\u00e9 et leur style.\",\"sameAs\":[\"http:\/\/www.habitat-design.net\/blog\"],\"url\":\"http:\/\/www.habitat-design.net\/blog\/author\/contacthabitat-design-net\/\"}]}<\/script>\n<!-- \/ Yoast SEO plugin. -->","yoast_head_json":{"title":"D\u00e9coration : les d\u00e9fis de Casa sur le march\u00e9 fran\u00e7ais","description":"D\u00e9couvrez les d\u00e9fis fascinants auxquels Casa est confront\u00e9 dans le secteur de la d\u00e9coration en France. Explorez comment cette marque s'adapte aux tendances changeantes et aux attentes des consommateurs tout en innovant dans ses produits. Plongez dans l'univers de la d\u00e9coration et des strat\u00e9gies mises en place par Casa pour se d\u00e9marquer sur le march\u00e9 fran\u00e7ais.","robots":{"index":"index","follow":"follow","max-snippet":"max-snippet:-1","max-image-preview":"max-image-preview:large","max-video-preview":"max-video-preview:-1"},"canonical":"https:\/\/www.habitat-design.net\/blog\/defis-casa-france\/","og_locale":"fr_FR","og_type":"article","og_title":"D\u00e9coration : les d\u00e9fis de Casa sur le march\u00e9 fran\u00e7ais","og_description":"D\u00e9couvrez les d\u00e9fis fascinants auxquels Casa est confront\u00e9 dans le secteur de la d\u00e9coration en France. Explorez comment cette marque s'adapte aux tendances changeantes et aux attentes des consommateurs tout en innovant dans ses produits. Plongez dans l'univers de la d\u00e9coration et des strat\u00e9gies mises en place par Casa pour se d\u00e9marquer sur le march\u00e9 fran\u00e7ais.","og_url":"https:\/\/www.habitat-design.net\/blog\/defis-casa-france\/","article_published_time":"2025-05-01T07:05:09+00:00","article_modified_time":"2025-05-02T11:11:35+00:00","og_image":[{"width":1344,"height":768,"url":"https:\/\/www.habitat-design.net\/blog\/wp-content\/uploads\/2025\/05\/decoration-defis-casa-france.jpg","type":"image\/jpeg"}],"author":"Julien Laurent","twitter_card":"summary_large_image","twitter_misc":{"\u00c9crit par":"Julien Laurent","Dur\u00e9e de lecture estim\u00e9e":"7 minutes"},"schema":{"@context":"https:\/\/schema.org","@graph":[{"@type":"Article","@id":"https:\/\/www.habitat-design.net\/blog\/defis-casa-france\/#article","isPartOf":{"@id":"https:\/\/www.habitat-design.net\/blog\/defis-casa-france\/"},"author":{"name":"Julien Laurent","@id":"https:\/\/www.habitat-design.net\/blog\/#\/schema\/person\/f81363ecfab7ff0bfb976328793ce2e5"},"headline":"D\u00e9coration : un aper\u00e7u des d\u00e9fis rencontr\u00e9s par Casa en France","datePublished":"2025-05-01T07:05:09+00:00","dateModified":"2025-05-02T11:11:35+00:00","mainEntityOfPage":{"@id":"https:\/\/www.habitat-design.net\/blog\/defis-casa-france\/"},"wordCount":1346,"commentCount":0,"image":{"@id":"https:\/\/www.habitat-design.net\/blog\/defis-casa-france\/#primaryimage"},"thumbnailUrl":"http:\/\/www.habitat-design.net\/blog\/wp-content\/uploads\/2025\/05\/decoration-defis-casa-france.jpg","keywords":["casa","d\u00e9coration","d\u00e9coration int\u00e9rieure","d\u00e9fis de casa","maison en france"],"articleSection":["Maison &amp; d\u00e9coration"],"inLanguage":"fr-FR","potentialAction":[{"@type":"CommentAction","name":"Comment","target":["https:\/\/www.habitat-design.net\/blog\/defis-casa-france\/#respond"]}]},{"@type":"WebPage","@id":"https:\/\/www.habitat-design.net\/blog\/defis-casa-france\/","url":"https:\/\/www.habitat-design.net\/blog\/defis-casa-france\/","name":"D\u00e9coration : les d\u00e9fis de Casa sur le march\u00e9 fran\u00e7ais","isPartOf":{"@id":"https:\/\/www.habitat-design.net\/blog\/#website"},"primaryImageOfPage":{"@id":"https:\/\/www.habitat-design.net\/blog\/defis-casa-france\/#primaryimage"},"image":{"@id":"https:\/\/www.habitat-design.net\/blog\/defis-casa-france\/#primaryimage"},"thumbnailUrl":"http:\/\/www.habitat-design.net\/blog\/wp-content\/uploads\/2025\/05\/decoration-defis-casa-france.jpg","datePublished":"2025-05-01T07:05:09+00:00","dateModified":"2025-05-02T11:11:35+00:00","author":{"@id":"https:\/\/www.habitat-design.net\/blog\/#\/schema\/person\/f81363ecfab7ff0bfb976328793ce2e5"},"description":"D\u00e9couvrez les d\u00e9fis fascinants auxquels Casa est confront\u00e9 dans le secteur de la d\u00e9coration en France. Explorez comment cette marque s'adapte aux tendances changeantes et aux attentes des consommateurs tout en innovant dans ses produits. Plongez dans l'univers de la d\u00e9coration et des strat\u00e9gies mises en place par Casa pour se d\u00e9marquer sur le march\u00e9 fran\u00e7ais.","breadcrumb":{"@id":"https:\/\/www.habitat-design.net\/blog\/defis-casa-france\/#breadcrumb"},"inLanguage":"fr-FR","potentialAction":[{"@type":"ReadAction","target":["https:\/\/www.habitat-design.net\/blog\/defis-casa-france\/"]}]},{"@type":"ImageObject","inLanguage":"fr-FR","@id":"https:\/\/www.habitat-design.net\/blog\/defis-casa-france\/#primaryimage","url":"http:\/\/www.habitat-design.net\/blog\/wp-content\/uploads\/2025\/05\/decoration-defis-casa-france.jpg","contentUrl":"http:\/\/www.habitat-design.net\/blog\/wp-content\/uploads\/2025\/05\/decoration-defis-casa-france.jpg","width":1344,"height":768,"caption":"decoration-defis-casa-france"},{"@type":"BreadcrumbList","@id":"https:\/\/www.habitat-design.net\/blog\/defis-casa-france\/#breadcrumb","itemListElement":[{"@type":"ListItem","position":1,"name":"Accueil","item":"https:\/\/www.habitat-design.net\/blog\/"},{"@type":"ListItem","position":2,"name":"D\u00e9coration : un aper\u00e7u des d\u00e9fis rencontr\u00e9s par Casa en France"}]},{"@type":"WebSite","@id":"https:\/\/www.habitat-design.net\/blog\/#website","url":"https:\/\/www.habitat-design.net\/blog\/","name":"","description":"","potentialAction":[{"@type":"SearchAction","target":{"@type":"EntryPoint","urlTemplate":"https:\/\/www.habitat-design.net\/blog\/?s={search_term_string}"},"query-input":{"@type":"PropertyValueSpecification","valueRequired":true,"valueName":"search_term_string"}}],"inLanguage":"fr-FR"},{"@type":"Person","@id":"https:\/\/www.habitat-design.net\/blog\/#\/schema\/person\/f81363ecfab7ff0bfb976328793ce2e5","name":"Julien Laurent","image":{"@type":"ImageObject","inLanguage":"fr-FR","@id":"https:\/\/www.habitat-design.net\/blog\/#\/schema\/person\/image\/","url":"https:\/\/secure.gravatar.com\/avatar\/36c5f08b15b2f828b41156cb6e69b449?s=96&d=mm&r=g","contentUrl":"https:\/\/secure.gravatar.com\/avatar\/36c5f08b15b2f828b41156cb6e69b449?s=96&d=mm&r=g","caption":"Julien Laurent"},"description":"Julien Laurent est un blogueur passionn\u00e9 par le domaine de la d\u00e9coration int\u00e9rieure et du design. Avec un dipl\u00f4me en design d'int\u00e9rieur et plusieurs ann\u00e9es d'exp\u00e9rience en tant que d\u00e9corateur, il partage des conseils pratiques pour embellir et optimiser les espaces de vie. Ses articles inspirants et informatifs visent \u00e0 aider ses lecteurs \u00e0 cr\u00e9er des int\u00e9rieurs harmonieux et esth\u00e9tiques, refl\u00e9tant leur personnalit\u00e9 et leur style.","sameAs":["http:\/\/www.habitat-design.net\/blog"],"url":"http:\/\/www.habitat-design.net\/blog\/author\/contacthabitat-design-net\/"}]}},"views":70,"_links":{"self":[{"href":"http:\/\/www.habitat-design.net\/blog\/wp-json\/wp\/v2\/posts\/1421","targetHints":{"allow":["GET"]}}],"collection":[{"href":"http:\/\/www.habitat-design.net\/blog\/wp-json\/wp\/v2\/posts"}],"about":[{"href":"http:\/\/www.habitat-design.net\/blog\/wp-json\/wp\/v2\/types\/post"}],"author":[{"embeddable":true,"href":"http:\/\/www.habitat-design.net\/blog\/wp-json\/wp\/v2\/users\/1"}],"replies":[{"embeddable":true,"href":"http:\/\/www.habitat-design.net\/blog\/wp-json\/wp\/v2\/comments?post=1421"}],"version-history":[{"count":1,"href":"http:\/\/www.habitat-design.net\/blog\/wp-json\/wp\/v2\/posts\/1421\/revisions"}],"predecessor-version":[{"id":1428,"href":"http:\/\/www.habitat-design.net\/blog\/wp-json\/wp\/v2\/posts\/1421\/revisions\/1428"}],"wp:featuredmedia":[{"embeddable":true,"href":"http:\/\/www.habitat-design.net\/blog\/wp-json\/wp\/v2\/media\/1427"}],"wp:attachment":[{"href":"http:\/\/www.habitat-design.net\/blog\/wp-json\/wp\/v2\/media?parent=1421"}],"wp:term":[{"taxonomy":"category","embeddable":true,"href":"http:\/\/www.habitat-design.net\/blog\/wp-json\/wp\/v2\/categories?post=1421"},{"taxonomy":"post_tag","embeddable":true,"href":"http:\/\/www.habitat-design.net\/blog\/wp-json\/wp\/v2\/tags?post=1421"}],"curies":[{"name":"wp","href":"https:\/\/api.w.org\/{rel}","templated":true}]}}