
{"id":1420,"date":"2025-04-30T09:05:37","date_gmt":"2025-04-30T07:05:37","guid":{"rendered":"https:\/\/www.habitat-design.net\/blog\/legion-honneur-sarkozy-ideale\/"},"modified":"2025-05-02T13:16:34","modified_gmt":"2025-05-02T11:16:34","slug":"legion-honneur-sarkozy-ideale","status":"publish","type":"post","link":"http:\/\/www.habitat-design.net\/blog\/legion-honneur-sarkozy-ideale\/","title":{"rendered":"Le maintien de la l\u00e9gion d\u2019honneur pour Nicolas Sarkozy : un symbole d&rsquo;un id\u00e9al soci\u00e9tal"},"content":{"rendered":"<p>Le sujet du maintien de la L\u00e9gion d&rsquo;honneur pour Nicolas Sarkozy suscite de nombreuses passions et d\u00e9bats. D&rsquo;un c\u00f4t\u00e9, il y a ceux qui estiment que cette distinction, embl\u00e8me des valeurs r\u00e9publicaines, doit \u00eatre r\u00e9serv\u00e9e aux citoyens exemplaires. De l&rsquo;autre, il y a ceux qui consid\u00e8rent que le m\u00e9rite et l&rsquo;honneur d&rsquo;un ancien pr\u00e9sident d\u00e9passent m\u00eame les errements judiciaires. Plong\u00e9e au c\u0153ur d&rsquo;un dilemme soci\u00e9tal o\u00f9 se m\u00ealent tradition, patriotisme et cons\u00e9quences politiques !<\/p>\n\n<h2 class=\"wp-block-heading\">La L\u00e9gion d&rsquo;honneur : un symbole fort des valeurs r\u00e9publicaines<\/h2>\n\n<p>La L\u00e9gion d&rsquo;honneur, cr\u00e9\u00e9e par Napol\u00e9on Bonaparte en 1802, est l&rsquo;une des plus prestigieuses d\u00e9corations de France. Elle est attribu\u00e9e en reconnaissance des m\u00e9rites \u00e9minents rendus \u00e0 la nation. Mais qu&rsquo;est-ce que cela signifie r\u00e9ellement aujourd&rsquo;hui ? Pour beaucoup, cette distinction est synonyme de <strong>m\u00e9rite<\/strong>, de d\u00e9vouement et d&rsquo;honneur. C&rsquo;est un symbole qui transcende les g\u00e9n\u00e9rations et incarne l&rsquo;id\u00e9al de la R\u00e9publique fran\u00e7aise.<\/p>\n\n<p>Lorsqu&rsquo;on \u00e9voque Nicolas Sarkozy, ancien pr\u00e9sident de la R\u00e9publique, on touche \u00e0 des valeurs qui r\u00e9sonnent diff\u00e9remment selon les sensibilit\u00e9s. Pour certains, sa nomination \u00e0 la L\u00e9gion d&rsquo;honneur est le reflet de sa longue carri\u00e8re et des contributions qu&rsquo;il a apport\u00e9es \u00e0 la France. Mais pour d&rsquo;autres, son statut actuel de condamn\u00e9 soul\u00e8ve de nombreuses questions quant aux valeurs que cet ordre est cens\u00e9 promouvoir. Peut-on vraiment parler de reconqu\u00eate du <strong>patriotisme<\/strong> lorsque quelqu&rsquo;un porteur de la L\u00e9gion d\u2019honneur a \u00e9t\u00e9 reconnu coupable de corruption ?<\/p>\n\n<h3 class=\"wp-block-heading\">Le contexte juridique autour de la L\u00e9gion d&rsquo;honneur<\/h3>\n\n<p>Sur le plan l\u00e9gal, la L\u00e9gion d&rsquo;honneur est r\u00e9gie par des r\u00e8gles pr\u00e9cises. Il est stipul\u00e9 que si une personne est condamn\u00e9e \u00e0 une peine d&#8217;emprisonnement de plus d\u2019un an pour des crimes, la radiation est automatique. Pourtant, Emmanuel Macron a d\u00e9clar\u00e9, apr\u00e8s la condamnation de Sarkozy, qu\u2019il ne retirerait pas cette d\u00e9coration au nom du respect d\u00fb aux anciens pr\u00e9sidents. Une d\u00e9cision qui a suscit\u00e9 l&rsquo;incompr\u00e9hension de nombreux juristes et politiques.<\/p>\n\n<p>Les d\u00e9bats autour de cette question ne manquent pas d&rsquo;\u00eatre \u00e9pineux. Pourquoi conserver une L\u00e9gion d&rsquo;honneur qui, selon certains, n&rsquo;incarne plus l\u2019id\u00e9al qu&rsquo;elle \u00e9tait suppos\u00e9e repr\u00e9senter ? Les arguments se multiplient, avec un camp qui d\u00e9fend l\u2019importance de respecter les fonctions pass\u00e9es et l\u2019autre qui r\u00e9clame coh\u00e9rence et morale, manifestant une petite r\u00e9bellion contre une d\u00e9cision qui semble impensable.<\/p>\n\n<ul class=\"wp-block-list\"><li> <strong>Respect des institutions :<\/strong> Comment d\u00e9fendre la l\u00e9gitimit\u00e9 des distinctions si des condamn\u00e9s peuvent les porter ? \ud83e\uddd0<\/li><li><strong>Tradition vs modernit\u00e9 :<\/strong> La rigidit\u00e9 des r\u00e8gles face aux nuances des situations individuelles. \ud83e\udd14<\/li><li><strong>Contexte politique :<\/strong> L\u2019h\u00e9ritage et l&rsquo;impact des d\u00e9cisions politiques sur le long terme. \ud83d\udcdc<\/li><\/ul>\n\n<h2 class=\"wp-block-heading\">R\u00e9actions politiques et sociales face \u00e0 cette d\u00e9cision<\/h2>\n\n<p>Lorsque la nouvelle de la conservation de la L\u00e9gion d&rsquo;honneur de Sarkozy a \u00e9t\u00e9 annonc\u00e9e, les r\u00e9actions ont fus\u00e9 de toutes parts. Pour certains, c\u2019\u00e9tait une trahison \u00e0 l\u2019\u00e9gard des valeurs r\u00e9publicaines. Pour d&rsquo;autres, c&rsquo;\u00e9tait une fa\u00e7on de montrer que la politique transcende les individus et les erreurs. La complexit\u00e9 du monde politique fran\u00e7ais se refl\u00e8te dans cette d\u00e9cision qui semble \u00e0 la fois logique et absurde.<\/p>\n\n<p>L&rsquo;ancien d\u00e9put\u00e9 \u00e9cologiste Julien Bayou, par exemple, a qualifi\u00e9 cette d\u00e9cision d\u2019\u00ab incompr\u00e9hensible \u00bb, d\u00e9non\u00e7ant une entorse au code de d\u00e9ontologie. Comme lui, de nombreux citoyens ont exprim\u00e9 leur scepticisme quant \u00e0 la capacit\u00e9 du syst\u00e8me \u00e0 se tenir \u00e0 ses propres r\u00e8gles. Ce d\u00e9bat illustre bien la division au sein de la soci\u00e9t\u00e9 fran\u00e7aise, o\u00f9 l&rsquo;id\u00e9e m\u00eame de justice est mise \u00e0 l&rsquo;\u00e9preuve.<\/p>\n\n<h3 class=\"wp-block-heading\">Le poids des symboles dans la France moderne<\/h3>\n\n<p>Les discussions sur la L\u00e9gion d&rsquo;honneur de Nicolas Sarkozy illustrent \u00e9galement un point plus large : la mani\u00e8re dont les symboles prennent vie dans le discours politique et social. La L\u00e9gion d&rsquo;honneur est un symbole, mais aussi une tradition qui n\u00e9cessite d\u2019\u00eatre respect\u00e9e. Comment les Fran\u00e7ais interpr\u00e8tent-ils ces symboles ? Sont-ils inalt\u00e9rables face \u00e0 l\u2019histoire contemporaine ? Au-del\u00e0 de son cas personnel, c&rsquo;est une r\u00e9flexion sur ce que la France est pr\u00eate \u00e0 d\u00e9fendre en mati\u00e8re de traditions et de valeurs.<\/p>\n\n<figure class=\"wp-block-table\"><table>\n<thead>\n<tr>\n<th>R\u00e9action<\/th>\n<th>Source<\/th>\n<th>Argument<\/th>\n<\/tr>\n<\/thead>\n<tbody>\n<tr>\n<td>Julien Bayou<\/td>\n<td>Le Monde<\/td>\n<td>Une d\u00e9cision illogique par rapport aux r\u00e8gles de la L\u00e9gion d&rsquo;honneur.<\/td>\n<\/tr>\n<tr>\n<td>Patrice Spinosi<\/td>\n<td>BFMTV<\/td>\n<td>La L\u00e9gion d&rsquo;honneur est attach\u00e9e \u00e0 la fonction pr\u00e9sidentielle, pas \u00e0 la personne.<\/td>\n<\/tr>\n<tr>\n<td>Bertrand Galimard Flavigny<\/td>\n<td>Lib\u00e9ration<\/td>\n<td>Une question d&rsquo;honneur national par rapport \u00e0 la r\u00e9putation de l&rsquo;ordre.<\/td>\n<\/tr>\n<\/tbody>\n<\/table><\/figure>\n\n<h2 class=\"wp-block-heading\">Les implications personnelles et soci\u00e9tales du maintien de la distinction<\/h2>\n\n<p>Passons aux implications. Premi\u00e8rement, pourquoi conserver une distinction qui, en th\u00e9orie, est l\u00e0 pour c\u00e9l\u00e9brer le <strong>m\u00e9rite<\/strong> ? Pour certains, garder la L\u00e9gion d&rsquo;honneur est aussi une mani\u00e8re de pr\u00e9server l&rsquo;h\u00e9ritage d&rsquo;un ancien pr\u00e9sident, tandis que pour d&rsquo;autres, cela pose des questions fondamentales sur les in\u00e9galit\u00e9s de traitement dans le syst\u00e8me judiciaire.<\/p>\n\n<p>La question de la L\u00e9gion d&rsquo;honneur va bien au-del\u00e0 de Sarkozy lui-m\u00eame. Elle touche aux fondements m\u00eame de notre soci\u00e9t\u00e9 : dans quelle mesure la loi s&rsquo;applique-t-elle \u00e0 tous de mani\u00e8re \u00e9gale ? Les symboles, tels que la L\u00e9gion d&rsquo;honneur, deviennent alors des \u00e9chafaudages sur lesquels s&rsquo;appuie la d\u00e9mocratie. Si un pr\u00e9sident, cens\u00e9 \u00eatre un exemple, peut conserver sa distinction, quel message cela envoie-t-il au citoyen lambda ?<\/p>\n\n<h3 class=\"wp-block-heading\">Cons\u00e9quences symboliques et pratiquent<\/h3>\n\n<p>Les cons\u00e9quences de cette d\u00e9cision sont donc principalement symboliques. Au-del\u00e0 de la question de la l\u00e9gitimit\u00e9 de la L\u00e9gion d&rsquo;honneur, c&rsquo;est le tout pouvoir du pr\u00e9sident qui est interrog\u00e9. Emmanuel Macron, en tant que garant de l&rsquo;ordre national, se voit attribuer un r\u00f4le complexe \u00e0 jongler entre respect institutionnel et respect des valeurs.<\/p>\n\n<ul class=\"wp-block-list\"><li><strong>Communication politique :<\/strong> Comment le gouvernement g\u00e8re les crises de confiance face aux \u00e9lections \u00e0 venir ? \ud83d\udcca<\/li><li><strong>Symbole de l&rsquo;immunit\u00e9 :<\/strong> Les exemples de personnes issues de l&rsquo;\u00e9lite politique qui \u00e9chappent aux cons\u00e9quences de leurs actes. \ud83d\udea8<\/li><li><strong>Impact sur la jeunesse :<\/strong> Quel mod\u00e8le est propos\u00e9 aux nouvelles g\u00e9n\u00e9rations en mati\u00e8re de valeurs et d&rsquo;honneur ? \ud83c\udf31<\/li><\/ul>\n\n<h2 class=\"wp-block-heading\">Une soci\u00e9t\u00e9 \u00e0 la crois\u00e9e des chemins<\/h2>\n\n<p>Au fond, cette affaire n&rsquo;est pas qu&rsquo;une question de l\u00e9gion d&rsquo;honneur ou de Nicolas Sarkozy, mais elle est indicative de l&rsquo;\u00e9tat d&rsquo;esprit de la soci\u00e9t\u00e9 actuelle. Que signifie rester fid\u00e8le \u00e0 nos valeurs dans une France moderne toujours en qu\u00eate d&rsquo;identit\u00e9 ? Comment s&rsquo;assurer que ces symboles demeurent porteurs de sens et d&rsquo;int\u00e9grit\u00e9 dans le contexte de d\u00e9cisions parfois contestables ?<\/p>\n\n<p>En somme, la L\u00e9gion d\u2019honneur constitue un v\u00e9ritable <strong>symbole<\/strong> d&rsquo;un id\u00e9al soci\u00e9tal et politique, o\u00f9 les notions de <strong>m\u00e9rite<\/strong> et d\u2019honn\u00eatet\u00e9 sont mises \u00e0 l\u2019\u00e9preuve par les r\u00e9alit\u00e9s du monde actuel. Les choix effectu\u00e9s par les dirigeants influencent leur l\u00e9gitimit\u00e9, mais aussi celle d&rsquo;un peuple en qu\u00eate de v\u00e9rit\u00e9s.<\/p>\n\n<h2 class=\"wp-block-heading\">FAQ : Questions fr\u00e9quent\u00e9es sur la L\u00e9gion d&rsquo;honneur et Sarkozy<\/h2>\n\n<p><strong>1. Pourquoi Nicolas Sarkozy a-t-il \u00e9t\u00e9 condamn\u00e9 ?<\/strong><\/p>\n\n<p>Nicolas Sarkozy a \u00e9t\u00e9 condamn\u00e9 \u00e0 trois ans de prison, dont un an ferme, pour des infractions de corruption et de trafic d&rsquo;influence li\u00e9s \u00e0 l&rsquo;affaire des \u00e9coutes.<\/p>\n\n<p><strong>2. Quelles sont les conditions pour perdre la L\u00e9gion d&rsquo;honneur ?<\/strong><\/p>\n\n<p>La radiation de la L\u00e9gion d&rsquo;honneur est automatique si une personne est reconnue coupable de crimes entra\u00eenant une peine d&rsquo;un an d&#8217;emprisonnement ou plus.<\/p>\n\n<p><strong>3. Que repr\u00e9sente la L\u00e9gion d&rsquo;honneur aujourd&rsquo;hui ?<\/strong><\/p>\n\n<p>Elle est souvent consid\u00e9r\u00e9e comme une reconnaissance des m\u00e9rites \u00e9minents rendus \u00e0 la nation, mais re\u00e7oit \u00e9galement des critiques quant \u00e0 son application et sa l\u00e9gitimit\u00e9.<\/p>\n\n<p><strong>4. Quel est l&rsquo;impact des d\u00e9cisions pr\u00e9sidentielles sur la L\u00e9gion d&rsquo;honneur ?<\/strong><\/p>\n\n<p>Les d\u00e9cisions pr\u00e9sidentielles peuvent renforcer ou \u00e9roder la confiance du public dans cette distinction, impactant ainsi des valeurs soci\u00e9tales plus larges.<\/p>\n\n<p><strong>5. La L\u00e9gion d&rsquo;honneur est-elle toujours respect\u00e9e en France ?<\/strong><\/p>\n\n<p>Bien que la L\u00e9gion d&rsquo;honneur ait une histoire riche, son respect est mis \u00e0 l&rsquo;\u00e9preuve par des d\u00e9cisions politiques controvers\u00e9es.<\/p>\n\n","protected":false},"excerpt":{"rendered":"<p>Le sujet du maintien de la L\u00e9gion d&rsquo;honneur pour Nicolas Sarkozy suscite de nombreuses passions et d\u00e9bats. D&rsquo;un c\u00f4t\u00e9, il y a ceux qui estiment que cette distinction, embl\u00e8me des valeurs r\u00e9publicaines, doit \u00eatre r\u00e9serv\u00e9e aux citoyens exemplaires. De l&rsquo;autre, il y a ceux qui consid\u00e8rent que le m\u00e9rite et l&rsquo;honneur d&rsquo;un ancien pr\u00e9sident d\u00e9passent &#8230; <a title=\"Le maintien de la l\u00e9gion d\u2019honneur pour Nicolas Sarkozy : un symbole d&rsquo;un id\u00e9al soci\u00e9tal\" class=\"read-more\" href=\"http:\/\/www.habitat-design.net\/blog\/legion-honneur-sarkozy-ideale\/\" aria-label=\"En savoir plus sur Le maintien de la l\u00e9gion d\u2019honneur pour Nicolas Sarkozy : un symbole d&rsquo;un id\u00e9al soci\u00e9tal\">Lire plus<\/a><\/p>\n","protected":false},"author":1,"featured_media":1429,"comment_status":"open","ping_status":"open","sticky":false,"template":"","format":"standard","meta":{"footnotes":""},"categories":[1],"tags":[159,156,157,160,158],"class_list":["post-1420","post","type-post","status-publish","format-standard","has-post-thumbnail","hentry","category-maison","tag-ideal-societal","tag-legion-dhonneur","tag-nicolas-sarkozy","tag-politique-francaise","tag-symbole"],"yoast_head":"<!-- This site is optimized with the Yoast SEO plugin v26.8 - https:\/\/yoast.com\/product\/yoast-seo-wordpress\/ -->\n<title>Le maintien de la l\u00e9gion d\u2019honneur : reflet d&#039;un id\u00e9al soci\u00e9tal<\/title>\n<meta name=\"description\" content=\"D\u00e9couvrez comment le maintien de la L\u00e9gion d&#039;honneur pour Nicolas Sarkozy incarne un symbole puissant d&#039;un id\u00e9al soci\u00e9tal. Analyse des enjeux politiques et socioculturels li\u00e9s \u00e0 cette distinction embl\u00e9matique, et r\u00e9flexion sur son impact sur la soci\u00e9t\u00e9 fran\u00e7aise.\" \/>\n<meta name=\"robots\" content=\"index, follow, max-snippet:-1, max-image-preview:large, max-video-preview:-1\" \/>\n<link rel=\"canonical\" href=\"http:\/\/www.habitat-design.net\/blog\/legion-honneur-sarkozy-ideale\/\" \/>\n<meta property=\"og:locale\" content=\"fr_FR\" \/>\n<meta property=\"og:type\" content=\"article\" \/>\n<meta property=\"og:title\" content=\"Le maintien de la l\u00e9gion d\u2019honneur : reflet d&#039;un id\u00e9al soci\u00e9tal\" \/>\n<meta property=\"og:description\" content=\"D\u00e9couvrez comment le maintien de la L\u00e9gion d&#039;honneur pour Nicolas Sarkozy incarne un symbole puissant d&#039;un id\u00e9al soci\u00e9tal. Analyse des enjeux politiques et socioculturels li\u00e9s \u00e0 cette distinction embl\u00e9matique, et r\u00e9flexion sur son impact sur la soci\u00e9t\u00e9 fran\u00e7aise.\" \/>\n<meta property=\"og:url\" content=\"http:\/\/www.habitat-design.net\/blog\/legion-honneur-sarkozy-ideale\/\" \/>\n<meta property=\"article:published_time\" content=\"2025-04-30T07:05:37+00:00\" \/>\n<meta property=\"article:modified_time\" content=\"2025-05-02T11:16:34+00:00\" \/>\n<meta property=\"og:image\" content=\"http:\/\/www.habitat-design.net\/blog\/wp-content\/uploads\/2025\/04\/maintien-legion-honneur-sarkozy-symbole-societal.jpg\" \/>\n\t<meta property=\"og:image:width\" content=\"1344\" \/>\n\t<meta property=\"og:image:height\" content=\"768\" \/>\n\t<meta property=\"og:image:type\" content=\"image\/jpeg\" \/>\n<meta name=\"author\" content=\"Julien Laurent\" \/>\n<meta name=\"twitter:card\" content=\"summary_large_image\" \/>\n<meta name=\"twitter:label1\" content=\"\u00c9crit par\" \/>\n\t<meta name=\"twitter:data1\" content=\"Julien Laurent\" \/>\n\t<meta name=\"twitter:label2\" content=\"Dur\u00e9e de lecture estim\u00e9e\" \/>\n\t<meta name=\"twitter:data2\" content=\"7 minutes\" \/>\n<script type=\"application\/ld+json\" class=\"yoast-schema-graph\">{\"@context\":\"https:\/\/schema.org\",\"@graph\":[{\"@type\":\"Article\",\"@id\":\"http:\/\/www.habitat-design.net\/blog\/legion-honneur-sarkozy-ideale\/#article\",\"isPartOf\":{\"@id\":\"http:\/\/www.habitat-design.net\/blog\/legion-honneur-sarkozy-ideale\/\"},\"author\":{\"name\":\"Julien Laurent\",\"@id\":\"https:\/\/www.habitat-design.net\/blog\/#\/schema\/person\/f81363ecfab7ff0bfb976328793ce2e5\"},\"headline\":\"Le maintien de la l\u00e9gion d\u2019honneur pour Nicolas Sarkozy : un symbole d&rsquo;un id\u00e9al soci\u00e9tal\",\"datePublished\":\"2025-04-30T07:05:37+00:00\",\"dateModified\":\"2025-05-02T11:16:34+00:00\",\"mainEntityOfPage\":{\"@id\":\"http:\/\/www.habitat-design.net\/blog\/legion-honneur-sarkozy-ideale\/\"},\"wordCount\":1403,\"commentCount\":0,\"image\":{\"@id\":\"http:\/\/www.habitat-design.net\/blog\/legion-honneur-sarkozy-ideale\/#primaryimage\"},\"thumbnailUrl\":\"http:\/\/www.habitat-design.net\/blog\/wp-content\/uploads\/2025\/04\/maintien-legion-honneur-sarkozy-symbole-societal.jpg\",\"keywords\":[\"id\u00e9al soci\u00e9tal\",\"l\u00e9gion d'honneur\",\"nicolas sarkozy\",\"politique fran\u00e7aise\",\"symbole\"],\"articleSection\":[\"Maison &amp; d\u00e9coration\"],\"inLanguage\":\"fr-FR\",\"potentialAction\":[{\"@type\":\"CommentAction\",\"name\":\"Comment\",\"target\":[\"http:\/\/www.habitat-design.net\/blog\/legion-honneur-sarkozy-ideale\/#respond\"]}]},{\"@type\":\"WebPage\",\"@id\":\"http:\/\/www.habitat-design.net\/blog\/legion-honneur-sarkozy-ideale\/\",\"url\":\"http:\/\/www.habitat-design.net\/blog\/legion-honneur-sarkozy-ideale\/\",\"name\":\"Le maintien de la l\u00e9gion d\u2019honneur : reflet d'un id\u00e9al soci\u00e9tal\",\"isPartOf\":{\"@id\":\"https:\/\/www.habitat-design.net\/blog\/#website\"},\"primaryImageOfPage\":{\"@id\":\"http:\/\/www.habitat-design.net\/blog\/legion-honneur-sarkozy-ideale\/#primaryimage\"},\"image\":{\"@id\":\"http:\/\/www.habitat-design.net\/blog\/legion-honneur-sarkozy-ideale\/#primaryimage\"},\"thumbnailUrl\":\"http:\/\/www.habitat-design.net\/blog\/wp-content\/uploads\/2025\/04\/maintien-legion-honneur-sarkozy-symbole-societal.jpg\",\"datePublished\":\"2025-04-30T07:05:37+00:00\",\"dateModified\":\"2025-05-02T11:16:34+00:00\",\"author\":{\"@id\":\"https:\/\/www.habitat-design.net\/blog\/#\/schema\/person\/f81363ecfab7ff0bfb976328793ce2e5\"},\"description\":\"D\u00e9couvrez comment le maintien de la L\u00e9gion d'honneur pour Nicolas Sarkozy incarne un symbole puissant d'un id\u00e9al soci\u00e9tal. Analyse des enjeux politiques et socioculturels li\u00e9s \u00e0 cette distinction embl\u00e9matique, et r\u00e9flexion sur son impact sur la soci\u00e9t\u00e9 fran\u00e7aise.\",\"breadcrumb\":{\"@id\":\"http:\/\/www.habitat-design.net\/blog\/legion-honneur-sarkozy-ideale\/#breadcrumb\"},\"inLanguage\":\"fr-FR\",\"potentialAction\":[{\"@type\":\"ReadAction\",\"target\":[\"http:\/\/www.habitat-design.net\/blog\/legion-honneur-sarkozy-ideale\/\"]}]},{\"@type\":\"ImageObject\",\"inLanguage\":\"fr-FR\",\"@id\":\"http:\/\/www.habitat-design.net\/blog\/legion-honneur-sarkozy-ideale\/#primaryimage\",\"url\":\"http:\/\/www.habitat-design.net\/blog\/wp-content\/uploads\/2025\/04\/maintien-legion-honneur-sarkozy-symbole-societal.jpg\",\"contentUrl\":\"http:\/\/www.habitat-design.net\/blog\/wp-content\/uploads\/2025\/04\/maintien-legion-honneur-sarkozy-symbole-societal.jpg\",\"width\":1344,\"height\":768,\"caption\":\"maintien-legion-honneur-sarkozy-symbole-societal\"},{\"@type\":\"BreadcrumbList\",\"@id\":\"http:\/\/www.habitat-design.net\/blog\/legion-honneur-sarkozy-ideale\/#breadcrumb\",\"itemListElement\":[{\"@type\":\"ListItem\",\"position\":1,\"name\":\"Accueil\",\"item\":\"https:\/\/www.habitat-design.net\/blog\/\"},{\"@type\":\"ListItem\",\"position\":2,\"name\":\"Le maintien de la l\u00e9gion d\u2019honneur pour Nicolas Sarkozy : un symbole d&rsquo;un id\u00e9al soci\u00e9tal\"}]},{\"@type\":\"WebSite\",\"@id\":\"https:\/\/www.habitat-design.net\/blog\/#website\",\"url\":\"https:\/\/www.habitat-design.net\/blog\/\",\"name\":\"\",\"description\":\"\",\"potentialAction\":[{\"@type\":\"SearchAction\",\"target\":{\"@type\":\"EntryPoint\",\"urlTemplate\":\"https:\/\/www.habitat-design.net\/blog\/?s={search_term_string}\"},\"query-input\":{\"@type\":\"PropertyValueSpecification\",\"valueRequired\":true,\"valueName\":\"search_term_string\"}}],\"inLanguage\":\"fr-FR\"},{\"@type\":\"Person\",\"@id\":\"https:\/\/www.habitat-design.net\/blog\/#\/schema\/person\/f81363ecfab7ff0bfb976328793ce2e5\",\"name\":\"Julien Laurent\",\"image\":{\"@type\":\"ImageObject\",\"inLanguage\":\"fr-FR\",\"@id\":\"https:\/\/www.habitat-design.net\/blog\/#\/schema\/person\/image\/\",\"url\":\"https:\/\/secure.gravatar.com\/avatar\/36c5f08b15b2f828b41156cb6e69b449?s=96&d=mm&r=g\",\"contentUrl\":\"https:\/\/secure.gravatar.com\/avatar\/36c5f08b15b2f828b41156cb6e69b449?s=96&d=mm&r=g\",\"caption\":\"Julien Laurent\"},\"description\":\"Julien Laurent est un blogueur passionn\u00e9 par le domaine de la d\u00e9coration int\u00e9rieure et du design. Avec un dipl\u00f4me en design d'int\u00e9rieur et plusieurs ann\u00e9es d'exp\u00e9rience en tant que d\u00e9corateur, il partage des conseils pratiques pour embellir et optimiser les espaces de vie. Ses articles inspirants et informatifs visent \u00e0 aider ses lecteurs \u00e0 cr\u00e9er des int\u00e9rieurs harmonieux et esth\u00e9tiques, refl\u00e9tant leur personnalit\u00e9 et leur style.\",\"sameAs\":[\"http:\/\/www.habitat-design.net\/blog\"],\"url\":\"http:\/\/www.habitat-design.net\/blog\/author\/contacthabitat-design-net\/\"}]}<\/script>\n<!-- \/ Yoast SEO plugin. -->","yoast_head_json":{"title":"Le maintien de la l\u00e9gion d\u2019honneur : reflet d'un id\u00e9al soci\u00e9tal","description":"D\u00e9couvrez comment le maintien de la L\u00e9gion d'honneur pour Nicolas Sarkozy incarne un symbole puissant d'un id\u00e9al soci\u00e9tal. Analyse des enjeux politiques et socioculturels li\u00e9s \u00e0 cette distinction embl\u00e9matique, et r\u00e9flexion sur son impact sur la soci\u00e9t\u00e9 fran\u00e7aise.","robots":{"index":"index","follow":"follow","max-snippet":"max-snippet:-1","max-image-preview":"max-image-preview:large","max-video-preview":"max-video-preview:-1"},"canonical":"http:\/\/www.habitat-design.net\/blog\/legion-honneur-sarkozy-ideale\/","og_locale":"fr_FR","og_type":"article","og_title":"Le maintien de la l\u00e9gion d\u2019honneur : reflet d'un id\u00e9al soci\u00e9tal","og_description":"D\u00e9couvrez comment le maintien de la L\u00e9gion d'honneur pour Nicolas Sarkozy incarne un symbole puissant d'un id\u00e9al soci\u00e9tal. Analyse des enjeux politiques et socioculturels li\u00e9s \u00e0 cette distinction embl\u00e9matique, et r\u00e9flexion sur son impact sur la soci\u00e9t\u00e9 fran\u00e7aise.","og_url":"http:\/\/www.habitat-design.net\/blog\/legion-honneur-sarkozy-ideale\/","article_published_time":"2025-04-30T07:05:37+00:00","article_modified_time":"2025-05-02T11:16:34+00:00","og_image":[{"width":1344,"height":768,"url":"http:\/\/www.habitat-design.net\/blog\/wp-content\/uploads\/2025\/04\/maintien-legion-honneur-sarkozy-symbole-societal.jpg","type":"image\/jpeg"}],"author":"Julien Laurent","twitter_card":"summary_large_image","twitter_misc":{"\u00c9crit par":"Julien Laurent","Dur\u00e9e de lecture estim\u00e9e":"7 minutes"},"schema":{"@context":"https:\/\/schema.org","@graph":[{"@type":"Article","@id":"http:\/\/www.habitat-design.net\/blog\/legion-honneur-sarkozy-ideale\/#article","isPartOf":{"@id":"http:\/\/www.habitat-design.net\/blog\/legion-honneur-sarkozy-ideale\/"},"author":{"name":"Julien Laurent","@id":"https:\/\/www.habitat-design.net\/blog\/#\/schema\/person\/f81363ecfab7ff0bfb976328793ce2e5"},"headline":"Le maintien de la l\u00e9gion d\u2019honneur pour Nicolas Sarkozy : un symbole d&rsquo;un id\u00e9al soci\u00e9tal","datePublished":"2025-04-30T07:05:37+00:00","dateModified":"2025-05-02T11:16:34+00:00","mainEntityOfPage":{"@id":"http:\/\/www.habitat-design.net\/blog\/legion-honneur-sarkozy-ideale\/"},"wordCount":1403,"commentCount":0,"image":{"@id":"http:\/\/www.habitat-design.net\/blog\/legion-honneur-sarkozy-ideale\/#primaryimage"},"thumbnailUrl":"http:\/\/www.habitat-design.net\/blog\/wp-content\/uploads\/2025\/04\/maintien-legion-honneur-sarkozy-symbole-societal.jpg","keywords":["id\u00e9al soci\u00e9tal","l\u00e9gion d'honneur","nicolas sarkozy","politique fran\u00e7aise","symbole"],"articleSection":["Maison &amp; d\u00e9coration"],"inLanguage":"fr-FR","potentialAction":[{"@type":"CommentAction","name":"Comment","target":["http:\/\/www.habitat-design.net\/blog\/legion-honneur-sarkozy-ideale\/#respond"]}]},{"@type":"WebPage","@id":"http:\/\/www.habitat-design.net\/blog\/legion-honneur-sarkozy-ideale\/","url":"http:\/\/www.habitat-design.net\/blog\/legion-honneur-sarkozy-ideale\/","name":"Le maintien de la l\u00e9gion d\u2019honneur : reflet d'un id\u00e9al soci\u00e9tal","isPartOf":{"@id":"https:\/\/www.habitat-design.net\/blog\/#website"},"primaryImageOfPage":{"@id":"http:\/\/www.habitat-design.net\/blog\/legion-honneur-sarkozy-ideale\/#primaryimage"},"image":{"@id":"http:\/\/www.habitat-design.net\/blog\/legion-honneur-sarkozy-ideale\/#primaryimage"},"thumbnailUrl":"http:\/\/www.habitat-design.net\/blog\/wp-content\/uploads\/2025\/04\/maintien-legion-honneur-sarkozy-symbole-societal.jpg","datePublished":"2025-04-30T07:05:37+00:00","dateModified":"2025-05-02T11:16:34+00:00","author":{"@id":"https:\/\/www.habitat-design.net\/blog\/#\/schema\/person\/f81363ecfab7ff0bfb976328793ce2e5"},"description":"D\u00e9couvrez comment le maintien de la L\u00e9gion d'honneur pour Nicolas Sarkozy incarne un symbole puissant d'un id\u00e9al soci\u00e9tal. Analyse des enjeux politiques et socioculturels li\u00e9s \u00e0 cette distinction embl\u00e9matique, et r\u00e9flexion sur son impact sur la soci\u00e9t\u00e9 fran\u00e7aise.","breadcrumb":{"@id":"http:\/\/www.habitat-design.net\/blog\/legion-honneur-sarkozy-ideale\/#breadcrumb"},"inLanguage":"fr-FR","potentialAction":[{"@type":"ReadAction","target":["http:\/\/www.habitat-design.net\/blog\/legion-honneur-sarkozy-ideale\/"]}]},{"@type":"ImageObject","inLanguage":"fr-FR","@id":"http:\/\/www.habitat-design.net\/blog\/legion-honneur-sarkozy-ideale\/#primaryimage","url":"http:\/\/www.habitat-design.net\/blog\/wp-content\/uploads\/2025\/04\/maintien-legion-honneur-sarkozy-symbole-societal.jpg","contentUrl":"http:\/\/www.habitat-design.net\/blog\/wp-content\/uploads\/2025\/04\/maintien-legion-honneur-sarkozy-symbole-societal.jpg","width":1344,"height":768,"caption":"maintien-legion-honneur-sarkozy-symbole-societal"},{"@type":"BreadcrumbList","@id":"http:\/\/www.habitat-design.net\/blog\/legion-honneur-sarkozy-ideale\/#breadcrumb","itemListElement":[{"@type":"ListItem","position":1,"name":"Accueil","item":"https:\/\/www.habitat-design.net\/blog\/"},{"@type":"ListItem","position":2,"name":"Le maintien de la l\u00e9gion d\u2019honneur pour Nicolas Sarkozy : un symbole d&rsquo;un id\u00e9al soci\u00e9tal"}]},{"@type":"WebSite","@id":"https:\/\/www.habitat-design.net\/blog\/#website","url":"https:\/\/www.habitat-design.net\/blog\/","name":"","description":"","potentialAction":[{"@type":"SearchAction","target":{"@type":"EntryPoint","urlTemplate":"https:\/\/www.habitat-design.net\/blog\/?s={search_term_string}"},"query-input":{"@type":"PropertyValueSpecification","valueRequired":true,"valueName":"search_term_string"}}],"inLanguage":"fr-FR"},{"@type":"Person","@id":"https:\/\/www.habitat-design.net\/blog\/#\/schema\/person\/f81363ecfab7ff0bfb976328793ce2e5","name":"Julien Laurent","image":{"@type":"ImageObject","inLanguage":"fr-FR","@id":"https:\/\/www.habitat-design.net\/blog\/#\/schema\/person\/image\/","url":"https:\/\/secure.gravatar.com\/avatar\/36c5f08b15b2f828b41156cb6e69b449?s=96&d=mm&r=g","contentUrl":"https:\/\/secure.gravatar.com\/avatar\/36c5f08b15b2f828b41156cb6e69b449?s=96&d=mm&r=g","caption":"Julien Laurent"},"description":"Julien Laurent est un blogueur passionn\u00e9 par le domaine de la d\u00e9coration int\u00e9rieure et du design. Avec un dipl\u00f4me en design d'int\u00e9rieur et plusieurs ann\u00e9es d'exp\u00e9rience en tant que d\u00e9corateur, il partage des conseils pratiques pour embellir et optimiser les espaces de vie. Ses articles inspirants et informatifs visent \u00e0 aider ses lecteurs \u00e0 cr\u00e9er des int\u00e9rieurs harmonieux et esth\u00e9tiques, refl\u00e9tant leur personnalit\u00e9 et leur style.","sameAs":["http:\/\/www.habitat-design.net\/blog"],"url":"http:\/\/www.habitat-design.net\/blog\/author\/contacthabitat-design-net\/"}]}},"views":78,"_links":{"self":[{"href":"http:\/\/www.habitat-design.net\/blog\/wp-json\/wp\/v2\/posts\/1420","targetHints":{"allow":["GET"]}}],"collection":[{"href":"http:\/\/www.habitat-design.net\/blog\/wp-json\/wp\/v2\/posts"}],"about":[{"href":"http:\/\/www.habitat-design.net\/blog\/wp-json\/wp\/v2\/types\/post"}],"author":[{"embeddable":true,"href":"http:\/\/www.habitat-design.net\/blog\/wp-json\/wp\/v2\/users\/1"}],"replies":[{"embeddable":true,"href":"http:\/\/www.habitat-design.net\/blog\/wp-json\/wp\/v2\/comments?post=1420"}],"version-history":[{"count":1,"href":"http:\/\/www.habitat-design.net\/blog\/wp-json\/wp\/v2\/posts\/1420\/revisions"}],"predecessor-version":[{"id":1430,"href":"http:\/\/www.habitat-design.net\/blog\/wp-json\/wp\/v2\/posts\/1420\/revisions\/1430"}],"wp:featuredmedia":[{"embeddable":true,"href":"http:\/\/www.habitat-design.net\/blog\/wp-json\/wp\/v2\/media\/1429"}],"wp:attachment":[{"href":"http:\/\/www.habitat-design.net\/blog\/wp-json\/wp\/v2\/media?parent=1420"}],"wp:term":[{"taxonomy":"category","embeddable":true,"href":"http:\/\/www.habitat-design.net\/blog\/wp-json\/wp\/v2\/categories?post=1420"},{"taxonomy":"post_tag","embeddable":true,"href":"http:\/\/www.habitat-design.net\/blog\/wp-json\/wp\/v2\/tags?post=1420"}],"curies":[{"name":"wp","href":"https:\/\/api.w.org\/{rel}","templated":true}]}}