
{"id":1409,"date":"2025-04-26T09:01:42","date_gmt":"2025-04-26T07:01:42","guid":{"rendered":"http:\/\/www.habitat-design.net\/blog\/boutique-deco-art-table-perche\/"},"modified":"2025-04-26T09:01:42","modified_gmt":"2025-04-26T07:01:42","slug":"boutique-deco-art-table-perche","status":"publish","type":"post","link":"http:\/\/www.habitat-design.net\/blog\/boutique-deco-art-table-perche\/","title":{"rendered":"Une nouvelle boutique dans le Perche allie d\u00e9coration, art de la table et \u00e9picerie fine"},"content":{"rendered":"<p>Dans le charmant village de Perche-en-Noc\u00e9, un vent de nouveaut\u00e9 fra\u00eeche souffle avec l\u2019ouverture de la boutique \u00ab Maison Noc\u00e9 \u00bb. Qu&rsquo;est-ce qui la rend si sp\u00e9ciale ? Allant au-del\u00e0 des simples objets du quotidien, elle offre une exp\u00e9rience immersive o\u00f9 se c\u00f4toient avec audace <strong>d\u00e9coration<\/strong>, <strong>art de la table<\/strong> et <strong>\u00e9picerie fine<\/strong>. Dans cet \u00e9crin de cr\u00e9ativit\u00e9 et de saveurs, chaque visiteur est invit\u00e9 \u00e0 red\u00e9couvrir son espace de vie tout en se g\u00e2tant de d\u00e9lices in\u00e9dits. Cette boutique est un v\u00e9ritable reflet d\u2019une passion pour le beau, le bon et la convivialit\u00e9.<\/p>\n\n<h2 class=\"wp-block-heading\">D\u00e9couverte de la Boutique \u00ab Maison Noc\u00e9 \u00bb : Un Paradis pour les Amoureux de la D\u00e9coration<\/h2>\n\n<p>Nich\u00e9e \u00e0 deux pas du c\u0153ur de Perche-en-Noc\u00e9, la <strong>boutique<\/strong> \u00ab Maison Noc\u00e9 \u00bb a ouvert ses portes le 18 avril 2025. Ce concept novateur ne se contente pas d&rsquo;\u00eatre une simple vitrine d&rsquo;objets ; c\u2019est un univers o\u00f9 chaque pi\u00e8ce parle une langue propre et raconte une histoire. La g\u00e9rante, Emmanuelle Tilly, a su cr\u00e9er un environnement qui respire l&rsquo;\u00e9l\u00e9gance et la chaleur, comme si elle invitait les clients chez elle, dans son cocon.<\/p>\n\n<h3 class=\"wp-block-heading\">Une Ambiance Conviviale et Soign\u00e9e<\/h3>\n\n<p>\u00c0 l\u2019int\u00e9rieur, l\u2019ambiance d\u00e9gage une douce m\u00e9lodie de sophistication et de praticit\u00e9. Les couleurs choisies sont douces, allant des teintes pastel aux nuances terreuses, cr\u00e9ant un espace \u00e0 la fois apaisant et inspirant. Les diff\u00e9rentes sections de la boutique sont soigneusement agenc\u00e9es pour donner vie aux articles, exposant des <strong>accessoires domestiques<\/strong> qui ne demanderont qu&rsquo;\u00e0 trouver leur place dans ton foyer.<\/p>\n\n<ul class=\"wp-block-list\"><li>\ud83c\udfa8 <strong>Collection de D\u00e9coration<\/strong> : Mobilier chic, luminaires, art textile<\/li><li>\ud83c\udf7d\ufe0f <strong>Art de la Table<\/strong> : Vaisselle \u00e9l\u00e9gante, verres raffin\u00e9s, accessoires pratiques<\/li><li>\ud83e\uddc0 <strong>\u00c9picerie Fine<\/strong> : Produits locaux, d\u00e9lices bretons, tr\u00e9sors gastronomiques<\/li><\/ul>\n\n<h3 class=\"wp-block-heading\">Des Objets Rares et \u00c9dition Limit\u00e9e<\/h3>\n\n<p>Et l\u00e0 o\u00f9 cette boutique se d\u00e9marque vraiment, c\u2019est dans la s\u00e9lection rigoureuse d\u2019objets. Emmanuelle a mis un point d&rsquo;honneur \u00e0 travailler avec des cr\u00e9ateurs passionn\u00e9s, auxquels elle accorde une confiance pr\u00e9cieuse, introduisant des pi\u00e8ces que l&rsquo;on ne retrouve nulle part ailleurs. Cette expertise permet de proposer des collections th\u00e9matiques, renouvel\u00e9es chaque saison, offrant une ambiance toujours fra\u00eeche.<\/p>\n\n<figure class=\"wp-block-table\"><table>\n<thead>\n<tr>\n<th>Type d&rsquo;Object<\/th>\n<th>Description<\/th>\n<th>Saisonnalit\u00e9<\/th>\n<\/tr>\n<\/thead>\n<tbody>\n<tr>\n<td>Mobilier<\/td>\n<td>Chaises en rotin, tables en bois<\/td>\n<td>Printemps\/\u00c9t\u00e9<\/td>\n<\/tr>\n<tr>\n<td>Art de la Table<\/td>\n<td>Assiettes en c\u00e9ramique, couverts design<\/td>\n<td>Automne\/Hiver<\/td>\n<\/tr>\n<tr>\n<td>\u00c9dition Limit\u00e9e<\/td>\n<td>Objets d&rsquo;art \u00e9ph\u00e9m\u00e8res<\/td>\n<td>Tout au long de l&rsquo;ann\u00e9e<\/td>\n<\/tr>\n<\/tbody>\n<\/table><\/figure>\n\n<h2 class=\"wp-block-heading\">Les P\u00e9pites de l&rsquo;\u00c9picerie Fine : Un Voyage au C\u0153ur des Saveurs<\/h2>\n\n<p>Loin de se limiter \u00e0 la d\u00e9coration, \u00ab Maison Noc\u00e9 \u00bb se transforme en une <strong>\u00e9picerie fine<\/strong> qui ferait saliver les plus fins palais ! Proposant des sp\u00e9cialit\u00e9s locales, cette partie de la boutique est un v\u00e9ritable hommage \u00e0 la <strong>gastronomie<\/strong> r\u00e9gionale et \u00e0 des produits plus exotiques, d\u00e9nich\u00e9s avec amour par Emmanuelle.<\/p>\n\n<h3 class=\"wp-block-heading\">Une S\u00e9lection de Produits Locaux<\/h3>\n\n<p>Dans cette \u00e9picerie, les clients peuvent retrouver des tr\u00e9sors du <strong>Perche<\/strong> : fromages fermiers, confitures faites maison, miel artisanal\u2026 chaque produit a une histoire. Emmanuelle privil\u00e9gie le circuit court et la qualit\u00e9, afin de faire d\u00e9couvrir des saveurs authentiques qui r\u00e9galent les papilles.<\/p>\n\n<ul class=\"wp-block-list\"><li>\ud83e\uddc0 Fromages locaux artisanaux<\/li><li>\ud83c\udf6f Miels de producteurs locaux<\/li><li>\ud83e\udd6b Confitures et chutneys faits maison<\/li><\/ul>\n\n<h3 class=\"wp-block-heading\">Un Peu de Bretagne dans le Perche<\/h3>\n\n<p>Originaire de Bretagne, Emmanuelle enrichit aussi l\u2019offre de la boutique avec des sp\u00e9cialit\u00e9s bretonnes. Une belle fa\u00e7on de c\u00e9l\u00e9brer ses racines tout en faisant d\u00e9couvrir aux clients des produits tels que les galettes de sarrasin et les caramels au beurre sal\u00e9, biens de Bretagne, mais aussi un voyage gustatif accessible \u00e0 tous.<\/p>\n\n<figure class=\"wp-block-table\"><table>\n<thead>\n<tr>\n<th>Produits<\/th>\n<th>Origine<\/th>\n<th>Particularit\u00e9<\/th>\n<\/tr>\n<\/thead>\n<tbody>\n<tr>\n<td>Fromage de ch\u00e8vre<\/td>\n<td>Perche<\/td>\n<td>Artisanal<\/td>\n<\/tr>\n<tr>\n<td>Galettes bretonnes<\/td>\n<td>Bretagne<\/td>\n<td>\u00c0 base de sarrasin<\/td>\n<\/tr>\n<tr>\n<td>Confiture de fraises<\/td>\n<td>Perche<\/td>\n<td>Fait maison<\/td>\n<\/tr>\n<\/tbody>\n<\/table><\/figure>\n\n<h2 class=\"wp-block-heading\">Design Int\u00e9rieur \u00e0 Temp\u00e9rature Ambiante : Une Exp\u00e9rience de Magasinage Unique<\/h2>\n\n<p>Imagine-toi en train de fl\u00e2ner dans un espace o\u00f9 la <strong>d\u00e9coration<\/strong> harmonieuse se marie avec les odeurs all\u00e9chantes de produits raffin\u00e9s. La boutique \u00ab Maison Noc\u00e9 \u00bb n\u2019est pas seulement un lieu de consommation; c\u2019est un lieu de rencontre, de partage et d\u2019inspiration. Les clients ne se contentent pas d&rsquo;acheter ; ils d\u00e9couvrent, \u00e9changent et s\u2019inspirent mutuellement. Emmanuelle souhaite que chaque visite soit une exp\u00e9rience m\u00e9morable, synonyme de convivialit\u00e9.<\/p>\n\n<h3 class=\"wp-block-heading\">Cultiver une Communaut\u00e9 Autour de la Boutique<\/h3>\n\n<p>Emmanuelle a pour ambition de cr\u00e9er une v\u00e9ritable communaut\u00e9 autour de sa boutique. Regarde par exemple les ateliers qui se dessinent d\u00e9j\u00e0 : des cours de d\u00e9coration, des sessions de d\u00e9gustation de vins locaux, ou encore des rencontres avec des artisans du secteur. Chaque activit\u00e9 est pens\u00e9e pour \u00e9veiller les sens et encourager la cr\u00e9ativit\u00e9.<\/p>\n\n<ul class=\"wp-block-list\"><li>\ud83d\udc69\u200d\ud83c\udfa8 Ateliers de d\u00e9coration<\/li><li>\ud83c\udf77 D\u00e9gustations de vins locaux<\/li><li>\ud83e\uddd1\u200d\ud83c\udf3e Rencontres avec des producteurs<\/li><\/ul>\n\n<h3 class=\"wp-block-heading\">Acc\u00e8s et Ambiance Rurale<\/h3>\n\n<p>Bien que la rue o\u00f9 se situe la boutique soit actuellement en travaux, l\u2019accessibilit\u00e9 est facilit\u00e9e en se garant \u00e0 proximit\u00e9. L&rsquo;ambiance rurale du Perche encourage les visites. On peut m\u00eame imaginer sortir du magasin avec un panier plein de d\u00e9couvertes, en se baladant dans ce cadre verdoyant !<\/p>\n\n<figure class=\"wp-block-table\"><table>\n<thead>\n<tr>\n<th>Atelier<\/th>\n<th>Date<\/th>\n<th>Th\u00e8me<\/th>\n<\/tr>\n<\/thead>\n<tbody>\n<tr>\n<td>Cours de D\u00e9coration<\/td>\n<td>Premier samedi du mois<\/td>\n<td>\u00c9l\u00e9gance Minimaliste<\/td>\n<\/tr>\n<tr>\n<td>D\u00e9gustation Vins<\/td>\n<td>Troisi\u00e8mes samedis<\/td>\n<td>Vins du Perche<\/td>\n<\/tr>\n<tr>\n<td>Rencontre Artisan<\/td>\n<td>DernIER dimanche du mois<\/td>\n<td>Tr\u00e9sors Locaux<\/td>\n<\/tr>\n<\/tbody>\n<\/table><\/figure>\n\n<h2 class=\"wp-block-heading\">Favoriser le Commerce Local et le Design \u00c9thique<\/h2>\n\n<p>En somme, \u00ab Maison Noc\u00e9 \u00bb ne se pr\u00e9occupe pas uniquement du profit. Les valeurs de <strong>commerce local<\/strong> et de <strong>design \u00e9thique<\/strong> guident chaque d\u00e9cision. En soutenant les artisans, Emmanuelle renforce l\u2019\u00e9conomie locale tout en proposant des objets de qualit\u00e9 qui toucheront les c\u0153urs des clients. Dans un monde o\u00f9 l&rsquo;\u00e9ph\u00e9m\u00e8re est omnipr\u00e9sent, cette boutique semble prouver que l&rsquo;on peut allier esth\u00e9tique et \u00e9thique.<\/p>\n\n<h3 class=\"wp-block-heading\">Une Boutique En Harmonie avec Son Environnement<\/h3>\n\n<p>Le choix de produits \u00e9cologiques, l\u2019attention port\u00e9e \u00e0 l\u2019emballage minimaliste et l\u2019assistance \u00e0 des producteurs respectueux de l\u2019environnement sont autant de d\u00e9tails qui dessinent le caract\u00e8re de cette boutique. C\u2019est le genre de lieu o\u00f9 chaque article achet\u00e9 contribue \u00e0 une d\u00e9marche positive.<\/p>\n\n<ul class=\"wp-block-list\"><li>\ud83c\udf31 Produits \u00e9cologiques<\/li><li>\u267b\ufe0f Emballages recyclables<\/li><li>\ud83c\udf0d Soutien aux producteurs respectueux de l&rsquo;environnement<\/li><\/ul>\n\n<h3 class=\"wp-block-heading\">Un Appel \u00e0 l\u2019Action<\/h3>\n\n<p>Diss\u00e9min\u00e9s dans la boutique, des flyers d\u00e9taillant des informations sur des producteurs et artisans sont disponibles. Chaque visiteur est donc encourag\u00e9 \u00e0 s&rsquo;engager activement, \u00e0 poser des questions et, pourquoi pas, \u00e0 emporter un petit morceau du Perche chez soi.<\/p>\n\n<figure class=\"wp-block-table\"><table>\n<thead>\n<tr>\n<th>Action<\/th>\n<th>Impact<\/th>\n<th>Engagement<\/th>\n<\/tr>\n<\/thead>\n<tbody>\n<tr>\n<td>Achat Local<\/td>\n<td>Soutenir l&rsquo;\u00e9conomie r\u00e9gionale<\/td>\n<td>Cr\u00e9er des emplois<\/td>\n<\/tr>\n<tr>\n<td>Consommation Responsable<\/td>\n<td>R\u00e9duire les d\u00e9chets<\/td>\n<td>Sensibiliser le public<\/td>\n<\/tr>\n<tr>\n<td>D\u00e9veloppement d&rsquo;Ateliers<\/td>\n<td>Promouvoir la culture<\/td>\n<td>Rassembler la communaut\u00e9<\/td>\n<\/tr>\n<\/tbody>\n<\/table><\/figure>\n\n<h2 class=\"wp-block-heading\">FAQ<\/h2>\n\n<p><strong>Quelles sont les horaires d&rsquo;ouverture de la boutique \u00ab Maison Noc\u00e9 \u00bb ?<\/strong><br>Elle est ouverte du mardi au dimanche, de 10 h \u00e0 19 h.<\/p>\n\n<p><strong>Peut-on r\u00e9server des ateliers en ligne ?<\/strong><br>Oui, les r\u00e9servations peuvent se faire via le site internet de la boutique.<\/p>\n\n<p><strong>Quels types de produits sont disponibles dans l&rsquo;\u00e9picerie fine ?<\/strong><br>Des sp\u00e9cialit\u00e9s locales, fromages, confitures, ainsi que des produits bretons exclusifs.<\/p>\n\n<p><strong>Y a-t-il des promotions ou ventes saisonni\u00e8res ?<\/strong><br>Des promotions sont r\u00e9guli\u00e8rement propos\u00e9es, notamment \u00e0 l&rsquo;occasion des f\u00eates.<\/p>\n\n<p><strong>Comment puis-je soutenir les artisans locaux ?<\/strong><br>En achetant leurs produits et en participant aux \u00e9v\u00e9nements et ateliers organis\u00e9s par la boutique.<\/p>\n\n","protected":false},"excerpt":{"rendered":"<p>Dans le charmant village de Perche-en-Noc\u00e9, un vent de nouveaut\u00e9 fra\u00eeche souffle avec l\u2019ouverture de la boutique \u00ab Maison Noc\u00e9 \u00bb. Qu&rsquo;est-ce qui la rend si sp\u00e9ciale ? Allant au-del\u00e0 des simples objets du quotidien, elle offre une exp\u00e9rience immersive o\u00f9 se c\u00f4toient avec audace d\u00e9coration, art de la table et \u00e9picerie fine. Dans cet &#8230; <a title=\"Une nouvelle boutique dans le Perche allie d\u00e9coration, art de la table et \u00e9picerie fine\" class=\"read-more\" href=\"http:\/\/www.habitat-design.net\/blog\/boutique-deco-art-table-perche\/\" aria-label=\"En savoir plus sur Une nouvelle boutique dans le Perche allie d\u00e9coration, art de la table et \u00e9picerie fine\">Lire plus<\/a><\/p>\n","protected":false},"author":1,"featured_media":1408,"comment_status":"open","ping_status":"open","sticky":false,"template":"","format":"standard","meta":{"footnotes":""},"categories":[1],"tags":[147,145,55,148,146],"class_list":["post-1409","post","type-post","status-publish","format-standard","has-post-thumbnail","hentry","category-maison","tag-art-de-la-table","tag-boutique","tag-decoration","tag-epicerie-fine","tag-perche"],"yoast_head":"<!-- This site is optimized with the Yoast SEO plugin v26.8 - https:\/\/yoast.com\/product\/yoast-seo-wordpress\/ -->\n<title>Une nouvelle adresse pour sublimer votre table et votre int\u00e9rieur dans le Perche<\/title>\n<meta name=\"description\" content=\"D\u00e9couvrez notre nouvelle boutique dans le Perche, un espace unique alliant d\u00e9coration \u00e9l\u00e9gante, art de la table raffin\u00e9 et d\u00e9lices d&#039;\u00e9picerie fine. Explorez des articles soigneusement s\u00e9lectionn\u00e9s pour sublimer votre int\u00e9rieur et ravir vos papilles. Laissez-vous inspirer par un univers o\u00f9 le style rencontre la qualit\u00e9.\" \/>\n<meta name=\"robots\" content=\"index, follow, max-snippet:-1, max-image-preview:large, max-video-preview:-1\" \/>\n<link rel=\"canonical\" href=\"http:\/\/www.habitat-design.net\/blog\/boutique-deco-art-table-perche\/\" \/>\n<meta property=\"og:locale\" content=\"fr_FR\" \/>\n<meta property=\"og:type\" content=\"article\" \/>\n<meta property=\"og:title\" content=\"Une nouvelle adresse pour sublimer votre table et votre int\u00e9rieur dans le Perche\" \/>\n<meta property=\"og:description\" content=\"D\u00e9couvrez notre nouvelle boutique dans le Perche, un espace unique alliant d\u00e9coration \u00e9l\u00e9gante, art de la table raffin\u00e9 et d\u00e9lices d&#039;\u00e9picerie fine. Explorez des articles soigneusement s\u00e9lectionn\u00e9s pour sublimer votre int\u00e9rieur et ravir vos papilles. Laissez-vous inspirer par un univers o\u00f9 le style rencontre la qualit\u00e9.\" \/>\n<meta property=\"og:url\" content=\"http:\/\/www.habitat-design.net\/blog\/boutique-deco-art-table-perche\/\" \/>\n<meta property=\"article:published_time\" content=\"2025-04-26T07:01:42+00:00\" \/>\n<meta property=\"og:image\" content=\"http:\/\/www.habitat-design.net\/blog\/wp-content\/uploads\/2025\/04\/Une-nouvelle-boutique-dans-le-Perche-allie-decoration-art-de-la-table-et-epicerie-fine.jpg\" \/>\n\t<meta property=\"og:image:width\" content=\"1344\" \/>\n\t<meta property=\"og:image:height\" content=\"768\" \/>\n\t<meta property=\"og:image:type\" content=\"image\/jpeg\" \/>\n<meta name=\"author\" content=\"Julien Laurent\" \/>\n<meta name=\"twitter:card\" content=\"summary_large_image\" \/>\n<meta name=\"twitter:label1\" content=\"\u00c9crit par\" \/>\n\t<meta name=\"twitter:data1\" content=\"Julien Laurent\" \/>\n\t<meta name=\"twitter:label2\" content=\"Dur\u00e9e de lecture estim\u00e9e\" \/>\n\t<meta name=\"twitter:data2\" content=\"6 minutes\" \/>\n<script type=\"application\/ld+json\" class=\"yoast-schema-graph\">{\"@context\":\"https:\/\/schema.org\",\"@graph\":[{\"@type\":\"Article\",\"@id\":\"http:\/\/www.habitat-design.net\/blog\/boutique-deco-art-table-perche\/#article\",\"isPartOf\":{\"@id\":\"http:\/\/www.habitat-design.net\/blog\/boutique-deco-art-table-perche\/\"},\"author\":{\"name\":\"Julien Laurent\",\"@id\":\"https:\/\/www.habitat-design.net\/blog\/#\/schema\/person\/f81363ecfab7ff0bfb976328793ce2e5\"},\"headline\":\"Une nouvelle boutique dans le Perche allie d\u00e9coration, art de la table et \u00e9picerie fine\",\"datePublished\":\"2025-04-26T07:01:42+00:00\",\"mainEntityOfPage\":{\"@id\":\"http:\/\/www.habitat-design.net\/blog\/boutique-deco-art-table-perche\/\"},\"wordCount\":1239,\"commentCount\":0,\"image\":{\"@id\":\"http:\/\/www.habitat-design.net\/blog\/boutique-deco-art-table-perche\/#primaryimage\"},\"thumbnailUrl\":\"http:\/\/www.habitat-design.net\/blog\/wp-content\/uploads\/2025\/04\/Une-nouvelle-boutique-dans-le-Perche-allie-decoration-art-de-la-table-et-epicerie-fine.jpg\",\"keywords\":[\"art de la table\",\"boutique\",\"d\u00e9coration\",\"\u00e9picerie fine\",\"perche\"],\"articleSection\":[\"Maison &amp; d\u00e9coration\"],\"inLanguage\":\"fr-FR\",\"potentialAction\":[{\"@type\":\"CommentAction\",\"name\":\"Comment\",\"target\":[\"http:\/\/www.habitat-design.net\/blog\/boutique-deco-art-table-perche\/#respond\"]}]},{\"@type\":\"WebPage\",\"@id\":\"http:\/\/www.habitat-design.net\/blog\/boutique-deco-art-table-perche\/\",\"url\":\"http:\/\/www.habitat-design.net\/blog\/boutique-deco-art-table-perche\/\",\"name\":\"Une nouvelle adresse pour sublimer votre table et votre int\u00e9rieur dans le Perche\",\"isPartOf\":{\"@id\":\"https:\/\/www.habitat-design.net\/blog\/#website\"},\"primaryImageOfPage\":{\"@id\":\"http:\/\/www.habitat-design.net\/blog\/boutique-deco-art-table-perche\/#primaryimage\"},\"image\":{\"@id\":\"http:\/\/www.habitat-design.net\/blog\/boutique-deco-art-table-perche\/#primaryimage\"},\"thumbnailUrl\":\"http:\/\/www.habitat-design.net\/blog\/wp-content\/uploads\/2025\/04\/Une-nouvelle-boutique-dans-le-Perche-allie-decoration-art-de-la-table-et-epicerie-fine.jpg\",\"datePublished\":\"2025-04-26T07:01:42+00:00\",\"author\":{\"@id\":\"https:\/\/www.habitat-design.net\/blog\/#\/schema\/person\/f81363ecfab7ff0bfb976328793ce2e5\"},\"description\":\"D\u00e9couvrez notre nouvelle boutique dans le Perche, un espace unique alliant d\u00e9coration \u00e9l\u00e9gante, art de la table raffin\u00e9 et d\u00e9lices d'\u00e9picerie fine. Explorez des articles soigneusement s\u00e9lectionn\u00e9s pour sublimer votre int\u00e9rieur et ravir vos papilles. Laissez-vous inspirer par un univers o\u00f9 le style rencontre la qualit\u00e9.\",\"breadcrumb\":{\"@id\":\"http:\/\/www.habitat-design.net\/blog\/boutique-deco-art-table-perche\/#breadcrumb\"},\"inLanguage\":\"fr-FR\",\"potentialAction\":[{\"@type\":\"ReadAction\",\"target\":[\"http:\/\/www.habitat-design.net\/blog\/boutique-deco-art-table-perche\/\"]}]},{\"@type\":\"ImageObject\",\"inLanguage\":\"fr-FR\",\"@id\":\"http:\/\/www.habitat-design.net\/blog\/boutique-deco-art-table-perche\/#primaryimage\",\"url\":\"http:\/\/www.habitat-design.net\/blog\/wp-content\/uploads\/2025\/04\/Une-nouvelle-boutique-dans-le-Perche-allie-decoration-art-de-la-table-et-epicerie-fine.jpg\",\"contentUrl\":\"http:\/\/www.habitat-design.net\/blog\/wp-content\/uploads\/2025\/04\/Une-nouvelle-boutique-dans-le-Perche-allie-decoration-art-de-la-table-et-epicerie-fine.jpg\",\"width\":1344,\"height\":768,\"caption\":\"d\u00e9couvrez notre nouvelle boutique dans le perche, o\u00f9 la d\u00e9coration \u00e9l\u00e9gante, l'art de la table raffin\u00e9 et une s\u00e9lection d'\u00e9picerie fine s'harmonisent pour sublimer votre int\u00e9rieur. offrez-vous une exp\u00e9rience unique m\u00ealant cr\u00e9ativit\u00e9 et gourmandise.\"},{\"@type\":\"BreadcrumbList\",\"@id\":\"http:\/\/www.habitat-design.net\/blog\/boutique-deco-art-table-perche\/#breadcrumb\",\"itemListElement\":[{\"@type\":\"ListItem\",\"position\":1,\"name\":\"Accueil\",\"item\":\"https:\/\/www.habitat-design.net\/blog\/\"},{\"@type\":\"ListItem\",\"position\":2,\"name\":\"Une nouvelle boutique dans le Perche allie d\u00e9coration, art de la table et \u00e9picerie fine\"}]},{\"@type\":\"WebSite\",\"@id\":\"https:\/\/www.habitat-design.net\/blog\/#website\",\"url\":\"https:\/\/www.habitat-design.net\/blog\/\",\"name\":\"\",\"description\":\"\",\"potentialAction\":[{\"@type\":\"SearchAction\",\"target\":{\"@type\":\"EntryPoint\",\"urlTemplate\":\"https:\/\/www.habitat-design.net\/blog\/?s={search_term_string}\"},\"query-input\":{\"@type\":\"PropertyValueSpecification\",\"valueRequired\":true,\"valueName\":\"search_term_string\"}}],\"inLanguage\":\"fr-FR\"},{\"@type\":\"Person\",\"@id\":\"https:\/\/www.habitat-design.net\/blog\/#\/schema\/person\/f81363ecfab7ff0bfb976328793ce2e5\",\"name\":\"Julien Laurent\",\"image\":{\"@type\":\"ImageObject\",\"inLanguage\":\"fr-FR\",\"@id\":\"https:\/\/www.habitat-design.net\/blog\/#\/schema\/person\/image\/\",\"url\":\"https:\/\/secure.gravatar.com\/avatar\/36c5f08b15b2f828b41156cb6e69b449?s=96&d=mm&r=g\",\"contentUrl\":\"https:\/\/secure.gravatar.com\/avatar\/36c5f08b15b2f828b41156cb6e69b449?s=96&d=mm&r=g\",\"caption\":\"Julien Laurent\"},\"description\":\"Julien Laurent est un blogueur passionn\u00e9 par le domaine de la d\u00e9coration int\u00e9rieure et du design. Avec un dipl\u00f4me en design d'int\u00e9rieur et plusieurs ann\u00e9es d'exp\u00e9rience en tant que d\u00e9corateur, il partage des conseils pratiques pour embellir et optimiser les espaces de vie. Ses articles inspirants et informatifs visent \u00e0 aider ses lecteurs \u00e0 cr\u00e9er des int\u00e9rieurs harmonieux et esth\u00e9tiques, refl\u00e9tant leur personnalit\u00e9 et leur style.\",\"sameAs\":[\"http:\/\/www.habitat-design.net\/blog\"],\"url\":\"http:\/\/www.habitat-design.net\/blog\/author\/contacthabitat-design-net\/\"}]}<\/script>\n<!-- \/ Yoast SEO plugin. -->","yoast_head_json":{"title":"Une nouvelle adresse pour sublimer votre table et votre int\u00e9rieur dans le Perche","description":"D\u00e9couvrez notre nouvelle boutique dans le Perche, un espace unique alliant d\u00e9coration \u00e9l\u00e9gante, art de la table raffin\u00e9 et d\u00e9lices d'\u00e9picerie fine. Explorez des articles soigneusement s\u00e9lectionn\u00e9s pour sublimer votre int\u00e9rieur et ravir vos papilles. Laissez-vous inspirer par un univers o\u00f9 le style rencontre la qualit\u00e9.","robots":{"index":"index","follow":"follow","max-snippet":"max-snippet:-1","max-image-preview":"max-image-preview:large","max-video-preview":"max-video-preview:-1"},"canonical":"http:\/\/www.habitat-design.net\/blog\/boutique-deco-art-table-perche\/","og_locale":"fr_FR","og_type":"article","og_title":"Une nouvelle adresse pour sublimer votre table et votre int\u00e9rieur dans le Perche","og_description":"D\u00e9couvrez notre nouvelle boutique dans le Perche, un espace unique alliant d\u00e9coration \u00e9l\u00e9gante, art de la table raffin\u00e9 et d\u00e9lices d'\u00e9picerie fine. Explorez des articles soigneusement s\u00e9lectionn\u00e9s pour sublimer votre int\u00e9rieur et ravir vos papilles. Laissez-vous inspirer par un univers o\u00f9 le style rencontre la qualit\u00e9.","og_url":"http:\/\/www.habitat-design.net\/blog\/boutique-deco-art-table-perche\/","article_published_time":"2025-04-26T07:01:42+00:00","og_image":[{"width":1344,"height":768,"url":"http:\/\/www.habitat-design.net\/blog\/wp-content\/uploads\/2025\/04\/Une-nouvelle-boutique-dans-le-Perche-allie-decoration-art-de-la-table-et-epicerie-fine.jpg","type":"image\/jpeg"}],"author":"Julien Laurent","twitter_card":"summary_large_image","twitter_misc":{"\u00c9crit par":"Julien Laurent","Dur\u00e9e de lecture estim\u00e9e":"6 minutes"},"schema":{"@context":"https:\/\/schema.org","@graph":[{"@type":"Article","@id":"http:\/\/www.habitat-design.net\/blog\/boutique-deco-art-table-perche\/#article","isPartOf":{"@id":"http:\/\/www.habitat-design.net\/blog\/boutique-deco-art-table-perche\/"},"author":{"name":"Julien Laurent","@id":"https:\/\/www.habitat-design.net\/blog\/#\/schema\/person\/f81363ecfab7ff0bfb976328793ce2e5"},"headline":"Une nouvelle boutique dans le Perche allie d\u00e9coration, art de la table et \u00e9picerie fine","datePublished":"2025-04-26T07:01:42+00:00","mainEntityOfPage":{"@id":"http:\/\/www.habitat-design.net\/blog\/boutique-deco-art-table-perche\/"},"wordCount":1239,"commentCount":0,"image":{"@id":"http:\/\/www.habitat-design.net\/blog\/boutique-deco-art-table-perche\/#primaryimage"},"thumbnailUrl":"http:\/\/www.habitat-design.net\/blog\/wp-content\/uploads\/2025\/04\/Une-nouvelle-boutique-dans-le-Perche-allie-decoration-art-de-la-table-et-epicerie-fine.jpg","keywords":["art de la table","boutique","d\u00e9coration","\u00e9picerie fine","perche"],"articleSection":["Maison &amp; d\u00e9coration"],"inLanguage":"fr-FR","potentialAction":[{"@type":"CommentAction","name":"Comment","target":["http:\/\/www.habitat-design.net\/blog\/boutique-deco-art-table-perche\/#respond"]}]},{"@type":"WebPage","@id":"http:\/\/www.habitat-design.net\/blog\/boutique-deco-art-table-perche\/","url":"http:\/\/www.habitat-design.net\/blog\/boutique-deco-art-table-perche\/","name":"Une nouvelle adresse pour sublimer votre table et votre int\u00e9rieur dans le Perche","isPartOf":{"@id":"https:\/\/www.habitat-design.net\/blog\/#website"},"primaryImageOfPage":{"@id":"http:\/\/www.habitat-design.net\/blog\/boutique-deco-art-table-perche\/#primaryimage"},"image":{"@id":"http:\/\/www.habitat-design.net\/blog\/boutique-deco-art-table-perche\/#primaryimage"},"thumbnailUrl":"http:\/\/www.habitat-design.net\/blog\/wp-content\/uploads\/2025\/04\/Une-nouvelle-boutique-dans-le-Perche-allie-decoration-art-de-la-table-et-epicerie-fine.jpg","datePublished":"2025-04-26T07:01:42+00:00","author":{"@id":"https:\/\/www.habitat-design.net\/blog\/#\/schema\/person\/f81363ecfab7ff0bfb976328793ce2e5"},"description":"D\u00e9couvrez notre nouvelle boutique dans le Perche, un espace unique alliant d\u00e9coration \u00e9l\u00e9gante, art de la table raffin\u00e9 et d\u00e9lices d'\u00e9picerie fine. Explorez des articles soigneusement s\u00e9lectionn\u00e9s pour sublimer votre int\u00e9rieur et ravir vos papilles. Laissez-vous inspirer par un univers o\u00f9 le style rencontre la qualit\u00e9.","breadcrumb":{"@id":"http:\/\/www.habitat-design.net\/blog\/boutique-deco-art-table-perche\/#breadcrumb"},"inLanguage":"fr-FR","potentialAction":[{"@type":"ReadAction","target":["http:\/\/www.habitat-design.net\/blog\/boutique-deco-art-table-perche\/"]}]},{"@type":"ImageObject","inLanguage":"fr-FR","@id":"http:\/\/www.habitat-design.net\/blog\/boutique-deco-art-table-perche\/#primaryimage","url":"http:\/\/www.habitat-design.net\/blog\/wp-content\/uploads\/2025\/04\/Une-nouvelle-boutique-dans-le-Perche-allie-decoration-art-de-la-table-et-epicerie-fine.jpg","contentUrl":"http:\/\/www.habitat-design.net\/blog\/wp-content\/uploads\/2025\/04\/Une-nouvelle-boutique-dans-le-Perche-allie-decoration-art-de-la-table-et-epicerie-fine.jpg","width":1344,"height":768,"caption":"d\u00e9couvrez notre nouvelle boutique dans le perche, o\u00f9 la d\u00e9coration \u00e9l\u00e9gante, l'art de la table raffin\u00e9 et une s\u00e9lection d'\u00e9picerie fine s'harmonisent pour sublimer votre int\u00e9rieur. offrez-vous une exp\u00e9rience unique m\u00ealant cr\u00e9ativit\u00e9 et gourmandise."},{"@type":"BreadcrumbList","@id":"http:\/\/www.habitat-design.net\/blog\/boutique-deco-art-table-perche\/#breadcrumb","itemListElement":[{"@type":"ListItem","position":1,"name":"Accueil","item":"https:\/\/www.habitat-design.net\/blog\/"},{"@type":"ListItem","position":2,"name":"Une nouvelle boutique dans le Perche allie d\u00e9coration, art de la table et \u00e9picerie fine"}]},{"@type":"WebSite","@id":"https:\/\/www.habitat-design.net\/blog\/#website","url":"https:\/\/www.habitat-design.net\/blog\/","name":"","description":"","potentialAction":[{"@type":"SearchAction","target":{"@type":"EntryPoint","urlTemplate":"https:\/\/www.habitat-design.net\/blog\/?s={search_term_string}"},"query-input":{"@type":"PropertyValueSpecification","valueRequired":true,"valueName":"search_term_string"}}],"inLanguage":"fr-FR"},{"@type":"Person","@id":"https:\/\/www.habitat-design.net\/blog\/#\/schema\/person\/f81363ecfab7ff0bfb976328793ce2e5","name":"Julien Laurent","image":{"@type":"ImageObject","inLanguage":"fr-FR","@id":"https:\/\/www.habitat-design.net\/blog\/#\/schema\/person\/image\/","url":"https:\/\/secure.gravatar.com\/avatar\/36c5f08b15b2f828b41156cb6e69b449?s=96&d=mm&r=g","contentUrl":"https:\/\/secure.gravatar.com\/avatar\/36c5f08b15b2f828b41156cb6e69b449?s=96&d=mm&r=g","caption":"Julien Laurent"},"description":"Julien Laurent est un blogueur passionn\u00e9 par le domaine de la d\u00e9coration int\u00e9rieure et du design. Avec un dipl\u00f4me en design d'int\u00e9rieur et plusieurs ann\u00e9es d'exp\u00e9rience en tant que d\u00e9corateur, il partage des conseils pratiques pour embellir et optimiser les espaces de vie. Ses articles inspirants et informatifs visent \u00e0 aider ses lecteurs \u00e0 cr\u00e9er des int\u00e9rieurs harmonieux et esth\u00e9tiques, refl\u00e9tant leur personnalit\u00e9 et leur style.","sameAs":["http:\/\/www.habitat-design.net\/blog"],"url":"http:\/\/www.habitat-design.net\/blog\/author\/contacthabitat-design-net\/"}]}},"views":124,"_links":{"self":[{"href":"http:\/\/www.habitat-design.net\/blog\/wp-json\/wp\/v2\/posts\/1409","targetHints":{"allow":["GET"]}}],"collection":[{"href":"http:\/\/www.habitat-design.net\/blog\/wp-json\/wp\/v2\/posts"}],"about":[{"href":"http:\/\/www.habitat-design.net\/blog\/wp-json\/wp\/v2\/types\/post"}],"author":[{"embeddable":true,"href":"http:\/\/www.habitat-design.net\/blog\/wp-json\/wp\/v2\/users\/1"}],"replies":[{"embeddable":true,"href":"http:\/\/www.habitat-design.net\/blog\/wp-json\/wp\/v2\/comments?post=1409"}],"version-history":[{"count":0,"href":"http:\/\/www.habitat-design.net\/blog\/wp-json\/wp\/v2\/posts\/1409\/revisions"}],"wp:featuredmedia":[{"embeddable":true,"href":"http:\/\/www.habitat-design.net\/blog\/wp-json\/wp\/v2\/media\/1408"}],"wp:attachment":[{"href":"http:\/\/www.habitat-design.net\/blog\/wp-json\/wp\/v2\/media?parent=1409"}],"wp:term":[{"taxonomy":"category","embeddable":true,"href":"http:\/\/www.habitat-design.net\/blog\/wp-json\/wp\/v2\/categories?post=1409"},{"taxonomy":"post_tag","embeddable":true,"href":"http:\/\/www.habitat-design.net\/blog\/wp-json\/wp\/v2\/tags?post=1409"}],"curies":[{"name":"wp","href":"https:\/\/api.w.org\/{rel}","templated":true}]}}