
{"id":1358,"date":"2025-04-03T08:42:07","date_gmt":"2025-04-03T06:42:07","guid":{"rendered":"https:\/\/www.habitat-design.net\/blog\/cauchemar-cuisine-albi\/"},"modified":"2025-04-03T08:42:07","modified_gmt":"2025-04-03T06:42:07","slug":"cauchemar-cuisine-albi","status":"publish","type":"post","link":"http:\/\/www.habitat-design.net\/blog\/cauchemar-cuisine-albi\/","title":{"rendered":"Plong\u00e9e dans un \u00e9pisode d\u00e9routant de cauchemar en cuisine \u00e0 Albi : entre mauvaise foi, serveur ind\u00e9cis et une d\u00e9coration d&rsquo;un autre temps"},"content":{"rendered":"<p>Attention, attention, amis gourmands et curieux ! Un \u00e9v\u00e9nement savoureux se pr\u00e9pare \u00e0 Albi : M6 s&rsquo;appr\u00eate \u00e0 diffuser un \u00e9pisode in\u00e9dit de \u00ab\u00a0Cauchemar en Cuisine\u00a0\u00bb, qui s&rsquo;annonce riche en rebondissements. Plongeons sans plus tarder dans cette aventure o\u00f9 se m\u00ealent gastronomie, d\u00e9co r\u00e9tro, et un brin de mauvaise foi !<\/p>\n\n<ul class=\"wp-block-list\"><li>Pr\u00e9sentation du restaurant au c\u0153ur des d\u00e9bats<\/li><li>Les d\u00e9fis rencontr\u00e9s par Philippe Etchebest<\/li><li>Comp\u00e9tences et relations au sein de l\u2019\u00e9quipe<\/li><li>Impact sur l\u2019ambiance et l\u2019exp\u00e9rience client<\/li><\/ul>\n\n<h2 class=\"wp-block-heading\">Le restaurant Le Jardin des Quatre Saisons : entre charme pass\u00e9 et \u00e9cueils pr\u00e9sents<\/h2>\n\n<p>Le Jardin des Quatre Saisons est une adresse bien connue d&rsquo;Albi, mais il semblerait que cette enseigne soit en proie \u00e0 des turbulences. Apr\u00e8s avoir \u00e9t\u00e9 g\u00e9r\u00e9 avec passion par Georges et Muriel Bermond pendant des ann\u00e9es, l\u2019\u00e9tablissement a vu son avenir s&rsquo;assombrir depuis leur d\u00e9part \u00e0 la retraite en 2022. Sous la direction d&rsquo;Alexandre Bravi, le restaurant peine \u00e0 maintenir son attrait, victime d&rsquo;une <strong>d\u00e9coration r\u00e9tro<\/strong> qui n\u2019a pas pris une ride et d\u2019un service parfois chaotique.<\/p>\n\n<p>Philippe Etchebest, le chef \u00e9toil\u00e9 toujours pr\u00eat \u00e0 donner un coup de main, a accept\u00e9 de se rendre sur place pour aider Alexandre. L\u2019\u00e9pisode promet une exp\u00e9rience intrigante, tant pour les spectateurs que pour les Albigeois qui ont eu la chance d&rsquo;apercevoir le chef en pleine action dans le quartier de la Madeleine.<\/p>\n\n<h3 class=\"wp-block-heading\">Les d\u00e9fis d&rsquo;un restaurateur en difficult\u00e9<\/h3>\n\n<p>Lorsqu&rsquo;un restaurant commence \u00e0 avoir du mal, il est crucial d&rsquo;identifier ses faiblesses. Dans le cas du Jardin des Quatre Saisons, les raisons semblent multiples :<\/p>\n\n<ul class=\"wp-block-list\"><li>Une <strong>d\u00e9coration d\u2019un autre temps<\/strong> qui ne parvient pas \u00e0 s\u00e9duire la client\u00e8le moderne \ud83d\udd70\ufe0f.<\/li><li>Un <strong>serveur ind\u00e9cis<\/strong> qui ne sait pas comment g\u00e9rer les commandes, susceptible de faire fuir les clients \ud83d\udeb6\u200d\u2642\ufe0f.<\/li><li>Des plats qui ne correspondent plus aux attentes gastronomiques actuelles, n\u00e9cessitant une r\u00e9vision totale du menu \ud83c\udf7d\ufe0f.<\/li><\/ul>\n\n<p>Mais ne t&rsquo;inqui\u00e8te pas, Philippe arrive avec la redoutable mission de faire bouger les choses. Il s\u2019engage \u00e0 modifier en profondeur la dynamique du restaurant.<\/p>\n\n<h3 class=\"wp-block-heading\">Comprendre la mauvaise foi et le dysfonctionnement<\/h3>\n\n<p>Il semblerait qu&rsquo;Alexandre, le g\u00e9rant, fasse preuve d\u2019une certaine <strong>mauvaise foi<\/strong>. Pourquoi ? Peut-\u00eatre par souci de prot\u00e9ger son image face aux critiques des clients ou \u00e0 la pression des attentes du chef Etchebest. Philippe va devoir le confronter \u00e0 la r\u00e9alit\u00e9 en s\u2019attaquant \u00e0 ses r\u00e9sistances. Cela peut s\u2019av\u00e9rer d\u00e9licat dans le monde de la <strong>gastronomie<\/strong>, o\u00f9 l\u2019ego est souvent aussi nourri que les plats eux-m\u00eames.<\/p>\n\n<p>Les tensions palpables au sein de l\u2019\u00e9quipe sont un signe qui ne trompe pas. Alexandre doit apprendre \u00e0 diriger d&rsquo;une main ferme tout en cultivant un environnement plus coop\u00e9ratif. Parfois, une simple discussion peut ouvrir la voie \u00e0 une bien meilleure <strong>exp\u00e9rience client<\/strong>.<\/p>\n\n<figure class=\"wp-block-table\"><table>\n<thead>\n<tr>\n<th>Probl\u00e8mes identifi\u00e9s<\/th>\n<th>Solutions propos\u00e9es<\/th>\n<\/tr>\n<\/thead>\n<tbody>\n<tr>\n<td>Serveur ind\u00e9cis<\/td>\n<td>Formation et coaching<\/td>\n<\/tr>\n<tr>\n<td>Difficult\u00e9s au niveau des plats<\/td>\n<td>Atelier de cuisine avec le chef<\/td>\n<\/tr>\n<tr>\n<td>D\u00e9coration d\u00e9pass\u00e9e<\/td>\n<td>R\u00e9novation et modernisation<\/td>\n<\/tr>\n<\/tbody>\n<\/table><\/figure>\n\n<h2 class=\"wp-block-heading\">Philippe Etchebest : un chef en mission pour la gastronomie albigeoise<\/h2>\n\n<p>In\u00e9vitablement, la pr\u00e9sence de Philippe Etchebest attire l\u2019attention. Le chef n&rsquo;est pas seulement l\u00e0 pour critiquer, mais avant tout pour enseigner. Sa passion pour la cuisine et son savoir-faire impressionnent, mais c\u2019est surtout sa m\u00e9thode de travail qui marque les esprits. Un vrai <strong>critique culinaire<\/strong>, il ne laisse rien au hasard et s&rsquo;attaque \u00e0 la racine des probl\u00e8mes. Il s\u2019aper\u00e7oit rapidement qu\u2019Alexandre a besoin de plus qu\u2019un simple coup de polish pour briller \u00e0 nouveau. <\/p>\n\n<h3 class=\"wp-block-heading\">Services sous pression et innovation<\/h3>\n\n<p>Philippe, avec son \u00e9quipe de production, organise plusieurs services sous tension pour identifier les failles et les am\u00e9liorer. Chaque plat doit non seulement \u00eatre d\u00e9licieux, mais aussi racont\u00e9. En effet, donner vie aux certitudes culinaires est essentiel. Chaque bouch\u00e9e doit marquer une exp\u00e9rience.<\/p>\n\n<p>Pour cela, il encourage Alexandre \u00e0 se former davantage. Direction le CFA de Cunac ! Avec un atelier de cuisine, il va pouvoir am\u00e9liorer ses comp\u00e9tences tout en insufflant un esprit d\u2019\u00e9quipe \u00e0 son personnel. Une approche qui devrait apporter un vent nouveau \u00e0 l&rsquo;ensemble de l&rsquo;\u00e9tablissement.<\/p>\n\n<h3 class=\"wp-block-heading\">R\u00e9novation et transformation : un nouveau d\u00e9part !<\/h3>\n\n<p>Un restaurant ne peut pas seulement vivre \u00e0 travers ses plats. La <strong>d\u00e9coration et l\u2019atmosph\u00e8re<\/strong> jouent un r\u00f4le tout aussi crucial. La r\u00e9novation est alors envisag\u00e9e. Mais que faut-il faire ? Voici quelques id\u00e9es pour redonner vie \u00e0 ce restaurant :<\/p>\n\n<ul class=\"wp-block-list\"><li>Maintenir des \u00e9l\u00e9ments r\u00e9tro tout en les modernisant \ud83c\udfa8<\/li><li>Int\u00e9grer des touches de couleur qui attirent le regard \ud83c\udf08<\/li><li>Optimiser l&rsquo;espace pour cr\u00e9er une convivialit\u00e9 accrue \ud83d\udcd0<\/li><\/ul>\n\n<p>Une ambiance chaleureuse est ce qui pourrait s\u00e9duire \u00e0 nouveau la client\u00e8le locale. Il faut aussi penser \u00e0 des \u00e9clairages adapt\u00e9s pour sublimer chaque plat et g\u00e9n\u00e9rer une ambiance unique. Pour des conseils utiles sur l&rsquo;\u00e9clairage, tu peux consulter cet article : <a href=\"https:\/\/www.habitat-design.net\/blog\/comment-choisir-le-bon-eclairage-pour-votre-cuisine\/\">Choisir l&rsquo;\u00e9clairage parfait<\/a>.<\/p>\n\n<h2 class=\"wp-block-heading\">L&rsquo;exp\u00e9rience client au c\u0153ur du service<\/h2>\n\n<p>Dans cet \u00e9pisode m\u00e9morable de \u00ab\u00a0Cauchemar en Cuisine\u00a0\u00bb, la mise en avant de l&rsquo;<strong>exp\u00e9rience client<\/strong> est primordiale. Le restaurant, bien que mal en point, peut encore offrir des moments de bonheur. Mais comment ? Voici quelques \u00e9l\u00e9ments \u00e0 prendre en compte :<\/p>\n\n<figure class=\"wp-block-table\"><table>\n<thead>\n<tr>\n<th>\u00c9l\u00e9ments de l&rsquo;exp\u00e9rience client<\/th>\n<th>Importance<\/th>\n<\/tr>\n<\/thead>\n<tbody>\n<tr>\n<td>Accueil chaleureux<\/td>\n<td>Fait le premier impact \ud83d\ude0a<\/td>\n<\/tr>\n<tr>\n<td>Rapidit\u00e9 du service<\/td>\n<td>Contribue au plaisir de l&rsquo;exp\u00e9rience \u23f1\ufe0f<\/td>\n<\/tr>\n<tr>\n<td>Qualit\u00e9 des plats<\/td>\n<td>Impact direct sur la satisfaction des clients \ud83c\udf7d\ufe0f<\/td>\n<\/tr>\n<tr>\n<td>Ambiance du restaurant<\/td>\n<td>Joue sur le confort et la d\u00e9tente \ud83c\udfb6<\/td>\n<\/tr>\n<\/tbody>\n<\/table><\/figure>\n\n<p>Philippe va toutes les packager de mani\u00e8re \u00e0 faire d\u00e9couvrir au g\u00e9rant comment une exp\u00e9rience client am\u00e9lior\u00e9e peut transformer la perception de son \u00e9tablissement. Pour illustrer cela, il pourrait faire appel \u00e0 des techniques modernes comme les m\u00e9dias sociaux pour montrer aux clients ce qu&rsquo;il y a de bon !<\/p>\n\n<h2 class=\"wp-block-heading\">Une aventure captivante \u00e0 ne pas manquer<\/h2>\n\n<p>En attendant la diffusion de cet \u00e9pisode tant attendu le 18 avril \u00e0 21h10 sur M6, il nous reste une question : le Jardin des Quatre Saisons parviendra-t-il \u00e0 se redresser et \u00e0 reconqu\u00e9rir le c\u0153ur des Albigeois ? Une aventure riche en gastronomie, en \u00e9motions, et en r\u00e9v\u00e9lations qui promet de nous tenir en haleine jusqu&rsquo;\u00e0 la fin !<\/p>\n\n<p><strong>FAQ<\/strong><\/p>\n\n<p><strong>Q1 : Qui est Philippe Etchebest ?<\/strong><br>\nPhilippe Etchebest est un chef cuisinier fran\u00e7ais, connu pour ses nombreuses \u00e9missions de t\u00e9l\u00e9vision et son expertise culinaire. Ses conseils et son franc-parler sont pris\u00e9s dans le monde de la restauration.<\/p>\n\n<p><strong>Q2 : Qu&rsquo;est-ce que \u00ab\u00a0Cauchemar en Cuisine\u00a0\u00bb ?<\/strong><br>\n\u00ab\u00a0Cauchemar en Cuisine\u00a0\u00bb est une \u00e9mission de t\u00e9l\u00e9vision fran\u00e7aise, dans laquelle Philippe Etchebest intervient dans des restaurants en difficult\u00e9 pour les aider \u00e0 remonter la pente.<\/p>\n\n<p><strong>Q3 : Quel est le probl\u00e8me principal rencontr\u00e9 par Le Jardin des Quatre Saisons ?<\/strong><br>\nLe restaurant souffre d&rsquo;une mauvaise gestion, d&rsquo;une \u00e9quipe d\u00e9sorient\u00e9e, et de probl\u00e8mes de qualit\u00e9 dans ses plats, ainsi que d&rsquo;une d\u00e9coration has-been.<\/p>\n\n<p><strong>Q4 : Comment Philippe va-t-il aider le restaurant ?<\/strong><br>\nPhilippe va transformer la dynamique de l&rsquo;\u00e9quipe, am\u00e9liorer la qualit\u00e9 des plats, et r\u00e9nover le restaurant pour am\u00e9liorer l&rsquo;ambiance.<\/p>\n\n<p><strong>Q5 : Quand l&rsquo;\u00e9pisode sera-t-il diffus\u00e9 ?<\/strong><br>\nL&rsquo;\u00e9pisode sera diffus\u00e9 le 18 avril \u00e0 21h10 sur M6.<\/p>\n\n","protected":false},"excerpt":{"rendered":"<p>Attention, attention, amis gourmands et curieux ! Un \u00e9v\u00e9nement savoureux se pr\u00e9pare \u00e0 Albi : M6 s&rsquo;appr\u00eate \u00e0 diffuser un \u00e9pisode in\u00e9dit de \u00ab\u00a0Cauchemar en Cuisine\u00a0\u00bb, qui s&rsquo;annonce riche en rebondissements. Plongeons sans plus tarder dans cette aventure o\u00f9 se m\u00ealent gastronomie, d\u00e9co r\u00e9tro, et un brin de mauvaise foi ! Le restaurant Le Jardin &#8230; <a title=\"Plong\u00e9e dans un \u00e9pisode d\u00e9routant de cauchemar en cuisine \u00e0 Albi : entre mauvaise foi, serveur ind\u00e9cis et une d\u00e9coration d&rsquo;un autre temps\" class=\"read-more\" href=\"http:\/\/www.habitat-design.net\/blog\/cauchemar-cuisine-albi\/\" aria-label=\"En savoir plus sur Plong\u00e9e dans un \u00e9pisode d\u00e9routant de cauchemar en cuisine \u00e0 Albi : entre mauvaise foi, serveur ind\u00e9cis et une d\u00e9coration d&rsquo;un autre temps\">Lire plus<\/a><\/p>\n","protected":false},"author":1,"featured_media":1357,"comment_status":"open","ping_status":"open","sticky":false,"template":"","format":"standard","meta":{"footnotes":""},"categories":[1],"tags":[65,64,66,63,67],"class_list":["post-1358","post","type-post","status-publish","format-standard","has-post-thumbnail","hentry","category-maison","tag-albi","tag-cauchemar-en-cuisine","tag-mauvaise-foi","tag-plongee","tag-serveur-indecis"],"yoast_head":"<!-- This site is optimized with the Yoast SEO plugin v26.8 - https:\/\/yoast.com\/product\/yoast-seo-wordpress\/ -->\n<title>Cauchemar \u00e0 Albi : entre mauvaise foi et serveur ind\u00e9cis<\/title>\n<meta name=\"description\" content=\"D\u00e9couvrez les coulisses d&#039;un \u00e9pisode captivant de &#039;Cauchemar en cuisine&#039; \u00e0 Albi, o\u00f9 la mauvaise foi et un service h\u00e9sitant se m\u00ealent \u00e0 une d\u00e9coration d\u00e9su\u00e8te. Plongez dans une ambiance d\u00e9routante qui m\u00e9lange drame culinaire et com\u00e9die pour un moment inoubliable !\" \/>\n<meta name=\"robots\" content=\"index, follow, max-snippet:-1, max-image-preview:large, max-video-preview:-1\" \/>\n<link rel=\"canonical\" href=\"http:\/\/www.habitat-design.net\/blog\/cauchemar-cuisine-albi\/\" \/>\n<meta property=\"og:locale\" content=\"fr_FR\" \/>\n<meta property=\"og:type\" content=\"article\" \/>\n<meta property=\"og:title\" content=\"Cauchemar \u00e0 Albi : entre mauvaise foi et serveur ind\u00e9cis\" \/>\n<meta property=\"og:description\" content=\"D\u00e9couvrez les coulisses d&#039;un \u00e9pisode captivant de &#039;Cauchemar en cuisine&#039; \u00e0 Albi, o\u00f9 la mauvaise foi et un service h\u00e9sitant se m\u00ealent \u00e0 une d\u00e9coration d\u00e9su\u00e8te. Plongez dans une ambiance d\u00e9routante qui m\u00e9lange drame culinaire et com\u00e9die pour un moment inoubliable !\" \/>\n<meta property=\"og:url\" content=\"http:\/\/www.habitat-design.net\/blog\/cauchemar-cuisine-albi\/\" \/>\n<meta property=\"article:published_time\" content=\"2025-04-03T06:42:07+00:00\" \/>\n<meta property=\"og:image\" content=\"http:\/\/www.habitat-design.net\/blog\/wp-content\/uploads\/2025\/04\/Plongee-dans-un-episode-deroutant-de-cauchemar-en-cuisine-a-Albi-entre-mauvaise-foi-serveur-indecis-et-une-decoration-dun-autre-temps.jpg\" \/>\n\t<meta property=\"og:image:width\" content=\"1344\" \/>\n\t<meta property=\"og:image:height\" content=\"768\" \/>\n\t<meta property=\"og:image:type\" content=\"image\/jpeg\" \/>\n<meta name=\"author\" content=\"Julien Laurent\" \/>\n<meta name=\"twitter:card\" content=\"summary_large_image\" \/>\n<meta name=\"twitter:label1\" content=\"\u00c9crit par\" \/>\n\t<meta name=\"twitter:data1\" content=\"Julien Laurent\" \/>\n\t<meta name=\"twitter:label2\" content=\"Dur\u00e9e de lecture estim\u00e9e\" \/>\n\t<meta name=\"twitter:data2\" content=\"6 minutes\" \/>\n<script type=\"application\/ld+json\" class=\"yoast-schema-graph\">{\"@context\":\"https:\/\/schema.org\",\"@graph\":[{\"@type\":\"Article\",\"@id\":\"http:\/\/www.habitat-design.net\/blog\/cauchemar-cuisine-albi\/#article\",\"isPartOf\":{\"@id\":\"http:\/\/www.habitat-design.net\/blog\/cauchemar-cuisine-albi\/\"},\"author\":{\"name\":\"Julien Laurent\",\"@id\":\"https:\/\/www.habitat-design.net\/blog\/#\/schema\/person\/f81363ecfab7ff0bfb976328793ce2e5\"},\"headline\":\"Plong\u00e9e dans un \u00e9pisode d\u00e9routant de cauchemar en cuisine \u00e0 Albi : entre mauvaise foi, serveur ind\u00e9cis et une d\u00e9coration d&rsquo;un autre temps\",\"datePublished\":\"2025-04-03T06:42:07+00:00\",\"mainEntityOfPage\":{\"@id\":\"http:\/\/www.habitat-design.net\/blog\/cauchemar-cuisine-albi\/\"},\"wordCount\":1228,\"commentCount\":0,\"image\":{\"@id\":\"http:\/\/www.habitat-design.net\/blog\/cauchemar-cuisine-albi\/#primaryimage\"},\"thumbnailUrl\":\"http:\/\/www.habitat-design.net\/blog\/wp-content\/uploads\/2025\/04\/Plongee-dans-un-episode-deroutant-de-cauchemar-en-cuisine-a-Albi-entre-mauvaise-foi-serveur-indecis-et-une-decoration-dun-autre-temps.jpg\",\"keywords\":[\"albi\",\"cauchemar en cuisine\",\"mauvaise foi\",\"plong\u00e9e\",\"serveur ind\u00e9cis\"],\"articleSection\":[\"Maison &amp; d\u00e9coration\"],\"inLanguage\":\"fr-FR\",\"potentialAction\":[{\"@type\":\"CommentAction\",\"name\":\"Comment\",\"target\":[\"http:\/\/www.habitat-design.net\/blog\/cauchemar-cuisine-albi\/#respond\"]}]},{\"@type\":\"WebPage\",\"@id\":\"http:\/\/www.habitat-design.net\/blog\/cauchemar-cuisine-albi\/\",\"url\":\"http:\/\/www.habitat-design.net\/blog\/cauchemar-cuisine-albi\/\",\"name\":\"Cauchemar \u00e0 Albi : entre mauvaise foi et serveur ind\u00e9cis\",\"isPartOf\":{\"@id\":\"https:\/\/www.habitat-design.net\/blog\/#website\"},\"primaryImageOfPage\":{\"@id\":\"http:\/\/www.habitat-design.net\/blog\/cauchemar-cuisine-albi\/#primaryimage\"},\"image\":{\"@id\":\"http:\/\/www.habitat-design.net\/blog\/cauchemar-cuisine-albi\/#primaryimage\"},\"thumbnailUrl\":\"http:\/\/www.habitat-design.net\/blog\/wp-content\/uploads\/2025\/04\/Plongee-dans-un-episode-deroutant-de-cauchemar-en-cuisine-a-Albi-entre-mauvaise-foi-serveur-indecis-et-une-decoration-dun-autre-temps.jpg\",\"datePublished\":\"2025-04-03T06:42:07+00:00\",\"author\":{\"@id\":\"https:\/\/www.habitat-design.net\/blog\/#\/schema\/person\/f81363ecfab7ff0bfb976328793ce2e5\"},\"description\":\"D\u00e9couvrez les coulisses d'un \u00e9pisode captivant de 'Cauchemar en cuisine' \u00e0 Albi, o\u00f9 la mauvaise foi et un service h\u00e9sitant se m\u00ealent \u00e0 une d\u00e9coration d\u00e9su\u00e8te. Plongez dans une ambiance d\u00e9routante qui m\u00e9lange drame culinaire et com\u00e9die pour un moment inoubliable !\",\"breadcrumb\":{\"@id\":\"http:\/\/www.habitat-design.net\/blog\/cauchemar-cuisine-albi\/#breadcrumb\"},\"inLanguage\":\"fr-FR\",\"potentialAction\":[{\"@type\":\"ReadAction\",\"target\":[\"http:\/\/www.habitat-design.net\/blog\/cauchemar-cuisine-albi\/\"]}]},{\"@type\":\"ImageObject\",\"inLanguage\":\"fr-FR\",\"@id\":\"http:\/\/www.habitat-design.net\/blog\/cauchemar-cuisine-albi\/#primaryimage\",\"url\":\"http:\/\/www.habitat-design.net\/blog\/wp-content\/uploads\/2025\/04\/Plongee-dans-un-episode-deroutant-de-cauchemar-en-cuisine-a-Albi-entre-mauvaise-foi-serveur-indecis-et-une-decoration-dun-autre-temps.jpg\",\"contentUrl\":\"http:\/\/www.habitat-design.net\/blog\/wp-content\/uploads\/2025\/04\/Plongee-dans-un-episode-deroutant-de-cauchemar-en-cuisine-a-Albi-entre-mauvaise-foi-serveur-indecis-et-une-decoration-dun-autre-temps.jpg\",\"width\":1344,\"height\":768,\"caption\":\"d\u00e9couvrez un \u00e9pisode captivant de 'cauchemar en cuisine' \u00e0 albi, o\u00f9 la mauvaise foi s'allie \u00e0 un service ind\u00e9cis, le tout dans une d\u00e9coration d\u00e9su\u00e8te. plongez dans cette aventure culinaire pleine de rebondissements!\"},{\"@type\":\"BreadcrumbList\",\"@id\":\"http:\/\/www.habitat-design.net\/blog\/cauchemar-cuisine-albi\/#breadcrumb\",\"itemListElement\":[{\"@type\":\"ListItem\",\"position\":1,\"name\":\"Accueil\",\"item\":\"https:\/\/www.habitat-design.net\/blog\/\"},{\"@type\":\"ListItem\",\"position\":2,\"name\":\"Plong\u00e9e dans un \u00e9pisode d\u00e9routant de cauchemar en cuisine \u00e0 Albi : entre mauvaise foi, serveur ind\u00e9cis et une d\u00e9coration d&rsquo;un autre temps\"}]},{\"@type\":\"WebSite\",\"@id\":\"https:\/\/www.habitat-design.net\/blog\/#website\",\"url\":\"https:\/\/www.habitat-design.net\/blog\/\",\"name\":\"\",\"description\":\"\",\"potentialAction\":[{\"@type\":\"SearchAction\",\"target\":{\"@type\":\"EntryPoint\",\"urlTemplate\":\"https:\/\/www.habitat-design.net\/blog\/?s={search_term_string}\"},\"query-input\":{\"@type\":\"PropertyValueSpecification\",\"valueRequired\":true,\"valueName\":\"search_term_string\"}}],\"inLanguage\":\"fr-FR\"},{\"@type\":\"Person\",\"@id\":\"https:\/\/www.habitat-design.net\/blog\/#\/schema\/person\/f81363ecfab7ff0bfb976328793ce2e5\",\"name\":\"Julien Laurent\",\"image\":{\"@type\":\"ImageObject\",\"inLanguage\":\"fr-FR\",\"@id\":\"https:\/\/www.habitat-design.net\/blog\/#\/schema\/person\/image\/\",\"url\":\"https:\/\/secure.gravatar.com\/avatar\/36c5f08b15b2f828b41156cb6e69b449?s=96&d=mm&r=g\",\"contentUrl\":\"https:\/\/secure.gravatar.com\/avatar\/36c5f08b15b2f828b41156cb6e69b449?s=96&d=mm&r=g\",\"caption\":\"Julien Laurent\"},\"description\":\"Julien Laurent est un blogueur passionn\u00e9 par le domaine de la d\u00e9coration int\u00e9rieure et du design. Avec un dipl\u00f4me en design d'int\u00e9rieur et plusieurs ann\u00e9es d'exp\u00e9rience en tant que d\u00e9corateur, il partage des conseils pratiques pour embellir et optimiser les espaces de vie. Ses articles inspirants et informatifs visent \u00e0 aider ses lecteurs \u00e0 cr\u00e9er des int\u00e9rieurs harmonieux et esth\u00e9tiques, refl\u00e9tant leur personnalit\u00e9 et leur style.\",\"sameAs\":[\"http:\/\/www.habitat-design.net\/blog\"],\"url\":\"http:\/\/www.habitat-design.net\/blog\/author\/contacthabitat-design-net\/\"}]}<\/script>\n<!-- \/ Yoast SEO plugin. -->","yoast_head_json":{"title":"Cauchemar \u00e0 Albi : entre mauvaise foi et serveur ind\u00e9cis","description":"D\u00e9couvrez les coulisses d'un \u00e9pisode captivant de 'Cauchemar en cuisine' \u00e0 Albi, o\u00f9 la mauvaise foi et un service h\u00e9sitant se m\u00ealent \u00e0 une d\u00e9coration d\u00e9su\u00e8te. Plongez dans une ambiance d\u00e9routante qui m\u00e9lange drame culinaire et com\u00e9die pour un moment inoubliable !","robots":{"index":"index","follow":"follow","max-snippet":"max-snippet:-1","max-image-preview":"max-image-preview:large","max-video-preview":"max-video-preview:-1"},"canonical":"http:\/\/www.habitat-design.net\/blog\/cauchemar-cuisine-albi\/","og_locale":"fr_FR","og_type":"article","og_title":"Cauchemar \u00e0 Albi : entre mauvaise foi et serveur ind\u00e9cis","og_description":"D\u00e9couvrez les coulisses d'un \u00e9pisode captivant de 'Cauchemar en cuisine' \u00e0 Albi, o\u00f9 la mauvaise foi et un service h\u00e9sitant se m\u00ealent \u00e0 une d\u00e9coration d\u00e9su\u00e8te. Plongez dans une ambiance d\u00e9routante qui m\u00e9lange drame culinaire et com\u00e9die pour un moment inoubliable !","og_url":"http:\/\/www.habitat-design.net\/blog\/cauchemar-cuisine-albi\/","article_published_time":"2025-04-03T06:42:07+00:00","og_image":[{"width":1344,"height":768,"url":"http:\/\/www.habitat-design.net\/blog\/wp-content\/uploads\/2025\/04\/Plongee-dans-un-episode-deroutant-de-cauchemar-en-cuisine-a-Albi-entre-mauvaise-foi-serveur-indecis-et-une-decoration-dun-autre-temps.jpg","type":"image\/jpeg"}],"author":"Julien Laurent","twitter_card":"summary_large_image","twitter_misc":{"\u00c9crit par":"Julien Laurent","Dur\u00e9e de lecture estim\u00e9e":"6 minutes"},"schema":{"@context":"https:\/\/schema.org","@graph":[{"@type":"Article","@id":"http:\/\/www.habitat-design.net\/blog\/cauchemar-cuisine-albi\/#article","isPartOf":{"@id":"http:\/\/www.habitat-design.net\/blog\/cauchemar-cuisine-albi\/"},"author":{"name":"Julien Laurent","@id":"https:\/\/www.habitat-design.net\/blog\/#\/schema\/person\/f81363ecfab7ff0bfb976328793ce2e5"},"headline":"Plong\u00e9e dans un \u00e9pisode d\u00e9routant de cauchemar en cuisine \u00e0 Albi : entre mauvaise foi, serveur ind\u00e9cis et une d\u00e9coration d&rsquo;un autre temps","datePublished":"2025-04-03T06:42:07+00:00","mainEntityOfPage":{"@id":"http:\/\/www.habitat-design.net\/blog\/cauchemar-cuisine-albi\/"},"wordCount":1228,"commentCount":0,"image":{"@id":"http:\/\/www.habitat-design.net\/blog\/cauchemar-cuisine-albi\/#primaryimage"},"thumbnailUrl":"http:\/\/www.habitat-design.net\/blog\/wp-content\/uploads\/2025\/04\/Plongee-dans-un-episode-deroutant-de-cauchemar-en-cuisine-a-Albi-entre-mauvaise-foi-serveur-indecis-et-une-decoration-dun-autre-temps.jpg","keywords":["albi","cauchemar en cuisine","mauvaise foi","plong\u00e9e","serveur ind\u00e9cis"],"articleSection":["Maison &amp; d\u00e9coration"],"inLanguage":"fr-FR","potentialAction":[{"@type":"CommentAction","name":"Comment","target":["http:\/\/www.habitat-design.net\/blog\/cauchemar-cuisine-albi\/#respond"]}]},{"@type":"WebPage","@id":"http:\/\/www.habitat-design.net\/blog\/cauchemar-cuisine-albi\/","url":"http:\/\/www.habitat-design.net\/blog\/cauchemar-cuisine-albi\/","name":"Cauchemar \u00e0 Albi : entre mauvaise foi et serveur ind\u00e9cis","isPartOf":{"@id":"https:\/\/www.habitat-design.net\/blog\/#website"},"primaryImageOfPage":{"@id":"http:\/\/www.habitat-design.net\/blog\/cauchemar-cuisine-albi\/#primaryimage"},"image":{"@id":"http:\/\/www.habitat-design.net\/blog\/cauchemar-cuisine-albi\/#primaryimage"},"thumbnailUrl":"http:\/\/www.habitat-design.net\/blog\/wp-content\/uploads\/2025\/04\/Plongee-dans-un-episode-deroutant-de-cauchemar-en-cuisine-a-Albi-entre-mauvaise-foi-serveur-indecis-et-une-decoration-dun-autre-temps.jpg","datePublished":"2025-04-03T06:42:07+00:00","author":{"@id":"https:\/\/www.habitat-design.net\/blog\/#\/schema\/person\/f81363ecfab7ff0bfb976328793ce2e5"},"description":"D\u00e9couvrez les coulisses d'un \u00e9pisode captivant de 'Cauchemar en cuisine' \u00e0 Albi, o\u00f9 la mauvaise foi et un service h\u00e9sitant se m\u00ealent \u00e0 une d\u00e9coration d\u00e9su\u00e8te. Plongez dans une ambiance d\u00e9routante qui m\u00e9lange drame culinaire et com\u00e9die pour un moment inoubliable !","breadcrumb":{"@id":"http:\/\/www.habitat-design.net\/blog\/cauchemar-cuisine-albi\/#breadcrumb"},"inLanguage":"fr-FR","potentialAction":[{"@type":"ReadAction","target":["http:\/\/www.habitat-design.net\/blog\/cauchemar-cuisine-albi\/"]}]},{"@type":"ImageObject","inLanguage":"fr-FR","@id":"http:\/\/www.habitat-design.net\/blog\/cauchemar-cuisine-albi\/#primaryimage","url":"http:\/\/www.habitat-design.net\/blog\/wp-content\/uploads\/2025\/04\/Plongee-dans-un-episode-deroutant-de-cauchemar-en-cuisine-a-Albi-entre-mauvaise-foi-serveur-indecis-et-une-decoration-dun-autre-temps.jpg","contentUrl":"http:\/\/www.habitat-design.net\/blog\/wp-content\/uploads\/2025\/04\/Plongee-dans-un-episode-deroutant-de-cauchemar-en-cuisine-a-Albi-entre-mauvaise-foi-serveur-indecis-et-une-decoration-dun-autre-temps.jpg","width":1344,"height":768,"caption":"d\u00e9couvrez un \u00e9pisode captivant de 'cauchemar en cuisine' \u00e0 albi, o\u00f9 la mauvaise foi s'allie \u00e0 un service ind\u00e9cis, le tout dans une d\u00e9coration d\u00e9su\u00e8te. plongez dans cette aventure culinaire pleine de rebondissements!"},{"@type":"BreadcrumbList","@id":"http:\/\/www.habitat-design.net\/blog\/cauchemar-cuisine-albi\/#breadcrumb","itemListElement":[{"@type":"ListItem","position":1,"name":"Accueil","item":"https:\/\/www.habitat-design.net\/blog\/"},{"@type":"ListItem","position":2,"name":"Plong\u00e9e dans un \u00e9pisode d\u00e9routant de cauchemar en cuisine \u00e0 Albi : entre mauvaise foi, serveur ind\u00e9cis et une d\u00e9coration d&rsquo;un autre temps"}]},{"@type":"WebSite","@id":"https:\/\/www.habitat-design.net\/blog\/#website","url":"https:\/\/www.habitat-design.net\/blog\/","name":"","description":"","potentialAction":[{"@type":"SearchAction","target":{"@type":"EntryPoint","urlTemplate":"https:\/\/www.habitat-design.net\/blog\/?s={search_term_string}"},"query-input":{"@type":"PropertyValueSpecification","valueRequired":true,"valueName":"search_term_string"}}],"inLanguage":"fr-FR"},{"@type":"Person","@id":"https:\/\/www.habitat-design.net\/blog\/#\/schema\/person\/f81363ecfab7ff0bfb976328793ce2e5","name":"Julien Laurent","image":{"@type":"ImageObject","inLanguage":"fr-FR","@id":"https:\/\/www.habitat-design.net\/blog\/#\/schema\/person\/image\/","url":"https:\/\/secure.gravatar.com\/avatar\/36c5f08b15b2f828b41156cb6e69b449?s=96&d=mm&r=g","contentUrl":"https:\/\/secure.gravatar.com\/avatar\/36c5f08b15b2f828b41156cb6e69b449?s=96&d=mm&r=g","caption":"Julien Laurent"},"description":"Julien Laurent est un blogueur passionn\u00e9 par le domaine de la d\u00e9coration int\u00e9rieure et du design. Avec un dipl\u00f4me en design d'int\u00e9rieur et plusieurs ann\u00e9es d'exp\u00e9rience en tant que d\u00e9corateur, il partage des conseils pratiques pour embellir et optimiser les espaces de vie. Ses articles inspirants et informatifs visent \u00e0 aider ses lecteurs \u00e0 cr\u00e9er des int\u00e9rieurs harmonieux et esth\u00e9tiques, refl\u00e9tant leur personnalit\u00e9 et leur style.","sameAs":["http:\/\/www.habitat-design.net\/blog"],"url":"http:\/\/www.habitat-design.net\/blog\/author\/contacthabitat-design-net\/"}]}},"views":126,"_links":{"self":[{"href":"http:\/\/www.habitat-design.net\/blog\/wp-json\/wp\/v2\/posts\/1358","targetHints":{"allow":["GET"]}}],"collection":[{"href":"http:\/\/www.habitat-design.net\/blog\/wp-json\/wp\/v2\/posts"}],"about":[{"href":"http:\/\/www.habitat-design.net\/blog\/wp-json\/wp\/v2\/types\/post"}],"author":[{"embeddable":true,"href":"http:\/\/www.habitat-design.net\/blog\/wp-json\/wp\/v2\/users\/1"}],"replies":[{"embeddable":true,"href":"http:\/\/www.habitat-design.net\/blog\/wp-json\/wp\/v2\/comments?post=1358"}],"version-history":[{"count":0,"href":"http:\/\/www.habitat-design.net\/blog\/wp-json\/wp\/v2\/posts\/1358\/revisions"}],"wp:featuredmedia":[{"embeddable":true,"href":"http:\/\/www.habitat-design.net\/blog\/wp-json\/wp\/v2\/media\/1357"}],"wp:attachment":[{"href":"http:\/\/www.habitat-design.net\/blog\/wp-json\/wp\/v2\/media?parent=1358"}],"wp:term":[{"taxonomy":"category","embeddable":true,"href":"http:\/\/www.habitat-design.net\/blog\/wp-json\/wp\/v2\/categories?post=1358"},{"taxonomy":"post_tag","embeddable":true,"href":"http:\/\/www.habitat-design.net\/blog\/wp-json\/wp\/v2\/tags?post=1358"}],"curies":[{"name":"wp","href":"https:\/\/api.w.org\/{rel}","templated":true}]}}